{"id":102242,"date":"2025-12-01T15:19:44","date_gmt":"2025-12-01T15:19:44","guid":{"rendered":"https:\/\/www.dstenerife.eu\/?p=102242"},"modified":"2025-12-01T15:20:12","modified_gmt":"2025-12-01T15:20:12","slug":"theaterstueck-in-der-grundschule","status":"publish","type":"post","link":"https:\/\/www.dstenerife.eu\/de\/theaterstueck-in-der-grundschule\/","title":{"rendered":"Theaterst\u00fcck in der Grundschule"},"content":{"rendered":"<p>Am Dienstag, dem 25. November 2025, hatten wir das Gl\u00fcck, am Projekt <em>\u201eTheater in der Schule\u201c<\/em> des Auditoriums von Teneriffa teilzunehmen.<\/p>\n<p>Uns wurde das St\u00fcck <em>\u201eGro\u00dfvater Ado und Se\u00f1or Balleno\u201c<\/em> pr\u00e4sentiert. Gro\u00dfvater Ado erz\u00e4hlte, wie er den Wal Balleno kennengelernt hatte und berichtete von vielen spannenden Erlebnissen.<\/p>\n<p>Wir \u00fcbten auch ein Lied, um unseren Sch\u00fclerinnen und Sch\u00fclern bewusst zu machen, wie wichtig es ist, die Umwelt zu sch\u00fctzen. Au\u00dferdem gab er uns interessante Informationen \u00fcber Blauwale, und wir konnten sogar nachstellen, wie gro\u00df sie sind, indem wir viele der anwesenden Kinder in einer Reihe aufstellten. Wie spannend!<\/p>\n<p><a href=\"https:\/\/e969z83yjsq.exactdn.com\/wp-content\/uploads\/2025\/12\/Teatro-Primaria-25.11.25.-1.jpg?strip=all&w=2560\"><img fetchpriority=\"high\" decoding=\"async\" class=\"size-medium wp-image-102238 aligncenter\" src=\"https:\/\/e969z83yjsq.exactdn.com\/wp-content\/uploads\/2025\/12\/Teatro-Primaria-25.11.25.-1-635x423.jpg?strip=all\" alt=\"\" width=\"635\" height=\"423\" srcset=\"https:\/\/e969z83yjsq.exactdn.com\/wp-content\/uploads\/2025\/12\/Teatro-Primaria-25.11.25.-1-635x423.jpg?strip=all 635w, https:\/\/e969z83yjsq.exactdn.com\/wp-content\/uploads\/2025\/12\/Teatro-Primaria-25.11.25.-1-1080x720.jpg?strip=all 1080w, https:\/\/e969z83yjsq.exactdn.com\/wp-content\/uploads\/2025\/12\/Teatro-Primaria-25.11.25.-1-768x512.jpg?strip=all 768w, https:\/\/e969z83yjsq.exactdn.com\/wp-content\/uploads\/2025\/12\/Teatro-Primaria-25.11.25.-1-1536x1024.jpg?strip=all 1536w, https:\/\/e969z83yjsq.exactdn.com\/wp-content\/uploads\/2025\/12\/Teatro-Primaria-25.11.25.-1-375x250.jpg?strip=all 375w, https:\/\/e969z83yjsq.exactdn.com\/wp-content\/uploads\/2025\/12\/Teatro-Primaria-25.11.25.-1-320x213.jpg?strip=all 320w, https:\/\/e969z83yjsq.exactdn.com\/wp-content\/uploads\/2025\/12\/Teatro-Primaria-25.11.25.-1.jpg?strip=all 1920w, https:\/\/e969z83yjsq.exactdn.com\/wp-content\/uploads\/2025\/12\/Teatro-Primaria-25.11.25.-1.jpg?strip=all&amp;w=1152 1152w, https:\/\/e969z83yjsq.exactdn.com\/wp-content\/uploads\/2025\/12\/Teatro-Primaria-25.11.25.-1.jpg?strip=all&amp;w=450 450w\" sizes=\"(max-width: 635px) 100vw, 635px\" \/><\/a> <a href=\"https:\/\/e969z83yjsq.exactdn.com\/wp-content\/uploads\/2025\/12\/Teatro-Primaria-26.11.25-2.jpg?strip=all&w=2560\"><img decoding=\"async\" class=\"size-medium wp-image-102240 aligncenter\" src=\"https:\/\/e969z83yjsq.exactdn.com\/wp-content\/uploads\/2025\/12\/Teatro-Primaria-26.11.25-2-317x423.jpg?strip=all\" alt=\"\" width=\"317\" height=\"423\" srcset=\"https:\/\/e969z83yjsq.exactdn.com\/wp-content\/uploads\/2025\/12\/Teatro-Primaria-26.11.25-2-317x423.jpg?strip=all 317w, https:\/\/e969z83yjsq.exactdn.com\/wp-content\/uploads\/2025\/12\/Teatro-Primaria-26.11.25-2-540x720.jpg?strip=all 540w, https:\/\/e969z83yjsq.exactdn.com\/wp-content\/uploads\/2025\/12\/Teatro-Primaria-26.11.25-2-768x1024.jpg?strip=all 768w, https:\/\/e969z83yjsq.exactdn.com\/wp-content\/uploads\/2025\/12\/Teatro-Primaria-26.11.25-2-1152x1536.jpg?strip=all 1152w, https:\/\/e969z83yjsq.exactdn.com\/wp-content\/uploads\/2025\/12\/Teatro-Primaria-26.11.25-2-320x427.jpg?strip=all 320w, https:\/\/e969z83yjsq.exactdn.com\/wp-content\/uploads\/2025\/12\/Teatro-Primaria-26.11.25-2.jpg?strip=all 1440w, https:\/\/e969z83yjsq.exactdn.com\/wp-content\/uploads\/2025\/12\/Teatro-Primaria-26.11.25-2.jpg?strip=all&amp;w=864 864w\" sizes=\"(max-width: 317px) 100vw, 317px\" \/><\/a><\/p>\n","protected":false},"excerpt":{"rendered":"<p>Am Dienstag, dem 25. November 2025, hatten wir das Gl\u00fcck, am Projekt \u201eTheater in der Schule\u201c [&hellip;]<\/p>\n","protected":false},"author":17,"featured_media":102238,"comment_status":"closed","ping_status":"closed","sticky":false,"template":"","format":"standard","meta":{"site-sidebar-layout":"default","site-content-layout":"","ast-site-content-layout":"default","site-content-style":"default","site-sidebar-style":"default","ast-global-header-display":"","ast-banner-title-visibility":"","ast-main-header-display":"","ast-hfb-above-header-display":"","ast-hfb-below-header-display":"","ast-hfb-mobile-header-display":"","site-post-title":"","ast-breadcrumbs-content":"","ast-featured-img":"","footer-sml-layout":"","ast-disable-related-posts":"","theme-transparent-header-meta":"default","adv-header-id-meta":"","stick-header-meta":"default","header-above-stick-meta":"","header-main-stick-meta":"","header-below-stick-meta":"","astra-migrate-meta-layouts":"set","ast-page-background-enabled":"default","ast-page-background-meta":{"desktop":{"background-color":"","background-image":"","background-repeat":"repeat","background-position":"center center","background-size":"auto","background-attachment":"scroll","background-type":"","background-media":"","overlay-type":"","overlay-color":"","overlay-opacity":"","overlay-gradient":""},"tablet":{"background-color":"","background-image":"","background-repeat":"repeat","background-position":"center center","background-size":"auto","background-attachment":"scroll","background-type":"","background-media":"","overlay-type":"","overlay-color":"","overlay-opacity":"","overlay-gradient":""},"mobile":{"background-color":"","background-image":"","background-repeat":"repeat","background-position":"center center","background-size":"auto","background-attachment":"scroll","background-type":"","background-media":"","overlay-type":"","overlay-color":"","overlay-opacity":"","overlay-gradient":""}},"ast-content-background-meta":{"desktop":{"background-color":"var(--ast-global-color-5)","background-image":"","background-repeat":"repeat","background-position":"center center","background-size":"auto","background-attachment":"scroll","background-type":"","background-media":"","overlay-type":"","overlay-color":"","overlay-opacity":"","overlay-gradient":""},"tablet":{"background-color":"var(--ast-global-color-5)","background-image":"","background-repeat":"repeat","background-position":"center center","background-size":"auto","background-attachment":"scroll","background-type":"","background-media":"","overlay-type":"","overlay-color":"","overlay-opacity":"","overlay-gradient":""},"mobile":{"background-color":"var(--ast-global-color-5)","background-image":"","background-repeat":"repeat","background-position":"center center","background-size":"auto","background-attachment":"scroll","background-type":"","background-media":"","overlay-type":"","overlay-color":"","overlay-opacity":"","overlay-gradient":""}},"_jet_sm_ready_style":"","_jet_sm_style":"","_jet_sm_controls_values":"","_jet_sm_fonts_collection":"","_jet_sm_fonts_links":"","footnotes":""},"categories":[127],"tags":[],"schlagwortedst":[],"class_list":["post-102242","post","type-post","status-publish","format-standard","has-post-thumbnail","hentry","category-grundschule"],"_links":{"self":[{"href":"https:\/\/www.dstenerife.eu\/de\/wp-json\/wp\/v2\/posts\/102242","targetHints":{"allow":["GET"]}}],"collection":[{"href":"https:\/\/www.dstenerife.eu\/de\/wp-json\/wp\/v2\/posts"}],"about":[{"href":"https:\/\/www.dstenerife.eu\/de\/wp-json\/wp\/v2\/types\/post"}],"author":[{"embeddable":true,"href":"https:\/\/www.dstenerife.eu\/de\/wp-json\/wp\/v2\/users\/17"}],"replies":[{"embeddable":true,"href":"https:\/\/www.dstenerife.eu\/de\/wp-json\/wp\/v2\/comments?post=102242"}],"version-history":[{"count":2,"href":"https:\/\/www.dstenerife.eu\/de\/wp-json\/wp\/v2\/posts\/102242\/revisions"}],"predecessor-version":[{"id":102244,"href":"https:\/\/www.dstenerife.eu\/de\/wp-json\/wp\/v2\/posts\/102242\/revisions\/102244"}],"wp:featuredmedia":[{"embeddable":true,"href":"https:\/\/www.dstenerife.eu\/de\/wp-json\/wp\/v2\/media\/102238"}],"wp:attachment":[{"href":"https:\/\/www.dstenerife.eu\/de\/wp-json\/wp\/v2\/media?parent=102242"}],"wp:term":[{"taxonomy":"category","embeddable":true,"href":"https:\/\/www.dstenerife.eu\/de\/wp-json\/wp\/v2\/categories?post=102242"},{"taxonomy":"post_tag","embeddable":true,"href":"https:\/\/www.dstenerife.eu\/de\/wp-json\/wp\/v2\/tags?post=102242"},{"taxonomy":"schlagwortedst","embeddable":true,"href":"https:\/\/www.dstenerife.eu\/de\/wp-json\/wp\/v2\/schlagwortedst?post=102242"}],"curies":[{"name":"wp","href":"https:\/\/api.w.org\/{rel}","templated":true}]}}