{"id":104255,"date":"2026-01-21T09:50:47","date_gmt":"2026-01-21T09:50:47","guid":{"rendered":"https:\/\/www.dstenerife.eu\/?p=104255"},"modified":"2026-01-21T09:52:26","modified_gmt":"2026-01-21T09:52:26","slug":"kindergala-der-karnevalskoenigin","status":"publish","type":"post","link":"https:\/\/www.dstenerife.eu\/de\/kindergala-der-karnevalskoenigin\/","title":{"rendered":"Kindergala der Karnevalsk\u00f6nigin"},"content":{"rendered":"<p>Unsere Sch\u00fclerin Sof\u00eda Campos Ramos der Klasse 4B wird an der traditionellen Wahl zur Kinderk\u00f6nigin des Karnevals Santa Cruz de Tenerife 2026 teilnehmen.<\/p>\n<p>Letzte Woche war die Auslosung der Platzierung und Sofia wird mit dem Kost\u00fcmmotto &#8222;<em>Burbujas de Amor<\/em>&#8220; an der ersten Stelle in den Wettbewerb am 02. Februar starten.<\/p>\n<p>F\u00fcr diesen besonderen Tag w\u00fcnschen wir ihr ganz viel Erfolg und Gl\u00fcck, unvergessliche Momente und freuen uns schon sehr, Sof\u00eda im bunten Karneval in diesem Jahr zu sehen.<\/p>\n<p><a href=\"https:\/\/e969z83yjsq.exactdn.com\/wp-content\/uploads\/2026\/01\/Reina-de-Carnaval-Infantil-Sofia-Campos-1-scaled.jpg?strip=all&w=2560\"><img fetchpriority=\"high\" decoding=\"async\" class=\"size-medium wp-image-104250 alignleft\" src=\"https:\/\/e969z83yjsq.exactdn.com\/wp-content\/uploads\/2026\/01\/Reina-de-Carnaval-Infantil-Sofia-Campos-1-635x423.jpg?strip=all\" alt=\"\" width=\"635\" height=\"423\" srcset=\"https:\/\/e969z83yjsq.exactdn.com\/wp-content\/uploads\/2026\/01\/Reina-de-Carnaval-Infantil-Sofia-Campos-1-635x423.jpg?strip=all 635w, https:\/\/e969z83yjsq.exactdn.com\/wp-content\/uploads\/2026\/01\/Reina-de-Carnaval-Infantil-Sofia-Campos-1-1080x720.jpg?strip=all 1080w, https:\/\/e969z83yjsq.exactdn.com\/wp-content\/uploads\/2026\/01\/Reina-de-Carnaval-Infantil-Sofia-Campos-1-768x512.jpg?strip=all 768w, https:\/\/e969z83yjsq.exactdn.com\/wp-content\/uploads\/2026\/01\/Reina-de-Carnaval-Infantil-Sofia-Campos-1-1536x1024.jpg?strip=all 1536w, https:\/\/e969z83yjsq.exactdn.com\/wp-content\/uploads\/2026\/01\/Reina-de-Carnaval-Infantil-Sofia-Campos-1-375x250.jpg?strip=all 375w, https:\/\/e969z83yjsq.exactdn.com\/wp-content\/uploads\/2026\/01\/Reina-de-Carnaval-Infantil-Sofia-Campos-1-320x213.jpg?strip=all 320w, https:\/\/e969z83yjsq.exactdn.com\/wp-content\/uploads\/2026\/01\/Reina-de-Carnaval-Infantil-Sofia-Campos-1-scaled.jpg?strip=all 1920w, https:\/\/e969z83yjsq.exactdn.com\/wp-content\/uploads\/2026\/01\/Reina-de-Carnaval-Infantil-Sofia-Campos-1-scaled.jpg?strip=all&amp;w=1152 1152w, https:\/\/e969z83yjsq.exactdn.com\/wp-content\/uploads\/2026\/01\/Reina-de-Carnaval-Infantil-Sofia-Campos-1-scaled.jpg?strip=all&amp;w=450 450w\" sizes=\"(max-width: 635px) 100vw, 635px\" \/><\/a> <a href=\"https:\/\/e969z83yjsq.exactdn.com\/wp-content\/uploads\/2026\/01\/Reina-de-Carnaval-Infantil-Sofia-Campos-2.jpg?strip=all&w=2560\"><img decoding=\"async\" class=\"size-medium wp-image-104252 alignleft\" src=\"https:\/\/e969z83yjsq.exactdn.com\/wp-content\/uploads\/2026\/01\/Reina-de-Carnaval-Infantil-Sofia-Campos-2-319x423.jpg?strip=all\" alt=\"\" width=\"319\" height=\"423\" srcset=\"https:\/\/e969z83yjsq.exactdn.com\/wp-content\/uploads\/2026\/01\/Reina-de-Carnaval-Infantil-Sofia-Campos-2-319x423.jpg?strip=all 319w, https:\/\/e969z83yjsq.exactdn.com\/wp-content\/uploads\/2026\/01\/Reina-de-Carnaval-Infantil-Sofia-Campos-2-543x720.jpg?strip=all 543w, https:\/\/e969z83yjsq.exactdn.com\/wp-content\/uploads\/2026\/01\/Reina-de-Carnaval-Infantil-Sofia-Campos-2-768x1019.jpg?strip=all 768w, https:\/\/e969z83yjsq.exactdn.com\/wp-content\/uploads\/2026\/01\/Reina-de-Carnaval-Infantil-Sofia-Campos-2-320x425.jpg?strip=all 320w, https:\/\/e969z83yjsq.exactdn.com\/wp-content\/uploads\/2026\/01\/Reina-de-Carnaval-Infantil-Sofia-Campos-2.jpg?strip=all 1080w, https:\/\/e969z83yjsq.exactdn.com\/wp-content\/uploads\/2026\/01\/Reina-de-Carnaval-Infantil-Sofia-Campos-2.jpg?strip=all&amp;w=216 216w, https:\/\/e969z83yjsq.exactdn.com\/wp-content\/uploads\/2026\/01\/Reina-de-Carnaval-Infantil-Sofia-Campos-2.jpg?strip=all&amp;w=432 432w, https:\/\/e969z83yjsq.exactdn.com\/wp-content\/uploads\/2026\/01\/Reina-de-Carnaval-Infantil-Sofia-Campos-2.jpg?strip=all&amp;w=648 648w, https:\/\/e969z83yjsq.exactdn.com\/wp-content\/uploads\/2026\/01\/Reina-de-Carnaval-Infantil-Sofia-Campos-2.jpg?strip=all&amp;w=864 864w\" sizes=\"(max-width: 319px) 100vw, 319px\" \/><\/a><\/p>\n","protected":false},"excerpt":{"rendered":"<p>Unsere Sch\u00fclerin Sof\u00eda Campos Ramos der Klasse 4B wird an der traditionellen Wahl zur Kinderk\u00f6nigin des [&hellip;]<\/p>\n","protected":false},"author":17,"featured_media":104250,"comment_status":"closed","ping_status":"closed","sticky":false,"template":"","format":"standard","meta":{"site-sidebar-layout":"default","site-content-layout":"","ast-site-content-layout":"default","site-content-style":"default","site-sidebar-style":"default","ast-global-header-display":"","ast-banner-title-visibility":"","ast-main-header-display":"","ast-hfb-above-header-display":"","ast-hfb-below-header-display":"","ast-hfb-mobile-header-display":"","site-post-title":"","ast-breadcrumbs-content":"","ast-featured-img":"","footer-sml-layout":"","ast-disable-related-posts":"","theme-transparent-header-meta":"default","adv-header-id-meta":"","stick-header-meta":"default","header-above-stick-meta":"","header-main-stick-meta":"","header-below-stick-meta":"","astra-migrate-meta-layouts":"set","ast-page-background-enabled":"default","ast-page-background-meta":{"desktop":{"background-color":"","background-image":"","background-repeat":"repeat","background-position":"center center","background-size":"auto","background-attachment":"scroll","background-type":"","background-media":"","overlay-type":"","overlay-color":"","overlay-opacity":"","overlay-gradient":""},"tablet":{"background-color":"","background-image":"","background-repeat":"repeat","background-position":"center center","background-size":"auto","background-attachment":"scroll","background-type":"","background-media":"","overlay-type":"","overlay-color":"","overlay-opacity":"","overlay-gradient":""},"mobile":{"background-color":"","background-image":"","background-repeat":"repeat","background-position":"center center","background-size":"auto","background-attachment":"scroll","background-type":"","background-media":"","overlay-type":"","overlay-color":"","overlay-opacity":"","overlay-gradient":""}},"ast-content-background-meta":{"desktop":{"background-color":"var(--ast-global-color-5)","background-image":"","background-repeat":"repeat","background-position":"center center","background-size":"auto","background-attachment":"scroll","background-type":"","background-media":"","overlay-type":"","overlay-color":"","overlay-opacity":"","overlay-gradient":""},"tablet":{"background-color":"var(--ast-global-color-5)","background-image":"","background-repeat":"repeat","background-position":"center center","background-size":"auto","background-attachment":"scroll","background-type":"","background-media":"","overlay-type":"","overlay-color":"","overlay-opacity":"","overlay-gradient":""},"mobile":{"background-color":"var(--ast-global-color-5)","background-image":"","background-repeat":"repeat","background-position":"center center","background-size":"auto","background-attachment":"scroll","background-type":"","background-media":"","overlay-type":"","overlay-color":"","overlay-opacity":"","overlay-gradient":""}},"_jet_sm_ready_style":"","_jet_sm_style":"","_jet_sm_controls_values":"","_jet_sm_fonts_collection":"","_jet_sm_fonts_links":"","footnotes":""},"categories":[127,1],"tags":[],"schlagwortedst":[],"class_list":["post-104255","post","type-post","status-publish","format-standard","has-post-thumbnail","hentry","category-grundschule","category-schule"],"_links":{"self":[{"href":"https:\/\/www.dstenerife.eu\/de\/wp-json\/wp\/v2\/posts\/104255","targetHints":{"allow":["GET"]}}],"collection":[{"href":"https:\/\/www.dstenerife.eu\/de\/wp-json\/wp\/v2\/posts"}],"about":[{"href":"https:\/\/www.dstenerife.eu\/de\/wp-json\/wp\/v2\/types\/post"}],"author":[{"embeddable":true,"href":"https:\/\/www.dstenerife.eu\/de\/wp-json\/wp\/v2\/users\/17"}],"replies":[{"embeddable":true,"href":"https:\/\/www.dstenerife.eu\/de\/wp-json\/wp\/v2\/comments?post=104255"}],"version-history":[{"count":1,"href":"https:\/\/www.dstenerife.eu\/de\/wp-json\/wp\/v2\/posts\/104255\/revisions"}],"predecessor-version":[{"id":104256,"href":"https:\/\/www.dstenerife.eu\/de\/wp-json\/wp\/v2\/posts\/104255\/revisions\/104256"}],"wp:featuredmedia":[{"embeddable":true,"href":"https:\/\/www.dstenerife.eu\/de\/wp-json\/wp\/v2\/media\/104250"}],"wp:attachment":[{"href":"https:\/\/www.dstenerife.eu\/de\/wp-json\/wp\/v2\/media?parent=104255"}],"wp:term":[{"taxonomy":"category","embeddable":true,"href":"https:\/\/www.dstenerife.eu\/de\/wp-json\/wp\/v2\/categories?post=104255"},{"taxonomy":"post_tag","embeddable":true,"href":"https:\/\/www.dstenerife.eu\/de\/wp-json\/wp\/v2\/tags?post=104255"},{"taxonomy":"schlagwortedst","embeddable":true,"href":"https:\/\/www.dstenerife.eu\/de\/wp-json\/wp\/v2\/schlagwortedst?post=104255"}],"curies":[{"name":"wp","href":"https:\/\/api.w.org\/{rel}","templated":true}]}}