{"id":107263,"date":"2026-03-13T15:40:44","date_gmt":"2026-03-13T15:40:44","guid":{"rendered":"https:\/\/www.dstenerife.eu\/?p=107263"},"modified":"2026-03-13T15:41:28","modified_gmt":"2026-03-13T15:41:28","slug":"weltfrauentag-im-kindergarten","status":"publish","type":"post","link":"https:\/\/www.dstenerife.eu\/de\/weltfrauentag-im-kindergarten\/","title":{"rendered":"Weltfrauentag im Kindergarten"},"content":{"rendered":"<p>Zum Weltfrauentag lasen wir (die Farbengruppen und die Vorschulgruppen des K3+) gemeinsam das Bilderbuch\u201c Coco\u201c bei dem auf kindliche Weise die Lebensgeschichte der Modedesignerin Coco Chanel erz\u00e4hlt wird. Mit franz\u00f6sischer Musik und verschiedenen Fotos von Coco und ihren Modewerken wurde den Kindern die Lebensgeschichte n\u00e4hergebracht. Am Ende wurde nochmal ausgiebig zur Musik getanzt.<\/p>\n<div  id=\"jtg-107246\" class=\"modula modula-gallery modula-creative-gallery\" data-config=\"{&quot;height&quot;:550,&quot;tabletHeight&quot;:450,&quot;mobileHeight&quot;:450,&quot;desktopHeight&quot;:550,&quot;enableTwitter&quot;:false,&quot;enableWhatsapp&quot;:false,&quot;enableFacebook&quot;:false,&quot;enablePinterest&quot;:false,&quot;enableLinkedin&quot;:false,&quot;enableEmail&quot;:false,&quot;randomFactor&quot;:0.5,&quot;type&quot;:&quot;creative-gallery&quot;,&quot;columns&quot;:12,&quot;gutter&quot;:10,&quot;mobileGutter&quot;:10,&quot;tabletGutter&quot;:10,&quot;desktopGutter&quot;:10,&quot;enableResponsive&quot;:&quot;0&quot;,&quot;tabletColumns&quot;:2,&quot;mobileColumns&quot;:1,&quot;lazyLoad&quot;:0,&quot;lightboxOpts&quot;:{&quot;animated&quot;:true,&quot;Thumbs&quot;:{&quot;type&quot;:&quot;modern&quot;,&quot;showOnStart&quot;:false,&quot;position&quot;:&quot;left&quot;},&quot;Toolbar&quot;:{&quot;display&quot;:{&quot;right&quot;:[&quot;zoomIn&quot;,&quot;zoomOut&quot;,&quot;thumbs&quot;,&quot;close&quot;],&quot;left&quot;:[&quot;infobar&quot;]},&quot;enabled&quot;:true},&quot;Carousel&quot;:{&quot;Panzoom&quot;:{&quot;touch&quot;:true},&quot;infinite&quot;:true,&quot;transition&quot;:&quot;slide&quot;},&quot;keyboard&quot;:{&quot;Escape&quot;:&quot;close&quot;,&quot;Delete&quot;:&quot;close&quot;,&quot;Backspace&quot;:&quot;close&quot;,&quot;PageUp&quot;:&quot;next&quot;,&quot;PageDown&quot;:&quot;prev&quot;,&quot;ArrowUp&quot;:&quot;prev&quot;,&quot;ArrowDown&quot;:&quot;next&quot;,&quot;ArrowRight&quot;:&quot;next&quot;,&quot;ArrowLeft&quot;:&quot;prev&quot;},&quot;touch&quot;:false,&quot;backdropClick&quot;:false,&quot;l10n&quot;:{&quot;CLOSE&quot;:&quot;Schlie\\u00dfen&quot;,&quot;NEXT&quot;:&quot;Weiter&quot;,&quot;PREV&quot;:&quot;Zur\\u00fcck&quot;,&quot;Error&quot;:&quot;Der angeforderte Inhalt kann nicht geladen werden. Bitte versuche es sp\\u00e4ter noch einmal.&quot;,&quot;PLAY_START&quot;:&quot;Slideshow starten&quot;,&quot;PLAY_STOP&quot;:&quot;Slideshow anhalten&quot;,&quot;FULL_SCREEN&quot;:&quot;Vollbild&quot;,&quot;THUMBS&quot;:&quot;Vorschaubilder&quot;,&quot;DOWNLOAD&quot;:&quot;Download&quot;,&quot;SHARE&quot;:&quot;Teilen&quot;,&quot;ZOOM&quot;:&quot;Vergr\\u00f6\\u00dfern&quot;,&quot;EMAIL&quot;:&quot;Hier ist der Link zum Bild: %%image_link%% und hier ist der Link zur Galerie: %%gallery_link%%&quot;,&quot;MODAL&quot;:&quot;Du kannst diesen Modal-Inhalt mit der ESC-Taste schlie\\u00dfen&quot;,&quot;ERROR&quot;:&quot;Es ist ein Fehler aufgetreten. Bitte versuche es sp\\u00e4ter noch einmal&quot;,&quot;IMAGE_ERROR&quot;:&quot;Bild nicht gefunden&quot;,&quot;ELEMENT_NOT_FOUND&quot;:&quot;HTML-Element nicht gefunden&quot;,&quot;AJAX_NOT_FOUND&quot;:&quot;Fehler beim Laden von AJAX: Nicht gefunden&quot;,&quot;AJAX_FORBIDDEN&quot;:&quot;Fehler beim Laden von AJAX: Zugriff verweigert&quot;,&quot;IFRAME_ERROR&quot;:&quot;Fehler beim Laden der Seite&quot;,&quot;TOGGLE_ZOOM&quot;:&quot;Zoomstufe umschalten&quot;,&quot;TOGGLE_THUMBS&quot;:&quot;Miniaturansichten ein-\\\/ausblenden&quot;,&quot;TOGGLE_SLIDESHOW&quot;:&quot;Diashow ein-\\\/ausschalten&quot;,&quot;TOGGLE_FULLSCREEN&quot;:&quot;Vollbildmodus umschalten&quot;},&quot;Images&quot;:{&quot;Panzoom&quot;:{&quot;maxScale&quot;:2}},&quot;toolbar&quot;:true,&quot;wheel&quot;:false,&quot;animationEffect&quot;:&quot;false&quot;,&quot;Html&quot;:{&quot;videoAutoplay&quot;:0,&quot;videoTpl&quot;:&quot;&lt;video class=\\&quot;fancybox__html5video modula_html5_video\\&quot; controls playsinline controlsList controlsList=\\&quot;nodownload\\&quot; poster=\\&quot;{{poster}}\\&quot; src=\\&quot;{{src}}\\&quot; type=\\&quot;{{format}}\\&quot; &gt;  Sorry, your browser doesn&#039;t support embedded videos, &lt;a href=\\&quot;{{src}}\\&quot;&gt; download &lt;\\\/a&gt; and watch with your favorite video player! &lt;\\\/video&gt;&quot;,&quot;vimeo&quot;:{&quot;autopause&quot;:0}},&quot;Fullscreen&quot;:{&quot;autoStart&quot;:true},&quot;mainClass&quot;:&quot;modula-fancybox-container modula-lightbox-jtg-107246&quot;},&quot;inView&quot;:false,&quot;email_subject&quot;:&quot;Check out this awesome image !!&quot;,&quot;email_message&quot;:&quot;Here is the link to the image : %%image_link%% and this is the link to the gallery : %%gallery_link%%&quot;,&quot;lightbox&quot;:&quot;fancybox&quot;,&quot;filterClick&quot;:&quot;0&quot;,&quot;dropdownFilters&quot;:&quot;0&quot;,&quot;defaultActiveFilter&quot;:&quot;all&quot;,&quot;initLightbox&quot;:&quot;modula_pro_init_lightbox&quot;,&quot;haveFilters&quot;:0,&quot;lightbox_devices&quot;:&quot;both&quot;,&quot;mobileDoubleClick&quot;:1,&quot;options&quot;:{&quot;lightbox&quot;:&quot;fancybox&quot;},&quot;enableSlideshow&quot;:&quot;0&quot;,&quot;enableAutoplay&quot;:&quot;0&quot;,&quot;slideshowSpeed&quot;:5000,&quot;pauseOnHover&quot;:&quot;0&quot;}\">\n\n\t\n\t<div  class=\"modula-items\">\n\t\t<div class=\"modula-item effect-pufrobo jtg-filter-all jtg-filter-\" >\n\t<div class=\"modula-item-overlay\"><\/div>\n\n\t<div class=\"modula-item-content\">\n\n\t\t<a data-image-id=\"107247\" role=\"button\" data-elementor-open-lightbox=\"no\" tabindex=\"0\" rel=\"jtg-107246\" data-caption=\"\" aria-label=\"Bilder in Lightbox \u00f6ffnen\" data-thumb=\"https:\/\/e969z83yjsq.exactdn.com\/wp-content\/uploads\/2026\/03\/Weltfrauentag-im-Kindergarten-2026-1.1-564x423.jpg?strip=all\" class=\"tile-inner modula-item-link\"><\/a><img fetchpriority=\"high\" decoding=\"async\" class=\"pic wp-image-107247\"  data-valign=\"middle\" data-halign=\"center\" alt=\"\" data-full=\"https:\/\/www.dstenerife.eu\/wp-content\/uploads\/2026\/03\/Weltfrauentag-im-Kindergarten-2026-1.1.jpg\" title=\"Weltfrauentag im Kindergarten 2026 (1).1\" crop=\"\" width=\"564\" height=\"423\" src=\"https:\/\/e969z83yjsq.exactdn.com\/wp-content\/uploads\/2026\/03\/Weltfrauentag-im-Kindergarten-2026-1.1-564x423.jpg?strip=all\" data-src=\"https:\/\/e969z83yjsq.exactdn.com\/wp-content\/uploads\/2026\/03\/Weltfrauentag-im-Kindergarten-2026-1.1-564x423.jpg?strip=all\" data-caption=\"\" srcset=\"https:\/\/e969z83yjsq.exactdn.com\/wp-content\/uploads\/2026\/03\/Weltfrauentag-im-Kindergarten-2026-1.1-scaled.jpg?strip=all 1920w, https:\/\/e969z83yjsq.exactdn.com\/wp-content\/uploads\/2026\/03\/Weltfrauentag-im-Kindergarten-2026-1.1-564x423.jpg?strip=all 564w, https:\/\/e969z83yjsq.exactdn.com\/wp-content\/uploads\/2026\/03\/Weltfrauentag-im-Kindergarten-2026-1.1-960x720.jpg?strip=all 960w, https:\/\/e969z83yjsq.exactdn.com\/wp-content\/uploads\/2026\/03\/Weltfrauentag-im-Kindergarten-2026-1.1-768x576.jpg?strip=all 768w, https:\/\/e969z83yjsq.exactdn.com\/wp-content\/uploads\/2026\/03\/Weltfrauentag-im-Kindergarten-2026-1.1-1536x1152.jpg?strip=all 1536w, https:\/\/e969z83yjsq.exactdn.com\/wp-content\/uploads\/2026\/03\/Weltfrauentag-im-Kindergarten-2026-1.1-320x240.jpg?strip=all 320w, https:\/\/e969z83yjsq.exactdn.com\/wp-content\/uploads\/2026\/03\/Weltfrauentag-im-Kindergarten-2026-1.1-scaled.jpg?strip=all&amp;w=384 384w, https:\/\/e969z83yjsq.exactdn.com\/wp-content\/uploads\/2026\/03\/Weltfrauentag-im-Kindergarten-2026-1.1-scaled.jpg?strip=all&amp;w=1152 1152w, https:\/\/e969z83yjsq.exactdn.com\/wp-content\/uploads\/2026\/03\/Weltfrauentag-im-Kindergarten-2026-1.1-scaled.jpg?strip=all&amp;w=450 450w\" sizes=\"(max-width: 564px) 100vw, 564px\" \/>\n\t\t<div class=\"figc no-description\">\n\t\t\t<div class=\"figc-inner\">\n\t\t\t\t\t\t\t\t\t\t\t\t\t\t\t<\/div>\n\t\t<\/div>\n\n\t<\/div>\n\n<\/div><div class=\"modula-item effect-pufrobo jtg-filter-all jtg-filter-\" >\n\t<div class=\"modula-item-overlay\"><\/div>\n\n\t<div class=\"modula-item-content\">\n\n\t\t<a data-image-id=\"107249\" role=\"button\" data-elementor-open-lightbox=\"no\" tabindex=\"0\" rel=\"jtg-107246\" data-caption=\"\" aria-label=\"Bilder in Lightbox \u00f6ffnen\" data-thumb=\"https:\/\/e969z83yjsq.exactdn.com\/wp-content\/uploads\/2026\/03\/Weltfrauentag-im-Kindergarten-2026-1-317x423.jpg?strip=all\" class=\"tile-inner modula-item-link\"><\/a><img decoding=\"async\" class=\"pic wp-image-107249\"  data-valign=\"middle\" data-halign=\"center\" alt=\"\" data-full=\"https:\/\/www.dstenerife.eu\/wp-content\/uploads\/2026\/03\/Weltfrauentag-im-Kindergarten-2026-1.jpg\" title=\"Weltfrauentag im Kindergarten 2026 (1)\" crop=\"\" width=\"317\" height=\"423\" src=\"https:\/\/e969z83yjsq.exactdn.com\/wp-content\/uploads\/2026\/03\/Weltfrauentag-im-Kindergarten-2026-1-317x423.jpg?strip=all\" data-src=\"https:\/\/e969z83yjsq.exactdn.com\/wp-content\/uploads\/2026\/03\/Weltfrauentag-im-Kindergarten-2026-1-317x423.jpg?strip=all\" data-caption=\"\" srcset=\"https:\/\/e969z83yjsq.exactdn.com\/wp-content\/uploads\/2026\/03\/Weltfrauentag-im-Kindergarten-2026-1.jpg?strip=all 1224w, https:\/\/e969z83yjsq.exactdn.com\/wp-content\/uploads\/2026\/03\/Weltfrauentag-im-Kindergarten-2026-1-317x423.jpg?strip=all 317w, https:\/\/e969z83yjsq.exactdn.com\/wp-content\/uploads\/2026\/03\/Weltfrauentag-im-Kindergarten-2026-1-540x720.jpg?strip=all 540w, https:\/\/e969z83yjsq.exactdn.com\/wp-content\/uploads\/2026\/03\/Weltfrauentag-im-Kindergarten-2026-1-768x1024.jpg?strip=all 768w, https:\/\/e969z83yjsq.exactdn.com\/wp-content\/uploads\/2026\/03\/Weltfrauentag-im-Kindergarten-2026-1-1152x1536.jpg?strip=all 1152w, https:\/\/e969z83yjsq.exactdn.com\/wp-content\/uploads\/2026\/03\/Weltfrauentag-im-Kindergarten-2026-1-320x427.jpg?strip=all 320w, https:\/\/e969z83yjsq.exactdn.com\/wp-content\/uploads\/2026\/03\/Weltfrauentag-im-Kindergarten-2026-1.jpg?strip=all&amp;w=244 244w, https:\/\/e969z83yjsq.exactdn.com\/wp-content\/uploads\/2026\/03\/Weltfrauentag-im-Kindergarten-2026-1.jpg?strip=all&amp;w=489 489w, https:\/\/e969z83yjsq.exactdn.com\/wp-content\/uploads\/2026\/03\/Weltfrauentag-im-Kindergarten-2026-1.jpg?strip=all&amp;w=979 979w\" sizes=\"(max-width: 317px) 100vw, 317px\" \/>\n\t\t<div class=\"figc no-description\">\n\t\t\t<div class=\"figc-inner\">\n\t\t\t\t\t\t\t\t\t\t\t\t\t\t\t<\/div>\n\t\t<\/div>\n\n\t<\/div>\n\n<\/div><div class=\"modula-item effect-pufrobo jtg-filter-all jtg-filter-\" >\n\t<div class=\"modula-item-overlay\"><\/div>\n\n\t<div class=\"modula-item-content\">\n\n\t\t<a data-image-id=\"107251\" role=\"button\" data-elementor-open-lightbox=\"no\" tabindex=\"0\" rel=\"jtg-107246\" data-caption=\"\" aria-label=\"Bilder in Lightbox \u00f6ffnen\" data-thumb=\"https:\/\/e969z83yjsq.exactdn.com\/wp-content\/uploads\/2026\/03\/Weltfrauentag-im-Kindergarten-2026-2.1-564x423.jpg?strip=all\" class=\"tile-inner modula-item-link\"><\/a><img decoding=\"async\" class=\"pic wp-image-107251\"  data-valign=\"middle\" data-halign=\"center\" alt=\"\" data-full=\"https:\/\/www.dstenerife.eu\/wp-content\/uploads\/2026\/03\/Weltfrauentag-im-Kindergarten-2026-2.1.jpg\" title=\"Weltfrauentag im Kindergarten 2026 (2).1\" crop=\"\" width=\"564\" height=\"423\" src=\"https:\/\/e969z83yjsq.exactdn.com\/wp-content\/uploads\/2026\/03\/Weltfrauentag-im-Kindergarten-2026-2.1-564x423.jpg?strip=all\" data-src=\"https:\/\/e969z83yjsq.exactdn.com\/wp-content\/uploads\/2026\/03\/Weltfrauentag-im-Kindergarten-2026-2.1-564x423.jpg?strip=all\" data-caption=\"\" srcset=\"https:\/\/e969z83yjsq.exactdn.com\/wp-content\/uploads\/2026\/03\/Weltfrauentag-im-Kindergarten-2026-2.1-scaled.jpg?strip=all 1920w, https:\/\/e969z83yjsq.exactdn.com\/wp-content\/uploads\/2026\/03\/Weltfrauentag-im-Kindergarten-2026-2.1-564x423.jpg?strip=all 564w, https:\/\/e969z83yjsq.exactdn.com\/wp-content\/uploads\/2026\/03\/Weltfrauentag-im-Kindergarten-2026-2.1-960x720.jpg?strip=all 960w, https:\/\/e969z83yjsq.exactdn.com\/wp-content\/uploads\/2026\/03\/Weltfrauentag-im-Kindergarten-2026-2.1-768x576.jpg?strip=all 768w, https:\/\/e969z83yjsq.exactdn.com\/wp-content\/uploads\/2026\/03\/Weltfrauentag-im-Kindergarten-2026-2.1-1536x1152.jpg?strip=all 1536w, https:\/\/e969z83yjsq.exactdn.com\/wp-content\/uploads\/2026\/03\/Weltfrauentag-im-Kindergarten-2026-2.1-320x240.jpg?strip=all 320w, https:\/\/e969z83yjsq.exactdn.com\/wp-content\/uploads\/2026\/03\/Weltfrauentag-im-Kindergarten-2026-2.1-scaled.jpg?strip=all&amp;w=384 384w, https:\/\/e969z83yjsq.exactdn.com\/wp-content\/uploads\/2026\/03\/Weltfrauentag-im-Kindergarten-2026-2.1-scaled.jpg?strip=all&amp;w=1152 1152w, https:\/\/e969z83yjsq.exactdn.com\/wp-content\/uploads\/2026\/03\/Weltfrauentag-im-Kindergarten-2026-2.1-scaled.jpg?strip=all&amp;w=450 450w\" sizes=\"(max-width: 564px) 100vw, 564px\" \/>\n\t\t<div class=\"figc no-description\">\n\t\t\t<div class=\"figc-inner\">\n\t\t\t\t\t\t\t\t\t\t\t\t\t\t\t<\/div>\n\t\t<\/div>\n\n\t<\/div>\n\n<\/div><div class=\"modula-item effect-pufrobo jtg-filter-all jtg-filter-\" >\n\t<div class=\"modula-item-overlay\"><\/div>\n\n\t<div class=\"modula-item-content\">\n\n\t\t<a data-image-id=\"107253\" role=\"button\" data-elementor-open-lightbox=\"no\" tabindex=\"0\" rel=\"jtg-107246\" data-caption=\"\" aria-label=\"Bilder in Lightbox \u00f6ffnen\" data-thumb=\"https:\/\/e969z83yjsq.exactdn.com\/wp-content\/uploads\/2026\/03\/Weltfrauentag-im-Kindergarten-2026-2-564x423.jpg?strip=all\" class=\"tile-inner modula-item-link\"><\/a><img loading=\"lazy\" decoding=\"async\" class=\"pic wp-image-107253\"  data-valign=\"middle\" data-halign=\"center\" alt=\"\" data-full=\"https:\/\/www.dstenerife.eu\/wp-content\/uploads\/2026\/03\/Weltfrauentag-im-Kindergarten-2026-2.jpg\" title=\"Weltfrauentag im Kindergarten 2026 (2)\" crop=\"\" width=\"564\" height=\"423\" src=\"https:\/\/e969z83yjsq.exactdn.com\/wp-content\/uploads\/2026\/03\/Weltfrauentag-im-Kindergarten-2026-2-564x423.jpg?strip=all\" data-src=\"https:\/\/e969z83yjsq.exactdn.com\/wp-content\/uploads\/2026\/03\/Weltfrauentag-im-Kindergarten-2026-2-564x423.jpg?strip=all\" data-caption=\"\" srcset=\"https:\/\/e969z83yjsq.exactdn.com\/wp-content\/uploads\/2026\/03\/Weltfrauentag-im-Kindergarten-2026-2.jpg?strip=all 1080w, https:\/\/e969z83yjsq.exactdn.com\/wp-content\/uploads\/2026\/03\/Weltfrauentag-im-Kindergarten-2026-2-564x423.jpg?strip=all 564w, https:\/\/e969z83yjsq.exactdn.com\/wp-content\/uploads\/2026\/03\/Weltfrauentag-im-Kindergarten-2026-2-960x720.jpg?strip=all 960w, https:\/\/e969z83yjsq.exactdn.com\/wp-content\/uploads\/2026\/03\/Weltfrauentag-im-Kindergarten-2026-2-768x576.jpg?strip=all 768w, https:\/\/e969z83yjsq.exactdn.com\/wp-content\/uploads\/2026\/03\/Weltfrauentag-im-Kindergarten-2026-2-320x240.jpg?strip=all 320w, https:\/\/e969z83yjsq.exactdn.com\/wp-content\/uploads\/2026\/03\/Weltfrauentag-im-Kindergarten-2026-2.jpg?strip=all&amp;w=216 216w, https:\/\/e969z83yjsq.exactdn.com\/wp-content\/uploads\/2026\/03\/Weltfrauentag-im-Kindergarten-2026-2.jpg?strip=all&amp;w=432 432w, https:\/\/e969z83yjsq.exactdn.com\/wp-content\/uploads\/2026\/03\/Weltfrauentag-im-Kindergarten-2026-2.jpg?strip=all&amp;w=648 648w, https:\/\/e969z83yjsq.exactdn.com\/wp-content\/uploads\/2026\/03\/Weltfrauentag-im-Kindergarten-2026-2.jpg?strip=all&amp;w=864 864w\" sizes=\"(max-width: 564px) 100vw, 564px\" \/>\n\t\t<div class=\"figc no-description\">\n\t\t\t<div class=\"figc-inner\">\n\t\t\t\t\t\t\t\t\t\t\t\t\t\t\t<\/div>\n\t\t<\/div>\n\n\t<\/div>\n\n<\/div><div class=\"modula-item effect-pufrobo jtg-filter-all jtg-filter-\" >\n\t<div class=\"modula-item-overlay\"><\/div>\n\n\t<div class=\"modula-item-content\">\n\n\t\t<a data-image-id=\"107255\" role=\"button\" data-elementor-open-lightbox=\"no\" tabindex=\"0\" rel=\"jtg-107246\" data-caption=\"\" aria-label=\"Bilder in Lightbox \u00f6ffnen\" data-thumb=\"https:\/\/e969z83yjsq.exactdn.com\/wp-content\/uploads\/2026\/03\/Weltfrauentag-im-Kindergarten-2026-3.1-564x423.jpg?strip=all\" class=\"tile-inner modula-item-link\"><\/a><img loading=\"lazy\" decoding=\"async\" class=\"pic wp-image-107255\"  data-valign=\"middle\" data-halign=\"center\" alt=\"\" data-full=\"https:\/\/www.dstenerife.eu\/wp-content\/uploads\/2026\/03\/Weltfrauentag-im-Kindergarten-2026-3.1.jpg\" title=\"Weltfrauentag im Kindergarten 2026 (3).1\" crop=\"\" width=\"564\" height=\"423\" src=\"https:\/\/e969z83yjsq.exactdn.com\/wp-content\/uploads\/2026\/03\/Weltfrauentag-im-Kindergarten-2026-3.1-564x423.jpg?strip=all\" data-src=\"https:\/\/e969z83yjsq.exactdn.com\/wp-content\/uploads\/2026\/03\/Weltfrauentag-im-Kindergarten-2026-3.1-564x423.jpg?strip=all\" data-caption=\"\" srcset=\"https:\/\/e969z83yjsq.exactdn.com\/wp-content\/uploads\/2026\/03\/Weltfrauentag-im-Kindergarten-2026-3.1-scaled.jpg?strip=all 1920w, https:\/\/e969z83yjsq.exactdn.com\/wp-content\/uploads\/2026\/03\/Weltfrauentag-im-Kindergarten-2026-3.1-564x423.jpg?strip=all 564w, https:\/\/e969z83yjsq.exactdn.com\/wp-content\/uploads\/2026\/03\/Weltfrauentag-im-Kindergarten-2026-3.1-960x720.jpg?strip=all 960w, https:\/\/e969z83yjsq.exactdn.com\/wp-content\/uploads\/2026\/03\/Weltfrauentag-im-Kindergarten-2026-3.1-768x576.jpg?strip=all 768w, https:\/\/e969z83yjsq.exactdn.com\/wp-content\/uploads\/2026\/03\/Weltfrauentag-im-Kindergarten-2026-3.1-1536x1152.jpg?strip=all 1536w, https:\/\/e969z83yjsq.exactdn.com\/wp-content\/uploads\/2026\/03\/Weltfrauentag-im-Kindergarten-2026-3.1-320x240.jpg?strip=all 320w, https:\/\/e969z83yjsq.exactdn.com\/wp-content\/uploads\/2026\/03\/Weltfrauentag-im-Kindergarten-2026-3.1-scaled.jpg?strip=all&amp;w=384 384w, https:\/\/e969z83yjsq.exactdn.com\/wp-content\/uploads\/2026\/03\/Weltfrauentag-im-Kindergarten-2026-3.1-scaled.jpg?strip=all&amp;w=1152 1152w, https:\/\/e969z83yjsq.exactdn.com\/wp-content\/uploads\/2026\/03\/Weltfrauentag-im-Kindergarten-2026-3.1-scaled.jpg?strip=all&amp;w=450 450w\" sizes=\"(max-width: 564px) 100vw, 564px\" \/>\n\t\t<div class=\"figc no-description\">\n\t\t\t<div class=\"figc-inner\">\n\t\t\t\t\t\t\t\t\t\t\t\t\t\t\t<\/div>\n\t\t<\/div>\n\n\t<\/div>\n\n<\/div><div class=\"modula-item effect-pufrobo jtg-filter-all jtg-filter-\" >\n\t<div class=\"modula-item-overlay\"><\/div>\n\n\t<div class=\"modula-item-content\">\n\n\t\t<a data-image-id=\"107257\" role=\"button\" data-elementor-open-lightbox=\"no\" tabindex=\"0\" rel=\"jtg-107246\" data-caption=\"\" aria-label=\"Bilder in Lightbox \u00f6ffnen\" data-thumb=\"https:\/\/e969z83yjsq.exactdn.com\/wp-content\/uploads\/2026\/03\/Weltfrauentag-im-Kindergarten-2026-3-564x423.jpg?strip=all\" class=\"tile-inner modula-item-link\"><\/a><img loading=\"lazy\" decoding=\"async\" class=\"pic wp-image-107257\"  data-valign=\"middle\" data-halign=\"center\" alt=\"\" data-full=\"https:\/\/www.dstenerife.eu\/wp-content\/uploads\/2026\/03\/Weltfrauentag-im-Kindergarten-2026-3.jpg\" title=\"Weltfrauentag im Kindergarten 2026 (3)\" crop=\"\" width=\"564\" height=\"423\" src=\"https:\/\/e969z83yjsq.exactdn.com\/wp-content\/uploads\/2026\/03\/Weltfrauentag-im-Kindergarten-2026-3-564x423.jpg?strip=all\" data-src=\"https:\/\/e969z83yjsq.exactdn.com\/wp-content\/uploads\/2026\/03\/Weltfrauentag-im-Kindergarten-2026-3-564x423.jpg?strip=all\" data-caption=\"\" srcset=\"https:\/\/e969z83yjsq.exactdn.com\/wp-content\/uploads\/2026\/03\/Weltfrauentag-im-Kindergarten-2026-3.jpg?strip=all 1632w, https:\/\/e969z83yjsq.exactdn.com\/wp-content\/uploads\/2026\/03\/Weltfrauentag-im-Kindergarten-2026-3-564x423.jpg?strip=all 564w, https:\/\/e969z83yjsq.exactdn.com\/wp-content\/uploads\/2026\/03\/Weltfrauentag-im-Kindergarten-2026-3-960x720.jpg?strip=all 960w, https:\/\/e969z83yjsq.exactdn.com\/wp-content\/uploads\/2026\/03\/Weltfrauentag-im-Kindergarten-2026-3-768x576.jpg?strip=all 768w, https:\/\/e969z83yjsq.exactdn.com\/wp-content\/uploads\/2026\/03\/Weltfrauentag-im-Kindergarten-2026-3-1536x1152.jpg?strip=all 1536w, https:\/\/e969z83yjsq.exactdn.com\/wp-content\/uploads\/2026\/03\/Weltfrauentag-im-Kindergarten-2026-3-320x240.jpg?strip=all 320w, https:\/\/e969z83yjsq.exactdn.com\/wp-content\/uploads\/2026\/03\/Weltfrauentag-im-Kindergarten-2026-3.jpg?strip=all&amp;w=652 652w, https:\/\/e969z83yjsq.exactdn.com\/wp-content\/uploads\/2026\/03\/Weltfrauentag-im-Kindergarten-2026-3.jpg?strip=all&amp;w=1305 1305w, https:\/\/e969z83yjsq.exactdn.com\/wp-content\/uploads\/2026\/03\/Weltfrauentag-im-Kindergarten-2026-3.jpg?strip=all&amp;w=450 450w\" sizes=\"(max-width: 564px) 100vw, 564px\" \/>\n\t\t<div class=\"figc no-description\">\n\t\t\t<div class=\"figc-inner\">\n\t\t\t\t\t\t\t\t\t\t\t\t\t\t\t<\/div>\n\t\t<\/div>\n\n\t<\/div>\n\n<\/div><div class=\"modula-item effect-pufrobo jtg-filter-all jtg-filter-\" >\n\t<div class=\"modula-item-overlay\"><\/div>\n\n\t<div class=\"modula-item-content\">\n\n\t\t<a data-image-id=\"107259\" role=\"button\" data-elementor-open-lightbox=\"no\" tabindex=\"0\" rel=\"jtg-107246\" data-caption=\"\" aria-label=\"Bilder in Lightbox \u00f6ffnen\" data-thumb=\"https:\/\/e969z83yjsq.exactdn.com\/wp-content\/uploads\/2026\/03\/Weltfrauentag-im-Kindergarten-2026-4-317x423.jpg?strip=all\" class=\"tile-inner modula-item-link\"><\/a><img loading=\"lazy\" decoding=\"async\" class=\"pic wp-image-107259\"  data-valign=\"middle\" data-halign=\"center\" alt=\"\" data-full=\"https:\/\/www.dstenerife.eu\/wp-content\/uploads\/2026\/03\/Weltfrauentag-im-Kindergarten-2026-4.jpg\" title=\"Weltfrauentag im Kindergarten 2026 (4)\" crop=\"\" width=\"317\" height=\"423\" src=\"https:\/\/e969z83yjsq.exactdn.com\/wp-content\/uploads\/2026\/03\/Weltfrauentag-im-Kindergarten-2026-4-317x423.jpg?strip=all\" data-src=\"https:\/\/e969z83yjsq.exactdn.com\/wp-content\/uploads\/2026\/03\/Weltfrauentag-im-Kindergarten-2026-4-317x423.jpg?strip=all\" data-caption=\"\" srcset=\"https:\/\/e969z83yjsq.exactdn.com\/wp-content\/uploads\/2026\/03\/Weltfrauentag-im-Kindergarten-2026-4.jpg?strip=all 1224w, https:\/\/e969z83yjsq.exactdn.com\/wp-content\/uploads\/2026\/03\/Weltfrauentag-im-Kindergarten-2026-4-317x423.jpg?strip=all 317w, https:\/\/e969z83yjsq.exactdn.com\/wp-content\/uploads\/2026\/03\/Weltfrauentag-im-Kindergarten-2026-4-540x720.jpg?strip=all 540w, https:\/\/e969z83yjsq.exactdn.com\/wp-content\/uploads\/2026\/03\/Weltfrauentag-im-Kindergarten-2026-4-768x1024.jpg?strip=all 768w, https:\/\/e969z83yjsq.exactdn.com\/wp-content\/uploads\/2026\/03\/Weltfrauentag-im-Kindergarten-2026-4-1152x1536.jpg?strip=all 1152w, https:\/\/e969z83yjsq.exactdn.com\/wp-content\/uploads\/2026\/03\/Weltfrauentag-im-Kindergarten-2026-4-320x427.jpg?strip=all 320w, https:\/\/e969z83yjsq.exactdn.com\/wp-content\/uploads\/2026\/03\/Weltfrauentag-im-Kindergarten-2026-4.jpg?strip=all&amp;w=244 244w, https:\/\/e969z83yjsq.exactdn.com\/wp-content\/uploads\/2026\/03\/Weltfrauentag-im-Kindergarten-2026-4.jpg?strip=all&amp;w=489 489w, https:\/\/e969z83yjsq.exactdn.com\/wp-content\/uploads\/2026\/03\/Weltfrauentag-im-Kindergarten-2026-4.jpg?strip=all&amp;w=979 979w\" sizes=\"(max-width: 317px) 100vw, 317px\" \/>\n\t\t<div class=\"figc no-description\">\n\t\t\t<div class=\"figc-inner\">\n\t\t\t\t\t\t\t\t\t\t\t\t\t\t\t<\/div>\n\t\t<\/div>\n\n\t<\/div>\n\n<\/div><div class=\"modula-item effect-pufrobo jtg-filter-all jtg-filter-\" >\n\t<div class=\"modula-item-overlay\"><\/div>\n\n\t<div class=\"modula-item-content\">\n\n\t\t<a data-image-id=\"107261\" role=\"button\" data-elementor-open-lightbox=\"no\" tabindex=\"0\" rel=\"jtg-107246\" data-caption=\"\" aria-label=\"Bilder in Lightbox \u00f6ffnen\" data-thumb=\"https:\/\/e969z83yjsq.exactdn.com\/wp-content\/uploads\/2026\/03\/Weltfrauentag-im-Kindergarten-2026-5-317x423.jpg?strip=all\" class=\"tile-inner modula-item-link\"><\/a><img loading=\"lazy\" decoding=\"async\" class=\"pic wp-image-107261\"  data-valign=\"middle\" data-halign=\"center\" alt=\"\" data-full=\"https:\/\/www.dstenerife.eu\/wp-content\/uploads\/2026\/03\/Weltfrauentag-im-Kindergarten-2026-5.jpg\" title=\"Weltfrauentag im Kindergarten 2026 (5)\" crop=\"\" width=\"317\" height=\"423\" src=\"https:\/\/e969z83yjsq.exactdn.com\/wp-content\/uploads\/2026\/03\/Weltfrauentag-im-Kindergarten-2026-5-317x423.jpg?strip=all\" data-src=\"https:\/\/e969z83yjsq.exactdn.com\/wp-content\/uploads\/2026\/03\/Weltfrauentag-im-Kindergarten-2026-5-317x423.jpg?strip=all\" data-caption=\"\" srcset=\"https:\/\/e969z83yjsq.exactdn.com\/wp-content\/uploads\/2026\/03\/Weltfrauentag-im-Kindergarten-2026-5.jpg?strip=all 810w, https:\/\/e969z83yjsq.exactdn.com\/wp-content\/uploads\/2026\/03\/Weltfrauentag-im-Kindergarten-2026-5-317x423.jpg?strip=all 317w, https:\/\/e969z83yjsq.exactdn.com\/wp-content\/uploads\/2026\/03\/Weltfrauentag-im-Kindergarten-2026-5-540x720.jpg?strip=all 540w, https:\/\/e969z83yjsq.exactdn.com\/wp-content\/uploads\/2026\/03\/Weltfrauentag-im-Kindergarten-2026-5-768x1024.jpg?strip=all 768w, https:\/\/e969z83yjsq.exactdn.com\/wp-content\/uploads\/2026\/03\/Weltfrauentag-im-Kindergarten-2026-5-320x427.jpg?strip=all 320w, https:\/\/e969z83yjsq.exactdn.com\/wp-content\/uploads\/2026\/03\/Weltfrauentag-im-Kindergarten-2026-5.jpg?strip=all&amp;w=162 162w, https:\/\/e969z83yjsq.exactdn.com\/wp-content\/uploads\/2026\/03\/Weltfrauentag-im-Kindergarten-2026-5.jpg?strip=all&amp;w=486 486w, https:\/\/e969z83yjsq.exactdn.com\/wp-content\/uploads\/2026\/03\/Weltfrauentag-im-Kindergarten-2026-5.jpg?strip=all&amp;w=648 648w\" sizes=\"(max-width: 317px) 100vw, 317px\" \/>\n\t\t<div class=\"figc no-description\">\n\t\t\t<div class=\"figc-inner\">\n\t\t\t\t\t\t\t\t\t\t\t\t\t\t\t<\/div>\n\t\t<\/div>\n\n\t<\/div>\n\n<\/div>\t\t\n\t<\/div>\n\n\t\n\t\n\t<script type=\"application\/ld+json\">\n\t{\n\t\t\"@context\": \"http:\/\/schema.org\",\n\t\t\"@type\"   : \"ImageGallery\",\n\t\t\"id\"      : \"https:\/\/www.dstenerife.eu\/de\/weltfrauentag-im-kindergarten\/\",\n\t\t\"url\"     : \"https:\/\/www.dstenerife.eu\/de\/weltfrauentag-im-kindergarten\/\"\n\t}\n\n\t<\/script>\n\n\t\n<\/div>\n\n","protected":false},"excerpt":{"rendered":"<p>Zum Weltfrauentag lasen wir (die Farbengruppen und die Vorschulgruppen des K3+) gemeinsam das Bilderbuch\u201c Coco\u201c bei [&hellip;]<\/p>\n","protected":false},"author":17,"featured_media":107255,"comment_status":"closed","ping_status":"closed","sticky":false,"template":"","format":"standard","meta":{"site-sidebar-layout":"default","site-content-layout":"","ast-site-content-layout":"default","site-content-style":"default","site-sidebar-style":"default","ast-global-header-display":"","ast-banner-title-visibility":"","ast-main-header-display":"","ast-hfb-above-header-display":"","ast-hfb-below-header-display":"","ast-hfb-mobile-header-display":"","site-post-title":"","ast-breadcrumbs-content":"","ast-featured-img":"","footer-sml-layout":"","ast-disable-related-posts":"","theme-transparent-header-meta":"default","adv-header-id-meta":"","stick-header-meta":"default","header-above-stick-meta":"","header-main-stick-meta":"","header-below-stick-meta":"","astra-migrate-meta-layouts":"set","ast-page-background-enabled":"default","ast-page-background-meta":{"desktop":{"background-color":"","background-image":"","background-repeat":"repeat","background-position":"center center","background-size":"auto","background-attachment":"scroll","background-type":"","background-media":"","overlay-type":"","overlay-color":"","overlay-opacity":"","overlay-gradient":""},"tablet":{"background-color":"","background-image":"","background-repeat":"repeat","background-position":"center center","background-size":"auto","background-attachment":"scroll","background-type":"","background-media":"","overlay-type":"","overlay-color":"","overlay-opacity":"","overlay-gradient":""},"mobile":{"background-color":"","background-image":"","background-repeat":"repeat","background-position":"center center","background-size":"auto","background-attachment":"scroll","background-type":"","background-media":"","overlay-type":"","overlay-color":"","overlay-opacity":"","overlay-gradient":""}},"ast-content-background-meta":{"desktop":{"background-color":"var(--ast-global-color-5)","background-image":"","background-repeat":"repeat","background-position":"center center","background-size":"auto","background-attachment":"scroll","background-type":"","background-media":"","overlay-type":"","overlay-color":"","overlay-opacity":"","overlay-gradient":""},"tablet":{"background-color":"var(--ast-global-color-5)","background-image":"","background-repeat":"repeat","background-position":"center center","background-size":"auto","background-attachment":"scroll","background-type":"","background-media":"","overlay-type":"","overlay-color":"","overlay-opacity":"","overlay-gradient":""},"mobile":{"background-color":"var(--ast-global-color-5)","background-image":"","background-repeat":"repeat","background-position":"center center","background-size":"auto","background-attachment":"scroll","background-type":"","background-media":"","overlay-type":"","overlay-color":"","overlay-opacity":"","overlay-gradient":""}},"_jet_sm_ready_style":"","_jet_sm_style":"","_jet_sm_controls_values":"","_jet_sm_fonts_collection":"","_jet_sm_fonts_links":"","footnotes":""},"categories":[126],"tags":[],"schlagwortedst":[],"class_list":["post-107263","post","type-post","status-publish","format-standard","has-post-thumbnail","hentry","category-kiga"],"_links":{"self":[{"href":"https:\/\/www.dstenerife.eu\/de\/wp-json\/wp\/v2\/posts\/107263","targetHints":{"allow":["GET"]}}],"collection":[{"href":"https:\/\/www.dstenerife.eu\/de\/wp-json\/wp\/v2\/posts"}],"about":[{"href":"https:\/\/www.dstenerife.eu\/de\/wp-json\/wp\/v2\/types\/post"}],"author":[{"embeddable":true,"href":"https:\/\/www.dstenerife.eu\/de\/wp-json\/wp\/v2\/users\/17"}],"replies":[{"embeddable":true,"href":"https:\/\/www.dstenerife.eu\/de\/wp-json\/wp\/v2\/comments?post=107263"}],"version-history":[{"count":3,"href":"https:\/\/www.dstenerife.eu\/de\/wp-json\/wp\/v2\/posts\/107263\/revisions"}],"predecessor-version":[{"id":107266,"href":"https:\/\/www.dstenerife.eu\/de\/wp-json\/wp\/v2\/posts\/107263\/revisions\/107266"}],"wp:featuredmedia":[{"embeddable":true,"href":"https:\/\/www.dstenerife.eu\/de\/wp-json\/wp\/v2\/media\/107255"}],"wp:attachment":[{"href":"https:\/\/www.dstenerife.eu\/de\/wp-json\/wp\/v2\/media?parent=107263"}],"wp:term":[{"taxonomy":"category","embeddable":true,"href":"https:\/\/www.dstenerife.eu\/de\/wp-json\/wp\/v2\/categories?post=107263"},{"taxonomy":"post_tag","embeddable":true,"href":"https:\/\/www.dstenerife.eu\/de\/wp-json\/wp\/v2\/tags?post=107263"},{"taxonomy":"schlagwortedst","embeddable":true,"href":"https:\/\/www.dstenerife.eu\/de\/wp-json\/wp\/v2\/schlagwortedst?post=107263"}],"curies":[{"name":"wp","href":"https:\/\/api.w.org\/{rel}","templated":true}]}}