{"id":107629,"date":"2026-04-26T08:25:36","date_gmt":"2026-04-26T07:25:36","guid":{"rendered":"https:\/\/www.dstenerife.eu\/?p=107629"},"modified":"2026-04-26T08:25:36","modified_gmt":"2026-04-26T07:25:36","slug":"stadtfuehrung-durch-la-laguna-der-zehntklaessler","status":"publish","type":"post","link":"https:\/\/www.dstenerife.eu\/de\/stadtfuehrung-durch-la-laguna-der-zehntklaessler\/","title":{"rendered":"Stadtf\u00fchrung durch La Laguna der Zehntkl\u00e4ssler"},"content":{"rendered":"<p>Am Mittwoch, dem 22. April, hatten die Zehntkl\u00e4ssler eine historische Stadtf\u00fchrung durch La Laguna mit dem Titel \u201eDie Aufkl\u00e4rung in La Laguna\u201c im Rahmen des Unterrichts in Ciencias Sociales.<\/p>\n<p>W\u00e4hrend der F\u00fchrung entdeckten sie einige der bedeutendsten St\u00e4tten der Stadt, die mit der Aufkl\u00e4rung verbunden sind, darunter den Palacio de Nava y Grim\u00f3n, das Museo Lercaro, die K\u00f6nigliche Wirtschaftsgesellschaft der Freunde des Landes Teneriffa, das Institut der Kanarischen Inseln und die Plaza de la Junta Suprema.<\/p>\n<p>Es war eine bereichernde Erfahrung, die den Sch\u00fclern erm\u00f6glichte, die Geschichte, das Gedankengut der Aufkl\u00e4rung, das kulturelle Erbe der Kanaren und dessen Bedeutung f\u00fcr die Gegenwart aus erster Hand kennenzulernen.<\/p>\n<p><a href=\"https:\/\/e969z83yjsq.exactdn.com\/wp-content\/uploads\/2026\/04\/SekLaguna_01_24x18.jpg?strip=all&w=2560\"><img fetchpriority=\"high\" decoding=\"async\" class=\"aligncenter size-medium wp-image-107630\" src=\"https:\/\/e969z83yjsq.exactdn.com\/wp-content\/uploads\/2026\/04\/SekLaguna_01_24x18-564x423.jpg?strip=all\" alt=\"\" width=\"564\" height=\"423\" srcset=\"https:\/\/e969z83yjsq.exactdn.com\/wp-content\/uploads\/2026\/04\/SekLaguna_01_24x18-564x423.jpg?strip=all 564w, https:\/\/e969z83yjsq.exactdn.com\/wp-content\/uploads\/2026\/04\/SekLaguna_01_24x18-960x720.jpg?strip=all 960w, https:\/\/e969z83yjsq.exactdn.com\/wp-content\/uploads\/2026\/04\/SekLaguna_01_24x18-768x576.jpg?strip=all 768w, https:\/\/e969z83yjsq.exactdn.com\/wp-content\/uploads\/2026\/04\/SekLaguna_01_24x18-320x240.jpg?strip=all 320w, https:\/\/e969z83yjsq.exactdn.com\/wp-content\/uploads\/2026\/04\/SekLaguna_01_24x18.jpg?strip=all 1440w, https:\/\/e969z83yjsq.exactdn.com\/wp-content\/uploads\/2026\/04\/SekLaguna_01_24x18.jpg?strip=all&amp;w=864 864w, https:\/\/e969z83yjsq.exactdn.com\/wp-content\/uploads\/2026\/04\/SekLaguna_01_24x18.jpg?strip=all&amp;w=1152 1152w, https:\/\/e969z83yjsq.exactdn.com\/wp-content\/uploads\/2026\/04\/SekLaguna_01_24x18.jpg?strip=all&amp;w=450 450w\" sizes=\"(max-width: 564px) 100vw, 564px\" \/><\/a><\/p>\n","protected":false},"excerpt":{"rendered":"<p>Am Mittwoch, dem 22. April, hatten die Zehntkl\u00e4ssler eine historische Stadtf\u00fchrung durch La Laguna mit dem [&hellip;]<\/p>\n","protected":false},"author":15,"featured_media":107632,"comment_status":"closed","ping_status":"closed","sticky":false,"template":"","format":"standard","meta":{"site-sidebar-layout":"default","site-content-layout":"","ast-site-content-layout":"default","site-content-style":"default","site-sidebar-style":"default","ast-global-header-display":"","ast-banner-title-visibility":"","ast-main-header-display":"","ast-hfb-above-header-display":"","ast-hfb-below-header-display":"","ast-hfb-mobile-header-display":"","site-post-title":"","ast-breadcrumbs-content":"","ast-featured-img":"","footer-sml-layout":"","ast-disable-related-posts":"","theme-transparent-header-meta":"default","adv-header-id-meta":"","stick-header-meta":"default","header-above-stick-meta":"","header-main-stick-meta":"","header-below-stick-meta":"","astra-migrate-meta-layouts":"set","ast-page-background-enabled":"default","ast-page-background-meta":{"desktop":{"background-color":"","background-image":"","background-repeat":"repeat","background-position":"center center","background-size":"auto","background-attachment":"scroll","background-type":"","background-media":"","overlay-type":"","overlay-color":"","overlay-opacity":"","overlay-gradient":""},"tablet":{"background-color":"","background-image":"","background-repeat":"repeat","background-position":"center center","background-size":"auto","background-attachment":"scroll","background-type":"","background-media":"","overlay-type":"","overlay-color":"","overlay-opacity":"","overlay-gradient":""},"mobile":{"background-color":"","background-image":"","background-repeat":"repeat","background-position":"center center","background-size":"auto","background-attachment":"scroll","background-type":"","background-media":"","overlay-type":"","overlay-color":"","overlay-opacity":"","overlay-gradient":""}},"ast-content-background-meta":{"desktop":{"background-color":"var(--ast-global-color-5)","background-image":"","background-repeat":"repeat","background-position":"center center","background-size":"auto","background-attachment":"scroll","background-type":"","background-media":"","overlay-type":"","overlay-color":"","overlay-opacity":"","overlay-gradient":""},"tablet":{"background-color":"var(--ast-global-color-5)","background-image":"","background-repeat":"repeat","background-position":"center center","background-size":"auto","background-attachment":"scroll","background-type":"","background-media":"","overlay-type":"","overlay-color":"","overlay-opacity":"","overlay-gradient":""},"mobile":{"background-color":"var(--ast-global-color-5)","background-image":"","background-repeat":"repeat","background-position":"center center","background-size":"auto","background-attachment":"scroll","background-type":"","background-media":"","overlay-type":"","overlay-color":"","overlay-opacity":"","overlay-gradient":""}},"_jet_sm_ready_style":"","_jet_sm_style":"","_jet_sm_controls_values":"","_jet_sm_fonts_collection":"","_jet_sm_fonts_links":"","footnotes":""},"categories":[1,128],"tags":[],"schlagwortedst":[],"class_list":["post-107629","post","type-post","status-publish","format-standard","has-post-thumbnail","hentry","category-schule","category-sekundaria"],"_links":{"self":[{"href":"https:\/\/www.dstenerife.eu\/de\/wp-json\/wp\/v2\/posts\/107629","targetHints":{"allow":["GET"]}}],"collection":[{"href":"https:\/\/www.dstenerife.eu\/de\/wp-json\/wp\/v2\/posts"}],"about":[{"href":"https:\/\/www.dstenerife.eu\/de\/wp-json\/wp\/v2\/types\/post"}],"author":[{"embeddable":true,"href":"https:\/\/www.dstenerife.eu\/de\/wp-json\/wp\/v2\/users\/15"}],"replies":[{"embeddable":true,"href":"https:\/\/www.dstenerife.eu\/de\/wp-json\/wp\/v2\/comments?post=107629"}],"version-history":[{"count":1,"href":"https:\/\/www.dstenerife.eu\/de\/wp-json\/wp\/v2\/posts\/107629\/revisions"}],"predecessor-version":[{"id":107634,"href":"https:\/\/www.dstenerife.eu\/de\/wp-json\/wp\/v2\/posts\/107629\/revisions\/107634"}],"wp:featuredmedia":[{"embeddable":true,"href":"https:\/\/www.dstenerife.eu\/de\/wp-json\/wp\/v2\/media\/107632"}],"wp:attachment":[{"href":"https:\/\/www.dstenerife.eu\/de\/wp-json\/wp\/v2\/media?parent=107629"}],"wp:term":[{"taxonomy":"category","embeddable":true,"href":"https:\/\/www.dstenerife.eu\/de\/wp-json\/wp\/v2\/categories?post=107629"},{"taxonomy":"post_tag","embeddable":true,"href":"https:\/\/www.dstenerife.eu\/de\/wp-json\/wp\/v2\/tags?post=107629"},{"taxonomy":"schlagwortedst","embeddable":true,"href":"https:\/\/www.dstenerife.eu\/de\/wp-json\/wp\/v2\/schlagwortedst?post=107629"}],"curies":[{"name":"wp","href":"https:\/\/api.w.org\/{rel}","templated":true}]}}