{"id":107693,"date":"2026-04-27T12:50:33","date_gmt":"2026-04-27T11:50:33","guid":{"rendered":"https:\/\/www.dstenerife.eu\/?p=107693"},"modified":"2026-04-27T12:50:33","modified_gmt":"2026-04-27T11:50:33","slug":"aufklaerung-die-bewegt-begegnung-mit-einem-sensiblen-thema","status":"publish","type":"post","link":"https:\/\/www.dstenerife.eu\/de\/aufklaerung-die-bewegt-begegnung-mit-einem-sensiblen-thema\/","title":{"rendered":"Aufkl\u00e4rung, die bewegt: Begegnung mit einem sensiblen Thema"},"content":{"rendered":"<p>Am vergangenen Montag fand in unserer Aula ein besonderes Schulprojekt zum Thema weibliche Genitalverst\u00fcmmelung statt. Rund 200 Sch\u00fclerinnen und Sch\u00fcler der Jahrgangsstufen 9 bis 12 setzten sich dabei intensiv mit diesem wichtigen und schwierigen Thema auseinander. Wir, die Sch\u00fclersprecherinnen und Sch\u00fclersprecher, organisierten die Veranstaltung gemeinsam mit dem Verein Nala e.V. (<a href=\"https:\/\/www.nala-fgm.de\/projekte\">https:\/\/www.nala-fgm.de\/projekte<\/a>), der sich weltweit gegen weibliche Genitalverst\u00fcmmelung einsetzt und sich f\u00fcr den Schutz und die Zukunft von betroffenen M\u00e4dchen engagiert, insbesondere durch Aufkl\u00e4rungsarbeit und Bildungsprojekte in L\u00e4ndern wie Burkina Faso.<\/p>\n<p>Ein besonderer Teil des Projekts war eine Lesung aus der Autobiografie \u201eGeboren im Gro\u00dfen Regen&#8220; von Fadumo Korn, die selbst Betroffene dieser Praxis ist und den Verein gegr\u00fcndet hat. Sie\u00a0schaltete sich\u00a0sp\u00e4ter\u00a0per Videokonferenz\u00a0zu und nahm sich Zeit f\u00fcr uns. Ihre Anwesenheit und der direkte Austausch mit\u00a0den\u00a0Sch\u00fclerinnen und Sch\u00fclern\u00a0haben\u00a0das Projekt besonders eindr\u00fccklich gemacht und viele von uns zum Nachdenken angeregt.<\/p>\n<p>Aus diesem Erlebnis heraus ist bei uns der Wunsch entstanden, die Arbeit von Nala e.V. weiter zu unterst\u00fctzen. Der Verein ist auf Spenden angewiesen, um seine wichtige Aufkl\u00e4rungs- und Bildungsarbeit fortzuf\u00fchren. Wer\u00a0dieses Engagement\u00a0unterst\u00fctzen m\u00f6chte, kann dies hier tun:\u00a0<a href=\"https:\/\/www.paypal.com\/donate\/?hosted_button_id=EKHD373TKJFZQ\">https:\/\/www.paypal.com\/donate\/?hosted_button_id=EKHD373TKJFZQ<\/a>\u00a0. Jede Spende hilft dabei, M\u00e4dchen zu sch\u00fctzen, Bildung zu erm\u00f6glichen und ein Zeichen f\u00fcr eine Zukunft ohne Gewalt zu setzen.<\/p>\n<p>Die Sch\u00fclervertretung<\/p>\n<p>Leonie D\u00fcllmann, Emilio P\u00e1ez Morera und Beatriz Reigosa D\u00e9niz<\/p>\n<a href=\"https:\/\/www.dstenerife.eu\/wp-content\/uploads\/2026\/04\/Bild-Maedchenbeschneidung.pdf\" class=\"pdfemb-viewer\" style=\"\" data-width=\"max\" data-height=\"max\" data-toolbar=\"top\" data-toolbar-fixed=\"on\">Bild M\u00e4dchenbeschneidung<\/a>\n","protected":false},"excerpt":{"rendered":"<p>Am vergangenen Montag fand in unserer Aula ein besonderes Schulprojekt zum Thema weibliche Genitalverst\u00fcmmelung statt. Rund [&hellip;]<\/p>\n","protected":false},"author":17,"featured_media":107694,"comment_status":"closed","ping_status":"closed","sticky":false,"template":"","format":"standard","meta":{"site-sidebar-layout":"default","site-content-layout":"","ast-site-content-layout":"default","site-content-style":"default","site-sidebar-style":"default","ast-global-header-display":"","ast-banner-title-visibility":"","ast-main-header-display":"","ast-hfb-above-header-display":"","ast-hfb-below-header-display":"","ast-hfb-mobile-header-display":"","site-post-title":"","ast-breadcrumbs-content":"","ast-featured-img":"","footer-sml-layout":"","ast-disable-related-posts":"","theme-transparent-header-meta":"default","adv-header-id-meta":"","stick-header-meta":"default","header-above-stick-meta":"","header-main-stick-meta":"","header-below-stick-meta":"","astra-migrate-meta-layouts":"set","ast-page-background-enabled":"default","ast-page-background-meta":{"desktop":{"background-color":"","background-image":"","background-repeat":"repeat","background-position":"center center","background-size":"auto","background-attachment":"scroll","background-type":"","background-media":"","overlay-type":"","overlay-color":"","overlay-opacity":"","overlay-gradient":""},"tablet":{"background-color":"","background-image":"","background-repeat":"repeat","background-position":"center center","background-size":"auto","background-attachment":"scroll","background-type":"","background-media":"","overlay-type":"","overlay-color":"","overlay-opacity":"","overlay-gradient":""},"mobile":{"background-color":"","background-image":"","background-repeat":"repeat","background-position":"center center","background-size":"auto","background-attachment":"scroll","background-type":"","background-media":"","overlay-type":"","overlay-color":"","overlay-opacity":"","overlay-gradient":""}},"ast-content-background-meta":{"desktop":{"background-color":"var(--ast-global-color-5)","background-image":"","background-repeat":"repeat","background-position":"center center","background-size":"auto","background-attachment":"scroll","background-type":"","background-media":"","overlay-type":"","overlay-color":"","overlay-opacity":"","overlay-gradient":""},"tablet":{"background-color":"var(--ast-global-color-5)","background-image":"","background-repeat":"repeat","background-position":"center center","background-size":"auto","background-attachment":"scroll","background-type":"","background-media":"","overlay-type":"","overlay-color":"","overlay-opacity":"","overlay-gradient":""},"mobile":{"background-color":"var(--ast-global-color-5)","background-image":"","background-repeat":"repeat","background-position":"center center","background-size":"auto","background-attachment":"scroll","background-type":"","background-media":"","overlay-type":"","overlay-color":"","overlay-opacity":"","overlay-gradient":""}},"_jet_sm_ready_style":"","_jet_sm_style":"","_jet_sm_controls_values":"","_jet_sm_fonts_collection":"","_jet_sm_fonts_links":"","footnotes":""},"categories":[1,128],"tags":[],"schlagwortedst":[],"class_list":["post-107693","post","type-post","status-publish","format-standard","has-post-thumbnail","hentry","category-schule","category-sekundaria"],"_links":{"self":[{"href":"https:\/\/www.dstenerife.eu\/de\/wp-json\/wp\/v2\/posts\/107693","targetHints":{"allow":["GET"]}}],"collection":[{"href":"https:\/\/www.dstenerife.eu\/de\/wp-json\/wp\/v2\/posts"}],"about":[{"href":"https:\/\/www.dstenerife.eu\/de\/wp-json\/wp\/v2\/types\/post"}],"author":[{"embeddable":true,"href":"https:\/\/www.dstenerife.eu\/de\/wp-json\/wp\/v2\/users\/17"}],"replies":[{"embeddable":true,"href":"https:\/\/www.dstenerife.eu\/de\/wp-json\/wp\/v2\/comments?post=107693"}],"version-history":[{"count":1,"href":"https:\/\/www.dstenerife.eu\/de\/wp-json\/wp\/v2\/posts\/107693\/revisions"}],"predecessor-version":[{"id":107696,"href":"https:\/\/www.dstenerife.eu\/de\/wp-json\/wp\/v2\/posts\/107693\/revisions\/107696"}],"wp:featuredmedia":[{"embeddable":true,"href":"https:\/\/www.dstenerife.eu\/de\/wp-json\/wp\/v2\/media\/107694"}],"wp:attachment":[{"href":"https:\/\/www.dstenerife.eu\/de\/wp-json\/wp\/v2\/media?parent=107693"}],"wp:term":[{"taxonomy":"category","embeddable":true,"href":"https:\/\/www.dstenerife.eu\/de\/wp-json\/wp\/v2\/categories?post=107693"},{"taxonomy":"post_tag","embeddable":true,"href":"https:\/\/www.dstenerife.eu\/de\/wp-json\/wp\/v2\/tags?post=107693"},{"taxonomy":"schlagwortedst","embeddable":true,"href":"https:\/\/www.dstenerife.eu\/de\/wp-json\/wp\/v2\/schlagwortedst?post=107693"}],"curies":[{"name":"wp","href":"https:\/\/api.w.org\/{rel}","templated":true}]}}