{"id":19368,"date":"2018-09-09T10:52:38","date_gmt":"2018-09-09T10:52:38","guid":{"rendered":"https:\/\/kopie.dst.deutsche-schule.eu\/?p=19368\/"},"modified":"2018-09-09T12:38:29","modified_gmt":"2018-09-09T12:38:29","slug":"einschlungsfeier-klasse-g1-20182019","status":"publish","type":"post","link":"https:\/\/www.dstenerife.eu\/de\/einschlungsfeier-klasse-g1-20182019\/","title":{"rendered":"Einschlungsfeier Klasse G1 2018\/2019"},"content":{"rendered":"<p>Am 07. September fand die Einschulungsfeier f\u00fcr 47 Erstkl\u00e4sslerinnen und Erstkl\u00e4ssler in der Aula unserer Schule statt.<\/p>\n<p>Begr\u00fc\u00dft wurden die Kinder, ihre Eltern und Freunde sowie die neuen Klassenlehrerinnen, Frau Eule\/ Frau Acevedo (G1A) und Frau Stern\/\u00a0 Frau Mar\u00edn (G1B) zu diesem aufregenden und wichtigen Ereignis durch die Schulleiterin (Frau Schneider) und den Grundschulleiter (Herrn Paul).<\/p>\n<p>Entsprechend feierlich gestaltete sich die Einschulungsfeier, bei der die Sch\u00fclerinnen und Sch\u00fcler der Klassen G2, G3 und G4 den Schulsong &#8222;Wir fahren auf Klassenfahrt&#8220; pr\u00e4sentierten, um ihre neuen Mitsch\u00fclerinnen und -sch\u00fcler in der Schule willkommen zu hei\u00dfen und allen mitzuteilen, was in unserer Schule wichtig ist:<\/p>\n<p>&#8222;Unsere Schule ist ein Platz f\u00fcr alle, manchmal Ernst, aber \u00fcberwiegend fr\u00f6hlich, und mit viel Spa\u00df am Lernen!&#8220;<\/p>\n<p>Gemeinsam und mit Spa\u00df interessante und neue Dinge\u00a0 entdecken und\u00a0 erforschen zu k\u00f6nnen, von- und miteinander zu lernen, zu feiern und bei Problemen zusammenzustehen, das ist uns in der Grundschule besonders wichtig.<\/p>\n<p>Das Stand Up Musical der Klassen G3 war der folgende H\u00f6hepunkt der diesj\u00e4hrigen Einschulungsfeier.<\/p>\n<p>Im Anschluss waren alle G\u00e4ste traditionell zu einem Buffet in den Eingangsbereich eingeladen, w\u00e4hrend die Klassen G1a und G1b ihre erste Unterrichtsstunde in den Klassen erlebten.<\/p>\n<p>Vielen Dank an alle Beteiligten und besonders die Eltern aus der Klassenstufe G2 f\u00fcr die tolle Unterst\u00fctzung.<\/p>\n","protected":false},"excerpt":{"rendered":"<p>Am 07. September fand die Einschulungsfeier f\u00fcr 47 Erstkl\u00e4sslerinnen und Erstkl\u00e4ssler in der Aula unserer Schule [&hellip;]<\/p>\n","protected":false},"author":10,"featured_media":19418,"comment_status":"closed","ping_status":"closed","sticky":false,"template":"","format":"standard","meta":{"site-sidebar-layout":"default","site-content-layout":"","ast-site-content-layout":"default","site-content-style":"default","site-sidebar-style":"default","ast-global-header-display":"","ast-banner-title-visibility":"","ast-main-header-display":"","ast-hfb-above-header-display":"","ast-hfb-below-header-display":"","ast-hfb-mobile-header-display":"","site-post-title":"","ast-breadcrumbs-content":"","ast-featured-img":"","footer-sml-layout":"","ast-disable-related-posts":"","theme-transparent-header-meta":"","adv-header-id-meta":"","stick-header-meta":"","header-above-stick-meta":"","header-main-stick-meta":"","header-below-stick-meta":"","astra-migrate-meta-layouts":"default","ast-page-background-enabled":"default","ast-page-background-meta":{"desktop":{"background-color":"","background-image":"","background-repeat":"repeat","background-position":"center center","background-size":"auto","background-attachment":"scroll","background-type":"","background-media":"","overlay-type":"","overlay-color":"","overlay-opacity":"","overlay-gradient":""},"tablet":{"background-color":"","background-image":"","background-repeat":"repeat","background-position":"center center","background-size":"auto","background-attachment":"scroll","background-type":"","background-media":"","overlay-type":"","overlay-color":"","overlay-opacity":"","overlay-gradient":""},"mobile":{"background-color":"","background-image":"","background-repeat":"repeat","background-position":"center center","background-size":"auto","background-attachment":"scroll","background-type":"","background-media":"","overlay-type":"","overlay-color":"","overlay-opacity":"","overlay-gradient":""}},"ast-content-background-meta":{"desktop":{"background-color":"var(--ast-global-color-5)","background-image":"","background-repeat":"repeat","background-position":"center center","background-size":"auto","background-attachment":"scroll","background-type":"","background-media":"","overlay-type":"","overlay-color":"","overlay-opacity":"","overlay-gradient":""},"tablet":{"background-color":"var(--ast-global-color-5)","background-image":"","background-repeat":"repeat","background-position":"center center","background-size":"auto","background-attachment":"scroll","background-type":"","background-media":"","overlay-type":"","overlay-color":"","overlay-opacity":"","overlay-gradient":""},"mobile":{"background-color":"var(--ast-global-color-5)","background-image":"","background-repeat":"repeat","background-position":"center center","background-size":"auto","background-attachment":"scroll","background-type":"","background-media":"","overlay-type":"","overlay-color":"","overlay-opacity":"","overlay-gradient":""}},"_jet_sm_ready_style":"","_jet_sm_style":"","_jet_sm_controls_values":"","_jet_sm_fonts_collection":"","_jet_sm_fonts_links":"","footnotes":""},"categories":[1],"tags":[],"schlagwortedst":[],"class_list":["post-19368","post","type-post","status-publish","format-standard","has-post-thumbnail","hentry","category-schule"],"_links":{"self":[{"href":"https:\/\/www.dstenerife.eu\/de\/wp-json\/wp\/v2\/posts\/19368","targetHints":{"allow":["GET"]}}],"collection":[{"href":"https:\/\/www.dstenerife.eu\/de\/wp-json\/wp\/v2\/posts"}],"about":[{"href":"https:\/\/www.dstenerife.eu\/de\/wp-json\/wp\/v2\/types\/post"}],"author":[{"embeddable":true,"href":"https:\/\/www.dstenerife.eu\/de\/wp-json\/wp\/v2\/users\/10"}],"replies":[{"embeddable":true,"href":"https:\/\/www.dstenerife.eu\/de\/wp-json\/wp\/v2\/comments?post=19368"}],"version-history":[{"count":0,"href":"https:\/\/www.dstenerife.eu\/de\/wp-json\/wp\/v2\/posts\/19368\/revisions"}],"wp:featuredmedia":[{"embeddable":true,"href":"https:\/\/www.dstenerife.eu\/de\/wp-json\/wp\/v2\/media\/19418"}],"wp:attachment":[{"href":"https:\/\/www.dstenerife.eu\/de\/wp-json\/wp\/v2\/media?parent=19368"}],"wp:term":[{"taxonomy":"category","embeddable":true,"href":"https:\/\/www.dstenerife.eu\/de\/wp-json\/wp\/v2\/categories?post=19368"},{"taxonomy":"post_tag","embeddable":true,"href":"https:\/\/www.dstenerife.eu\/de\/wp-json\/wp\/v2\/tags?post=19368"},{"taxonomy":"schlagwortedst","embeddable":true,"href":"https:\/\/www.dstenerife.eu\/de\/wp-json\/wp\/v2\/schlagwortedst?post=19368"}],"curies":[{"name":"wp","href":"https:\/\/api.w.org\/{rel}","templated":true}]}}