{"id":25800,"date":"2019-11-19T17:42:31","date_gmt":"2019-11-19T17:42:31","guid":{"rendered":"https:\/\/kopie.dst.deutsche-schule.eu\/?p=25800"},"modified":"2019-11-19T17:43:00","modified_gmt":"2019-11-19T17:43:00","slug":"model-un-muenchen-2019","status":"publish","type":"post","link":"https:\/\/www.dstenerife.eu\/de\/model-un-muenchen-2019\/","title":{"rendered":"Model UN M\u00fcnchen 2019"},"content":{"rendered":"<p>Am Freitag, dem 08.11.2019, haben sich 12 Sch\u00fclerinnen und Sch\u00fcler aus der 11. und 12. Klasse der Deutschen Schule Santa Cruz de Tenerife auf den Weg nach M\u00fcnchen gemacht, um dort an der diesj\u00e4hrigen \u201eModel United Nations of Munich 2019 (MUNOM)\u201c teilzunehmen. Begleitet von Herrn Sandholzer und Frau Haupt hat die Gruppe am Samstag zun\u00e4chst die Stadt M\u00fcnchen besichtigt. Dabei f\u00fchrte die Besichtigungstour durch die Altstadt zur Frauenkirche, zum Viktualienmarkt, zur Residenz sowie zum Hofbr\u00e4uhaus. Am Sonntag besuchte die Gruppe Schloss Nymphenburg und am Nachmittag hatten die Sch\u00fcler viel Spa\u00df beim Eislaufen im Olympiapark.<u><\/u><u><\/u><\/p>\n<p><img fetchpriority=\"high\" decoding=\"async\" class=\"wp-image-25809 alignright\" src=\"https:\/\/e969z83yjsq.exactdn.com\/wp-content\/uploads\/2019\/11\/IMG_20191115_101926_1-1140x855.jpg?strip=all\" alt=\"\" width=\"308\" height=\"231\" srcset=\"https:\/\/e969z83yjsq.exactdn.com\/wp-content\/uploads\/2019\/11\/IMG_20191115_101926_1-1140x855.jpg?strip=all 1140w, https:\/\/e969z83yjsq.exactdn.com\/wp-content\/uploads\/2019\/11\/IMG_20191115_101926_1-640x480.jpg?strip=all 640w, https:\/\/e969z83yjsq.exactdn.com\/wp-content\/uploads\/2019\/11\/IMG_20191115_101926_1-180x135.jpg?strip=all 180w, https:\/\/e969z83yjsq.exactdn.com\/wp-content\/uploads\/2019\/11\/IMG_20191115_101926_1-768x576.jpg?strip=all 768w, https:\/\/e969z83yjsq.exactdn.com\/wp-content\/uploads\/2019\/11\/IMG_20191115_101926_1-1536x1152.jpg?strip=all 1536w, https:\/\/e969z83yjsq.exactdn.com\/wp-content\/uploads\/2019\/11\/IMG_20191115_101926_1-2048x1536.jpg?strip=all 2048w, https:\/\/e969z83yjsq.exactdn.com\/wp-content\/uploads\/2019\/11\/IMG_20191115_101926_1-400x300.jpg?strip=all 400w, https:\/\/e969z83yjsq.exactdn.com\/wp-content\/uploads\/2019\/11\/IMG_20191115_101926_1-scaled.jpg?strip=all&amp;w=512 512w, https:\/\/e969z83yjsq.exactdn.com\/wp-content\/uploads\/2019\/11\/IMG_20191115_101926_1-scaled.jpg?strip=all&amp;w=1024 1024w, https:\/\/e969z83yjsq.exactdn.com\/wp-content\/uploads\/2019\/11\/IMG_20191115_101926_1-scaled.jpg?strip=all 2560w\" sizes=\"(max-width: 308px) 100vw, 308px\" \/><\/p>\n<p class=\"m_2011600245052658181default-style\">Am Montag wurde dann flei\u00dfig gearbeitet. Bis in den Nachmittag bereiteten sich die Sch\u00fclerinnen und Sch\u00fcler in der Staatsbibliothek M\u00fcnchen auf die Konferenz vor. Ab Dienstag startete die Veranstaltung, aufgrund derer die Sch\u00fcler angereist waren: Model United Nations of Munich 2019. Dabei handelt es sich um eine Simulation der Vereinten Nationen, die wie im Original komplett auf Englisch stattfindet. Die Sch\u00fcler bekommen Rollen als Vertreter verschiedener L\u00e4nder zugeteilt und nehmen dann an einer UN-Sitzung zu einem bestimmten Thema teil. In diesem Jahr besch\u00e4ftigte sich MUNOM in der Hanns-Seidel-Stiftung und der Europ\u00e4ischen Schule M\u00fcnchen mit der Thematik \u201eThe pursuit of a sustainable future in the face of growing adversity&#8220;.<u><\/u><u><\/u><\/p>\n<p class=\"m_2011600245052658181default-style\">Als \u201eRepr\u00e4sentanten\u201c verschiedener L\u00e4ndern erarbeiteten die Sch\u00fcler unterschiedliche Beschlussvorlagen f\u00fcr Resolutionen, die sie mit anderen Delegationen absprechen mussten. Nach den Diskussionsrunden wurden diese dann konkretisiert und auf ihre Umsetzbarkeit und Angemessenheit in Bezug auf die wirkliche Lage debattiert, bevor dar\u00fcber abgestimmt wurde.<u><\/u><u><\/u><\/p>\n<p class=\"m_2011600245052658181default-style\">Die Deutsche Schule Santa Cruz de Tenerife war in zwei Delegationen vertreten: Libyen und Japan. Zwischen und nach den offiziellen Teilen der Veranstaltung konnten die Sch\u00fclerinnen und Sch\u00fcler Kontakte mit Gleichaltrigen aus ganz Europa kn\u00fcpfen, ihre Zweit- und Fremdsprachenkompetenzen vertiefen und Freundschaften schlie\u00dfen.<u><\/u><u><\/u><\/p>\n<p class=\"m_2011600245052658181default-style\"><img decoding=\"async\" class=\"wp-image-25807 alignleft\" src=\"https:\/\/e969z83yjsq.exactdn.com\/wp-content\/uploads\/2019\/11\/_d_improd_\/IMG_20191115_101957-1140x855_f_improf_319x239.jpg?strip=all&resize=319%2C239\" alt=\"\" width=\"319\" height=\"239\" \/><\/p>\n<p class=\"m_2011600245052658181default-style\">Vielen Dank an alle Beteiligten und einen herzlichen Gl\u00fcckwunsch an alle Sch\u00fcler, vor allem an die 11.-Kl\u00e4ssler, die ihre erste MUN-Konferenz mit Bravour gemeistert haben!<\/p>\n","protected":false},"excerpt":{"rendered":"<p>Am Freitag, dem 08.11.2019, haben sich 12 Sch\u00fclerinnen und Sch\u00fcler aus der 11. und 12. Klasse [&hellip;]<\/p>\n","protected":false},"author":13,"featured_media":25805,"comment_status":"closed","ping_status":"closed","sticky":false,"template":"","format":"standard","meta":{"site-sidebar-layout":"default","site-content-layout":"","ast-site-content-layout":"default","site-content-style":"default","site-sidebar-style":"default","ast-global-header-display":"","ast-banner-title-visibility":"","ast-main-header-display":"","ast-hfb-above-header-display":"","ast-hfb-below-header-display":"","ast-hfb-mobile-header-display":"","site-post-title":"","ast-breadcrumbs-content":"","ast-featured-img":"","footer-sml-layout":"","ast-disable-related-posts":"","theme-transparent-header-meta":"","adv-header-id-meta":"","stick-header-meta":"","header-above-stick-meta":"","header-main-stick-meta":"","header-below-stick-meta":"","astra-migrate-meta-layouts":"default","ast-page-background-enabled":"default","ast-page-background-meta":{"desktop":{"background-color":"","background-image":"","background-repeat":"repeat","background-position":"center center","background-size":"auto","background-attachment":"scroll","background-type":"","background-media":"","overlay-type":"","overlay-color":"","overlay-opacity":"","overlay-gradient":""},"tablet":{"background-color":"","background-image":"","background-repeat":"repeat","background-position":"center center","background-size":"auto","background-attachment":"scroll","background-type":"","background-media":"","overlay-type":"","overlay-color":"","overlay-opacity":"","overlay-gradient":""},"mobile":{"background-color":"","background-image":"","background-repeat":"repeat","background-position":"center center","background-size":"auto","background-attachment":"scroll","background-type":"","background-media":"","overlay-type":"","overlay-color":"","overlay-opacity":"","overlay-gradient":""}},"ast-content-background-meta":{"desktop":{"background-color":"var(--ast-global-color-5)","background-image":"","background-repeat":"repeat","background-position":"center center","background-size":"auto","background-attachment":"scroll","background-type":"","background-media":"","overlay-type":"","overlay-color":"","overlay-opacity":"","overlay-gradient":""},"tablet":{"background-color":"var(--ast-global-color-5)","background-image":"","background-repeat":"repeat","background-position":"center center","background-size":"auto","background-attachment":"scroll","background-type":"","background-media":"","overlay-type":"","overlay-color":"","overlay-opacity":"","overlay-gradient":""},"mobile":{"background-color":"var(--ast-global-color-5)","background-image":"","background-repeat":"repeat","background-position":"center center","background-size":"auto","background-attachment":"scroll","background-type":"","background-media":"","overlay-type":"","overlay-color":"","overlay-opacity":"","overlay-gradient":""}},"_jet_sm_ready_style":"","_jet_sm_style":"","_jet_sm_controls_values":"","_jet_sm_fonts_collection":"","_jet_sm_fonts_links":"","footnotes":""},"categories":[1],"tags":[],"schlagwortedst":[],"class_list":["post-25800","post","type-post","status-publish","format-standard","has-post-thumbnail","hentry","category-schule"],"_links":{"self":[{"href":"https:\/\/www.dstenerife.eu\/de\/wp-json\/wp\/v2\/posts\/25800","targetHints":{"allow":["GET"]}}],"collection":[{"href":"https:\/\/www.dstenerife.eu\/de\/wp-json\/wp\/v2\/posts"}],"about":[{"href":"https:\/\/www.dstenerife.eu\/de\/wp-json\/wp\/v2\/types\/post"}],"author":[{"embeddable":true,"href":"https:\/\/www.dstenerife.eu\/de\/wp-json\/wp\/v2\/users\/13"}],"replies":[{"embeddable":true,"href":"https:\/\/www.dstenerife.eu\/de\/wp-json\/wp\/v2\/comments?post=25800"}],"version-history":[{"count":0,"href":"https:\/\/www.dstenerife.eu\/de\/wp-json\/wp\/v2\/posts\/25800\/revisions"}],"wp:featuredmedia":[{"embeddable":true,"href":"https:\/\/www.dstenerife.eu\/de\/wp-json\/wp\/v2\/media\/25805"}],"wp:attachment":[{"href":"https:\/\/www.dstenerife.eu\/de\/wp-json\/wp\/v2\/media?parent=25800"}],"wp:term":[{"taxonomy":"category","embeddable":true,"href":"https:\/\/www.dstenerife.eu\/de\/wp-json\/wp\/v2\/categories?post=25800"},{"taxonomy":"post_tag","embeddable":true,"href":"https:\/\/www.dstenerife.eu\/de\/wp-json\/wp\/v2\/tags?post=25800"},{"taxonomy":"schlagwortedst","embeddable":true,"href":"https:\/\/www.dstenerife.eu\/de\/wp-json\/wp\/v2\/schlagwortedst?post=25800"}],"curies":[{"name":"wp","href":"https:\/\/api.w.org\/{rel}","templated":true}]}}