{"id":29270,"date":"2020-05-06T11:04:07","date_gmt":"2020-05-06T11:04:07","guid":{"rendered":"https:\/\/kopie.dst.deutsche-schule.eu\/?p=29270"},"modified":"2020-05-06T11:04:07","modified_gmt":"2020-05-06T11:04:07","slug":"schueler-fuer-schueler","status":"publish","type":"post","link":"https:\/\/www.dstenerife.eu\/de\/schueler-fuer-schueler\/","title":{"rendered":"&#8222;Sch\u00fcler f\u00fcr Sch\u00fcler&#8220;"},"content":{"rendered":"<p><span style=\"font-weight: 400;\">Ein neues Projekt der Online Bibliothek startet heute:<\/span><\/p>\n<p><span style=\"font-weight: 400;\">\u201eSCH\u00dcLER f\u00fcr SCH\u00dcLER\u201c<\/span><\/p>\n<p><span style=\"font-weight: 400;\">Da vielen von uns langsam spannende Lesegeschichten zu Hause ausgehen, versucht dieses Projekt euch miteinander zu verbinden und euch die M\u00f6glichkeit zu geben, euer Lieblings- Kinderbuch mit euren j\u00fcngeren Schulkollegen zu teilen. Dabei soll der Kreativit\u00e4t keine Grenzen gesetzt sein! Macht ein Video wie ihr das Buch vorlest, mit Computer, Handy- ganz wie ihr wollt und schickt es an <\/span><a href=\"mailto:b.spoeck@dstenerife.eu\"><span style=\"font-weight: 400;\">b.spoeck@dstenerife.eu<\/span><\/a><span style=\"font-weight: 400;\">, oder meldet euch einfach bei Berni im Microsoft Teams, wenn ihr Lust habt bei diesem Projekt mitzumachen.<\/span><\/p>\n<p><span style=\"font-weight: 400;\">Heute starten wir mit Marie (5a) mit der Geschichte \u201eProbier`s mal mit Entschuldigung\u201c. Dazu gibt es auch ein Quiz auf ANTOLIN Vielen Dank Marie!!!<\/span><\/p>\n<p>&nbsp;<\/p>\n<div class=\"ast-oembed-container \" style=\"height: 100%;\"><iframe title=\"Probier\u00b4s mal mit Entschuldigung!\" width=\"500\" height=\"281\" src=\"https:\/\/www.youtube.com\/embed\/rn_7-Jlvs5I?feature=oembed\" frameborder=\"0\" allow=\"accelerometer; autoplay; clipboard-write; encrypted-media; gyroscope; picture-in-picture; web-share\" referrerpolicy=\"strict-origin-when-cross-origin\" allowfullscreen><\/iframe><\/div>\n","protected":false},"excerpt":{"rendered":"<p>Ein neues Projekt der Online Bibliothek startet heute: \u201eSCH\u00dcLER f\u00fcr SCH\u00dcLER\u201c Da vielen von uns langsam [&hellip;]<\/p>\n","protected":false},"author":13,"featured_media":29271,"comment_status":"closed","ping_status":"closed","sticky":false,"template":"","format":"standard","meta":{"site-sidebar-layout":"default","site-content-layout":"","ast-site-content-layout":"default","site-content-style":"default","site-sidebar-style":"default","ast-global-header-display":"","ast-banner-title-visibility":"","ast-main-header-display":"","ast-hfb-above-header-display":"","ast-hfb-below-header-display":"","ast-hfb-mobile-header-display":"","site-post-title":"","ast-breadcrumbs-content":"","ast-featured-img":"","footer-sml-layout":"","ast-disable-related-posts":"","theme-transparent-header-meta":"","adv-header-id-meta":"","stick-header-meta":"","header-above-stick-meta":"","header-main-stick-meta":"","header-below-stick-meta":"","astra-migrate-meta-layouts":"default","ast-page-background-enabled":"default","ast-page-background-meta":{"desktop":{"background-color":"","background-image":"","background-repeat":"repeat","background-position":"center center","background-size":"auto","background-attachment":"scroll","background-type":"","background-media":"","overlay-type":"","overlay-color":"","overlay-opacity":"","overlay-gradient":""},"tablet":{"background-color":"","background-image":"","background-repeat":"repeat","background-position":"center center","background-size":"auto","background-attachment":"scroll","background-type":"","background-media":"","overlay-type":"","overlay-color":"","overlay-opacity":"","overlay-gradient":""},"mobile":{"background-color":"","background-image":"","background-repeat":"repeat","background-position":"center center","background-size":"auto","background-attachment":"scroll","background-type":"","background-media":"","overlay-type":"","overlay-color":"","overlay-opacity":"","overlay-gradient":""}},"ast-content-background-meta":{"desktop":{"background-color":"var(--ast-global-color-5)","background-image":"","background-repeat":"repeat","background-position":"center center","background-size":"auto","background-attachment":"scroll","background-type":"","background-media":"","overlay-type":"","overlay-color":"","overlay-opacity":"","overlay-gradient":""},"tablet":{"background-color":"var(--ast-global-color-5)","background-image":"","background-repeat":"repeat","background-position":"center center","background-size":"auto","background-attachment":"scroll","background-type":"","background-media":"","overlay-type":"","overlay-color":"","overlay-opacity":"","overlay-gradient":""},"mobile":{"background-color":"var(--ast-global-color-5)","background-image":"","background-repeat":"repeat","background-position":"center center","background-size":"auto","background-attachment":"scroll","background-type":"","background-media":"","overlay-type":"","overlay-color":"","overlay-opacity":"","overlay-gradient":""}},"_jet_sm_ready_style":"","_jet_sm_style":"","_jet_sm_controls_values":"","_jet_sm_fonts_collection":"","_jet_sm_fonts_links":"","footnotes":""},"categories":[1],"tags":[],"schlagwortedst":[],"class_list":["post-29270","post","type-post","status-publish","format-standard","has-post-thumbnail","hentry","category-schule"],"_links":{"self":[{"href":"https:\/\/www.dstenerife.eu\/de\/wp-json\/wp\/v2\/posts\/29270","targetHints":{"allow":["GET"]}}],"collection":[{"href":"https:\/\/www.dstenerife.eu\/de\/wp-json\/wp\/v2\/posts"}],"about":[{"href":"https:\/\/www.dstenerife.eu\/de\/wp-json\/wp\/v2\/types\/post"}],"author":[{"embeddable":true,"href":"https:\/\/www.dstenerife.eu\/de\/wp-json\/wp\/v2\/users\/13"}],"replies":[{"embeddable":true,"href":"https:\/\/www.dstenerife.eu\/de\/wp-json\/wp\/v2\/comments?post=29270"}],"version-history":[{"count":0,"href":"https:\/\/www.dstenerife.eu\/de\/wp-json\/wp\/v2\/posts\/29270\/revisions"}],"wp:featuredmedia":[{"embeddable":true,"href":"https:\/\/www.dstenerife.eu\/de\/wp-json\/wp\/v2\/media\/29271"}],"wp:attachment":[{"href":"https:\/\/www.dstenerife.eu\/de\/wp-json\/wp\/v2\/media?parent=29270"}],"wp:term":[{"taxonomy":"category","embeddable":true,"href":"https:\/\/www.dstenerife.eu\/de\/wp-json\/wp\/v2\/categories?post=29270"},{"taxonomy":"post_tag","embeddable":true,"href":"https:\/\/www.dstenerife.eu\/de\/wp-json\/wp\/v2\/tags?post=29270"},{"taxonomy":"schlagwortedst","embeddable":true,"href":"https:\/\/www.dstenerife.eu\/de\/wp-json\/wp\/v2\/schlagwortedst?post=29270"}],"curies":[{"name":"wp","href":"https:\/\/api.w.org\/{rel}","templated":true}]}}