{"id":29569,"date":"2020-05-30T15:20:13","date_gmt":"2020-05-30T15:20:13","guid":{"rendered":"https:\/\/kopie.dst.deutsche-schule.eu\/?p=29569"},"modified":"2020-05-30T15:20:13","modified_gmt":"2020-05-30T15:20:13","slug":"deutschprojekt-kleider-machen-leute","status":"publish","type":"post","link":"https:\/\/www.dstenerife.eu\/de\/deutschprojekt-kleider-machen-leute\/","title":{"rendered":"Deutschprojekt: &#8222;Kleider machen Leute&#8220;"},"content":{"rendered":"<p style=\"text-align: center;\"><strong>\u201eKleider machen Leute\u201c und 8. Kl\u00e4ssler werden zu Regisseuren<\/strong><\/p>\n<p style=\"text-align: center;\"><strong>Ein Deutschprojekt in der Quarant\u00e4ne<\/strong><\/p>\n<p style=\"text-align: justify;\">Die Deutschgruppen der 8. Klassen haben sich im Rahmen der Lekt\u00fcre von Gottfried\u00a0Keller \u201eKleider machen Leute\u201c einem Videoprojekt gewidmet. So haben sie w\u00e4hrend der\u00a0Quarant\u00e4ne zuhause Szenen aus der Lekt\u00fcre mit allerlei Hilfsmitteln kreativ umgesetzt.<\/p>\n<p style=\"text-align: justify;\">Das Buch handelt von einem armen Schneidergesellen, der nur aufgrund seiner Kleidung\u00a0f\u00fcr einen reichen Grafen gehalten wird. Die Bewohner einer kleinen Stadt behandeln ihn\u00a0standesgem\u00e4\u00df und die Tochter des Amtsrats verliebt sich schlie\u00dflich in ihn.\u00a0Und so nehmen die Verstrickungen und das Schicksal ihren Lauf\u2026<br \/>\n\u201eKleider machen Leute\u201c ist eine Novelle, deren Themen auch heute noch h\u00f6chst aktuell\u00a0sind und in der am Ende echte Gef\u00fchle und Pers\u00f6nlichkeiten \u00fcber Standesunterscheide\u00a0und Maskeraden siegen.<\/p>\n<p>Und nun, Vorhang auf f\u00fcr ein paar der besten Umsetzungen aus dem A-Kurs von Frau\u00a0Schmitt.<\/p>\n<p>Eure Deutschlehrer der 8. Klassen.<\/p>\n<p><iframe src=\"\/\/www.youtube.com\/embed\/T_pgj5UN3OA\" width=\"560\" height=\"314\" allowfullscreen=\"allowfullscreen\"><\/iframe><\/p>\n<p><iframe src=\"\/\/www.youtube.com\/embed\/lZzX4xOi7tM\" width=\"560\" height=\"314\" allowfullscreen=\"allowfullscreen\"><\/iframe><\/p>\n<p>&nbsp;<\/p>\n","protected":false},"excerpt":{"rendered":"<p>\u201eKleider machen Leute\u201c und 8. Kl\u00e4ssler werden zu Regisseuren Ein Deutschprojekt in der Quarant\u00e4ne Die Deutschgruppen [&hellip;]<\/p>\n","protected":false},"author":13,"featured_media":29572,"comment_status":"closed","ping_status":"closed","sticky":false,"template":"","format":"standard","meta":{"site-sidebar-layout":"default","site-content-layout":"","ast-site-content-layout":"default","site-content-style":"default","site-sidebar-style":"default","ast-global-header-display":"","ast-banner-title-visibility":"","ast-main-header-display":"","ast-hfb-above-header-display":"","ast-hfb-below-header-display":"","ast-hfb-mobile-header-display":"","site-post-title":"","ast-breadcrumbs-content":"","ast-featured-img":"","footer-sml-layout":"","ast-disable-related-posts":"","theme-transparent-header-meta":"","adv-header-id-meta":"","stick-header-meta":"","header-above-stick-meta":"","header-main-stick-meta":"","header-below-stick-meta":"","astra-migrate-meta-layouts":"default","ast-page-background-enabled":"default","ast-page-background-meta":{"desktop":{"background-color":"","background-image":"","background-repeat":"repeat","background-position":"center center","background-size":"auto","background-attachment":"scroll","background-type":"","background-media":"","overlay-type":"","overlay-color":"","overlay-opacity":"","overlay-gradient":""},"tablet":{"background-color":"","background-image":"","background-repeat":"repeat","background-position":"center center","background-size":"auto","background-attachment":"scroll","background-type":"","background-media":"","overlay-type":"","overlay-color":"","overlay-opacity":"","overlay-gradient":""},"mobile":{"background-color":"","background-image":"","background-repeat":"repeat","background-position":"center center","background-size":"auto","background-attachment":"scroll","background-type":"","background-media":"","overlay-type":"","overlay-color":"","overlay-opacity":"","overlay-gradient":""}},"ast-content-background-meta":{"desktop":{"background-color":"var(--ast-global-color-5)","background-image":"","background-repeat":"repeat","background-position":"center center","background-size":"auto","background-attachment":"scroll","background-type":"","background-media":"","overlay-type":"","overlay-color":"","overlay-opacity":"","overlay-gradient":""},"tablet":{"background-color":"var(--ast-global-color-5)","background-image":"","background-repeat":"repeat","background-position":"center center","background-size":"auto","background-attachment":"scroll","background-type":"","background-media":"","overlay-type":"","overlay-color":"","overlay-opacity":"","overlay-gradient":""},"mobile":{"background-color":"var(--ast-global-color-5)","background-image":"","background-repeat":"repeat","background-position":"center center","background-size":"auto","background-attachment":"scroll","background-type":"","background-media":"","overlay-type":"","overlay-color":"","overlay-opacity":"","overlay-gradient":""}},"_jet_sm_ready_style":"","_jet_sm_style":"","_jet_sm_controls_values":"","_jet_sm_fonts_collection":"","_jet_sm_fonts_links":"","footnotes":""},"categories":[1],"tags":[],"schlagwortedst":[],"class_list":["post-29569","post","type-post","status-publish","format-standard","has-post-thumbnail","hentry","category-schule"],"_links":{"self":[{"href":"https:\/\/www.dstenerife.eu\/de\/wp-json\/wp\/v2\/posts\/29569","targetHints":{"allow":["GET"]}}],"collection":[{"href":"https:\/\/www.dstenerife.eu\/de\/wp-json\/wp\/v2\/posts"}],"about":[{"href":"https:\/\/www.dstenerife.eu\/de\/wp-json\/wp\/v2\/types\/post"}],"author":[{"embeddable":true,"href":"https:\/\/www.dstenerife.eu\/de\/wp-json\/wp\/v2\/users\/13"}],"replies":[{"embeddable":true,"href":"https:\/\/www.dstenerife.eu\/de\/wp-json\/wp\/v2\/comments?post=29569"}],"version-history":[{"count":0,"href":"https:\/\/www.dstenerife.eu\/de\/wp-json\/wp\/v2\/posts\/29569\/revisions"}],"wp:featuredmedia":[{"embeddable":true,"href":"https:\/\/www.dstenerife.eu\/de\/wp-json\/wp\/v2\/media\/29572"}],"wp:attachment":[{"href":"https:\/\/www.dstenerife.eu\/de\/wp-json\/wp\/v2\/media?parent=29569"}],"wp:term":[{"taxonomy":"category","embeddable":true,"href":"https:\/\/www.dstenerife.eu\/de\/wp-json\/wp\/v2\/categories?post=29569"},{"taxonomy":"post_tag","embeddable":true,"href":"https:\/\/www.dstenerife.eu\/de\/wp-json\/wp\/v2\/tags?post=29569"},{"taxonomy":"schlagwortedst","embeddable":true,"href":"https:\/\/www.dstenerife.eu\/de\/wp-json\/wp\/v2\/schlagwortedst?post=29569"}],"curies":[{"name":"wp","href":"https:\/\/api.w.org\/{rel}","templated":true}]}}