{"id":29728,"date":"2020-06-08T13:48:26","date_gmt":"2020-06-08T13:48:26","guid":{"rendered":"https:\/\/kopie.dst.deutsche-schule.eu\/?p=29728"},"modified":"2020-06-15T12:00:16","modified_gmt":"2020-06-15T12:00:16","slug":"abitur-in-der-deutschen-schule-santa-cruz-de-tenerife","status":"publish","type":"post","link":"https:\/\/www.dstenerife.eu\/de\/abitur-in-der-deutschen-schule-santa-cruz-de-tenerife\/","title":{"rendered":"Abitur an der Deutschen Schule Santa Cruz de Tenerife"},"content":{"rendered":"<p style=\"text-align: justify;\">Die Sch\u00fclerinnen und Sch\u00fcler des 12. Jahrgangs der Deutschen Schule Santa Cruz de Tenerife erreichen einen wichtigen Meilenstein. Am Montag, dem 8. Juni, begannen die m\u00fcndlichen Pr\u00fcfungen des Abiturs. Im Laufe dieser Woche m\u00fcssen die Pr\u00fcflinge nicht nur ihre Kenntnisse wiedergeben, sondern auch anwenden, Aufgaben l\u00f6sen und eigenst\u00e4ndige \u00dcberlegungen und Stellungnahmen verteidigen.<\/p>\n<p style=\"text-align: justify;\">Das Abitur dieser anerkannten offiziellen exzellenten \u00a0deutschen Auslandsschule wird unter strikter Einhaltung eines Hygieneprotokolls und des Mindestabstandes von zwei Metern zwischen den Menschen durchgef\u00fchrt. Der Eintritt in die Schule erfolgt mit einer Maske und nach dem H\u00e4ndewaschen am Eingang begeben sich die Abiturienten in die Pr\u00fcfungsr\u00e4ume, die nach jedem Block mit Hilfe von Ventilatoren und offenen Fenstern und T\u00fcren bel\u00fcftet werden. Tische und Toiletten werden vom Reinigungspersonal nach jeder Benutzung gereinigt und alle Pr\u00fcfungsr\u00e4ume sind mit Desinfektionsmittel, Papiert\u00fcchern und Handschuhen ausgestattet.<\/p>\n<p style=\"text-align: justify;\">Mit diesen Pr\u00fcfungen beenden die Sch\u00fclerinnen und Sch\u00fcler ihre Schullaufbahn an der Deutschen Schule, die ab dem zweiten Lebensjahr, in der Kikri-Kinderkrippe beginnt, aber auch ab dem dritten Lebensjahr im Kindergarten zug\u00e4nglich ist. In dieser ersten Phase lernen die Kinder auf nat\u00fcrliche und spielerische Art und Weise Deutsch, immer in kleinen Gruppen, um eine Differenzierung oder individuelle Betreuung der Sch\u00fclerinnen und Sch\u00fcler zu gew\u00e4hrleisten.<\/p>\n<p style=\"text-align: justify;\">In der Deutschen Schule herrscht eine innovative P\u00e4dagogik vor, bei der die Lehrerinnen und Lehrer als Begleiter und Moderator der Lernprozesse agieren. Durch Entdecken, Forschen, L\u00f6sen von Problemen und Bearbeiten von Projekten nehmen die Sch\u00fclerinnen und Sch\u00fcler schrittweise ihre eigenen Lernprozesse in die Hand und entwickeln sich zu selbstst\u00e4ndigen und verantwortlichen Erwachsenen. Die Fr\u00fcchte dieser langen Schulerfahrung ernten die Abiturienten nach der 12. Klasse in Form des Abiturs, die im Anschluss an ihre Schulkarriere meist ein Universit\u00e4tsstudium in Deutschland, Spanien oder einem anderen Teil der Welt anstreben.<\/p>\n<p style=\"text-align: justify;\">Da in der Schule bis zu vier Sprachen gelernt werden k\u00f6nnen, (Deutsch, Spanisch, Englisch und Franz\u00f6sisch) werden Jugendliche auf eine hochqualifizierte internationale Karriere vorbereitet.<\/p>\n<p style=\"text-align: justify;\">Seit dem Alarmzustand ist die Anwesenheit auf dem Schulgel\u00e4nde vorl\u00e4ufig auf besondere Situationen beschr\u00e4nkt. Die Deutsche Schule Santa Cruz de Tenerife arbeitet sehr viel mit modernen Medien interaktiv, sodass h\u00e4ufig Unterricht, Konferenzen und Projekte auch \u00fcber Videokonferenzen und Online-Kommunikationen durchgef\u00fchrt werden. Die Verwaltung steht weiterhin per E-Mail f\u00fcr wichtige Informationen und zum Bearbeiten der Einschreibungen f\u00fcr das n\u00e4chste Schuljahr zur Verf\u00fcgung. Die Anmeldung der wenigen verbleibenden Pl\u00e4tze f\u00fcr September kann auch per E-mail beantragt werden.<\/p>\n<p style=\"text-align: justify;\"><a href=\"https:\/\/www.dstenerife.eu\/wp-content\/uploads\/2020\/06\/Abitur_09062020.pdf\" target=\"_blank\" rel=\"noopener noreferrer\">Unsere Schule in der Presse<\/a><\/p>\n","protected":false},"excerpt":{"rendered":"<p>Die Sch\u00fclerinnen und Sch\u00fcler des 12. Jahrgangs der Deutschen Schule Santa Cruz de Tenerife erreichen einen [&hellip;]<\/p>\n","protected":false},"author":13,"featured_media":29726,"comment_status":"closed","ping_status":"closed","sticky":false,"template":"","format":"standard","meta":{"site-sidebar-layout":"default","site-content-layout":"","ast-site-content-layout":"default","site-content-style":"default","site-sidebar-style":"default","ast-global-header-display":"","ast-banner-title-visibility":"","ast-main-header-display":"","ast-hfb-above-header-display":"","ast-hfb-below-header-display":"","ast-hfb-mobile-header-display":"","site-post-title":"","ast-breadcrumbs-content":"","ast-featured-img":"","footer-sml-layout":"","ast-disable-related-posts":"","theme-transparent-header-meta":"","adv-header-id-meta":"","stick-header-meta":"","header-above-stick-meta":"","header-main-stick-meta":"","header-below-stick-meta":"","astra-migrate-meta-layouts":"default","ast-page-background-enabled":"default","ast-page-background-meta":{"desktop":{"background-color":"","background-image":"","background-repeat":"repeat","background-position":"center center","background-size":"auto","background-attachment":"scroll","background-type":"","background-media":"","overlay-type":"","overlay-color":"","overlay-opacity":"","overlay-gradient":""},"tablet":{"background-color":"","background-image":"","background-repeat":"repeat","background-position":"center center","background-size":"auto","background-attachment":"scroll","background-type":"","background-media":"","overlay-type":"","overlay-color":"","overlay-opacity":"","overlay-gradient":""},"mobile":{"background-color":"","background-image":"","background-repeat":"repeat","background-position":"center center","background-size":"auto","background-attachment":"scroll","background-type":"","background-media":"","overlay-type":"","overlay-color":"","overlay-opacity":"","overlay-gradient":""}},"ast-content-background-meta":{"desktop":{"background-color":"var(--ast-global-color-5)","background-image":"","background-repeat":"repeat","background-position":"center center","background-size":"auto","background-attachment":"scroll","background-type":"","background-media":"","overlay-type":"","overlay-color":"","overlay-opacity":"","overlay-gradient":""},"tablet":{"background-color":"var(--ast-global-color-5)","background-image":"","background-repeat":"repeat","background-position":"center center","background-size":"auto","background-attachment":"scroll","background-type":"","background-media":"","overlay-type":"","overlay-color":"","overlay-opacity":"","overlay-gradient":""},"mobile":{"background-color":"var(--ast-global-color-5)","background-image":"","background-repeat":"repeat","background-position":"center center","background-size":"auto","background-attachment":"scroll","background-type":"","background-media":"","overlay-type":"","overlay-color":"","overlay-opacity":"","overlay-gradient":""}},"_jet_sm_ready_style":"","_jet_sm_style":"","_jet_sm_controls_values":"","_jet_sm_fonts_collection":"","_jet_sm_fonts_links":"","footnotes":""},"categories":[1],"tags":[],"schlagwortedst":[],"class_list":["post-29728","post","type-post","status-publish","format-standard","has-post-thumbnail","hentry","category-schule"],"_links":{"self":[{"href":"https:\/\/www.dstenerife.eu\/de\/wp-json\/wp\/v2\/posts\/29728","targetHints":{"allow":["GET"]}}],"collection":[{"href":"https:\/\/www.dstenerife.eu\/de\/wp-json\/wp\/v2\/posts"}],"about":[{"href":"https:\/\/www.dstenerife.eu\/de\/wp-json\/wp\/v2\/types\/post"}],"author":[{"embeddable":true,"href":"https:\/\/www.dstenerife.eu\/de\/wp-json\/wp\/v2\/users\/13"}],"replies":[{"embeddable":true,"href":"https:\/\/www.dstenerife.eu\/de\/wp-json\/wp\/v2\/comments?post=29728"}],"version-history":[{"count":0,"href":"https:\/\/www.dstenerife.eu\/de\/wp-json\/wp\/v2\/posts\/29728\/revisions"}],"wp:featuredmedia":[{"embeddable":true,"href":"https:\/\/www.dstenerife.eu\/de\/wp-json\/wp\/v2\/media\/29726"}],"wp:attachment":[{"href":"https:\/\/www.dstenerife.eu\/de\/wp-json\/wp\/v2\/media?parent=29728"}],"wp:term":[{"taxonomy":"category","embeddable":true,"href":"https:\/\/www.dstenerife.eu\/de\/wp-json\/wp\/v2\/categories?post=29728"},{"taxonomy":"post_tag","embeddable":true,"href":"https:\/\/www.dstenerife.eu\/de\/wp-json\/wp\/v2\/tags?post=29728"},{"taxonomy":"schlagwortedst","embeddable":true,"href":"https:\/\/www.dstenerife.eu\/de\/wp-json\/wp\/v2\/schlagwortedst?post=29728"}],"curies":[{"name":"wp","href":"https:\/\/api.w.org\/{rel}","templated":true}]}}