{"id":30127,"date":"2020-06-21T14:43:29","date_gmt":"2020-06-21T14:43:29","guid":{"rendered":"https:\/\/kopie.dst.deutsche-schule.eu\/?p=30127"},"modified":"2020-06-21T15:46:26","modified_gmt":"2020-06-21T15:46:26","slug":"unterm-rad-im-10-jahrgang","status":"publish","type":"post","link":"https:\/\/www.dstenerife.eu\/de\/unterm-rad-im-10-jahrgang\/","title":{"rendered":"\u201eUnterm Rad\u201c im 10. Jahrgang"},"content":{"rendered":"<p><span style=\"font-weight: 400;\">Die Sch\u00fclerinnen und Sch\u00fcler des 10. Jahrgangs haben sich in den letzten Wochen mit dem Roman \u201eUnterm Rad\u201c von Hermann Hesse auseinandergesetzt. In diesem Buch geht es um den hochbegabten Sch\u00fcler Hans Giebenrath, der unter gro\u00dfem Leistungsdruck steht. Hans versucht den Erwartungen seiner Umgebung zu entsprechen und geht daran letzten Endes zu Grunde. <img fetchpriority=\"high\" decoding=\"async\" class=\" wp-image-30132 alignright\" src=\"https:\/\/e969z83yjsq.exactdn.com\/wp-content\/uploads\/2020\/06\/_d_improd_\/Screenshot_20200331-092825_2_f_improf_264x494.png?strip=all&resize=264%2C494\" alt=\"\" width=\"264\" height=\"494\" \/>Seine Versuche, Freunde zu finden und seinen Weg im Leben zu gehen, haben wir mit Spannung verfolgt. Die Sch\u00fclerInnen und Sch\u00fcler haben mit einer Vielzahl eigenst\u00e4ndiger und kreativer Produkte gezeigt, dass sie den wirklich schwierigen Roman gut verstanden haben und die Gef\u00fchle und Unsicherheiten von Hans Giebenrath zum Teil kennen und nachf\u00fchlen k\u00f6nnen.<\/span><\/p>\n<p>&nbsp;<\/p>\n<p style=\"text-align: justify;\"><span style=\"font-weight: 400;\">F\u00fcr die Sch\u00fclerinnen und Sch\u00fcler war das \u201eLesetagebuch\u201c mit vielen kreativen Aufgaben eine Ersatzleistung, die insgesamt als Klassenarbeit gewertet wurde. Unsere Praktikantin Frau Ehmann hat f\u00fcr diese Arbeit besonders viele spannende und ungew\u00f6hnliche Aufgaben entwickelt, wie zum Beispiel die Erstellung eines Podcasts, eines Instagram Posts oder\u00a0einer touristischen <a href=\"https:\/\/www.dstenerife.eu\/wp-content\/uploads\/2020\/06\/Brochure.pdf\">Brosch\u00fcre<\/a>.\u00a0An diese Stelle zeigen wir nur eine kleine Auswahl von kreativen Sch\u00fclerarbeiten, die in dieser Unterrichtseinheit entstanden sind. Insgesamt haben aber alle Klassen hervorragende Ergebnisse gezeigt.<\/span><\/p>\n<p style=\"text-align: justify;\"><span style=\"font-weight: 400;\">Katharina Noss &#8211;\u00a0Deutschlehrerin 10c<img decoding=\"async\" class=\"wp-image-30130 aligncenter\" src=\"https:\/\/e969z83yjsq.exactdn.com\/wp-content\/uploads\/2020\/06\/_d_improd_\/fake-instagram-post-kapitel-4_f_improf_374x853.png?strip=all&resize=374%2C853\" alt=\"\" width=\"374\" height=\"853\" \/><br \/>\n<\/span><\/p>\n","protected":false},"excerpt":{"rendered":"<p>Die Sch\u00fclerinnen und Sch\u00fcler des 10. Jahrgangs haben sich in den letzten Wochen mit dem Roman [&hellip;]<\/p>\n","protected":false},"author":13,"featured_media":30128,"comment_status":"closed","ping_status":"closed","sticky":false,"template":"","format":"standard","meta":{"site-sidebar-layout":"default","site-content-layout":"","ast-site-content-layout":"default","site-content-style":"default","site-sidebar-style":"default","ast-global-header-display":"","ast-banner-title-visibility":"","ast-main-header-display":"","ast-hfb-above-header-display":"","ast-hfb-below-header-display":"","ast-hfb-mobile-header-display":"","site-post-title":"","ast-breadcrumbs-content":"","ast-featured-img":"","footer-sml-layout":"","ast-disable-related-posts":"","theme-transparent-header-meta":"","adv-header-id-meta":"","stick-header-meta":"","header-above-stick-meta":"","header-main-stick-meta":"","header-below-stick-meta":"","astra-migrate-meta-layouts":"default","ast-page-background-enabled":"default","ast-page-background-meta":{"desktop":{"background-color":"","background-image":"","background-repeat":"repeat","background-position":"center center","background-size":"auto","background-attachment":"scroll","background-type":"","background-media":"","overlay-type":"","overlay-color":"","overlay-opacity":"","overlay-gradient":""},"tablet":{"background-color":"","background-image":"","background-repeat":"repeat","background-position":"center center","background-size":"auto","background-attachment":"scroll","background-type":"","background-media":"","overlay-type":"","overlay-color":"","overlay-opacity":"","overlay-gradient":""},"mobile":{"background-color":"","background-image":"","background-repeat":"repeat","background-position":"center center","background-size":"auto","background-attachment":"scroll","background-type":"","background-media":"","overlay-type":"","overlay-color":"","overlay-opacity":"","overlay-gradient":""}},"ast-content-background-meta":{"desktop":{"background-color":"var(--ast-global-color-5)","background-image":"","background-repeat":"repeat","background-position":"center center","background-size":"auto","background-attachment":"scroll","background-type":"","background-media":"","overlay-type":"","overlay-color":"","overlay-opacity":"","overlay-gradient":""},"tablet":{"background-color":"var(--ast-global-color-5)","background-image":"","background-repeat":"repeat","background-position":"center center","background-size":"auto","background-attachment":"scroll","background-type":"","background-media":"","overlay-type":"","overlay-color":"","overlay-opacity":"","overlay-gradient":""},"mobile":{"background-color":"var(--ast-global-color-5)","background-image":"","background-repeat":"repeat","background-position":"center center","background-size":"auto","background-attachment":"scroll","background-type":"","background-media":"","overlay-type":"","overlay-color":"","overlay-opacity":"","overlay-gradient":""}},"_jet_sm_ready_style":"","_jet_sm_style":"","_jet_sm_controls_values":"","_jet_sm_fonts_collection":"","_jet_sm_fonts_links":"","footnotes":""},"categories":[1],"tags":[],"schlagwortedst":[],"class_list":["post-30127","post","type-post","status-publish","format-standard","has-post-thumbnail","hentry","category-schule"],"_links":{"self":[{"href":"https:\/\/www.dstenerife.eu\/de\/wp-json\/wp\/v2\/posts\/30127","targetHints":{"allow":["GET"]}}],"collection":[{"href":"https:\/\/www.dstenerife.eu\/de\/wp-json\/wp\/v2\/posts"}],"about":[{"href":"https:\/\/www.dstenerife.eu\/de\/wp-json\/wp\/v2\/types\/post"}],"author":[{"embeddable":true,"href":"https:\/\/www.dstenerife.eu\/de\/wp-json\/wp\/v2\/users\/13"}],"replies":[{"embeddable":true,"href":"https:\/\/www.dstenerife.eu\/de\/wp-json\/wp\/v2\/comments?post=30127"}],"version-history":[{"count":0,"href":"https:\/\/www.dstenerife.eu\/de\/wp-json\/wp\/v2\/posts\/30127\/revisions"}],"wp:featuredmedia":[{"embeddable":true,"href":"https:\/\/www.dstenerife.eu\/de\/wp-json\/wp\/v2\/media\/30128"}],"wp:attachment":[{"href":"https:\/\/www.dstenerife.eu\/de\/wp-json\/wp\/v2\/media?parent=30127"}],"wp:term":[{"taxonomy":"category","embeddable":true,"href":"https:\/\/www.dstenerife.eu\/de\/wp-json\/wp\/v2\/categories?post=30127"},{"taxonomy":"post_tag","embeddable":true,"href":"https:\/\/www.dstenerife.eu\/de\/wp-json\/wp\/v2\/tags?post=30127"},{"taxonomy":"schlagwortedst","embeddable":true,"href":"https:\/\/www.dstenerife.eu\/de\/wp-json\/wp\/v2\/schlagwortedst?post=30127"}],"curies":[{"name":"wp","href":"https:\/\/api.w.org\/{rel}","templated":true}]}}