{"id":42709,"date":"2021-06-15T03:31:48","date_gmt":"2021-06-15T03:31:48","guid":{"rendered":"https:\/\/kopie.dst.deutsche-schule.eu\/?p=42709"},"modified":"2021-06-17T03:33:26","modified_gmt":"2021-06-17T03:33:26","slug":"mathe-wettbewerb-in-der-5a","status":"publish","type":"post","link":"https:\/\/www.dstenerife.eu\/de\/mathe-wettbewerb-in-der-5a\/","title":{"rendered":"Mathe-Wettbewerb in der 5A!"},"content":{"rendered":"<p>Auch in einem Schuljahr wo man nicht vieles machen kann, ist es m\u00f6glich im Mathe-Unterricht Spa\u00df zu haben.<\/p>\n<p>Die Sch\u00fclerinnen und Sch\u00fcler der Klasse 5 a, haben am 27. Mai an einem kleinen Mathematik-Wettbewerb teilgenommen, wo sie die Inhalte der letzten Mathe-Klassenarbeit der 5. Klasse (!!!!!) \u00fcberpr\u00fcfen konnten. Zwei Stunden lang haben die Sch\u00fclerinnen und Sch\u00fcler in 3er und 4er Gruppen mit den verschiedenen Aufgaben besch\u00e4ftigt und sie haben es toll gemacht!<\/p>\n<p>Nach dem Wettbewerb wurden die Aufgaben kontrolliert und korrigiert. Drei Gruppen haben einen Preis bekommen, alle Sch\u00fclerinnen und Sch\u00fcler haben aber eine Urkunde nach Hause mitgenommen, die ihre tolle Mitarbeit best\u00e4tigt.<\/p>\n<p>Der dritte Preis ging an Aroa, Gustavo und Aday, eine kleine Gruppe die toll gearbeitet hat.<\/p>\n<p>Der zweite Preis ging an Emma E., Daniela, Jonas und Rodrigo, eine Gruppe mit viel Energie und fast keinem Fehler. Und der allererste Preis ging an Diego, Nico, Alexis und Pablo, die Jungs-Truppe, die kaum Fehler gemacht hat und auch super arbeitete.<\/p>\n<p>Hier ein Foto des \u201ePodiums\u201c.<\/p>\n<p><a href=\"https:\/\/e969z83yjsq.exactdn.com\/wp-content\/uploads\/2021\/06\/Mathewettbewerb-5A.jpg?strip=all&w=2560\"><img fetchpriority=\"high\" decoding=\"async\" class=\"aligncenter size-medium wp-image-42710\" src=\"https:\/\/e969z83yjsq.exactdn.com\/wp-content\/uploads\/2021\/06\/Mathewettbewerb-5A-752x274.jpg?strip=all\" alt=\"\" width=\"752\" height=\"274\" srcset=\"https:\/\/e969z83yjsq.exactdn.com\/wp-content\/uploads\/2021\/06\/Mathewettbewerb-5A-752x274.jpg?strip=all 752w, https:\/\/e969z83yjsq.exactdn.com\/wp-content\/uploads\/2021\/06\/Mathewettbewerb-5A-768x279.jpg?strip=all 768w, https:\/\/e969z83yjsq.exactdn.com\/wp-content\/uploads\/2021\/06\/Mathewettbewerb-5A-320x116.jpg?strip=all 320w, https:\/\/e969z83yjsq.exactdn.com\/wp-content\/uploads\/2021\/06\/Mathewettbewerb-5A.jpg?strip=all 1229w, https:\/\/e969z83yjsq.exactdn.com\/wp-content\/uploads\/2021\/06\/Mathewettbewerb-5A.jpg?strip=all&amp;w=245 245w, https:\/\/e969z83yjsq.exactdn.com\/wp-content\/uploads\/2021\/06\/Mathewettbewerb-5A.jpg?strip=all&amp;w=491 491w, https:\/\/e969z83yjsq.exactdn.com\/wp-content\/uploads\/2021\/06\/Mathewettbewerb-5A.jpg?strip=all&amp;w=983 983w\" sizes=\"(max-width: 752px) 100vw, 752px\" \/><\/a><\/p>\n","protected":false},"excerpt":{"rendered":"<p>Auch in einem Schuljahr wo man nicht vieles machen kann, ist es m\u00f6glich im Mathe-Unterricht Spa\u00df [&hellip;]<\/p>\n","protected":false},"author":15,"featured_media":42710,"comment_status":"closed","ping_status":"closed","sticky":false,"template":"","format":"standard","meta":{"site-sidebar-layout":"default","site-content-layout":"default","ast-site-content-layout":"default","site-content-style":"default","site-sidebar-style":"default","ast-global-header-display":"","ast-banner-title-visibility":"","ast-main-header-display":"","ast-hfb-above-header-display":"","ast-hfb-below-header-display":"","ast-hfb-mobile-header-display":"","site-post-title":"","ast-breadcrumbs-content":"","ast-featured-img":"","footer-sml-layout":"","ast-disable-related-posts":"","theme-transparent-header-meta":"default","adv-header-id-meta":"","stick-header-meta":"default","header-above-stick-meta":"","header-main-stick-meta":"","header-below-stick-meta":"","astra-migrate-meta-layouts":"default","ast-page-background-enabled":"default","ast-page-background-meta":{"desktop":{"background-color":"","background-image":"","background-repeat":"repeat","background-position":"center center","background-size":"auto","background-attachment":"scroll","background-type":"","background-media":"","overlay-type":"","overlay-color":"","overlay-opacity":"","overlay-gradient":""},"tablet":{"background-color":"","background-image":"","background-repeat":"repeat","background-position":"center center","background-size":"auto","background-attachment":"scroll","background-type":"","background-media":"","overlay-type":"","overlay-color":"","overlay-opacity":"","overlay-gradient":""},"mobile":{"background-color":"","background-image":"","background-repeat":"repeat","background-position":"center center","background-size":"auto","background-attachment":"scroll","background-type":"","background-media":"","overlay-type":"","overlay-color":"","overlay-opacity":"","overlay-gradient":""}},"ast-content-background-meta":{"desktop":{"background-color":"var(--ast-global-color-5)","background-image":"","background-repeat":"repeat","background-position":"center center","background-size":"auto","background-attachment":"scroll","background-type":"","background-media":"","overlay-type":"","overlay-color":"","overlay-opacity":"","overlay-gradient":""},"tablet":{"background-color":"var(--ast-global-color-5)","background-image":"","background-repeat":"repeat","background-position":"center center","background-size":"auto","background-attachment":"scroll","background-type":"","background-media":"","overlay-type":"","overlay-color":"","overlay-opacity":"","overlay-gradient":""},"mobile":{"background-color":"var(--ast-global-color-5)","background-image":"","background-repeat":"repeat","background-position":"center center","background-size":"auto","background-attachment":"scroll","background-type":"","background-media":"","overlay-type":"","overlay-color":"","overlay-opacity":"","overlay-gradient":""}},"_jet_sm_ready_style":"","_jet_sm_style":"","_jet_sm_controls_values":"","_jet_sm_fonts_collection":"","_jet_sm_fonts_links":"","footnotes":""},"categories":[127],"tags":[],"schlagwortedst":[],"class_list":["post-42709","post","type-post","status-publish","format-standard","has-post-thumbnail","hentry","category-grundschule"],"_links":{"self":[{"href":"https:\/\/www.dstenerife.eu\/de\/wp-json\/wp\/v2\/posts\/42709","targetHints":{"allow":["GET"]}}],"collection":[{"href":"https:\/\/www.dstenerife.eu\/de\/wp-json\/wp\/v2\/posts"}],"about":[{"href":"https:\/\/www.dstenerife.eu\/de\/wp-json\/wp\/v2\/types\/post"}],"author":[{"embeddable":true,"href":"https:\/\/www.dstenerife.eu\/de\/wp-json\/wp\/v2\/users\/15"}],"replies":[{"embeddable":true,"href":"https:\/\/www.dstenerife.eu\/de\/wp-json\/wp\/v2\/comments?post=42709"}],"version-history":[{"count":0,"href":"https:\/\/www.dstenerife.eu\/de\/wp-json\/wp\/v2\/posts\/42709\/revisions"}],"wp:featuredmedia":[{"embeddable":true,"href":"https:\/\/www.dstenerife.eu\/de\/wp-json\/wp\/v2\/media\/42710"}],"wp:attachment":[{"href":"https:\/\/www.dstenerife.eu\/de\/wp-json\/wp\/v2\/media?parent=42709"}],"wp:term":[{"taxonomy":"category","embeddable":true,"href":"https:\/\/www.dstenerife.eu\/de\/wp-json\/wp\/v2\/categories?post=42709"},{"taxonomy":"post_tag","embeddable":true,"href":"https:\/\/www.dstenerife.eu\/de\/wp-json\/wp\/v2\/tags?post=42709"},{"taxonomy":"schlagwortedst","embeddable":true,"href":"https:\/\/www.dstenerife.eu\/de\/wp-json\/wp\/v2\/schlagwortedst?post=42709"}],"curies":[{"name":"wp","href":"https:\/\/api.w.org\/{rel}","templated":true}]}}