{"id":46367,"date":"2021-10-07T09:59:53","date_gmt":"2021-10-07T09:59:53","guid":{"rendered":"https:\/\/www.dstenerife.eu\/?p=46367"},"modified":"2021-10-07T09:59:53","modified_gmt":"2021-10-07T09:59:53","slug":"juniorwahl-2021","status":"publish","type":"post","link":"https:\/\/www.dstenerife.eu\/de\/juniorwahl-2021\/","title":{"rendered":"JUNIORWAHL 2021"},"content":{"rendered":"<h2 id=\"m_1710405128129915019338317EditableDivID--xx--yy--42\">Wenn es um Demokratie geht, sind alle gefragt.<\/h2>\n<div id=\"m_1710405128129915019338317EditableDivID--xx--yy--42\"><\/div>\n<div id=\"m_1710405128129915019338317EditableDivID--xx--yy--42\" style=\"text-align: justify;\">Vor etwas mehr als einer Woche durften wir Sch\u00fcler aus der 10. bis 12. Klasse unsere Stimme abgeben und so bei der Juniorwahl parallel zur Bundestagswahl 2021 teilnehmen. Die Juniorwahl ist ein Projekt zur politischen Bildung in Deutschland, das fast eine Millionen Sch\u00fclern aus verschiedenen Schulen die Teilnahme an einer echten Wahl erm\u00f6g- licht. Wir Sch\u00fcler haben uns die letzen Wochen vor dem Juniorwahltermin mit Hintergr\u00fcnde zu Wahlen, Demokratie und Wahlkampf besch\u00e4ftigt. Wir haben \u00fcber die Abl\u00e4ufe einer Demokratie gelernt: wie der deutsche Staat aufgebaut ist und wie die verschiedenen Parteien im Wahlkampf antreten. Somit konnten wir uns eine einsichtsvolle Meinung \u00fcber politischen Themen bilden, um dann zu guter letzt beim simulierten Wahlakt unsere Stimmen ab- zugeben. Denn im Zuge der Juniorwahl haben wir nicht nur \u00fcber Demokratie gelernt, sondern in vollem Ma\u00dfe an ihr teilgenommen. Nat\u00fcrlich, mit der damit verbundenen Verantwortung. Und am Sonntag warteten wir alle auf das Gesamtergebnis der Juniorwahl mit gro\u00dfer Begeisterung, welches am Abend des Wahlsonntags ver\u00f6ffentlicht wurde.<\/div>\n<div id=\"m_1710405128129915019338317EditableDivID--xx--yy--42\"><\/div>\n<div id=\"m_1710405128129915019338317EditableDivID--xx--yy--42\">\u00a0Pablo F., 12c<\/div>\n","protected":false},"excerpt":{"rendered":"<p>Wenn es um Demokratie geht, sind alle gefragt. Vor etwas mehr als einer Woche durften wir [&hellip;]<\/p>\n","protected":false},"author":13,"featured_media":46368,"comment_status":"closed","ping_status":"closed","sticky":false,"template":"","format":"standard","meta":{"site-sidebar-layout":"default","site-content-layout":"default","ast-site-content-layout":"default","site-content-style":"default","site-sidebar-style":"default","ast-global-header-display":"","ast-banner-title-visibility":"","ast-main-header-display":"","ast-hfb-above-header-display":"","ast-hfb-below-header-display":"","ast-hfb-mobile-header-display":"","site-post-title":"","ast-breadcrumbs-content":"","ast-featured-img":"","footer-sml-layout":"","ast-disable-related-posts":"","theme-transparent-header-meta":"default","adv-header-id-meta":"","stick-header-meta":"default","header-above-stick-meta":"","header-main-stick-meta":"","header-below-stick-meta":"","astra-migrate-meta-layouts":"default","ast-page-background-enabled":"default","ast-page-background-meta":{"desktop":{"background-color":"","background-image":"","background-repeat":"repeat","background-position":"center center","background-size":"auto","background-attachment":"scroll","background-type":"","background-media":"","overlay-type":"","overlay-color":"","overlay-opacity":"","overlay-gradient":""},"tablet":{"background-color":"","background-image":"","background-repeat":"repeat","background-position":"center center","background-size":"auto","background-attachment":"scroll","background-type":"","background-media":"","overlay-type":"","overlay-color":"","overlay-opacity":"","overlay-gradient":""},"mobile":{"background-color":"","background-image":"","background-repeat":"repeat","background-position":"center center","background-size":"auto","background-attachment":"scroll","background-type":"","background-media":"","overlay-type":"","overlay-color":"","overlay-opacity":"","overlay-gradient":""}},"ast-content-background-meta":{"desktop":{"background-color":"var(--ast-global-color-5)","background-image":"","background-repeat":"repeat","background-position":"center center","background-size":"auto","background-attachment":"scroll","background-type":"","background-media":"","overlay-type":"","overlay-color":"","overlay-opacity":"","overlay-gradient":""},"tablet":{"background-color":"var(--ast-global-color-5)","background-image":"","background-repeat":"repeat","background-position":"center center","background-size":"auto","background-attachment":"scroll","background-type":"","background-media":"","overlay-type":"","overlay-color":"","overlay-opacity":"","overlay-gradient":""},"mobile":{"background-color":"var(--ast-global-color-5)","background-image":"","background-repeat":"repeat","background-position":"center center","background-size":"auto","background-attachment":"scroll","background-type":"","background-media":"","overlay-type":"","overlay-color":"","overlay-opacity":"","overlay-gradient":""}},"_jet_sm_ready_style":"","_jet_sm_style":"","_jet_sm_controls_values":"","_jet_sm_fonts_collection":"","_jet_sm_fonts_links":"","footnotes":""},"categories":[128],"tags":[],"schlagwortedst":[],"class_list":["post-46367","post","type-post","status-publish","format-standard","has-post-thumbnail","hentry","category-sekundaria"],"_links":{"self":[{"href":"https:\/\/www.dstenerife.eu\/de\/wp-json\/wp\/v2\/posts\/46367","targetHints":{"allow":["GET"]}}],"collection":[{"href":"https:\/\/www.dstenerife.eu\/de\/wp-json\/wp\/v2\/posts"}],"about":[{"href":"https:\/\/www.dstenerife.eu\/de\/wp-json\/wp\/v2\/types\/post"}],"author":[{"embeddable":true,"href":"https:\/\/www.dstenerife.eu\/de\/wp-json\/wp\/v2\/users\/13"}],"replies":[{"embeddable":true,"href":"https:\/\/www.dstenerife.eu\/de\/wp-json\/wp\/v2\/comments?post=46367"}],"version-history":[{"count":1,"href":"https:\/\/www.dstenerife.eu\/de\/wp-json\/wp\/v2\/posts\/46367\/revisions"}],"predecessor-version":[{"id":46370,"href":"https:\/\/www.dstenerife.eu\/de\/wp-json\/wp\/v2\/posts\/46367\/revisions\/46370"}],"wp:featuredmedia":[{"embeddable":true,"href":"https:\/\/www.dstenerife.eu\/de\/wp-json\/wp\/v2\/media\/46368"}],"wp:attachment":[{"href":"https:\/\/www.dstenerife.eu\/de\/wp-json\/wp\/v2\/media?parent=46367"}],"wp:term":[{"taxonomy":"category","embeddable":true,"href":"https:\/\/www.dstenerife.eu\/de\/wp-json\/wp\/v2\/categories?post=46367"},{"taxonomy":"post_tag","embeddable":true,"href":"https:\/\/www.dstenerife.eu\/de\/wp-json\/wp\/v2\/tags?post=46367"},{"taxonomy":"schlagwortedst","embeddable":true,"href":"https:\/\/www.dstenerife.eu\/de\/wp-json\/wp\/v2\/schlagwortedst?post=46367"}],"curies":[{"name":"wp","href":"https:\/\/api.w.org\/{rel}","templated":true}]}}