{"id":47398,"date":"2021-11-23T18:27:47","date_gmt":"2021-11-23T18:27:47","guid":{"rendered":"https:\/\/www.dstenerife.eu\/?p=47398"},"modified":"2021-11-23T18:27:47","modified_gmt":"2021-11-23T18:27:47","slug":"vortrag-brustkrebsvorsorge","status":"publish","type":"post","link":"https:\/\/www.dstenerife.eu\/de\/vortrag-brustkrebsvorsorge\/","title":{"rendered":"Vortrag &#8222;Brustkrebsvorsorge&#8220;"},"content":{"rendered":"<p style=\"text-align: justify;\">Heute erhielten die Sch\u00fclerinnen der beiden Klasse 11 einen Vortrag \u00fcber Brustkrebspr\u00e4vention von unserer Schulkrankenschwester Gema Paz Bautista. Sie erkl\u00e4rte, wie man eine Selbstuntersuchung der Br\u00fcste durchf\u00fchrt und wie wichtig es ist, vorzubeugen und sich selbst zu pflegen. Am Ende des Vortrags \u00fcberreichte Gema allen M\u00e4dchen ein kleines Geschenk, das sie f\u00fcr sie alle angefertigt hatte. Vielen Dank, liebe Gema!<\/p>\n<p><img fetchpriority=\"high\" decoding=\"async\" class=\"alignnone size-medium wp-image-47402\" src=\"https:\/\/e969z83yjsq.exactdn.com\/wp-content\/uploads\/2021\/11\/IMG_20211123_151759-573x423.jpg?strip=all\" alt=\"\" width=\"573\" height=\"423\" srcset=\"https:\/\/e969z83yjsq.exactdn.com\/wp-content\/uploads\/2021\/11\/IMG_20211123_151759-573x423.jpg?strip=all 573w, https:\/\/e969z83yjsq.exactdn.com\/wp-content\/uploads\/2021\/11\/IMG_20211123_151759-976x720.jpg?strip=all 976w, https:\/\/e969z83yjsq.exactdn.com\/wp-content\/uploads\/2021\/11\/IMG_20211123_151759-768x567.jpg?strip=all 768w, https:\/\/e969z83yjsq.exactdn.com\/wp-content\/uploads\/2021\/11\/IMG_20211123_151759-1536x1133.jpg?strip=all 1536w, https:\/\/e969z83yjsq.exactdn.com\/wp-content\/uploads\/2021\/11\/IMG_20211123_151759-320x236.jpg?strip=all 320w, https:\/\/e969z83yjsq.exactdn.com\/wp-content\/uploads\/2021\/11\/IMG_20211123_151759.jpg?strip=all 1780w, https:\/\/e969z83yjsq.exactdn.com\/wp-content\/uploads\/2021\/11\/IMG_20211123_151759.jpg?strip=all&amp;w=712 712w, https:\/\/e969z83yjsq.exactdn.com\/wp-content\/uploads\/2021\/11\/IMG_20211123_151759.jpg?strip=all&amp;w=1068 1068w, https:\/\/e969z83yjsq.exactdn.com\/wp-content\/uploads\/2021\/11\/IMG_20211123_151759.jpg?strip=all&amp;w=1424 1424w, https:\/\/e969z83yjsq.exactdn.com\/wp-content\/uploads\/2021\/11\/IMG_20211123_151759.jpg?strip=all&amp;w=450 450w\" sizes=\"(max-width: 573px) 100vw, 573px\" \/><\/p>\n","protected":false},"excerpt":{"rendered":"<p>Heute erhielten die Sch\u00fclerinnen der beiden Klasse 11 einen Vortrag \u00fcber Brustkrebspr\u00e4vention von unserer Schulkrankenschwester Gema [&hellip;]<\/p>\n","protected":false},"author":13,"featured_media":47399,"comment_status":"closed","ping_status":"closed","sticky":false,"template":"","format":"standard","meta":{"site-sidebar-layout":"default","site-content-layout":"default","ast-site-content-layout":"default","site-content-style":"default","site-sidebar-style":"default","ast-global-header-display":"","ast-banner-title-visibility":"","ast-main-header-display":"","ast-hfb-above-header-display":"","ast-hfb-below-header-display":"","ast-hfb-mobile-header-display":"","site-post-title":"","ast-breadcrumbs-content":"","ast-featured-img":"","footer-sml-layout":"","ast-disable-related-posts":"","theme-transparent-header-meta":"default","adv-header-id-meta":"","stick-header-meta":"default","header-above-stick-meta":"","header-main-stick-meta":"","header-below-stick-meta":"","astra-migrate-meta-layouts":"default","ast-page-background-enabled":"default","ast-page-background-meta":{"desktop":{"background-color":"","background-image":"","background-repeat":"repeat","background-position":"center center","background-size":"auto","background-attachment":"scroll","background-type":"","background-media":"","overlay-type":"","overlay-color":"","overlay-opacity":"","overlay-gradient":""},"tablet":{"background-color":"","background-image":"","background-repeat":"repeat","background-position":"center center","background-size":"auto","background-attachment":"scroll","background-type":"","background-media":"","overlay-type":"","overlay-color":"","overlay-opacity":"","overlay-gradient":""},"mobile":{"background-color":"","background-image":"","background-repeat":"repeat","background-position":"center center","background-size":"auto","background-attachment":"scroll","background-type":"","background-media":"","overlay-type":"","overlay-color":"","overlay-opacity":"","overlay-gradient":""}},"ast-content-background-meta":{"desktop":{"background-color":"var(--ast-global-color-5)","background-image":"","background-repeat":"repeat","background-position":"center center","background-size":"auto","background-attachment":"scroll","background-type":"","background-media":"","overlay-type":"","overlay-color":"","overlay-opacity":"","overlay-gradient":""},"tablet":{"background-color":"var(--ast-global-color-5)","background-image":"","background-repeat":"repeat","background-position":"center center","background-size":"auto","background-attachment":"scroll","background-type":"","background-media":"","overlay-type":"","overlay-color":"","overlay-opacity":"","overlay-gradient":""},"mobile":{"background-color":"var(--ast-global-color-5)","background-image":"","background-repeat":"repeat","background-position":"center center","background-size":"auto","background-attachment":"scroll","background-type":"","background-media":"","overlay-type":"","overlay-color":"","overlay-opacity":"","overlay-gradient":""}},"_jet_sm_ready_style":"","_jet_sm_style":"","_jet_sm_controls_values":"","_jet_sm_fonts_collection":"","_jet_sm_fonts_links":"","footnotes":""},"categories":[237,128],"tags":[],"schlagwortedst":[],"class_list":["post-47398","post","type-post","status-publish","format-standard","has-post-thumbnail","hentry","category-gesundheit","category-sekundaria"],"_links":{"self":[{"href":"https:\/\/www.dstenerife.eu\/de\/wp-json\/wp\/v2\/posts\/47398","targetHints":{"allow":["GET"]}}],"collection":[{"href":"https:\/\/www.dstenerife.eu\/de\/wp-json\/wp\/v2\/posts"}],"about":[{"href":"https:\/\/www.dstenerife.eu\/de\/wp-json\/wp\/v2\/types\/post"}],"author":[{"embeddable":true,"href":"https:\/\/www.dstenerife.eu\/de\/wp-json\/wp\/v2\/users\/13"}],"replies":[{"embeddable":true,"href":"https:\/\/www.dstenerife.eu\/de\/wp-json\/wp\/v2\/comments?post=47398"}],"version-history":[{"count":2,"href":"https:\/\/www.dstenerife.eu\/de\/wp-json\/wp\/v2\/posts\/47398\/revisions"}],"predecessor-version":[{"id":47404,"href":"https:\/\/www.dstenerife.eu\/de\/wp-json\/wp\/v2\/posts\/47398\/revisions\/47404"}],"wp:featuredmedia":[{"embeddable":true,"href":"https:\/\/www.dstenerife.eu\/de\/wp-json\/wp\/v2\/media\/47399"}],"wp:attachment":[{"href":"https:\/\/www.dstenerife.eu\/de\/wp-json\/wp\/v2\/media?parent=47398"}],"wp:term":[{"taxonomy":"category","embeddable":true,"href":"https:\/\/www.dstenerife.eu\/de\/wp-json\/wp\/v2\/categories?post=47398"},{"taxonomy":"post_tag","embeddable":true,"href":"https:\/\/www.dstenerife.eu\/de\/wp-json\/wp\/v2\/tags?post=47398"},{"taxonomy":"schlagwortedst","embeddable":true,"href":"https:\/\/www.dstenerife.eu\/de\/wp-json\/wp\/v2\/schlagwortedst?post=47398"}],"curies":[{"name":"wp","href":"https:\/\/api.w.org\/{rel}","templated":true}]}}