{"id":48044,"date":"2021-12-07T21:00:26","date_gmt":"2021-12-07T21:00:26","guid":{"rendered":"https:\/\/www.dstenerife.eu\/?p=48044"},"modified":"2021-12-09T07:46:04","modified_gmt":"2021-12-09T07:46:04","slug":"eine-lila-tuer","status":"publish","type":"post","link":"https:\/\/www.dstenerife.eu\/de\/eine-lila-tuer\/","title":{"rendered":"Eine lila T\u00fcr"},"content":{"rendered":"<p style=\"text-align: justify;\">Die Sch\u00fcler*innen der Klassen 5 und 6 besch\u00e4ftigten sich am vergangenen Donnerstag, den 25. November, mit dem Thema &#8222;Gewalt gegen Frauen&#8220;. Wir begannen mit der Analyse des Textes des Liedes &#8222;Una puerta violeta&#8220;, das von Rozal\u00e9n geschrieben wurde.\u00a0 Durch die Analyse der Liedtexte begannen die Sch\u00fcler*innen eine Debatte \u00fcber die allt\u00e4glichen Situationen, in denen wir Gewalt erkennen k\u00f6nnen.\u00a0 Obwohl wir von der aktuellen Realit\u00e4t in unserem Land ausgegangen sind, die sich in den bisher erfassten Zahlen zur geschlechtsspezifischen Gewalt widerspiegelt, haben wir der Analyse von Alltagssituationen, in denen Gewalt vorkommt, mehr Gewicht verliehen. Wir haben sie angeprangert und Massnahmen gesucht, um sie zu korrigieren oder zu vermeiden.<\/p>\n<p style=\"text-align: justify;\">Die Schlussfolgerungen aus der im Unterricht gef\u00fchrten Debatte haben uns dazu veranlasst, den Begriff &#8222;Erziehung gegen geschlechtsspezifische Gewalt&#8220; zu verteidigen, da unsere Sch\u00fcler*innen zu dem Schluss gekommen sind, dass, wenn es uns gelingt, gewaltt\u00e4tige Situationen in unserer Kindheit und Jugend zu erkennen und zu unterbinden, es uns auch gelingen wird, diese Art von Verhalten im Erwachsenenalter einzud\u00e4mmen oder zu beseitigen.<\/p>\n<p style=\"text-align: justify;\">Andererseits haben wir zur Unterst\u00fctzung beschlossen, eine &#8222;lila T\u00fcr an die Wand&#8220; zu malen. Wie Rozal\u00e9n in ihrem Text erz\u00e4hlt, fand die Protagonistin ihrer Geschichte nach einer Situation des Leidens und des Schmerzes &#8222;eine lila T\u00fcr&#8220; in der Wand, durch die sie Frieden und Freiheit finden konnte. Im Namen all jener Frauen und M\u00e4nner, die unter geschlechtsspezifischer Gewalt leiden, wollten die Sch\u00fcler*innen Botschaften in diese T\u00fcren schreiben, in der Hoffnung, dass sie als Motivation f\u00fcr jeden Leser dienen, der den n\u00f6tigen Ansto\u00df braucht, um sich zu befreien und gl\u00fccklich zu sein.<\/p>\n<div class=\"yj6qo\"><\/div>\n","protected":false},"excerpt":{"rendered":"<p>Die Sch\u00fcler*innen der Klassen 5 und 6 besch\u00e4ftigten sich am vergangenen Donnerstag, den 25. November, mit [&hellip;]<\/p>\n","protected":false},"author":13,"featured_media":48045,"comment_status":"closed","ping_status":"closed","sticky":false,"template":"","format":"standard","meta":{"site-sidebar-layout":"default","site-content-layout":"default","ast-site-content-layout":"default","site-content-style":"default","site-sidebar-style":"default","ast-global-header-display":"","ast-banner-title-visibility":"","ast-main-header-display":"","ast-hfb-above-header-display":"","ast-hfb-below-header-display":"","ast-hfb-mobile-header-display":"","site-post-title":"","ast-breadcrumbs-content":"","ast-featured-img":"","footer-sml-layout":"","ast-disable-related-posts":"","theme-transparent-header-meta":"default","adv-header-id-meta":"","stick-header-meta":"default","header-above-stick-meta":"","header-main-stick-meta":"","header-below-stick-meta":"","astra-migrate-meta-layouts":"default","ast-page-background-enabled":"default","ast-page-background-meta":{"desktop":{"background-color":"","background-image":"","background-repeat":"repeat","background-position":"center center","background-size":"auto","background-attachment":"scroll","background-type":"","background-media":"","overlay-type":"","overlay-color":"","overlay-opacity":"","overlay-gradient":""},"tablet":{"background-color":"","background-image":"","background-repeat":"repeat","background-position":"center center","background-size":"auto","background-attachment":"scroll","background-type":"","background-media":"","overlay-type":"","overlay-color":"","overlay-opacity":"","overlay-gradient":""},"mobile":{"background-color":"","background-image":"","background-repeat":"repeat","background-position":"center center","background-size":"auto","background-attachment":"scroll","background-type":"","background-media":"","overlay-type":"","overlay-color":"","overlay-opacity":"","overlay-gradient":""}},"ast-content-background-meta":{"desktop":{"background-color":"var(--ast-global-color-5)","background-image":"","background-repeat":"repeat","background-position":"center center","background-size":"auto","background-attachment":"scroll","background-type":"","background-media":"","overlay-type":"","overlay-color":"","overlay-opacity":"","overlay-gradient":""},"tablet":{"background-color":"var(--ast-global-color-5)","background-image":"","background-repeat":"repeat","background-position":"center center","background-size":"auto","background-attachment":"scroll","background-type":"","background-media":"","overlay-type":"","overlay-color":"","overlay-opacity":"","overlay-gradient":""},"mobile":{"background-color":"var(--ast-global-color-5)","background-image":"","background-repeat":"repeat","background-position":"center center","background-size":"auto","background-attachment":"scroll","background-type":"","background-media":"","overlay-type":"","overlay-color":"","overlay-opacity":"","overlay-gradient":""}},"_jet_sm_ready_style":"","_jet_sm_style":"","_jet_sm_controls_values":"","_jet_sm_fonts_collection":"","_jet_sm_fonts_links":"","footnotes":""},"categories":[128],"tags":[],"schlagwortedst":[],"class_list":["post-48044","post","type-post","status-publish","format-standard","has-post-thumbnail","hentry","category-sekundaria"],"_links":{"self":[{"href":"https:\/\/www.dstenerife.eu\/de\/wp-json\/wp\/v2\/posts\/48044","targetHints":{"allow":["GET"]}}],"collection":[{"href":"https:\/\/www.dstenerife.eu\/de\/wp-json\/wp\/v2\/posts"}],"about":[{"href":"https:\/\/www.dstenerife.eu\/de\/wp-json\/wp\/v2\/types\/post"}],"author":[{"embeddable":true,"href":"https:\/\/www.dstenerife.eu\/de\/wp-json\/wp\/v2\/users\/13"}],"replies":[{"embeddable":true,"href":"https:\/\/www.dstenerife.eu\/de\/wp-json\/wp\/v2\/comments?post=48044"}],"version-history":[{"count":3,"href":"https:\/\/www.dstenerife.eu\/de\/wp-json\/wp\/v2\/posts\/48044\/revisions"}],"predecessor-version":[{"id":48139,"href":"https:\/\/www.dstenerife.eu\/de\/wp-json\/wp\/v2\/posts\/48044\/revisions\/48139"}],"wp:featuredmedia":[{"embeddable":true,"href":"https:\/\/www.dstenerife.eu\/de\/wp-json\/wp\/v2\/media\/48045"}],"wp:attachment":[{"href":"https:\/\/www.dstenerife.eu\/de\/wp-json\/wp\/v2\/media?parent=48044"}],"wp:term":[{"taxonomy":"category","embeddable":true,"href":"https:\/\/www.dstenerife.eu\/de\/wp-json\/wp\/v2\/categories?post=48044"},{"taxonomy":"post_tag","embeddable":true,"href":"https:\/\/www.dstenerife.eu\/de\/wp-json\/wp\/v2\/tags?post=48044"},{"taxonomy":"schlagwortedst","embeddable":true,"href":"https:\/\/www.dstenerife.eu\/de\/wp-json\/wp\/v2\/schlagwortedst?post=48044"}],"curies":[{"name":"wp","href":"https:\/\/api.w.org\/{rel}","templated":true}]}}