{"id":59203,"date":"2023-02-03T09:10:23","date_gmt":"2023-02-03T09:10:23","guid":{"rendered":"https:\/\/www.dstenerife.eu\/?p=59203"},"modified":"2023-02-06T07:27:06","modified_gmt":"2023-02-06T07:27:06","slug":"tag-der-offenen-tuer-samstag-11-februar","status":"publish","type":"post","link":"https:\/\/www.dstenerife.eu\/de\/tag-der-offenen-tuer-samstag-11-februar\/","title":{"rendered":"TAG DER OFFENEN T\u00dcR: Samstag 11. Februar"},"content":{"rendered":"<p style=\"text-align: justify;\">Am Samstag, den 11.02.2023 findet der &#8222;Tag der offenen T\u00fcr&#8220; in der Zeit von 10.00 Uhr bis 13.00 Uhr.<\/p>\n<p style=\"text-align: justify;\">Jeder hat an diesem Tag die M\u00f6glichkeit, sich unterschiedliche Einblicke in den einzelnen Abteilungen zu verschaffen.<\/p>\n<p style=\"text-align: justify;\">So stehen Ihnen die <strong>Mitarbeiterinnen<\/strong> von KiKri und Kindergarten f\u00fcr Informationen zur Verf\u00fcgung. Sie k\u00f6nnen die <strong>Einrichtungen<\/strong> kennenlernen und sich vor Ort \u00fcber die Arbeit informieren. Die zust\u00e4ndigen <strong>Erzieherinnen und Erzieher<\/strong> stellen Ihnen gerne in den R\u00e4umlichkeiten von KiKri und Kindergarten, das <strong>p\u00e4dagogische Konzept<\/strong> und die deutschsprachige Erziehung vor.<\/p>\n<p style=\"text-align: justify;\">Weiterhin erhalten Sie alle wesentlichen Informationen zum gesamten <strong>Anmelde- und Aufnahmeverfahren<\/strong>.<\/p>\n<p style=\"text-align: justify;\">In der Grundschule und in der Sekundaria werden die einzelnen Klassen bis zur Jahrgangsstufe 11 Musikvorf\u00fchrungen, naturwissenschaftliche Experimente, Pr\u00e4sentationen oder Unterrichtsvorf\u00fchrungen aus den verschiedenen F\u00e4chern darbieten. Sie k\u00f6nnen somit <strong>Einblicke in die p\u00e4dagogische Arbeit<\/strong> an der DST erhalten.<\/p>\n<p style=\"text-align: justify;\">Au\u00dferdem stehen unser <strong>Busunternehmen Sierra y Gonz\u00e1lez<\/strong> und <strong>Aramark als Betreiber der Cafeteria<\/strong> und der Mensa f\u00fcr Fragen und Informationen zur Verf\u00fcgung, ebenso wie unsere <strong>Krankenschwester<\/strong>.<\/p>\n<p style=\"text-align: justify;\">Des Weiteren wird die <strong>Firma Intersport<\/strong> vertreten sein, sodass Sie direkt in der Schule unsere sch\u00f6nen und <strong>beliebten Schultrikots<\/strong> erwerben k\u00f6nnen.<\/p>\n<p style=\"text-align: justify;\">Sie haben auch die M\u00f6glichkeit, sich \u00fcber unsere <strong>au\u00dferschulischen Angebote<\/strong> zu informieren.<\/p>\n<p style=\"text-align: justify;\">Die Cafeteria wird f\u00fcr Sie ge\u00f6ffnet sein, sodass auch f\u00fcr eine kleine Verk\u00f6stigung gesorgt ist. Im Schulhof der Sch\u00fclerbibliothek werden Ihnen ab ca. 10:30 Uhr Bratw\u00fcrstchen angeboten. Die Sch\u00fclerinnen und Sch\u00fcler der Jahrgangsstufe 11 w\u00fcrden sich \u00fcber Ihr Erscheinen freuen.<\/p>\n<p style=\"text-align: justify;\">Alle<strong> liegengebliebenen Bekleidungsgegenst\u00e4nde<\/strong> werden im Raum 203 ausgeh\u00e4ngt, sodass Sie die M\u00f6glichkeit haben, vermisste Bekleidungsst\u00fccke Ihrer Kinder dort zu suchen.<\/p>\n<p style=\"text-align: justify;\">Im Eingangsbereich k\u00f6nnen Sie einen<strong> QR-Code<\/strong> einscannen, sodass Sie dann das <strong>detaillierte Programm<\/strong> auf Ihr Handy laden k\u00f6nnen.<\/p>\n<p style=\"text-align: justify;\">Das Kollegium der Deutschen Schule freut sich darauf, Sie zahlreich begr\u00fc\u00dfen zu k\u00f6nnen.<\/p>\n<p>&nbsp;<\/p>\n","protected":false},"excerpt":{"rendered":"<p>Am Samstag, den 11.02.2023 findet der &#8222;Tag der offenen T\u00fcr&#8220; in der Zeit von 10.00 Uhr [&hellip;]<\/p>\n","protected":false},"author":13,"featured_media":59204,"comment_status":"closed","ping_status":"closed","sticky":false,"template":"","format":"standard","meta":{"site-sidebar-layout":"default","site-content-layout":"default","ast-site-content-layout":"default","site-content-style":"default","site-sidebar-style":"default","ast-global-header-display":"","ast-banner-title-visibility":"","ast-main-header-display":"","ast-hfb-above-header-display":"","ast-hfb-below-header-display":"","ast-hfb-mobile-header-display":"","site-post-title":"","ast-breadcrumbs-content":"","ast-featured-img":"","footer-sml-layout":"","ast-disable-related-posts":"","theme-transparent-header-meta":"default","adv-header-id-meta":"","stick-header-meta":"default","header-above-stick-meta":"","header-main-stick-meta":"","header-below-stick-meta":"","astra-migrate-meta-layouts":"default","ast-page-background-enabled":"default","ast-page-background-meta":{"desktop":{"background-color":"","background-image":"","background-repeat":"repeat","background-position":"center center","background-size":"auto","background-attachment":"scroll","background-type":"","background-media":"","overlay-type":"","overlay-color":"","overlay-opacity":"","overlay-gradient":""},"tablet":{"background-color":"","background-image":"","background-repeat":"repeat","background-position":"center center","background-size":"auto","background-attachment":"scroll","background-type":"","background-media":"","overlay-type":"","overlay-color":"","overlay-opacity":"","overlay-gradient":""},"mobile":{"background-color":"","background-image":"","background-repeat":"repeat","background-position":"center center","background-size":"auto","background-attachment":"scroll","background-type":"","background-media":"","overlay-type":"","overlay-color":"","overlay-opacity":"","overlay-gradient":""}},"ast-content-background-meta":{"desktop":{"background-color":"var(--ast-global-color-5)","background-image":"","background-repeat":"repeat","background-position":"center center","background-size":"auto","background-attachment":"scroll","background-type":"","background-media":"","overlay-type":"","overlay-color":"","overlay-opacity":"","overlay-gradient":""},"tablet":{"background-color":"var(--ast-global-color-5)","background-image":"","background-repeat":"repeat","background-position":"center center","background-size":"auto","background-attachment":"scroll","background-type":"","background-media":"","overlay-type":"","overlay-color":"","overlay-opacity":"","overlay-gradient":""},"mobile":{"background-color":"var(--ast-global-color-5)","background-image":"","background-repeat":"repeat","background-position":"center center","background-size":"auto","background-attachment":"scroll","background-type":"","background-media":"","overlay-type":"","overlay-color":"","overlay-opacity":"","overlay-gradient":""}},"_jet_sm_ready_style":"","_jet_sm_style":"","_jet_sm_controls_values":"","_jet_sm_fonts_collection":"","_jet_sm_fonts_links":"","footnotes":""},"categories":[1],"tags":[],"schlagwortedst":[153],"class_list":["post-59203","post","type-post","status-publish","format-standard","has-post-thumbnail","hentry","category-schule","schlagwortedst-sideschule"],"_links":{"self":[{"href":"https:\/\/www.dstenerife.eu\/de\/wp-json\/wp\/v2\/posts\/59203","targetHints":{"allow":["GET"]}}],"collection":[{"href":"https:\/\/www.dstenerife.eu\/de\/wp-json\/wp\/v2\/posts"}],"about":[{"href":"https:\/\/www.dstenerife.eu\/de\/wp-json\/wp\/v2\/types\/post"}],"author":[{"embeddable":true,"href":"https:\/\/www.dstenerife.eu\/de\/wp-json\/wp\/v2\/users\/13"}],"replies":[{"embeddable":true,"href":"https:\/\/www.dstenerife.eu\/de\/wp-json\/wp\/v2\/comments?post=59203"}],"version-history":[{"count":5,"href":"https:\/\/www.dstenerife.eu\/de\/wp-json\/wp\/v2\/posts\/59203\/revisions"}],"predecessor-version":[{"id":59212,"href":"https:\/\/www.dstenerife.eu\/de\/wp-json\/wp\/v2\/posts\/59203\/revisions\/59212"}],"wp:featuredmedia":[{"embeddable":true,"href":"https:\/\/www.dstenerife.eu\/de\/wp-json\/wp\/v2\/media\/59204"}],"wp:attachment":[{"href":"https:\/\/www.dstenerife.eu\/de\/wp-json\/wp\/v2\/media?parent=59203"}],"wp:term":[{"taxonomy":"category","embeddable":true,"href":"https:\/\/www.dstenerife.eu\/de\/wp-json\/wp\/v2\/categories?post=59203"},{"taxonomy":"post_tag","embeddable":true,"href":"https:\/\/www.dstenerife.eu\/de\/wp-json\/wp\/v2\/tags?post=59203"},{"taxonomy":"schlagwortedst","embeddable":true,"href":"https:\/\/www.dstenerife.eu\/de\/wp-json\/wp\/v2\/schlagwortedst?post=59203"}],"curies":[{"name":"wp","href":"https:\/\/api.w.org\/{rel}","templated":true}]}}