{"id":59459,"date":"2023-02-15T10:08:46","date_gmt":"2023-02-15T10:08:46","guid":{"rendered":"https:\/\/www.dstenerife.eu\/?p=59459"},"modified":"2023-02-15T11:09:06","modified_gmt":"2023-02-15T11:09:06","slug":"ciencias-sociales-vortrag-eines-terrorismusopfers","status":"publish","type":"post","link":"https:\/\/www.dstenerife.eu\/de\/ciencias-sociales-vortrag-eines-terrorismusopfers\/","title":{"rendered":"Ciencias Sociales: Vortrag eines Terrorismusopfers"},"content":{"rendered":"<p style=\"text-align: justify;\">Am 25. Februar 1992 erschossen zwei ETA-Terroristen den 49-j\u00e4hrigen Jos\u00e9 San Mart\u00edn Bret\u00f3n in Getxo (Baskenland). Dieser Mord ist einer von mehr als 800, die von der Terrorgruppe begangen wurden.<\/p>\n<p style=\"text-align: justify;\">Die Sch\u00fcler*innen der Deutschen Schule Santa Cruz de Tenerife hatten letzte Woche die Gelegenheit, dieser Geschichte ein Gesicht zu geben dank des emotionalen und intensiven Vortrags von Luis Alberto San Mart\u00edn Calvo (Koldo ), Sohn von Jose San Martin Breton.<\/p>\n<p style=\"text-align: justify;\">Der Besuch ist Teil eines Bildungsprojekts, das von den Innenministerium und Bildungsministerium zusammen mit dem Zentrum f\u00fcr die Erinnerung an die Opfer des Terrorismus und der Stiftung \u201eV\u00edctimas del Terrorismo\u201c organisiert wird. Im Rahmen dieses Projekts mit dem Titel \u201eErinnerung und Pr\u00e4vention des Terrorismus\u201c haben sich die Sch\u00fcler*innen der Oberstufe der Deutschen Schule Santa Cruz de Tenerife in den Wochen vor dem Vortrag mit den Merkmalen des nationalen und internationalen Terrorismus sowie seine soziale, wirtschaftliche und politische Auswirkungen auseinandergesetzt. So haben sie in Ciencias Sociales den rechtsextremen (Triple A, BVE etc.) und linken (GRAPO, RAF, FARC etc.), dschihadistischen (ISIS, Al Qaida, Boko Haram ) und nationalistischen <span style=\"font-size: 16px; font-style: normal; font-weight: 400;\">Terrorismus<\/span><span style=\"font-size: 16px; font-style: normal; font-weight: 400;\">\u00a0<\/span><span style=\"font-size: 16px;\"> (ETA, IRA) genauer kennengelernt.<\/span><\/p>\n<p style=\"text-align: justify;\">Wir sind sehr dankbar f\u00fcr Koldos Vortrag als Opfer von ETA und vor allem daf\u00fcr, dass er den Sch\u00fcler*innen ermutigt hat, \u00fcber die Bedeutung von Rache, \u00fcber das Justizsystem, die Verhinderung von Terrorismus, Angst und Schweigen nachzudenken.<\/p>\n<p>Marie Mertens<\/p>\n<p><img fetchpriority=\"high\" decoding=\"async\" class=\"alignnone wp-image-59454\" src=\"https:\/\/e969z83yjsq.exactdn.com\/wp-content\/uploads\/2023\/02\/IMG_9822-635x423.jpg?strip=all\" alt=\"\" width=\"516\" height=\"344\" srcset=\"https:\/\/e969z83yjsq.exactdn.com\/wp-content\/uploads\/2023\/02\/IMG_9822-635x423.jpg?strip=all 635w, https:\/\/e969z83yjsq.exactdn.com\/wp-content\/uploads\/2023\/02\/IMG_9822-1080x720.jpg?strip=all 1080w, https:\/\/e969z83yjsq.exactdn.com\/wp-content\/uploads\/2023\/02\/IMG_9822-768x512.jpg?strip=all 768w, https:\/\/e969z83yjsq.exactdn.com\/wp-content\/uploads\/2023\/02\/IMG_9822-1536x1024.jpg?strip=all 1536w, https:\/\/e969z83yjsq.exactdn.com\/wp-content\/uploads\/2023\/02\/IMG_9822-375x250.jpg?strip=all 375w, https:\/\/e969z83yjsq.exactdn.com\/wp-content\/uploads\/2023\/02\/IMG_9822-320x213.jpg?strip=all 320w, https:\/\/e969z83yjsq.exactdn.com\/wp-content\/uploads\/2023\/02\/IMG_9822.jpg?strip=all 1920w, https:\/\/e969z83yjsq.exactdn.com\/wp-content\/uploads\/2023\/02\/IMG_9822.jpg?strip=all&amp;w=1152 1152w, https:\/\/e969z83yjsq.exactdn.com\/wp-content\/uploads\/2023\/02\/IMG_9822.jpg?strip=all&amp;w=450 450w\" sizes=\"(max-width: 516px) 100vw, 516px\" \/> <img decoding=\"async\" class=\"alignnone wp-image-59452\" src=\"https:\/\/e969z83yjsq.exactdn.com\/wp-content\/uploads\/2023\/02\/IMG_9801-635x423.jpg?strip=all\" alt=\"\" width=\"504\" height=\"336\" srcset=\"https:\/\/e969z83yjsq.exactdn.com\/wp-content\/uploads\/2023\/02\/IMG_9801-635x423.jpg?strip=all 635w, https:\/\/e969z83yjsq.exactdn.com\/wp-content\/uploads\/2023\/02\/IMG_9801-1080x720.jpg?strip=all 1080w, https:\/\/e969z83yjsq.exactdn.com\/wp-content\/uploads\/2023\/02\/IMG_9801-768x512.jpg?strip=all 768w, https:\/\/e969z83yjsq.exactdn.com\/wp-content\/uploads\/2023\/02\/IMG_9801-1536x1024.jpg?strip=all 1536w, https:\/\/e969z83yjsq.exactdn.com\/wp-content\/uploads\/2023\/02\/IMG_9801-375x250.jpg?strip=all 375w, https:\/\/e969z83yjsq.exactdn.com\/wp-content\/uploads\/2023\/02\/IMG_9801-320x213.jpg?strip=all 320w, https:\/\/e969z83yjsq.exactdn.com\/wp-content\/uploads\/2023\/02\/IMG_9801.jpg?strip=all 1920w, https:\/\/e969z83yjsq.exactdn.com\/wp-content\/uploads\/2023\/02\/IMG_9801.jpg?strip=all&amp;w=1152 1152w, https:\/\/e969z83yjsq.exactdn.com\/wp-content\/uploads\/2023\/02\/IMG_9801.jpg?strip=all&amp;w=450 450w\" sizes=\"(max-width: 504px) 100vw, 504px\" \/><\/p>\n","protected":false},"excerpt":{"rendered":"<p>Am 25. Februar 1992 erschossen zwei ETA-Terroristen den 49-j\u00e4hrigen Jos\u00e9 San Mart\u00edn Bret\u00f3n in Getxo (Baskenland). [&hellip;]<\/p>\n","protected":false},"author":13,"featured_media":59469,"comment_status":"closed","ping_status":"closed","sticky":false,"template":"","format":"standard","meta":{"site-sidebar-layout":"default","site-content-layout":"default","ast-site-content-layout":"default","site-content-style":"default","site-sidebar-style":"default","ast-global-header-display":"","ast-banner-title-visibility":"","ast-main-header-display":"","ast-hfb-above-header-display":"","ast-hfb-below-header-display":"","ast-hfb-mobile-header-display":"","site-post-title":"","ast-breadcrumbs-content":"","ast-featured-img":"","footer-sml-layout":"","ast-disable-related-posts":"","theme-transparent-header-meta":"default","adv-header-id-meta":"","stick-header-meta":"default","header-above-stick-meta":"","header-main-stick-meta":"","header-below-stick-meta":"","astra-migrate-meta-layouts":"default","ast-page-background-enabled":"default","ast-page-background-meta":{"desktop":{"background-color":"","background-image":"","background-repeat":"repeat","background-position":"center center","background-size":"auto","background-attachment":"scroll","background-type":"","background-media":"","overlay-type":"","overlay-color":"","overlay-opacity":"","overlay-gradient":""},"tablet":{"background-color":"","background-image":"","background-repeat":"repeat","background-position":"center center","background-size":"auto","background-attachment":"scroll","background-type":"","background-media":"","overlay-type":"","overlay-color":"","overlay-opacity":"","overlay-gradient":""},"mobile":{"background-color":"","background-image":"","background-repeat":"repeat","background-position":"center center","background-size":"auto","background-attachment":"scroll","background-type":"","background-media":"","overlay-type":"","overlay-color":"","overlay-opacity":"","overlay-gradient":""}},"ast-content-background-meta":{"desktop":{"background-color":"var(--ast-global-color-5)","background-image":"","background-repeat":"repeat","background-position":"center center","background-size":"auto","background-attachment":"scroll","background-type":"","background-media":"","overlay-type":"","overlay-color":"","overlay-opacity":"","overlay-gradient":""},"tablet":{"background-color":"var(--ast-global-color-5)","background-image":"","background-repeat":"repeat","background-position":"center center","background-size":"auto","background-attachment":"scroll","background-type":"","background-media":"","overlay-type":"","overlay-color":"","overlay-opacity":"","overlay-gradient":""},"mobile":{"background-color":"var(--ast-global-color-5)","background-image":"","background-repeat":"repeat","background-position":"center center","background-size":"auto","background-attachment":"scroll","background-type":"","background-media":"","overlay-type":"","overlay-color":"","overlay-opacity":"","overlay-gradient":""}},"_jet_sm_ready_style":"","_jet_sm_style":"","_jet_sm_controls_values":"","_jet_sm_fonts_collection":"","_jet_sm_fonts_links":"","footnotes":""},"categories":[1,128],"tags":[],"schlagwortedst":[],"class_list":["post-59459","post","type-post","status-publish","format-standard","has-post-thumbnail","hentry","category-schule","category-sekundaria"],"_links":{"self":[{"href":"https:\/\/www.dstenerife.eu\/de\/wp-json\/wp\/v2\/posts\/59459","targetHints":{"allow":["GET"]}}],"collection":[{"href":"https:\/\/www.dstenerife.eu\/de\/wp-json\/wp\/v2\/posts"}],"about":[{"href":"https:\/\/www.dstenerife.eu\/de\/wp-json\/wp\/v2\/types\/post"}],"author":[{"embeddable":true,"href":"https:\/\/www.dstenerife.eu\/de\/wp-json\/wp\/v2\/users\/13"}],"replies":[{"embeddable":true,"href":"https:\/\/www.dstenerife.eu\/de\/wp-json\/wp\/v2\/comments?post=59459"}],"version-history":[{"count":5,"href":"https:\/\/www.dstenerife.eu\/de\/wp-json\/wp\/v2\/posts\/59459\/revisions"}],"predecessor-version":[{"id":59471,"href":"https:\/\/www.dstenerife.eu\/de\/wp-json\/wp\/v2\/posts\/59459\/revisions\/59471"}],"wp:featuredmedia":[{"embeddable":true,"href":"https:\/\/www.dstenerife.eu\/de\/wp-json\/wp\/v2\/media\/59469"}],"wp:attachment":[{"href":"https:\/\/www.dstenerife.eu\/de\/wp-json\/wp\/v2\/media?parent=59459"}],"wp:term":[{"taxonomy":"category","embeddable":true,"href":"https:\/\/www.dstenerife.eu\/de\/wp-json\/wp\/v2\/categories?post=59459"},{"taxonomy":"post_tag","embeddable":true,"href":"https:\/\/www.dstenerife.eu\/de\/wp-json\/wp\/v2\/tags?post=59459"},{"taxonomy":"schlagwortedst","embeddable":true,"href":"https:\/\/www.dstenerife.eu\/de\/wp-json\/wp\/v2\/schlagwortedst?post=59459"}],"curies":[{"name":"wp","href":"https:\/\/api.w.org\/{rel}","templated":true}]}}