{"id":60273,"date":"2023-03-22T08:18:00","date_gmt":"2023-03-22T08:18:00","guid":{"rendered":"https:\/\/www.dstenerife.eu\/?p=60273"},"modified":"2023-03-22T08:18:00","modified_gmt":"2023-03-22T08:18:00","slug":"landesfinale-jugend-debattiert-an-der-ds-madrid","status":"publish","type":"post","link":"https:\/\/www.dstenerife.eu\/de\/landesfinale-jugend-debattiert-an-der-ds-madrid\/","title":{"rendered":"Landesfinale \u201eJugend debattiert\u201c an der DS Madrid"},"content":{"rendered":"<p style=\"text-align: justify;\">Am Landeswettbewerb Jugend debattiert Iberien nehmen Sch\u00fclerinnen und Sch\u00fcler von 10 Deutschen Schulen in Spanien und Portugal teil: Barcelona, Bilbao, Lissabon, Madrid, M\u00e1laga, Porto, Las Palmas (GC), San Sebastian, Sevilla und Teneriffa. Im n\u00e4chsten Jahr wird auch die DS Valencia mit dabei sein. Von der DST nahmen Emma M\u00fchlenpfordt, Fernando de Andr\u00e9s Gonz\u00e1lez und Jeremy Bauer (Juror) teil.<br \/>\nNach einer Rhetorik- und Jurorschulung starten die Qualifikationsdebatten mit folgenden Themen:<br \/>\nSoll f\u00fcr den Besitz von Smartphones ein Mindestalter vorgeschrieben werden?<br \/>\nSollte der Staat B\u00fcrger\/innen grunds\u00e4tzlich finanziell belohnen, wenn sie zur Aufkl\u00e4rung von Straftaten beitragen?<br \/>\nAm n\u00e4chsten Tag fand dann das mit Hochspannung erwartete Finale statt. Das Finalthema lautete:<br \/>\nSollte das staatliche Gesundheitssystem die Behandlungskosten von Krankheiten, die durch eine ungesunde Lebensweise entstehen, nur eingeschr\u00e4nkt \u00fcbernehmen? (Finale)<\/p>\n<p style=\"text-align: justify;\">Auch wenn unsere zwei Debattant*innen nicht ins Finale einzogen, haben sie sich sehr gut geschlagen und gute Pl\u00e4tze belegt. Herzlichen Gl\u00fcckwunsch! Ebenso gratulieren wir Jeremy Bauer, der als Juror f\u00fcr die Finaldebatte ausgew\u00e4hlt wurde. Der diesj\u00e4hrigen Landessiegerin aus Madrid, Annika Schneider, gratulieren wir nat\u00fcrlich auch au\u00dferordentlich herzlich.<br \/>\n@Jugend debattiert gibt es mittlerweile in \u00fcber 35 L\u00e4ndern. Der Wettbewerb im Ausland ist Teil der Ausw\u00e4rtigen Bildungs- und Kulturpolitik der Bundesrepublik Deutschland. Auf allen Kontinenten wird im fairen Wettstreit um die besten Argumente gerungen, in deutscher Sprache und nach den offiziellen Regeln von Jugend debattiert. Jugend debattiert Iberien gibt es seit 2013. Unsere Region geh\u00f6rt damit zu den \u00e4ltesten Teilnehmerregionen von<br \/>\nJugend debattiert weltweit.<\/p>\n<p>Malte Schael<\/p>\n","protected":false},"excerpt":{"rendered":"<p>Am Landeswettbewerb Jugend debattiert Iberien nehmen Sch\u00fclerinnen und Sch\u00fcler von 10 Deutschen Schulen in Spanien und [&hellip;]<\/p>\n","protected":false},"author":13,"featured_media":60274,"comment_status":"closed","ping_status":"closed","sticky":false,"template":"","format":"standard","meta":{"site-sidebar-layout":"default","site-content-layout":"default","ast-site-content-layout":"default","site-content-style":"default","site-sidebar-style":"default","ast-global-header-display":"","ast-banner-title-visibility":"","ast-main-header-display":"","ast-hfb-above-header-display":"","ast-hfb-below-header-display":"","ast-hfb-mobile-header-display":"","site-post-title":"","ast-breadcrumbs-content":"","ast-featured-img":"","footer-sml-layout":"","ast-disable-related-posts":"","theme-transparent-header-meta":"default","adv-header-id-meta":"","stick-header-meta":"default","header-above-stick-meta":"","header-main-stick-meta":"","header-below-stick-meta":"","astra-migrate-meta-layouts":"default","ast-page-background-enabled":"default","ast-page-background-meta":{"desktop":{"background-color":"","background-image":"","background-repeat":"repeat","background-position":"center center","background-size":"auto","background-attachment":"scroll","background-type":"","background-media":"","overlay-type":"","overlay-color":"","overlay-opacity":"","overlay-gradient":""},"tablet":{"background-color":"","background-image":"","background-repeat":"repeat","background-position":"center center","background-size":"auto","background-attachment":"scroll","background-type":"","background-media":"","overlay-type":"","overlay-color":"","overlay-opacity":"","overlay-gradient":""},"mobile":{"background-color":"","background-image":"","background-repeat":"repeat","background-position":"center center","background-size":"auto","background-attachment":"scroll","background-type":"","background-media":"","overlay-type":"","overlay-color":"","overlay-opacity":"","overlay-gradient":""}},"ast-content-background-meta":{"desktop":{"background-color":"var(--ast-global-color-5)","background-image":"","background-repeat":"repeat","background-position":"center center","background-size":"auto","background-attachment":"scroll","background-type":"","background-media":"","overlay-type":"","overlay-color":"","overlay-opacity":"","overlay-gradient":""},"tablet":{"background-color":"var(--ast-global-color-5)","background-image":"","background-repeat":"repeat","background-position":"center center","background-size":"auto","background-attachment":"scroll","background-type":"","background-media":"","overlay-type":"","overlay-color":"","overlay-opacity":"","overlay-gradient":""},"mobile":{"background-color":"var(--ast-global-color-5)","background-image":"","background-repeat":"repeat","background-position":"center center","background-size":"auto","background-attachment":"scroll","background-type":"","background-media":"","overlay-type":"","overlay-color":"","overlay-opacity":"","overlay-gradient":""}},"_jet_sm_ready_style":"","_jet_sm_style":"","_jet_sm_controls_values":"","_jet_sm_fonts_collection":"","_jet_sm_fonts_links":"","footnotes":""},"categories":[128],"tags":[],"schlagwortedst":[],"class_list":["post-60273","post","type-post","status-publish","format-standard","has-post-thumbnail","hentry","category-sekundaria"],"_links":{"self":[{"href":"https:\/\/www.dstenerife.eu\/de\/wp-json\/wp\/v2\/posts\/60273","targetHints":{"allow":["GET"]}}],"collection":[{"href":"https:\/\/www.dstenerife.eu\/de\/wp-json\/wp\/v2\/posts"}],"about":[{"href":"https:\/\/www.dstenerife.eu\/de\/wp-json\/wp\/v2\/types\/post"}],"author":[{"embeddable":true,"href":"https:\/\/www.dstenerife.eu\/de\/wp-json\/wp\/v2\/users\/13"}],"replies":[{"embeddable":true,"href":"https:\/\/www.dstenerife.eu\/de\/wp-json\/wp\/v2\/comments?post=60273"}],"version-history":[{"count":1,"href":"https:\/\/www.dstenerife.eu\/de\/wp-json\/wp\/v2\/posts\/60273\/revisions"}],"predecessor-version":[{"id":60276,"href":"https:\/\/www.dstenerife.eu\/de\/wp-json\/wp\/v2\/posts\/60273\/revisions\/60276"}],"wp:featuredmedia":[{"embeddable":true,"href":"https:\/\/www.dstenerife.eu\/de\/wp-json\/wp\/v2\/media\/60274"}],"wp:attachment":[{"href":"https:\/\/www.dstenerife.eu\/de\/wp-json\/wp\/v2\/media?parent=60273"}],"wp:term":[{"taxonomy":"category","embeddable":true,"href":"https:\/\/www.dstenerife.eu\/de\/wp-json\/wp\/v2\/categories?post=60273"},{"taxonomy":"post_tag","embeddable":true,"href":"https:\/\/www.dstenerife.eu\/de\/wp-json\/wp\/v2\/tags?post=60273"},{"taxonomy":"schlagwortedst","embeddable":true,"href":"https:\/\/www.dstenerife.eu\/de\/wp-json\/wp\/v2\/schlagwortedst?post=60273"}],"curies":[{"name":"wp","href":"https:\/\/api.w.org\/{rel}","templated":true}]}}