{"id":60300,"date":"2023-03-23T15:06:46","date_gmt":"2023-03-23T15:06:46","guid":{"rendered":"https:\/\/www.dstenerife.eu\/?p=60300"},"modified":"2023-04-22T08:58:40","modified_gmt":"2023-04-22T07:58:40","slug":"kreativwerkstatt-im-kindergarten","status":"publish","type":"post","link":"https:\/\/www.dstenerife.eu\/de\/kreativwerkstatt-im-kindergarten\/","title":{"rendered":"Kreativwerkstatt im Kindergarten"},"content":{"rendered":"<p><img fetchpriority=\"high\" decoding=\"async\" class=\"size-medium wp-image-60292 alignleft\" src=\"https:\/\/e969z83yjsq.exactdn.com\/wp-content\/uploads\/2023\/03\/IMG_2498-317x423.jpg?strip=all\" alt=\"\" width=\"317\" height=\"423\" srcset=\"https:\/\/e969z83yjsq.exactdn.com\/wp-content\/uploads\/2023\/03\/IMG_2498-317x423.jpg?strip=all 317w, https:\/\/e969z83yjsq.exactdn.com\/wp-content\/uploads\/2023\/03\/IMG_2498-540x720.jpg?strip=all 540w, https:\/\/e969z83yjsq.exactdn.com\/wp-content\/uploads\/2023\/03\/IMG_2498-768x1024.jpg?strip=all 768w, https:\/\/e969z83yjsq.exactdn.com\/wp-content\/uploads\/2023\/03\/IMG_2498-1152x1536.jpg?strip=all 1152w, https:\/\/e969z83yjsq.exactdn.com\/wp-content\/uploads\/2023\/03\/IMG_2498-320x427.jpg?strip=all 320w, https:\/\/e969z83yjsq.exactdn.com\/wp-content\/uploads\/2023\/03\/IMG_2498.jpg?strip=all 1440w, https:\/\/e969z83yjsq.exactdn.com\/wp-content\/uploads\/2023\/03\/IMG_2498.jpg?strip=all&amp;w=864 864w\" sizes=\"(max-width: 317px) 100vw, 317px\" \/>In der Kreativwerkstatt haben die Kinder die M\u00f6glichkeit verschiedene Techniken kennenzulernen und eigene Ideen umzusetzen. Die Angebote sind so gestaltet, dass f\u00fcr jede Altersgruppe etwas dabei ist. Auf kreative Weise f\u00f6rdern sie ihre Feinmotorik und geben ihrer Fantasie freien Lauf!<\/p>\n<p><img decoding=\"async\" class=\"size-medium wp-image-60294 alignnone\" src=\"https:\/\/e969z83yjsq.exactdn.com\/wp-content\/uploads\/2023\/03\/IMG_2501-317x423.jpg?strip=all\" alt=\"\" width=\"317\" height=\"423\" srcset=\"https:\/\/e969z83yjsq.exactdn.com\/wp-content\/uploads\/2023\/03\/IMG_2501-317x423.jpg?strip=all 317w, https:\/\/e969z83yjsq.exactdn.com\/wp-content\/uploads\/2023\/03\/IMG_2501-540x720.jpg?strip=all 540w, https:\/\/e969z83yjsq.exactdn.com\/wp-content\/uploads\/2023\/03\/IMG_2501-768x1024.jpg?strip=all 768w, https:\/\/e969z83yjsq.exactdn.com\/wp-content\/uploads\/2023\/03\/IMG_2501-1152x1536.jpg?strip=all 1152w, https:\/\/e969z83yjsq.exactdn.com\/wp-content\/uploads\/2023\/03\/IMG_2501-320x427.jpg?strip=all 320w, https:\/\/e969z83yjsq.exactdn.com\/wp-content\/uploads\/2023\/03\/IMG_2501.jpg?strip=all 1440w, https:\/\/e969z83yjsq.exactdn.com\/wp-content\/uploads\/2023\/03\/IMG_2501.jpg?strip=all&amp;w=864 864w\" sizes=\"(max-width: 317px) 100vw, 317px\" \/><\/p>\n","protected":false},"excerpt":{"rendered":"<p>In der Kreativwerkstatt haben die Kinder die M\u00f6glichkeit verschiedene Techniken kennenzulernen und eigene Ideen umzusetzen. Die [&hellip;]<\/p>\n","protected":false},"author":13,"featured_media":60714,"comment_status":"closed","ping_status":"closed","sticky":false,"template":"","format":"standard","meta":{"site-sidebar-layout":"default","site-content-layout":"default","ast-site-content-layout":"default","site-content-style":"default","site-sidebar-style":"default","ast-global-header-display":"","ast-banner-title-visibility":"","ast-main-header-display":"","ast-hfb-above-header-display":"","ast-hfb-below-header-display":"","ast-hfb-mobile-header-display":"","site-post-title":"","ast-breadcrumbs-content":"","ast-featured-img":"","footer-sml-layout":"","ast-disable-related-posts":"","theme-transparent-header-meta":"default","adv-header-id-meta":"","stick-header-meta":"default","header-above-stick-meta":"","header-main-stick-meta":"","header-below-stick-meta":"","astra-migrate-meta-layouts":"default","ast-page-background-enabled":"default","ast-page-background-meta":{"desktop":{"background-color":"","background-image":"","background-repeat":"repeat","background-position":"center center","background-size":"auto","background-attachment":"scroll","background-type":"","background-media":"","overlay-type":"","overlay-color":"","overlay-opacity":"","overlay-gradient":""},"tablet":{"background-color":"","background-image":"","background-repeat":"repeat","background-position":"center center","background-size":"auto","background-attachment":"scroll","background-type":"","background-media":"","overlay-type":"","overlay-color":"","overlay-opacity":"","overlay-gradient":""},"mobile":{"background-color":"","background-image":"","background-repeat":"repeat","background-position":"center center","background-size":"auto","background-attachment":"scroll","background-type":"","background-media":"","overlay-type":"","overlay-color":"","overlay-opacity":"","overlay-gradient":""}},"ast-content-background-meta":{"desktop":{"background-color":"var(--ast-global-color-5)","background-image":"","background-repeat":"repeat","background-position":"center center","background-size":"auto","background-attachment":"scroll","background-type":"","background-media":"","overlay-type":"","overlay-color":"","overlay-opacity":"","overlay-gradient":""},"tablet":{"background-color":"var(--ast-global-color-5)","background-image":"","background-repeat":"repeat","background-position":"center center","background-size":"auto","background-attachment":"scroll","background-type":"","background-media":"","overlay-type":"","overlay-color":"","overlay-opacity":"","overlay-gradient":""},"mobile":{"background-color":"var(--ast-global-color-5)","background-image":"","background-repeat":"repeat","background-position":"center center","background-size":"auto","background-attachment":"scroll","background-type":"","background-media":"","overlay-type":"","overlay-color":"","overlay-opacity":"","overlay-gradient":""}},"_jet_sm_ready_style":"","_jet_sm_style":"","_jet_sm_controls_values":"","_jet_sm_fonts_collection":"","_jet_sm_fonts_links":"","footnotes":""},"categories":[126,1],"tags":[],"schlagwortedst":[],"class_list":["post-60300","post","type-post","status-publish","format-standard","has-post-thumbnail","hentry","category-kiga","category-schule"],"_links":{"self":[{"href":"https:\/\/www.dstenerife.eu\/de\/wp-json\/wp\/v2\/posts\/60300","targetHints":{"allow":["GET"]}}],"collection":[{"href":"https:\/\/www.dstenerife.eu\/de\/wp-json\/wp\/v2\/posts"}],"about":[{"href":"https:\/\/www.dstenerife.eu\/de\/wp-json\/wp\/v2\/types\/post"}],"author":[{"embeddable":true,"href":"https:\/\/www.dstenerife.eu\/de\/wp-json\/wp\/v2\/users\/13"}],"replies":[{"embeddable":true,"href":"https:\/\/www.dstenerife.eu\/de\/wp-json\/wp\/v2\/comments?post=60300"}],"version-history":[{"count":4,"href":"https:\/\/www.dstenerife.eu\/de\/wp-json\/wp\/v2\/posts\/60300\/revisions"}],"predecessor-version":[{"id":60718,"href":"https:\/\/www.dstenerife.eu\/de\/wp-json\/wp\/v2\/posts\/60300\/revisions\/60718"}],"wp:featuredmedia":[{"embeddable":true,"href":"https:\/\/www.dstenerife.eu\/de\/wp-json\/wp\/v2\/media\/60714"}],"wp:attachment":[{"href":"https:\/\/www.dstenerife.eu\/de\/wp-json\/wp\/v2\/media?parent=60300"}],"wp:term":[{"taxonomy":"category","embeddable":true,"href":"https:\/\/www.dstenerife.eu\/de\/wp-json\/wp\/v2\/categories?post=60300"},{"taxonomy":"post_tag","embeddable":true,"href":"https:\/\/www.dstenerife.eu\/de\/wp-json\/wp\/v2\/tags?post=60300"},{"taxonomy":"schlagwortedst","embeddable":true,"href":"https:\/\/www.dstenerife.eu\/de\/wp-json\/wp\/v2\/schlagwortedst?post=60300"}],"curies":[{"name":"wp","href":"https:\/\/api.w.org\/{rel}","templated":true}]}}