{"id":63558,"date":"2023-09-18T12:13:57","date_gmt":"2023-09-18T11:13:57","guid":{"rendered":"https:\/\/www.dstenerife.eu\/?p=63558"},"modified":"2023-09-20T10:41:43","modified_gmt":"2023-09-20T09:41:43","slug":"konzert-beim-banda-austausch-in-kirchhain","status":"publish","type":"post","link":"https:\/\/www.dstenerife.eu\/de\/konzert-beim-banda-austausch-in-kirchhain\/","title":{"rendered":"Konzert beim Banda-Austausch in Kirchhain"},"content":{"rendered":"<p>Am Samstag, 23. September startet der Banda-Austausch mit Kirchhain, Hessen, Deutschland! Die 29 Sch\u00fclerinnen und Sch\u00fcler sind schon richtig gespannt und k\u00f6nnen es kaum abwarten f\u00fcr 10 Tage in Deutschland zu sein. Der Kontakt zu den Gastfamilien ist bereits hergestellt und auch das Programm w\u00e4hrend des Austausches kann sich sehen lassen.<\/p>\n<p>Am Montag besuchen wir gemeinsam in Kassel die Oper Carmen von Georges Bizet und am Donnerstag steigt dann unser eigenes, gro\u00dfes Konzert in der Aula der Alfred-Wegener-Schule. Alle Freunde und Bekannte, die in der N\u00e4he von Marburg wohnen, sind herzlich eingeladen!<\/p>\n<p><a href=\"https:\/\/e969z83yjsq.exactdn.com\/wp-content\/uploads\/2023\/09\/plakatKonzert.jpg?strip=all&w=2560\"><img fetchpriority=\"high\" decoding=\"async\" class=\"aligncenter size-full wp-image-63563\" src=\"https:\/\/e969z83yjsq.exactdn.com\/wp-content\/uploads\/2023\/09\/plakatKonzert.jpg?strip=all\" alt=\"\" width=\"486\" height=\"683\" srcset=\"https:\/\/e969z83yjsq.exactdn.com\/wp-content\/uploads\/2023\/09\/plakatKonzert.jpg?strip=all 486w, https:\/\/e969z83yjsq.exactdn.com\/wp-content\/uploads\/2023\/09\/plakatKonzert-301x423.jpg?strip=all 301w, https:\/\/e969z83yjsq.exactdn.com\/wp-content\/uploads\/2023\/09\/plakatKonzert-320x450.jpg?strip=all 320w, https:\/\/e969z83yjsq.exactdn.com\/wp-content\/uploads\/2023\/09\/plakatKonzert.jpg?strip=all&amp;w=97 97w, https:\/\/e969z83yjsq.exactdn.com\/wp-content\/uploads\/2023\/09\/plakatKonzert.jpg?strip=all&amp;w=194 194w, https:\/\/e969z83yjsq.exactdn.com\/wp-content\/uploads\/2023\/09\/plakatKonzert.jpg?strip=all&amp;w=388 388w\" sizes=\"(max-width: 486px) 100vw, 486px\" \/><\/a><\/p>\n","protected":false},"excerpt":{"rendered":"<p>Am Samstag, 23. September startet der Banda-Austausch mit Kirchhain, Hessen, Deutschland! Die 29 Sch\u00fclerinnen und Sch\u00fcler [&hellip;]<\/p>\n","protected":false},"author":17,"featured_media":63556,"comment_status":"closed","ping_status":"closed","sticky":false,"template":"","format":"standard","meta":{"site-sidebar-layout":"default","site-content-layout":"","ast-site-content-layout":"default","site-content-style":"default","site-sidebar-style":"default","ast-global-header-display":"","ast-banner-title-visibility":"","ast-main-header-display":"","ast-hfb-above-header-display":"","ast-hfb-below-header-display":"","ast-hfb-mobile-header-display":"","site-post-title":"","ast-breadcrumbs-content":"","ast-featured-img":"","footer-sml-layout":"","ast-disable-related-posts":"","theme-transparent-header-meta":"default","adv-header-id-meta":"","stick-header-meta":"default","header-above-stick-meta":"","header-main-stick-meta":"","header-below-stick-meta":"","astra-migrate-meta-layouts":"set","ast-page-background-enabled":"default","ast-page-background-meta":{"desktop":{"background-color":"","background-image":"","background-repeat":"repeat","background-position":"center center","background-size":"auto","background-attachment":"scroll","background-type":"","background-media":"","overlay-type":"","overlay-color":"","overlay-opacity":"","overlay-gradient":""},"tablet":{"background-color":"","background-image":"","background-repeat":"repeat","background-position":"center center","background-size":"auto","background-attachment":"scroll","background-type":"","background-media":"","overlay-type":"","overlay-color":"","overlay-opacity":"","overlay-gradient":""},"mobile":{"background-color":"","background-image":"","background-repeat":"repeat","background-position":"center center","background-size":"auto","background-attachment":"scroll","background-type":"","background-media":"","overlay-type":"","overlay-color":"","overlay-opacity":"","overlay-gradient":""}},"ast-content-background-meta":{"desktop":{"background-color":"var(--ast-global-color-5)","background-image":"","background-repeat":"repeat","background-position":"center center","background-size":"auto","background-attachment":"scroll","background-type":"","background-media":"","overlay-type":"","overlay-color":"","overlay-opacity":"","overlay-gradient":""},"tablet":{"background-color":"var(--ast-global-color-5)","background-image":"","background-repeat":"repeat","background-position":"center center","background-size":"auto","background-attachment":"scroll","background-type":"","background-media":"","overlay-type":"","overlay-color":"","overlay-opacity":"","overlay-gradient":""},"mobile":{"background-color":"var(--ast-global-color-5)","background-image":"","background-repeat":"repeat","background-position":"center center","background-size":"auto","background-attachment":"scroll","background-type":"","background-media":"","overlay-type":"","overlay-color":"","overlay-opacity":"","overlay-gradient":""}},"_jet_sm_ready_style":"","_jet_sm_style":"","_jet_sm_controls_values":"","_jet_sm_fonts_collection":"","_jet_sm_fonts_links":"","footnotes":""},"categories":[1],"tags":[],"schlagwortedst":[],"class_list":["post-63558","post","type-post","status-publish","format-standard","has-post-thumbnail","hentry","category-schule"],"_links":{"self":[{"href":"https:\/\/www.dstenerife.eu\/de\/wp-json\/wp\/v2\/posts\/63558","targetHints":{"allow":["GET"]}}],"collection":[{"href":"https:\/\/www.dstenerife.eu\/de\/wp-json\/wp\/v2\/posts"}],"about":[{"href":"https:\/\/www.dstenerife.eu\/de\/wp-json\/wp\/v2\/types\/post"}],"author":[{"embeddable":true,"href":"https:\/\/www.dstenerife.eu\/de\/wp-json\/wp\/v2\/users\/17"}],"replies":[{"embeddable":true,"href":"https:\/\/www.dstenerife.eu\/de\/wp-json\/wp\/v2\/comments?post=63558"}],"version-history":[{"count":2,"href":"https:\/\/www.dstenerife.eu\/de\/wp-json\/wp\/v2\/posts\/63558\/revisions"}],"predecessor-version":[{"id":63565,"href":"https:\/\/www.dstenerife.eu\/de\/wp-json\/wp\/v2\/posts\/63558\/revisions\/63565"}],"wp:featuredmedia":[{"embeddable":true,"href":"https:\/\/www.dstenerife.eu\/de\/wp-json\/wp\/v2\/media\/63556"}],"wp:attachment":[{"href":"https:\/\/www.dstenerife.eu\/de\/wp-json\/wp\/v2\/media?parent=63558"}],"wp:term":[{"taxonomy":"category","embeddable":true,"href":"https:\/\/www.dstenerife.eu\/de\/wp-json\/wp\/v2\/categories?post=63558"},{"taxonomy":"post_tag","embeddable":true,"href":"https:\/\/www.dstenerife.eu\/de\/wp-json\/wp\/v2\/tags?post=63558"},{"taxonomy":"schlagwortedst","embeddable":true,"href":"https:\/\/www.dstenerife.eu\/de\/wp-json\/wp\/v2\/schlagwortedst?post=63558"}],"curies":[{"name":"wp","href":"https:\/\/api.w.org\/{rel}","templated":true}]}}