{"id":65773,"date":"2023-12-15T13:01:28","date_gmt":"2023-12-15T13:01:28","guid":{"rendered":"https:\/\/www.dstenerife.eu\/?p=65773"},"modified":"2023-12-15T13:03:32","modified_gmt":"2023-12-15T13:03:32","slug":"weihnachten-in-der-bibliothek","status":"publish","type":"post","link":"https:\/\/www.dstenerife.eu\/de\/weihnachten-in-der-bibliothek\/","title":{"rendered":"Weihnachten in der Bibliothek"},"content":{"rendered":"<p>Wie jedes Jahr gibt es auch dieses wieder einen ganz besonderen Adventskalender f\u00fcr die Grundschule in der Bibliothek. Dieser ist gef\u00fcllt mit spannenden und lustigen Weihnachtsgeschichten, die Sch\u00fcler und Sch\u00fclerinnen aus den Klassen 6A und 6B f\u00fcr die Kinder der Grundschule geschrieben haben.<\/p>\n<p>Jede Klasse bekommt ihre eigene Geschichte, die vom jeweiligen Autor vorgelesen wird.<\/p>\n<p>Danke an alle Autoren<\/p>\n<p>Au\u00dferdem k\u00f6nnen die Kinder, in den Pausen, knifflige Mathe-R\u00e4tsel des K\u00e4nguru Adventskalenders t\u00e4glich selber l\u00f6sen und haben dabei sehr viel Spa\u00df.<\/p>\n<p>Einen sch\u00f6nen Advent an alle\u2026<\/p>\n<p><a href=\"https:\/\/e969z83yjsq.exactdn.com\/wp-content\/uploads\/2023\/12\/Weihnachten-in-der-Bibliothek-2.jpg?strip=all&w=2560\"><img fetchpriority=\"high\" decoding=\"async\" class=\"aligncenter size-medium wp-image-65774\" src=\"https:\/\/e969z83yjsq.exactdn.com\/wp-content\/uploads\/2023\/12\/Weihnachten-in-der-Bibliothek-2-752x423.jpg?strip=all\" alt=\"\" width=\"752\" height=\"423\" srcset=\"https:\/\/e969z83yjsq.exactdn.com\/wp-content\/uploads\/2023\/12\/Weihnachten-in-der-Bibliothek-2-752x423.jpg?strip=all 752w, https:\/\/e969z83yjsq.exactdn.com\/wp-content\/uploads\/2023\/12\/Weihnachten-in-der-Bibliothek-2-1280x720.jpg?strip=all 1280w, https:\/\/e969z83yjsq.exactdn.com\/wp-content\/uploads\/2023\/12\/Weihnachten-in-der-Bibliothek-2-768x432.jpg?strip=all 768w, https:\/\/e969z83yjsq.exactdn.com\/wp-content\/uploads\/2023\/12\/Weihnachten-in-der-Bibliothek-2-1536x864.jpg?strip=all 1536w, https:\/\/e969z83yjsq.exactdn.com\/wp-content\/uploads\/2023\/12\/Weihnachten-in-der-Bibliothek-2-320x180.jpg?strip=all 320w, https:\/\/e969z83yjsq.exactdn.com\/wp-content\/uploads\/2023\/12\/Weihnachten-in-der-Bibliothek-2.jpg?strip=all 1920w, https:\/\/e969z83yjsq.exactdn.com\/wp-content\/uploads\/2023\/12\/Weihnachten-in-der-Bibliothek-2.jpg?strip=all&amp;w=384 384w, https:\/\/e969z83yjsq.exactdn.com\/wp-content\/uploads\/2023\/12\/Weihnachten-in-der-Bibliothek-2.jpg?strip=all&amp;w=1152 1152w, https:\/\/e969z83yjsq.exactdn.com\/wp-content\/uploads\/2023\/12\/Weihnachten-in-der-Bibliothek-2.jpg?strip=all&amp;w=450 450w\" sizes=\"(max-width: 752px) 100vw, 752px\" \/><\/a> <a href=\"https:\/\/e969z83yjsq.exactdn.com\/wp-content\/uploads\/2023\/12\/Weihnachten-in-der-Bibliothek.jpg?strip=all&w=2560\"><img decoding=\"async\" class=\"aligncenter size-medium wp-image-65776\" src=\"https:\/\/e969z83yjsq.exactdn.com\/wp-content\/uploads\/2023\/12\/Weihnachten-in-der-Bibliothek-564x423.jpg?strip=all\" alt=\"\" width=\"564\" height=\"423\" srcset=\"https:\/\/e969z83yjsq.exactdn.com\/wp-content\/uploads\/2023\/12\/Weihnachten-in-der-Bibliothek-564x423.jpg?strip=all 564w, https:\/\/e969z83yjsq.exactdn.com\/wp-content\/uploads\/2023\/12\/Weihnachten-in-der-Bibliothek-960x720.jpg?strip=all 960w, https:\/\/e969z83yjsq.exactdn.com\/wp-content\/uploads\/2023\/12\/Weihnachten-in-der-Bibliothek-768x576.jpg?strip=all 768w, https:\/\/e969z83yjsq.exactdn.com\/wp-content\/uploads\/2023\/12\/Weihnachten-in-der-Bibliothek-1536x1152.jpg?strip=all 1536w, https:\/\/e969z83yjsq.exactdn.com\/wp-content\/uploads\/2023\/12\/Weihnachten-in-der-Bibliothek-320x240.jpg?strip=all 320w, https:\/\/e969z83yjsq.exactdn.com\/wp-content\/uploads\/2023\/12\/Weihnachten-in-der-Bibliothek.jpg?strip=all 1920w, https:\/\/e969z83yjsq.exactdn.com\/wp-content\/uploads\/2023\/12\/Weihnachten-in-der-Bibliothek.jpg?strip=all&amp;w=384 384w, https:\/\/e969z83yjsq.exactdn.com\/wp-content\/uploads\/2023\/12\/Weihnachten-in-der-Bibliothek.jpg?strip=all&amp;w=1152 1152w, https:\/\/e969z83yjsq.exactdn.com\/wp-content\/uploads\/2023\/12\/Weihnachten-in-der-Bibliothek.jpg?strip=all&amp;w=450 450w\" sizes=\"(max-width: 564px) 100vw, 564px\" \/><\/a><\/p>\n","protected":false},"excerpt":{"rendered":"<p>Wie jedes Jahr gibt es auch dieses wieder einen ganz besonderen Adventskalender f\u00fcr die Grundschule in [&hellip;]<\/p>\n","protected":false},"author":17,"featured_media":65774,"comment_status":"closed","ping_status":"closed","sticky":false,"template":"","format":"standard","meta":{"site-sidebar-layout":"default","site-content-layout":"","ast-site-content-layout":"default","site-content-style":"default","site-sidebar-style":"default","ast-global-header-display":"","ast-banner-title-visibility":"","ast-main-header-display":"","ast-hfb-above-header-display":"","ast-hfb-below-header-display":"","ast-hfb-mobile-header-display":"","site-post-title":"","ast-breadcrumbs-content":"","ast-featured-img":"","footer-sml-layout":"","ast-disable-related-posts":"","theme-transparent-header-meta":"default","adv-header-id-meta":"","stick-header-meta":"default","header-above-stick-meta":"","header-main-stick-meta":"","header-below-stick-meta":"","astra-migrate-meta-layouts":"set","ast-page-background-enabled":"default","ast-page-background-meta":{"desktop":{"background-color":"","background-image":"","background-repeat":"repeat","background-position":"center center","background-size":"auto","background-attachment":"scroll","background-type":"","background-media":"","overlay-type":"","overlay-color":"","overlay-opacity":"","overlay-gradient":""},"tablet":{"background-color":"","background-image":"","background-repeat":"repeat","background-position":"center center","background-size":"auto","background-attachment":"scroll","background-type":"","background-media":"","overlay-type":"","overlay-color":"","overlay-opacity":"","overlay-gradient":""},"mobile":{"background-color":"","background-image":"","background-repeat":"repeat","background-position":"center center","background-size":"auto","background-attachment":"scroll","background-type":"","background-media":"","overlay-type":"","overlay-color":"","overlay-opacity":"","overlay-gradient":""}},"ast-content-background-meta":{"desktop":{"background-color":"var(--ast-global-color-5)","background-image":"","background-repeat":"repeat","background-position":"center center","background-size":"auto","background-attachment":"scroll","background-type":"","background-media":"","overlay-type":"","overlay-color":"","overlay-opacity":"","overlay-gradient":""},"tablet":{"background-color":"var(--ast-global-color-5)","background-image":"","background-repeat":"repeat","background-position":"center center","background-size":"auto","background-attachment":"scroll","background-type":"","background-media":"","overlay-type":"","overlay-color":"","overlay-opacity":"","overlay-gradient":""},"mobile":{"background-color":"var(--ast-global-color-5)","background-image":"","background-repeat":"repeat","background-position":"center center","background-size":"auto","background-attachment":"scroll","background-type":"","background-media":"","overlay-type":"","overlay-color":"","overlay-opacity":"","overlay-gradient":""}},"_jet_sm_ready_style":"","_jet_sm_style":"","_jet_sm_controls_values":"","_jet_sm_fonts_collection":"","_jet_sm_fonts_links":"","footnotes":""},"categories":[1],"tags":[],"schlagwortedst":[],"class_list":["post-65773","post","type-post","status-publish","format-standard","has-post-thumbnail","hentry","category-schule"],"_links":{"self":[{"href":"https:\/\/www.dstenerife.eu\/de\/wp-json\/wp\/v2\/posts\/65773","targetHints":{"allow":["GET"]}}],"collection":[{"href":"https:\/\/www.dstenerife.eu\/de\/wp-json\/wp\/v2\/posts"}],"about":[{"href":"https:\/\/www.dstenerife.eu\/de\/wp-json\/wp\/v2\/types\/post"}],"author":[{"embeddable":true,"href":"https:\/\/www.dstenerife.eu\/de\/wp-json\/wp\/v2\/users\/17"}],"replies":[{"embeddable":true,"href":"https:\/\/www.dstenerife.eu\/de\/wp-json\/wp\/v2\/comments?post=65773"}],"version-history":[{"count":3,"href":"https:\/\/www.dstenerife.eu\/de\/wp-json\/wp\/v2\/posts\/65773\/revisions"}],"predecessor-version":[{"id":65782,"href":"https:\/\/www.dstenerife.eu\/de\/wp-json\/wp\/v2\/posts\/65773\/revisions\/65782"}],"wp:featuredmedia":[{"embeddable":true,"href":"https:\/\/www.dstenerife.eu\/de\/wp-json\/wp\/v2\/media\/65774"}],"wp:attachment":[{"href":"https:\/\/www.dstenerife.eu\/de\/wp-json\/wp\/v2\/media?parent=65773"}],"wp:term":[{"taxonomy":"category","embeddable":true,"href":"https:\/\/www.dstenerife.eu\/de\/wp-json\/wp\/v2\/categories?post=65773"},{"taxonomy":"post_tag","embeddable":true,"href":"https:\/\/www.dstenerife.eu\/de\/wp-json\/wp\/v2\/tags?post=65773"},{"taxonomy":"schlagwortedst","embeddable":true,"href":"https:\/\/www.dstenerife.eu\/de\/wp-json\/wp\/v2\/schlagwortedst?post=65773"}],"curies":[{"name":"wp","href":"https:\/\/api.w.org\/{rel}","templated":true}]}}