{"id":79377,"date":"2024-06-28T18:02:11","date_gmt":"2024-06-28T17:02:11","guid":{"rendered":"https:\/\/www.dstenerife.eu\/?p=79377"},"modified":"2024-06-28T18:02:11","modified_gmt":"2024-06-28T17:02:11","slug":"sommerkonzert-in-der-aula","status":"publish","type":"post","link":"https:\/\/www.dstenerife.eu\/de\/sommerkonzert-in-der-aula\/","title":{"rendered":"Sommerkonzert in der Aula"},"content":{"rendered":"<p>Am vergangenen Dienstag fand in der Aula unserer Schule unser traditionelles Sommerkonzert statt. Die Veranstaltung, die fast bis auf den Platz besetzt war, begeisterte mit einer tollen Stimmung und einem abwechslungsreichen Programm.  <\/p>\n<p>Die Begr\u00fc\u00dfung erfolgte durch unsere drei engagierten Musiklehrerinnen, die die einzelnen Gruppen auf diesen Abend vorbereitet hatten und die Zuschauer herzlich willkommen hie\u00dfen. Durch den Abend f\u00fchrten dann jeweils die Kinder der einzelnen Jahrgangsstufen.<br \/>\nDen Auftakt machte die Bl\u00e4serklasse 5, die mit den St\u00fccken &#8222;London Bridge&#8220; und &#8222;Ode an die Freude&#8220; die die Zuschauer sofort in ihren Bann zogen. Es folgte die Bl\u00e4serklasse 6, die mit den Filmmusiken &#8222;Pirates of the Caribbean&#8220;, &#8222;Jurassic Park&#8220; und einem Song aus dem Film &#8222;Shrek 2&#8220;, womit die Klasse f\u00fcr gute Stimmung aber auch echte G\u00e4nsehautmomente sorgte. <\/p>\n<p>Ein weiteres Highlight des Abends war der Auftritt der Bl\u00e4serklasse 7. Neben den Blasinstrumenten kamen hier auch Schlagzeug, Percussion, Gitarre und Bass zum Einsatz, die die Sch\u00fclerinnen und Sch\u00fcler in diesem Schuljahr neu erlernt hatten. Viele Sch\u00fclerinnen und Sch\u00fcler zeigten zudem, dass sie auch tolle Stimmen haben und begeisterten das Publikum mit ihrem Gesang. <\/p>\n<p>Der Chor der Schule beeindruckte mit einem ergreifenden Lied aus dem Film &#8222;Vaiana&#8220; und dem rhythmisch mitrei\u00dfenden \u201eBeliever\u201c der Gruppe \u201eImagine Dragons\u201c einem weiteren emotionalen St\u00fcck. <\/p>\n<p>Den kr\u00f6nenden Abschluss bildete die 50k\u00f6pfige Banda, die ein komplett neues Repertoire pr\u00e4sentierte. Mit mitrei\u00dfenden St\u00fccken wie &#8222;Shake it off&#8220;, &#8222;Radioactive&#8220; und &#8222;Happy&#8220; spielte sie sich in die Herzen der Zuschauer. Den Abschluss bildete dann ein Michael Jackson Medley.<br \/>\nDas Sommerkonzert war ein voller Erfolg und bleibt sicherlich allen Beteiligten und Zuschauern noch lange in Erinnerung. Ein gro\u00dfes Dankesch\u00f6n an alle, die zu diesem wundervollen Abend beigetragen haben! <\/p>\n<div  id=\"jtg-79370\" class=\"modula modula-gallery modula-creative-gallery\" data-config=\"{&quot;height&quot;:550,&quot;tabletHeight&quot;:450,&quot;mobileHeight&quot;:450,&quot;desktopHeight&quot;:550,&quot;enableTwitter&quot;:false,&quot;enableWhatsapp&quot;:false,&quot;enableFacebook&quot;:false,&quot;enablePinterest&quot;:false,&quot;enableLinkedin&quot;:false,&quot;enableEmail&quot;:false,&quot;randomFactor&quot;:0.5,&quot;type&quot;:&quot;creative-gallery&quot;,&quot;columns&quot;:12,&quot;gutter&quot;:10,&quot;mobileGutter&quot;:10,&quot;tabletGutter&quot;:10,&quot;desktopGutter&quot;:10,&quot;enableResponsive&quot;:&quot;0&quot;,&quot;tabletColumns&quot;:2,&quot;mobileColumns&quot;:1,&quot;lazyLoad&quot;:0,&quot;lightboxOpts&quot;:{&quot;animated&quot;:true,&quot;Thumbs&quot;:{&quot;type&quot;:&quot;modern&quot;,&quot;showOnStart&quot;:false,&quot;position&quot;:&quot;left&quot;},&quot;Toolbar&quot;:{&quot;display&quot;:{&quot;right&quot;:[&quot;zoomIn&quot;,&quot;zoomOut&quot;,&quot;thumbs&quot;,&quot;close&quot;],&quot;left&quot;:[&quot;infobar&quot;]},&quot;enabled&quot;:true},&quot;Carousel&quot;:{&quot;Panzoom&quot;:{&quot;touch&quot;:true},&quot;infinite&quot;:true,&quot;transition&quot;:&quot;slide&quot;},&quot;keyboard&quot;:{&quot;Escape&quot;:&quot;close&quot;,&quot;Delete&quot;:&quot;close&quot;,&quot;Backspace&quot;:&quot;close&quot;,&quot;PageUp&quot;:&quot;next&quot;,&quot;PageDown&quot;:&quot;prev&quot;,&quot;ArrowUp&quot;:&quot;prev&quot;,&quot;ArrowDown&quot;:&quot;next&quot;,&quot;ArrowRight&quot;:&quot;next&quot;,&quot;ArrowLeft&quot;:&quot;prev&quot;},&quot;touch&quot;:false,&quot;backdropClick&quot;:false,&quot;l10n&quot;:{&quot;CLOSE&quot;:&quot;Schlie\\u00dfen&quot;,&quot;NEXT&quot;:&quot;Weiter&quot;,&quot;PREV&quot;:&quot;Zur\\u00fcck&quot;,&quot;Error&quot;:&quot;Der angeforderte Inhalt kann nicht geladen werden. Bitte versuche es sp\\u00e4ter noch einmal.&quot;,&quot;PLAY_START&quot;:&quot;Slideshow starten&quot;,&quot;PLAY_STOP&quot;:&quot;Slideshow anhalten&quot;,&quot;FULL_SCREEN&quot;:&quot;Vollbild&quot;,&quot;THUMBS&quot;:&quot;Vorschaubilder&quot;,&quot;DOWNLOAD&quot;:&quot;Download&quot;,&quot;SHARE&quot;:&quot;Teilen&quot;,&quot;ZOOM&quot;:&quot;Vergr\\u00f6\\u00dfern&quot;,&quot;EMAIL&quot;:&quot;Hier ist der Link zum Bild: %%image_link%% und hier ist der Link zur Galerie: %%gallery_link%%&quot;,&quot;MODAL&quot;:&quot;Du kannst diesen Modal-Inhalt mit der ESC-Taste schlie\\u00dfen&quot;,&quot;ERROR&quot;:&quot;Es ist ein Fehler aufgetreten. Bitte versuche es sp\\u00e4ter noch einmal&quot;,&quot;IMAGE_ERROR&quot;:&quot;Bild nicht gefunden&quot;,&quot;ELEMENT_NOT_FOUND&quot;:&quot;HTML-Element nicht gefunden&quot;,&quot;AJAX_NOT_FOUND&quot;:&quot;Fehler beim Laden von AJAX: Nicht gefunden&quot;,&quot;AJAX_FORBIDDEN&quot;:&quot;Fehler beim Laden von AJAX: Zugriff verweigert&quot;,&quot;IFRAME_ERROR&quot;:&quot;Fehler beim Laden der Seite&quot;,&quot;TOGGLE_ZOOM&quot;:&quot;Zoomstufe umschalten&quot;,&quot;TOGGLE_THUMBS&quot;:&quot;Miniaturansichten ein-\\\/ausblenden&quot;,&quot;TOGGLE_SLIDESHOW&quot;:&quot;Diashow ein-\\\/ausschalten&quot;,&quot;TOGGLE_FULLSCREEN&quot;:&quot;Vollbildmodus umschalten&quot;},&quot;Images&quot;:{&quot;Panzoom&quot;:{&quot;maxScale&quot;:2}},&quot;toolbar&quot;:true,&quot;wheel&quot;:false,&quot;animationEffect&quot;:&quot;false&quot;,&quot;Html&quot;:{&quot;videoAutoplay&quot;:0,&quot;videoTpl&quot;:&quot;&lt;video class=\\&quot;fancybox__html5video modula_html5_video\\&quot; controls playsinline controlsList controlsList=\\&quot;nodownload\\&quot; poster=\\&quot;{{poster}}\\&quot; src=\\&quot;{{src}}\\&quot; type=\\&quot;{{format}}\\&quot; &gt;  Sorry, your browser doesn&#039;t support embedded videos, &lt;a href=\\&quot;{{src}}\\&quot;&gt; download &lt;\\\/a&gt; and watch with your favorite video player! &lt;\\\/video&gt;&quot;,&quot;vimeo&quot;:{&quot;autopause&quot;:0}},&quot;Fullscreen&quot;:{&quot;autoStart&quot;:true},&quot;mainClass&quot;:&quot;modula-fancybox-container modula-lightbox-jtg-79370&quot;},&quot;inView&quot;:false,&quot;email_subject&quot;:&quot;Check out this awesome image !!&quot;,&quot;email_message&quot;:&quot;Here is the link to the image : %%image_link%% and this is the link to the gallery : %%gallery_link%%&quot;,&quot;lightbox&quot;:&quot;fancybox&quot;,&quot;filterClick&quot;:&quot;0&quot;,&quot;dropdownFilters&quot;:&quot;0&quot;,&quot;defaultActiveFilter&quot;:&quot;all&quot;,&quot;initLightbox&quot;:&quot;modula_pro_init_lightbox&quot;,&quot;haveFilters&quot;:0,&quot;lightbox_devices&quot;:&quot;both&quot;,&quot;mobileDoubleClick&quot;:1,&quot;options&quot;:{&quot;lightbox&quot;:&quot;fancybox&quot;},&quot;enableSlideshow&quot;:&quot;0&quot;,&quot;enableAutoplay&quot;:&quot;0&quot;,&quot;slideshowSpeed&quot;:&quot;5000&quot;,&quot;pauseOnHover&quot;:&quot;0&quot;}\">\n\n\t\n\t<div  class=\"modula-items\">\n\t\t<div class=\"modula-item effect-pufrobo jtg-filter-all jtg-filter-\" >\n\t<div class=\"modula-item-overlay\"><\/div>\n\n\t<div class=\"modula-item-content\">\n\n\t\t<a data-image-id=\"79371\" role=\"button\" data-elementor-open-lightbox=\"no\" tabindex=\"0\" rel=\"jtg-79370\" data-caption=\"\" aria-label=\"Bilder in Lightbox \u00f6ffnen\" data-thumb=\"https:\/\/e969z83yjsq.exactdn.com\/wp-content\/uploads\/2024\/06\/Sommerkonzert-in-der-Aula-9-238x423.jpg?strip=all\" class=\"tile-inner modula-item-link\"><\/a><img fetchpriority=\"high\" decoding=\"async\" class=\"pic wp-image-79371\"  data-valign=\"middle\" data-halign=\"center\" alt=\"\" data-full=\"https:\/\/www.dstenerife.eu\/wp-content\/uploads\/2024\/06\/Sommerkonzert-in-der-Aula-9.jpg\" title=\"Sommerkonzert in der Aula (9)\" crop=\"\" width=\"238\" height=\"423\" src=\"https:\/\/e969z83yjsq.exactdn.com\/wp-content\/uploads\/2024\/06\/Sommerkonzert-in-der-Aula-9-238x423.jpg?strip=all\" data-src=\"https:\/\/e969z83yjsq.exactdn.com\/wp-content\/uploads\/2024\/06\/Sommerkonzert-in-der-Aula-9-238x423.jpg?strip=all\" data-caption=\"\" srcset=\"https:\/\/e969z83yjsq.exactdn.com\/wp-content\/uploads\/2024\/06\/Sommerkonzert-in-der-Aula-9.jpg?strip=all 1080w, https:\/\/e969z83yjsq.exactdn.com\/wp-content\/uploads\/2024\/06\/Sommerkonzert-in-der-Aula-9-238x423.jpg?strip=all 238w, https:\/\/e969z83yjsq.exactdn.com\/wp-content\/uploads\/2024\/06\/Sommerkonzert-in-der-Aula-9-405x720.jpg?strip=all 405w, https:\/\/e969z83yjsq.exactdn.com\/wp-content\/uploads\/2024\/06\/Sommerkonzert-in-der-Aula-9-768x1365.jpg?strip=all 768w, https:\/\/e969z83yjsq.exactdn.com\/wp-content\/uploads\/2024\/06\/Sommerkonzert-in-der-Aula-9-864x1536.jpg?strip=all 864w, https:\/\/e969z83yjsq.exactdn.com\/wp-content\/uploads\/2024\/06\/Sommerkonzert-in-der-Aula-9-320x569.jpg?strip=all 320w, https:\/\/e969z83yjsq.exactdn.com\/wp-content\/uploads\/2024\/06\/Sommerkonzert-in-der-Aula-9.jpg?strip=all&amp;w=648 648w\" sizes=\"(max-width: 238px) 100vw, 238px\" \/>\n\t\t<div class=\"figc no-description\">\n\t\t\t<div class=\"figc-inner\">\n\t\t\t\t\t\t\t\t\t\t\t\t\t\t\t<\/div>\n\t\t<\/div>\n\n\t<\/div>\n\n<\/div><div class=\"modula-item effect-pufrobo jtg-filter-all jtg-filter-\" >\n\t<div class=\"modula-item-overlay\"><\/div>\n\n\t<div class=\"modula-item-content\">\n\n\t\t<a data-image-id=\"79373\" role=\"button\" data-elementor-open-lightbox=\"no\" tabindex=\"0\" rel=\"jtg-79370\" data-caption=\"\" aria-label=\"Bilder in Lightbox \u00f6ffnen\" data-thumb=\"https:\/\/e969z83yjsq.exactdn.com\/wp-content\/uploads\/2024\/06\/Sommerkonzert-in-der-Aula-1-317x423.jpg?strip=all\" class=\"tile-inner modula-item-link\"><\/a><img decoding=\"async\" class=\"pic wp-image-79373\"  data-valign=\"middle\" data-halign=\"center\" alt=\"\" data-full=\"https:\/\/www.dstenerife.eu\/wp-content\/uploads\/2024\/06\/Sommerkonzert-in-der-Aula-1.jpg\" title=\"Sommerkonzert in der Aula (1)\" crop=\"\" width=\"317\" height=\"423\" src=\"https:\/\/e969z83yjsq.exactdn.com\/wp-content\/uploads\/2024\/06\/Sommerkonzert-in-der-Aula-1-317x423.jpg?strip=all\" data-src=\"https:\/\/e969z83yjsq.exactdn.com\/wp-content\/uploads\/2024\/06\/Sommerkonzert-in-der-Aula-1-317x423.jpg?strip=all\" data-caption=\"\" srcset=\"https:\/\/e969z83yjsq.exactdn.com\/wp-content\/uploads\/2024\/06\/Sommerkonzert-in-der-Aula-1.jpg?strip=all 1200w, https:\/\/e969z83yjsq.exactdn.com\/wp-content\/uploads\/2024\/06\/Sommerkonzert-in-der-Aula-1-317x423.jpg?strip=all 317w, https:\/\/e969z83yjsq.exactdn.com\/wp-content\/uploads\/2024\/06\/Sommerkonzert-in-der-Aula-1-540x720.jpg?strip=all 540w, https:\/\/e969z83yjsq.exactdn.com\/wp-content\/uploads\/2024\/06\/Sommerkonzert-in-der-Aula-1-768x1024.jpg?strip=all 768w, https:\/\/e969z83yjsq.exactdn.com\/wp-content\/uploads\/2024\/06\/Sommerkonzert-in-der-Aula-1-1152x1536.jpg?strip=all 1152w, https:\/\/e969z83yjsq.exactdn.com\/wp-content\/uploads\/2024\/06\/Sommerkonzert-in-der-Aula-1-320x427.jpg?strip=all 320w, https:\/\/e969z83yjsq.exactdn.com\/wp-content\/uploads\/2024\/06\/Sommerkonzert-in-der-Aula-1.jpg?strip=all&amp;w=240 240w, https:\/\/e969z83yjsq.exactdn.com\/wp-content\/uploads\/2024\/06\/Sommerkonzert-in-der-Aula-1.jpg?strip=all&amp;w=480 480w, https:\/\/e969z83yjsq.exactdn.com\/wp-content\/uploads\/2024\/06\/Sommerkonzert-in-der-Aula-1.jpg?strip=all&amp;w=960 960w\" sizes=\"(max-width: 317px) 100vw, 317px\" \/>\n\t\t<div class=\"figc no-description\">\n\t\t\t<div class=\"figc-inner\">\n\t\t\t\t\t\t\t\t\t\t\t\t\t\t\t<\/div>\n\t\t<\/div>\n\n\t<\/div>\n\n<\/div><div class=\"modula-item effect-pufrobo jtg-filter-all jtg-filter-\" >\n\t<div class=\"modula-item-overlay\"><\/div>\n\n\t<div class=\"modula-item-content\">\n\n\t\t<a data-image-id=\"79375\" role=\"button\" data-elementor-open-lightbox=\"no\" tabindex=\"0\" rel=\"jtg-79370\" data-caption=\"\" aria-label=\"Bilder in Lightbox \u00f6ffnen\" data-thumb=\"https:\/\/e969z83yjsq.exactdn.com\/wp-content\/uploads\/2024\/06\/Sommerkonzert-in-der-Aula-2-317x423.jpg?strip=all\" class=\"tile-inner modula-item-link\"><\/a><img decoding=\"async\" class=\"pic wp-image-79375\"  data-valign=\"middle\" data-halign=\"center\" alt=\"\" data-full=\"https:\/\/www.dstenerife.eu\/wp-content\/uploads\/2024\/06\/Sommerkonzert-in-der-Aula-2.jpg\" title=\"Sommerkonzert in der Aula (2)\" crop=\"\" width=\"317\" height=\"423\" src=\"https:\/\/e969z83yjsq.exactdn.com\/wp-content\/uploads\/2024\/06\/Sommerkonzert-in-der-Aula-2-317x423.jpg?strip=all\" data-src=\"https:\/\/e969z83yjsq.exactdn.com\/wp-content\/uploads\/2024\/06\/Sommerkonzert-in-der-Aula-2-317x423.jpg?strip=all\" data-caption=\"\" srcset=\"https:\/\/e969z83yjsq.exactdn.com\/wp-content\/uploads\/2024\/06\/Sommerkonzert-in-der-Aula-2.jpg?strip=all 1200w, https:\/\/e969z83yjsq.exactdn.com\/wp-content\/uploads\/2024\/06\/Sommerkonzert-in-der-Aula-2-317x423.jpg?strip=all 317w, https:\/\/e969z83yjsq.exactdn.com\/wp-content\/uploads\/2024\/06\/Sommerkonzert-in-der-Aula-2-540x720.jpg?strip=all 540w, https:\/\/e969z83yjsq.exactdn.com\/wp-content\/uploads\/2024\/06\/Sommerkonzert-in-der-Aula-2-768x1024.jpg?strip=all 768w, https:\/\/e969z83yjsq.exactdn.com\/wp-content\/uploads\/2024\/06\/Sommerkonzert-in-der-Aula-2-1152x1536.jpg?strip=all 1152w, https:\/\/e969z83yjsq.exactdn.com\/wp-content\/uploads\/2024\/06\/Sommerkonzert-in-der-Aula-2-320x427.jpg?strip=all 320w, https:\/\/e969z83yjsq.exactdn.com\/wp-content\/uploads\/2024\/06\/Sommerkonzert-in-der-Aula-2.jpg?strip=all&amp;w=240 240w, https:\/\/e969z83yjsq.exactdn.com\/wp-content\/uploads\/2024\/06\/Sommerkonzert-in-der-Aula-2.jpg?strip=all&amp;w=480 480w, https:\/\/e969z83yjsq.exactdn.com\/wp-content\/uploads\/2024\/06\/Sommerkonzert-in-der-Aula-2.jpg?strip=all&amp;w=960 960w\" sizes=\"(max-width: 317px) 100vw, 317px\" \/>\n\t\t<div class=\"figc no-description\">\n\t\t\t<div class=\"figc-inner\">\n\t\t\t\t\t\t\t\t\t\t\t\t\t\t\t<\/div>\n\t\t<\/div>\n\n\t<\/div>\n\n<\/div><div class=\"modula-item effect-pufrobo jtg-filter-all jtg-filter-\" >\n\t<div class=\"modula-item-overlay\"><\/div>\n\n\t<div class=\"modula-item-content\">\n\n\t\t<a data-image-id=\"79378\" role=\"button\" data-elementor-open-lightbox=\"no\" tabindex=\"0\" rel=\"jtg-79370\" data-caption=\"\" aria-label=\"Bilder in Lightbox \u00f6ffnen\" data-thumb=\"https:\/\/e969z83yjsq.exactdn.com\/wp-content\/uploads\/2024\/06\/Sommerkonzert-in-der-Aula-3-317x423.jpg?strip=all\" class=\"tile-inner modula-item-link\"><\/a><img loading=\"lazy\" decoding=\"async\" class=\"pic wp-image-79378\"  data-valign=\"middle\" data-halign=\"center\" alt=\"\" data-full=\"https:\/\/www.dstenerife.eu\/wp-content\/uploads\/2024\/06\/Sommerkonzert-in-der-Aula-3.jpg\" title=\"Sommerkonzert in der Aula (3)\" crop=\"\" width=\"317\" height=\"423\" src=\"https:\/\/e969z83yjsq.exactdn.com\/wp-content\/uploads\/2024\/06\/Sommerkonzert-in-der-Aula-3-317x423.jpg?strip=all\" data-src=\"https:\/\/e969z83yjsq.exactdn.com\/wp-content\/uploads\/2024\/06\/Sommerkonzert-in-der-Aula-3-317x423.jpg?strip=all\" data-caption=\"\" srcset=\"https:\/\/e969z83yjsq.exactdn.com\/wp-content\/uploads\/2024\/06\/Sommerkonzert-in-der-Aula-3.jpg?strip=all 1200w, https:\/\/e969z83yjsq.exactdn.com\/wp-content\/uploads\/2024\/06\/Sommerkonzert-in-der-Aula-3-317x423.jpg?strip=all 317w, https:\/\/e969z83yjsq.exactdn.com\/wp-content\/uploads\/2024\/06\/Sommerkonzert-in-der-Aula-3-540x720.jpg?strip=all 540w, https:\/\/e969z83yjsq.exactdn.com\/wp-content\/uploads\/2024\/06\/Sommerkonzert-in-der-Aula-3-768x1024.jpg?strip=all 768w, https:\/\/e969z83yjsq.exactdn.com\/wp-content\/uploads\/2024\/06\/Sommerkonzert-in-der-Aula-3-1152x1536.jpg?strip=all 1152w, https:\/\/e969z83yjsq.exactdn.com\/wp-content\/uploads\/2024\/06\/Sommerkonzert-in-der-Aula-3-320x427.jpg?strip=all 320w, https:\/\/e969z83yjsq.exactdn.com\/wp-content\/uploads\/2024\/06\/Sommerkonzert-in-der-Aula-3.jpg?strip=all&amp;w=240 240w, https:\/\/e969z83yjsq.exactdn.com\/wp-content\/uploads\/2024\/06\/Sommerkonzert-in-der-Aula-3.jpg?strip=all&amp;w=480 480w, https:\/\/e969z83yjsq.exactdn.com\/wp-content\/uploads\/2024\/06\/Sommerkonzert-in-der-Aula-3.jpg?strip=all&amp;w=960 960w\" sizes=\"(max-width: 317px) 100vw, 317px\" \/>\n\t\t<div class=\"figc no-description\">\n\t\t\t<div class=\"figc-inner\">\n\t\t\t\t\t\t\t\t\t\t\t\t\t\t\t<\/div>\n\t\t<\/div>\n\n\t<\/div>\n\n<\/div><div class=\"modula-item effect-pufrobo jtg-filter-all jtg-filter-\" >\n\t<div class=\"modula-item-overlay\"><\/div>\n\n\t<div class=\"modula-item-content\">\n\n\t\t<a data-image-id=\"79380\" role=\"button\" data-elementor-open-lightbox=\"no\" tabindex=\"0\" rel=\"jtg-79370\" data-caption=\"\" aria-label=\"Bilder in Lightbox \u00f6ffnen\" data-thumb=\"https:\/\/e969z83yjsq.exactdn.com\/wp-content\/uploads\/2024\/06\/Sommerkonzert-in-der-Aula-4-238x423.jpg?strip=all\" class=\"tile-inner modula-item-link\"><\/a><img loading=\"lazy\" decoding=\"async\" class=\"pic wp-image-79380\"  data-valign=\"middle\" data-halign=\"center\" alt=\"\" data-full=\"https:\/\/www.dstenerife.eu\/wp-content\/uploads\/2024\/06\/Sommerkonzert-in-der-Aula-4.jpg\" title=\"Sommerkonzert in der Aula (4)\" crop=\"\" width=\"238\" height=\"423\" src=\"https:\/\/e969z83yjsq.exactdn.com\/wp-content\/uploads\/2024\/06\/Sommerkonzert-in-der-Aula-4-238x423.jpg?strip=all\" data-src=\"https:\/\/e969z83yjsq.exactdn.com\/wp-content\/uploads\/2024\/06\/Sommerkonzert-in-der-Aula-4-238x423.jpg?strip=all\" data-caption=\"\" srcset=\"https:\/\/e969z83yjsq.exactdn.com\/wp-content\/uploads\/2024\/06\/Sommerkonzert-in-der-Aula-4.jpg?strip=all 900w, https:\/\/e969z83yjsq.exactdn.com\/wp-content\/uploads\/2024\/06\/Sommerkonzert-in-der-Aula-4-238x423.jpg?strip=all 238w, https:\/\/e969z83yjsq.exactdn.com\/wp-content\/uploads\/2024\/06\/Sommerkonzert-in-der-Aula-4-405x720.jpg?strip=all 405w, https:\/\/e969z83yjsq.exactdn.com\/wp-content\/uploads\/2024\/06\/Sommerkonzert-in-der-Aula-4-768x1364.jpg?strip=all 768w, https:\/\/e969z83yjsq.exactdn.com\/wp-content\/uploads\/2024\/06\/Sommerkonzert-in-der-Aula-4-865x1536.jpg?strip=all 865w, https:\/\/e969z83yjsq.exactdn.com\/wp-content\/uploads\/2024\/06\/Sommerkonzert-in-der-Aula-4-320x569.jpg?strip=all 320w, https:\/\/e969z83yjsq.exactdn.com\/wp-content\/uploads\/2024\/06\/Sommerkonzert-in-der-Aula-4.jpg?strip=all&amp;w=180 180w, https:\/\/e969z83yjsq.exactdn.com\/wp-content\/uploads\/2024\/06\/Sommerkonzert-in-der-Aula-4.jpg?strip=all&amp;w=540 540w\" sizes=\"(max-width: 238px) 100vw, 238px\" \/>\n\t\t<div class=\"figc no-description\">\n\t\t\t<div class=\"figc-inner\">\n\t\t\t\t\t\t\t\t\t\t\t\t\t\t\t<\/div>\n\t\t<\/div>\n\n\t<\/div>\n\n<\/div><div class=\"modula-item effect-pufrobo jtg-filter-all jtg-filter-\" >\n\t<div class=\"modula-item-overlay\"><\/div>\n\n\t<div class=\"modula-item-content\">\n\n\t\t<a data-image-id=\"79382\" role=\"button\" data-elementor-open-lightbox=\"no\" tabindex=\"0\" rel=\"jtg-79370\" data-caption=\"\" aria-label=\"Bilder in Lightbox \u00f6ffnen\" data-thumb=\"https:\/\/e969z83yjsq.exactdn.com\/wp-content\/uploads\/2024\/06\/Sommerkonzert-in-der-Aula-5-317x423.jpg?strip=all\" class=\"tile-inner modula-item-link\"><\/a><img loading=\"lazy\" decoding=\"async\" class=\"pic wp-image-79382\"  data-valign=\"middle\" data-halign=\"center\" alt=\"\" data-full=\"https:\/\/www.dstenerife.eu\/wp-content\/uploads\/2024\/06\/Sommerkonzert-in-der-Aula-5.jpg\" title=\"Sommerkonzert in der Aula (5)\" crop=\"\" width=\"317\" height=\"423\" src=\"https:\/\/e969z83yjsq.exactdn.com\/wp-content\/uploads\/2024\/06\/Sommerkonzert-in-der-Aula-5-317x423.jpg?strip=all\" data-src=\"https:\/\/e969z83yjsq.exactdn.com\/wp-content\/uploads\/2024\/06\/Sommerkonzert-in-der-Aula-5-317x423.jpg?strip=all\" data-caption=\"\" srcset=\"https:\/\/e969z83yjsq.exactdn.com\/wp-content\/uploads\/2024\/06\/Sommerkonzert-in-der-Aula-5.jpg?strip=all 1200w, https:\/\/e969z83yjsq.exactdn.com\/wp-content\/uploads\/2024\/06\/Sommerkonzert-in-der-Aula-5-317x423.jpg?strip=all 317w, https:\/\/e969z83yjsq.exactdn.com\/wp-content\/uploads\/2024\/06\/Sommerkonzert-in-der-Aula-5-540x720.jpg?strip=all 540w, https:\/\/e969z83yjsq.exactdn.com\/wp-content\/uploads\/2024\/06\/Sommerkonzert-in-der-Aula-5-768x1024.jpg?strip=all 768w, https:\/\/e969z83yjsq.exactdn.com\/wp-content\/uploads\/2024\/06\/Sommerkonzert-in-der-Aula-5-1152x1536.jpg?strip=all 1152w, https:\/\/e969z83yjsq.exactdn.com\/wp-content\/uploads\/2024\/06\/Sommerkonzert-in-der-Aula-5-320x427.jpg?strip=all 320w, https:\/\/e969z83yjsq.exactdn.com\/wp-content\/uploads\/2024\/06\/Sommerkonzert-in-der-Aula-5.jpg?strip=all&amp;w=240 240w, https:\/\/e969z83yjsq.exactdn.com\/wp-content\/uploads\/2024\/06\/Sommerkonzert-in-der-Aula-5.jpg?strip=all&amp;w=480 480w, https:\/\/e969z83yjsq.exactdn.com\/wp-content\/uploads\/2024\/06\/Sommerkonzert-in-der-Aula-5.jpg?strip=all&amp;w=960 960w\" sizes=\"(max-width: 317px) 100vw, 317px\" \/>\n\t\t<div class=\"figc no-description\">\n\t\t\t<div class=\"figc-inner\">\n\t\t\t\t\t\t\t\t\t\t\t\t\t\t\t<\/div>\n\t\t<\/div>\n\n\t<\/div>\n\n<\/div><div class=\"modula-item effect-pufrobo jtg-filter-all jtg-filter-\" >\n\t<div class=\"modula-item-overlay\"><\/div>\n\n\t<div class=\"modula-item-content\">\n\n\t\t<a data-image-id=\"79384\" role=\"button\" data-elementor-open-lightbox=\"no\" tabindex=\"0\" rel=\"jtg-79370\" data-caption=\"\" aria-label=\"Bilder in Lightbox \u00f6ffnen\" data-thumb=\"https:\/\/e969z83yjsq.exactdn.com\/wp-content\/uploads\/2024\/06\/Sommerkonzert-in-der-Aula-6-317x423.jpg?strip=all\" class=\"tile-inner modula-item-link\"><\/a><img loading=\"lazy\" decoding=\"async\" class=\"pic wp-image-79384\"  data-valign=\"middle\" data-halign=\"center\" alt=\"\" data-full=\"https:\/\/www.dstenerife.eu\/wp-content\/uploads\/2024\/06\/Sommerkonzert-in-der-Aula-6.jpg\" title=\"Sommerkonzert in der Aula (6)\" crop=\"\" width=\"317\" height=\"423\" src=\"https:\/\/e969z83yjsq.exactdn.com\/wp-content\/uploads\/2024\/06\/Sommerkonzert-in-der-Aula-6-317x423.jpg?strip=all\" data-src=\"https:\/\/e969z83yjsq.exactdn.com\/wp-content\/uploads\/2024\/06\/Sommerkonzert-in-der-Aula-6-317x423.jpg?strip=all\" data-caption=\"\" srcset=\"https:\/\/e969z83yjsq.exactdn.com\/wp-content\/uploads\/2024\/06\/Sommerkonzert-in-der-Aula-6.jpg?strip=all 1200w, https:\/\/e969z83yjsq.exactdn.com\/wp-content\/uploads\/2024\/06\/Sommerkonzert-in-der-Aula-6-317x423.jpg?strip=all 317w, https:\/\/e969z83yjsq.exactdn.com\/wp-content\/uploads\/2024\/06\/Sommerkonzert-in-der-Aula-6-540x720.jpg?strip=all 540w, https:\/\/e969z83yjsq.exactdn.com\/wp-content\/uploads\/2024\/06\/Sommerkonzert-in-der-Aula-6-768x1024.jpg?strip=all 768w, https:\/\/e969z83yjsq.exactdn.com\/wp-content\/uploads\/2024\/06\/Sommerkonzert-in-der-Aula-6-1152x1536.jpg?strip=all 1152w, https:\/\/e969z83yjsq.exactdn.com\/wp-content\/uploads\/2024\/06\/Sommerkonzert-in-der-Aula-6-320x427.jpg?strip=all 320w, https:\/\/e969z83yjsq.exactdn.com\/wp-content\/uploads\/2024\/06\/Sommerkonzert-in-der-Aula-6.jpg?strip=all&amp;w=240 240w, https:\/\/e969z83yjsq.exactdn.com\/wp-content\/uploads\/2024\/06\/Sommerkonzert-in-der-Aula-6.jpg?strip=all&amp;w=480 480w, https:\/\/e969z83yjsq.exactdn.com\/wp-content\/uploads\/2024\/06\/Sommerkonzert-in-der-Aula-6.jpg?strip=all&amp;w=960 960w\" sizes=\"(max-width: 317px) 100vw, 317px\" \/>\n\t\t<div class=\"figc no-description\">\n\t\t\t<div class=\"figc-inner\">\n\t\t\t\t\t\t\t\t\t\t\t\t\t\t\t<\/div>\n\t\t<\/div>\n\n\t<\/div>\n\n<\/div><div class=\"modula-item effect-pufrobo jtg-filter-all jtg-filter-\" >\n\t<div class=\"modula-item-overlay\"><\/div>\n\n\t<div class=\"modula-item-content\">\n\n\t\t<a data-image-id=\"79386\" role=\"button\" data-elementor-open-lightbox=\"no\" tabindex=\"0\" rel=\"jtg-79370\" data-caption=\"\" aria-label=\"Bilder in Lightbox \u00f6ffnen\" data-thumb=\"https:\/\/e969z83yjsq.exactdn.com\/wp-content\/uploads\/2024\/06\/Sommerkonzert-in-der-Aula-7-317x423.jpg?strip=all\" class=\"tile-inner modula-item-link\"><\/a><img loading=\"lazy\" decoding=\"async\" class=\"pic wp-image-79386\"  data-valign=\"middle\" data-halign=\"center\" alt=\"\" data-full=\"https:\/\/www.dstenerife.eu\/wp-content\/uploads\/2024\/06\/Sommerkonzert-in-der-Aula-7.jpg\" title=\"Sommerkonzert in der Aula (7)\" crop=\"\" width=\"317\" height=\"423\" src=\"https:\/\/e969z83yjsq.exactdn.com\/wp-content\/uploads\/2024\/06\/Sommerkonzert-in-der-Aula-7-317x423.jpg?strip=all\" data-src=\"https:\/\/e969z83yjsq.exactdn.com\/wp-content\/uploads\/2024\/06\/Sommerkonzert-in-der-Aula-7-317x423.jpg?strip=all\" data-caption=\"\" srcset=\"https:\/\/e969z83yjsq.exactdn.com\/wp-content\/uploads\/2024\/06\/Sommerkonzert-in-der-Aula-7.jpg?strip=all 1200w, https:\/\/e969z83yjsq.exactdn.com\/wp-content\/uploads\/2024\/06\/Sommerkonzert-in-der-Aula-7-317x423.jpg?strip=all 317w, https:\/\/e969z83yjsq.exactdn.com\/wp-content\/uploads\/2024\/06\/Sommerkonzert-in-der-Aula-7-540x720.jpg?strip=all 540w, https:\/\/e969z83yjsq.exactdn.com\/wp-content\/uploads\/2024\/06\/Sommerkonzert-in-der-Aula-7-768x1024.jpg?strip=all 768w, https:\/\/e969z83yjsq.exactdn.com\/wp-content\/uploads\/2024\/06\/Sommerkonzert-in-der-Aula-7-1152x1536.jpg?strip=all 1152w, https:\/\/e969z83yjsq.exactdn.com\/wp-content\/uploads\/2024\/06\/Sommerkonzert-in-der-Aula-7-320x427.jpg?strip=all 320w, https:\/\/e969z83yjsq.exactdn.com\/wp-content\/uploads\/2024\/06\/Sommerkonzert-in-der-Aula-7.jpg?strip=all&amp;w=240 240w, https:\/\/e969z83yjsq.exactdn.com\/wp-content\/uploads\/2024\/06\/Sommerkonzert-in-der-Aula-7.jpg?strip=all&amp;w=480 480w, https:\/\/e969z83yjsq.exactdn.com\/wp-content\/uploads\/2024\/06\/Sommerkonzert-in-der-Aula-7.jpg?strip=all&amp;w=960 960w\" sizes=\"(max-width: 317px) 100vw, 317px\" \/>\n\t\t<div class=\"figc no-description\">\n\t\t\t<div class=\"figc-inner\">\n\t\t\t\t\t\t\t\t\t\t\t\t\t\t\t<\/div>\n\t\t<\/div>\n\n\t<\/div>\n\n<\/div><div class=\"modula-item effect-pufrobo jtg-filter-all jtg-filter-\" >\n\t<div class=\"modula-item-overlay\"><\/div>\n\n\t<div class=\"modula-item-content\">\n\n\t\t<a data-image-id=\"79388\" role=\"button\" data-elementor-open-lightbox=\"no\" tabindex=\"0\" rel=\"jtg-79370\" data-caption=\"\" aria-label=\"Bilder in Lightbox \u00f6ffnen\" data-thumb=\"https:\/\/e969z83yjsq.exactdn.com\/wp-content\/uploads\/2024\/06\/Sommerkonzert-in-der-Aula-8-317x423.jpg?strip=all\" class=\"tile-inner modula-item-link\"><\/a><img loading=\"lazy\" decoding=\"async\" class=\"pic wp-image-79388\"  data-valign=\"middle\" data-halign=\"center\" alt=\"\" data-full=\"https:\/\/www.dstenerife.eu\/wp-content\/uploads\/2024\/06\/Sommerkonzert-in-der-Aula-8.jpg\" title=\"Sommerkonzert in der Aula (8)\" crop=\"\" width=\"317\" height=\"423\" src=\"https:\/\/e969z83yjsq.exactdn.com\/wp-content\/uploads\/2024\/06\/Sommerkonzert-in-der-Aula-8-317x423.jpg?strip=all\" data-src=\"https:\/\/e969z83yjsq.exactdn.com\/wp-content\/uploads\/2024\/06\/Sommerkonzert-in-der-Aula-8-317x423.jpg?strip=all\" data-caption=\"\" srcset=\"https:\/\/e969z83yjsq.exactdn.com\/wp-content\/uploads\/2024\/06\/Sommerkonzert-in-der-Aula-8.jpg?strip=all 1200w, https:\/\/e969z83yjsq.exactdn.com\/wp-content\/uploads\/2024\/06\/Sommerkonzert-in-der-Aula-8-317x423.jpg?strip=all 317w, https:\/\/e969z83yjsq.exactdn.com\/wp-content\/uploads\/2024\/06\/Sommerkonzert-in-der-Aula-8-540x720.jpg?strip=all 540w, https:\/\/e969z83yjsq.exactdn.com\/wp-content\/uploads\/2024\/06\/Sommerkonzert-in-der-Aula-8-768x1024.jpg?strip=all 768w, https:\/\/e969z83yjsq.exactdn.com\/wp-content\/uploads\/2024\/06\/Sommerkonzert-in-der-Aula-8-1152x1536.jpg?strip=all 1152w, https:\/\/e969z83yjsq.exactdn.com\/wp-content\/uploads\/2024\/06\/Sommerkonzert-in-der-Aula-8-320x427.jpg?strip=all 320w, https:\/\/e969z83yjsq.exactdn.com\/wp-content\/uploads\/2024\/06\/Sommerkonzert-in-der-Aula-8.jpg?strip=all&amp;w=240 240w, https:\/\/e969z83yjsq.exactdn.com\/wp-content\/uploads\/2024\/06\/Sommerkonzert-in-der-Aula-8.jpg?strip=all&amp;w=480 480w, https:\/\/e969z83yjsq.exactdn.com\/wp-content\/uploads\/2024\/06\/Sommerkonzert-in-der-Aula-8.jpg?strip=all&amp;w=960 960w\" sizes=\"(max-width: 317px) 100vw, 317px\" \/>\n\t\t<div class=\"figc no-description\">\n\t\t\t<div class=\"figc-inner\">\n\t\t\t\t\t\t\t\t\t\t\t\t\t\t\t<\/div>\n\t\t<\/div>\n\n\t<\/div>\n\n<\/div>\t\t\n\t<\/div>\n\n\t\n\t\n\t<script type=\"application\/ld+json\">\n\t{\n\t\t\"@context\": \"http:\/\/schema.org\",\n\t\t\"@type\"   : \"ImageGallery\",\n\t\t\"id\"      : \"https:\/\/www.dstenerife.eu\/de\/sommerkonzert-in-der-aula\/\",\n\t\t\"url\"     : \"https:\/\/www.dstenerife.eu\/de\/sommerkonzert-in-der-aula\/\"\n\t}\n\n\t<\/script>\n\n\t\n<\/div>\n\n","protected":false},"excerpt":{"rendered":"<p>Am vergangenen Dienstag fand in der Aula unserer Schule unser traditionelles Sommerkonzert statt. Die Veranstaltung, die [&hellip;]<\/p>\n","protected":false},"author":17,"featured_media":79388,"comment_status":"closed","ping_status":"closed","sticky":false,"template":"","format":"standard","meta":{"site-sidebar-layout":"default","site-content-layout":"","ast-site-content-layout":"default","site-content-style":"default","site-sidebar-style":"default","ast-global-header-display":"","ast-banner-title-visibility":"","ast-main-header-display":"","ast-hfb-above-header-display":"","ast-hfb-below-header-display":"","ast-hfb-mobile-header-display":"","site-post-title":"","ast-breadcrumbs-content":"","ast-featured-img":"","footer-sml-layout":"","ast-disable-related-posts":"","theme-transparent-header-meta":"default","adv-header-id-meta":"","stick-header-meta":"default","header-above-stick-meta":"","header-main-stick-meta":"","header-below-stick-meta":"","astra-migrate-meta-layouts":"set","ast-page-background-enabled":"default","ast-page-background-meta":{"desktop":{"background-color":"","background-image":"","background-repeat":"repeat","background-position":"center center","background-size":"auto","background-attachment":"scroll","background-type":"","background-media":"","overlay-type":"","overlay-color":"","overlay-opacity":"","overlay-gradient":""},"tablet":{"background-color":"","background-image":"","background-repeat":"repeat","background-position":"center center","background-size":"auto","background-attachment":"scroll","background-type":"","background-media":"","overlay-type":"","overlay-color":"","overlay-opacity":"","overlay-gradient":""},"mobile":{"background-color":"","background-image":"","background-repeat":"repeat","background-position":"center center","background-size":"auto","background-attachment":"scroll","background-type":"","background-media":"","overlay-type":"","overlay-color":"","overlay-opacity":"","overlay-gradient":""}},"ast-content-background-meta":{"desktop":{"background-color":"var(--ast-global-color-5)","background-image":"","background-repeat":"repeat","background-position":"center center","background-size":"auto","background-attachment":"scroll","background-type":"","background-media":"","overlay-type":"","overlay-color":"","overlay-opacity":"","overlay-gradient":""},"tablet":{"background-color":"var(--ast-global-color-5)","background-image":"","background-repeat":"repeat","background-position":"center center","background-size":"auto","background-attachment":"scroll","background-type":"","background-media":"","overlay-type":"","overlay-color":"","overlay-opacity":"","overlay-gradient":""},"mobile":{"background-color":"var(--ast-global-color-5)","background-image":"","background-repeat":"repeat","background-position":"center center","background-size":"auto","background-attachment":"scroll","background-type":"","background-media":"","overlay-type":"","overlay-color":"","overlay-opacity":"","overlay-gradient":""}},"_jet_sm_ready_style":"","_jet_sm_style":"","_jet_sm_controls_values":"","_jet_sm_fonts_collection":"","_jet_sm_fonts_links":"","footnotes":""},"categories":[1],"tags":[],"schlagwortedst":[],"class_list":["post-79377","post","type-post","status-publish","format-standard","has-post-thumbnail","hentry","category-schule"],"_links":{"self":[{"href":"https:\/\/www.dstenerife.eu\/de\/wp-json\/wp\/v2\/posts\/79377","targetHints":{"allow":["GET"]}}],"collection":[{"href":"https:\/\/www.dstenerife.eu\/de\/wp-json\/wp\/v2\/posts"}],"about":[{"href":"https:\/\/www.dstenerife.eu\/de\/wp-json\/wp\/v2\/types\/post"}],"author":[{"embeddable":true,"href":"https:\/\/www.dstenerife.eu\/de\/wp-json\/wp\/v2\/users\/17"}],"replies":[{"embeddable":true,"href":"https:\/\/www.dstenerife.eu\/de\/wp-json\/wp\/v2\/comments?post=79377"}],"version-history":[{"count":1,"href":"https:\/\/www.dstenerife.eu\/de\/wp-json\/wp\/v2\/posts\/79377\/revisions"}],"predecessor-version":[{"id":79390,"href":"https:\/\/www.dstenerife.eu\/de\/wp-json\/wp\/v2\/posts\/79377\/revisions\/79390"}],"wp:featuredmedia":[{"embeddable":true,"href":"https:\/\/www.dstenerife.eu\/de\/wp-json\/wp\/v2\/media\/79388"}],"wp:attachment":[{"href":"https:\/\/www.dstenerife.eu\/de\/wp-json\/wp\/v2\/media?parent=79377"}],"wp:term":[{"taxonomy":"category","embeddable":true,"href":"https:\/\/www.dstenerife.eu\/de\/wp-json\/wp\/v2\/categories?post=79377"},{"taxonomy":"post_tag","embeddable":true,"href":"https:\/\/www.dstenerife.eu\/de\/wp-json\/wp\/v2\/tags?post=79377"},{"taxonomy":"schlagwortedst","embeddable":true,"href":"https:\/\/www.dstenerife.eu\/de\/wp-json\/wp\/v2\/schlagwortedst?post=79377"}],"curies":[{"name":"wp","href":"https:\/\/api.w.org\/{rel}","templated":true}]}}