{"id":81577,"date":"2024-07-05T19:08:16","date_gmt":"2024-07-05T18:08:16","guid":{"rendered":"https:\/\/www.dstenerife.eu\/?p=81577"},"modified":"2024-07-05T19:08:16","modified_gmt":"2024-07-05T18:08:16","slug":"sommercamp-kindergarten-1-woche","status":"publish","type":"post","link":"https:\/\/www.dstenerife.eu\/de\/sommercamp-kindergarten-1-woche\/","title":{"rendered":"Sommercamp Kindergarten 1. Woche"},"content":{"rendered":"<p>In der ersten Woche des Sommercamps sind wir in das Thema \u201cZirkus\u201d eingetaucht und die Kinder haben schon viele neue Sachen ausprobiert. Sie haben mit Tellern jongliert, mit Reifen Kunstst\u00fccke ge\u00fcbt und selber Jonglierb\u00e4lle gebastelt. In der gro\u00dfen Turnhalle konnten sie als Akrobaten am Trapez schwingen und als Seilt\u00e4nzer balancieren. Gemeinsam haben wir einen Zirkustanz einstudiert und im Kino Popcorn geknabbert. F\u00fcr erfrischenden Spa\u00df sorgten die Schwimmbecken und die Wasserrutsche auf dem Hof, das selbstgemachte Fruchteis und die Schaumkanone auf dem Sportplatz! Zum kr\u00f6nenden Abschluss der Woche durften sich die Kinder auf einer H\u00fcpfburg vergn\u00fcgen, sich Schminken lassen und wie im Zirkus eine Zuckerwatte naschen!<\/p>\n<div  id=\"jtg-81572\" class=\"modula modula-gallery modula-creative-gallery\" data-config=\"{&quot;height&quot;:800,&quot;tabletHeight&quot;:800,&quot;mobileHeight&quot;:800,&quot;desktopHeight&quot;:800,&quot;enableTwitter&quot;:false,&quot;enableWhatsapp&quot;:false,&quot;enableFacebook&quot;:false,&quot;enablePinterest&quot;:false,&quot;enableLinkedin&quot;:false,&quot;enableEmail&quot;:false,&quot;randomFactor&quot;:0.5,&quot;type&quot;:&quot;creative-gallery&quot;,&quot;columns&quot;:12,&quot;gutter&quot;:10,&quot;mobileGutter&quot;:10,&quot;tabletGutter&quot;:10,&quot;desktopGutter&quot;:10,&quot;enableResponsive&quot;:&quot;0&quot;,&quot;tabletColumns&quot;:2,&quot;mobileColumns&quot;:1,&quot;lazyLoad&quot;:0,&quot;lightboxOpts&quot;:{&quot;animated&quot;:true,&quot;Thumbs&quot;:{&quot;type&quot;:&quot;modern&quot;,&quot;showOnStart&quot;:false,&quot;position&quot;:&quot;bottom&quot;},&quot;Toolbar&quot;:{&quot;display&quot;:{&quot;right&quot;:[&quot;close&quot;],&quot;left&quot;:[&quot;infobar&quot;]},&quot;enabled&quot;:true},&quot;Carousel&quot;:{&quot;Panzoom&quot;:{&quot;touch&quot;:false},&quot;infinite&quot;:false,&quot;transition&quot;:&quot;fade&quot;},&quot;keyboard&quot;:{&quot;Escape&quot;:&quot;close&quot;,&quot;Delete&quot;:&quot;close&quot;,&quot;Backspace&quot;:&quot;close&quot;,&quot;PageUp&quot;:&quot;next&quot;,&quot;PageDown&quot;:&quot;prev&quot;,&quot;ArrowUp&quot;:&quot;prev&quot;,&quot;ArrowDown&quot;:&quot;next&quot;,&quot;ArrowRight&quot;:&quot;next&quot;,&quot;ArrowLeft&quot;:&quot;prev&quot;},&quot;touch&quot;:false,&quot;backdropClick&quot;:false,&quot;l10n&quot;:{&quot;CLOSE&quot;:&quot;Schlie\\u00dfen&quot;,&quot;NEXT&quot;:&quot;Weiter&quot;,&quot;PREV&quot;:&quot;Zur\\u00fcck&quot;,&quot;Error&quot;:&quot;Der angeforderte Inhalt kann nicht geladen werden. Bitte versuche es sp\\u00e4ter noch einmal.&quot;,&quot;PLAY_START&quot;:&quot;Slideshow starten&quot;,&quot;PLAY_STOP&quot;:&quot;Slideshow anhalten&quot;,&quot;FULL_SCREEN&quot;:&quot;Vollbild&quot;,&quot;THUMBS&quot;:&quot;Vorschaubilder&quot;,&quot;DOWNLOAD&quot;:&quot;Download&quot;,&quot;SHARE&quot;:&quot;Teilen&quot;,&quot;ZOOM&quot;:&quot;Vergr\\u00f6\\u00dfern&quot;,&quot;EMAIL&quot;:&quot;Hier ist der Link zum Bild: %%image_link%% und hier ist der Link zur Galerie: %%gallery_link%%&quot;,&quot;MODAL&quot;:&quot;Du kannst diesen Modal-Inhalt mit der ESC-Taste schlie\\u00dfen&quot;,&quot;ERROR&quot;:&quot;Es ist ein Fehler aufgetreten. Bitte versuche es sp\\u00e4ter noch einmal&quot;,&quot;IMAGE_ERROR&quot;:&quot;Bild nicht gefunden&quot;,&quot;ELEMENT_NOT_FOUND&quot;:&quot;HTML-Element nicht gefunden&quot;,&quot;AJAX_NOT_FOUND&quot;:&quot;Fehler beim Laden von AJAX: Nicht gefunden&quot;,&quot;AJAX_FORBIDDEN&quot;:&quot;Fehler beim Laden von AJAX: Zugriff verweigert&quot;,&quot;IFRAME_ERROR&quot;:&quot;Fehler beim Laden der Seite&quot;,&quot;TOGGLE_ZOOM&quot;:&quot;Zoomstufe umschalten&quot;,&quot;TOGGLE_THUMBS&quot;:&quot;Miniaturansichten ein-\\\/ausblenden&quot;,&quot;TOGGLE_SLIDESHOW&quot;:&quot;Diashow ein-\\\/ausschalten&quot;,&quot;TOGGLE_FULLSCREEN&quot;:&quot;Vollbildmodus umschalten&quot;},&quot;Images&quot;:{&quot;Panzoom&quot;:{&quot;maxScale&quot;:2}},&quot;toolbar&quot;:true,&quot;wheel&quot;:false,&quot;animationEffect&quot;:&quot;false&quot;,&quot;transitionEffect&quot;:&quot;fade&quot;,&quot;Html&quot;:{&quot;videoAutoplay&quot;:0,&quot;videoTpl&quot;:&quot;&lt;video class=\\&quot;fancybox__html5video modula_html5_video\\&quot; controls playsinline controlsList controlsList=\\&quot;nodownload\\&quot; poster=\\&quot;{{poster}}\\&quot; src=\\&quot;{{src}}\\&quot; type=\\&quot;{{format}}\\&quot; &gt;  Sorry, your browser doesn&#039;t support embedded videos, &lt;a href=\\&quot;{{src}}\\&quot;&gt; download &lt;\\\/a&gt; and watch with your favorite video player! &lt;\\\/video&gt;&quot;,&quot;vimeo&quot;:{&quot;autopause&quot;:0}},&quot;Fullscreen&quot;:{&quot;autoStart&quot;:true},&quot;mainClass&quot;:&quot;modula-fancybox-container modula-lightbox-jtg-81572&quot;},&quot;inView&quot;:false,&quot;email_subject&quot;:&quot;Check out this awesome image !!&quot;,&quot;email_message&quot;:&quot;Here is the link to the image : %%image_link%% and this is the link to the gallery : %%gallery_link%%&quot;,&quot;lightbox&quot;:&quot;fancybox&quot;,&quot;filterClick&quot;:&quot;0&quot;,&quot;dropdownFilters&quot;:&quot;0&quot;,&quot;defaultActiveFilter&quot;:&quot;all&quot;,&quot;initLightbox&quot;:&quot;modula_pro_init_lightbox&quot;,&quot;haveFilters&quot;:0,&quot;lightbox_devices&quot;:&quot;both&quot;,&quot;options&quot;:{&quot;lightbox&quot;:&quot;fancybox&quot;},&quot;enableSlideshow&quot;:&quot;0&quot;,&quot;enableAutoplay&quot;:&quot;0&quot;,&quot;slideshowSpeed&quot;:&quot;5000&quot;,&quot;pauseOnHover&quot;:&quot;0&quot;}\">\n\n\t\n\t<div  class=\"modula-items\">\n\t\t<div class=\"modula-item effect-pufrobo jtg-filter-all jtg-filter-\" >\n\t<div class=\"modula-item-overlay\"><\/div>\n\n\t<div class=\"modula-item-content\">\n\n\t\t<a data-image-id=\"81573\" role=\"button\" data-elementor-open-lightbox=\"no\" tabindex=\"0\" rel=\"jtg-81572\" data-caption=\"&lt;span class=&quot;modula-caption-description&quot;&gt;&lt;\/span&gt;\" aria-label=\"Bilder in Lightbox \u00f6ffnen\" data-thumb=\"https:\/\/e969z83yjsq.exactdn.com\/wp-content\/uploads\/2024\/07\/Sommercamp-Kindergarten-1.-Woche-101-317x423.jpeg?strip=all\" class=\"tile-inner modula-item-link\"><\/a><img fetchpriority=\"high\" decoding=\"async\" class=\"pic wp-image-81573\"  data-valign=\"middle\" data-halign=\"center\" alt=\"\" data-full=\"https:\/\/www.dstenerife.eu\/wp-content\/uploads\/2024\/07\/Sommercamp-Kindergarten-1.-Woche-101.jpeg\" title=\"Sommercamp Kindergarten 1. Woche (101)\" crop=\"\" width=\"317\" height=\"423\" src=\"https:\/\/e969z83yjsq.exactdn.com\/wp-content\/uploads\/2024\/07\/Sommercamp-Kindergarten-1.-Woche-101-317x423.jpeg?strip=all\" data-src=\"https:\/\/e969z83yjsq.exactdn.com\/wp-content\/uploads\/2024\/07\/Sommercamp-Kindergarten-1.-Woche-101-317x423.jpeg?strip=all\" data-caption=\"\" srcset=\"https:\/\/e969z83yjsq.exactdn.com\/wp-content\/uploads\/2024\/07\/Sommercamp-Kindergarten-1.-Woche-101.jpeg?strip=all 1440w, https:\/\/e969z83yjsq.exactdn.com\/wp-content\/uploads\/2024\/07\/Sommercamp-Kindergarten-1.-Woche-101-317x423.jpeg?strip=all 317w, https:\/\/e969z83yjsq.exactdn.com\/wp-content\/uploads\/2024\/07\/Sommercamp-Kindergarten-1.-Woche-101-540x720.jpeg?strip=all 540w, https:\/\/e969z83yjsq.exactdn.com\/wp-content\/uploads\/2024\/07\/Sommercamp-Kindergarten-1.-Woche-101-768x1024.jpeg?strip=all 768w, https:\/\/e969z83yjsq.exactdn.com\/wp-content\/uploads\/2024\/07\/Sommercamp-Kindergarten-1.-Woche-101-1152x1536.jpeg?strip=all 1152w, https:\/\/e969z83yjsq.exactdn.com\/wp-content\/uploads\/2024\/07\/Sommercamp-Kindergarten-1.-Woche-101-320x427.jpeg?strip=all 320w, https:\/\/e969z83yjsq.exactdn.com\/wp-content\/uploads\/2024\/07\/Sommercamp-Kindergarten-1.-Woche-101.jpeg?strip=all&amp;w=864 864w\" sizes=\"(max-width: 317px) 100vw, 317px\" \/>\n\t\t<div class=\"figc no-description\">\n\t\t\t<div class=\"figc-inner\">\n\t\t\t\t\t\t\t\t\t\t\t\t\t\t\t<\/div>\n\t\t<\/div>\n\n\t<\/div>\n\n<\/div><div class=\"modula-item effect-pufrobo jtg-filter-all jtg-filter-\" >\n\t<div class=\"modula-item-overlay\"><\/div>\n\n\t<div class=\"modula-item-content\">\n\n\t\t<a data-image-id=\"81575\" role=\"button\" data-elementor-open-lightbox=\"no\" tabindex=\"0\" rel=\"jtg-81572\" data-caption=\"&lt;span class=&quot;modula-caption-description&quot;&gt;&lt;\/span&gt;\" aria-label=\"Bilder in Lightbox \u00f6ffnen\" data-thumb=\"https:\/\/e969z83yjsq.exactdn.com\/wp-content\/uploads\/2024\/07\/Sommercamp-Kindergarten-1.-Woche-100-317x423.jpeg?strip=all\" class=\"tile-inner modula-item-link\"><\/a><img decoding=\"async\" class=\"pic wp-image-81575\"  data-valign=\"middle\" data-halign=\"center\" alt=\"\" data-full=\"https:\/\/www.dstenerife.eu\/wp-content\/uploads\/2024\/07\/Sommercamp-Kindergarten-1.-Woche-100.jpeg\" title=\"Sommercamp Kindergarten 1. Woche (100)\" crop=\"\" width=\"317\" height=\"423\" src=\"https:\/\/e969z83yjsq.exactdn.com\/wp-content\/uploads\/2024\/07\/Sommercamp-Kindergarten-1.-Woche-100-317x423.jpeg?strip=all\" data-src=\"https:\/\/e969z83yjsq.exactdn.com\/wp-content\/uploads\/2024\/07\/Sommercamp-Kindergarten-1.-Woche-100-317x423.jpeg?strip=all\" data-caption=\"\" srcset=\"https:\/\/e969z83yjsq.exactdn.com\/wp-content\/uploads\/2024\/07\/Sommercamp-Kindergarten-1.-Woche-100.jpeg?strip=all 1440w, https:\/\/e969z83yjsq.exactdn.com\/wp-content\/uploads\/2024\/07\/Sommercamp-Kindergarten-1.-Woche-100-317x423.jpeg?strip=all 317w, https:\/\/e969z83yjsq.exactdn.com\/wp-content\/uploads\/2024\/07\/Sommercamp-Kindergarten-1.-Woche-100-540x720.jpeg?strip=all 540w, https:\/\/e969z83yjsq.exactdn.com\/wp-content\/uploads\/2024\/07\/Sommercamp-Kindergarten-1.-Woche-100-768x1024.jpeg?strip=all 768w, https:\/\/e969z83yjsq.exactdn.com\/wp-content\/uploads\/2024\/07\/Sommercamp-Kindergarten-1.-Woche-100-1152x1536.jpeg?strip=all 1152w, https:\/\/e969z83yjsq.exactdn.com\/wp-content\/uploads\/2024\/07\/Sommercamp-Kindergarten-1.-Woche-100-320x427.jpeg?strip=all 320w, https:\/\/e969z83yjsq.exactdn.com\/wp-content\/uploads\/2024\/07\/Sommercamp-Kindergarten-1.-Woche-100.jpeg?strip=all&amp;w=864 864w\" sizes=\"(max-width: 317px) 100vw, 317px\" \/>\n\t\t<div class=\"figc no-description\">\n\t\t\t<div class=\"figc-inner\">\n\t\t\t\t\t\t\t\t\t\t\t\t\t\t\t<\/div>\n\t\t<\/div>\n\n\t<\/div>\n\n<\/div><div class=\"modula-item effect-pufrobo jtg-filter-all jtg-filter-\" >\n\t<div class=\"modula-item-overlay\"><\/div>\n\n\t<div class=\"modula-item-content\">\n\n\t\t<a data-image-id=\"81578\" role=\"button\" data-elementor-open-lightbox=\"no\" tabindex=\"0\" rel=\"jtg-81572\" data-caption=\"&lt;span class=&quot;modula-caption-description&quot;&gt;&lt;\/span&gt;\" aria-label=\"Bilder in Lightbox \u00f6ffnen\" data-thumb=\"https:\/\/e969z83yjsq.exactdn.com\/wp-content\/uploads\/2024\/07\/Sommercamp-Kindergarten-1.-Woche-99-317x423.jpeg?strip=all\" class=\"tile-inner modula-item-link\"><\/a><img decoding=\"async\" class=\"pic wp-image-81578\"  data-valign=\"middle\" data-halign=\"center\" alt=\"\" data-full=\"https:\/\/www.dstenerife.eu\/wp-content\/uploads\/2024\/07\/Sommercamp-Kindergarten-1.-Woche-99.jpeg\" title=\"Sommercamp Kindergarten 1. Woche (99)\" crop=\"\" width=\"317\" height=\"423\" src=\"https:\/\/e969z83yjsq.exactdn.com\/wp-content\/uploads\/2024\/07\/Sommercamp-Kindergarten-1.-Woche-99-317x423.jpeg?strip=all\" data-src=\"https:\/\/e969z83yjsq.exactdn.com\/wp-content\/uploads\/2024\/07\/Sommercamp-Kindergarten-1.-Woche-99-317x423.jpeg?strip=all\" data-caption=\"\" srcset=\"https:\/\/e969z83yjsq.exactdn.com\/wp-content\/uploads\/2024\/07\/Sommercamp-Kindergarten-1.-Woche-99.jpeg?strip=all 1440w, https:\/\/e969z83yjsq.exactdn.com\/wp-content\/uploads\/2024\/07\/Sommercamp-Kindergarten-1.-Woche-99-317x423.jpeg?strip=all 317w, https:\/\/e969z83yjsq.exactdn.com\/wp-content\/uploads\/2024\/07\/Sommercamp-Kindergarten-1.-Woche-99-540x720.jpeg?strip=all 540w, https:\/\/e969z83yjsq.exactdn.com\/wp-content\/uploads\/2024\/07\/Sommercamp-Kindergarten-1.-Woche-99-768x1024.jpeg?strip=all 768w, https:\/\/e969z83yjsq.exactdn.com\/wp-content\/uploads\/2024\/07\/Sommercamp-Kindergarten-1.-Woche-99-1152x1536.jpeg?strip=all 1152w, https:\/\/e969z83yjsq.exactdn.com\/wp-content\/uploads\/2024\/07\/Sommercamp-Kindergarten-1.-Woche-99-320x427.jpeg?strip=all 320w, https:\/\/e969z83yjsq.exactdn.com\/wp-content\/uploads\/2024\/07\/Sommercamp-Kindergarten-1.-Woche-99.jpeg?strip=all&amp;w=864 864w\" sizes=\"(max-width: 317px) 100vw, 317px\" \/>\n\t\t<div class=\"figc no-description\">\n\t\t\t<div class=\"figc-inner\">\n\t\t\t\t\t\t\t\t\t\t\t\t\t\t\t<\/div>\n\t\t<\/div>\n\n\t<\/div>\n\n<\/div><div class=\"modula-item effect-pufrobo jtg-filter-all jtg-filter-\" >\n\t<div class=\"modula-item-overlay\"><\/div>\n\n\t<div class=\"modula-item-content\">\n\n\t\t<a data-image-id=\"81580\" role=\"button\" data-elementor-open-lightbox=\"no\" tabindex=\"0\" rel=\"jtg-81572\" data-caption=\"&lt;span class=&quot;modula-caption-description&quot;&gt;&lt;\/span&gt;\" aria-label=\"Bilder in Lightbox \u00f6ffnen\" data-thumb=\"https:\/\/e969z83yjsq.exactdn.com\/wp-content\/uploads\/2024\/07\/Sommercamp-Kindergarten-1.-Woche-98-564x423.jpeg?strip=all\" class=\"tile-inner modula-item-link\"><\/a><img loading=\"lazy\" decoding=\"async\" class=\"pic wp-image-81580\"  data-valign=\"middle\" data-halign=\"center\" alt=\"\" data-full=\"https:\/\/www.dstenerife.eu\/wp-content\/uploads\/2024\/07\/Sommercamp-Kindergarten-1.-Woche-98.jpeg\" title=\"Sommercamp Kindergarten 1. Woche (98)\" crop=\"\" width=\"564\" height=\"423\" src=\"https:\/\/e969z83yjsq.exactdn.com\/wp-content\/uploads\/2024\/07\/Sommercamp-Kindergarten-1.-Woche-98-564x423.jpeg?strip=all\" data-src=\"https:\/\/e969z83yjsq.exactdn.com\/wp-content\/uploads\/2024\/07\/Sommercamp-Kindergarten-1.-Woche-98-564x423.jpeg?strip=all\" data-caption=\"\" srcset=\"https:\/\/e969z83yjsq.exactdn.com\/wp-content\/uploads\/2024\/07\/Sommercamp-Kindergarten-1.-Woche-98.jpeg?strip=all 1920w, https:\/\/e969z83yjsq.exactdn.com\/wp-content\/uploads\/2024\/07\/Sommercamp-Kindergarten-1.-Woche-98-564x423.jpeg?strip=all 564w, https:\/\/e969z83yjsq.exactdn.com\/wp-content\/uploads\/2024\/07\/Sommercamp-Kindergarten-1.-Woche-98-960x720.jpeg?strip=all 960w, https:\/\/e969z83yjsq.exactdn.com\/wp-content\/uploads\/2024\/07\/Sommercamp-Kindergarten-1.-Woche-98-768x576.jpeg?strip=all 768w, https:\/\/e969z83yjsq.exactdn.com\/wp-content\/uploads\/2024\/07\/Sommercamp-Kindergarten-1.-Woche-98-1536x1152.jpeg?strip=all 1536w, https:\/\/e969z83yjsq.exactdn.com\/wp-content\/uploads\/2024\/07\/Sommercamp-Kindergarten-1.-Woche-98-320x240.jpeg?strip=all 320w, https:\/\/e969z83yjsq.exactdn.com\/wp-content\/uploads\/2024\/07\/Sommercamp-Kindergarten-1.-Woche-98.jpeg?strip=all&amp;w=384 384w, https:\/\/e969z83yjsq.exactdn.com\/wp-content\/uploads\/2024\/07\/Sommercamp-Kindergarten-1.-Woche-98.jpeg?strip=all&amp;w=1152 1152w, https:\/\/e969z83yjsq.exactdn.com\/wp-content\/uploads\/2024\/07\/Sommercamp-Kindergarten-1.-Woche-98.jpeg?strip=all&amp;w=450 450w\" sizes=\"(max-width: 564px) 100vw, 564px\" \/>\n\t\t<div class=\"figc no-description\">\n\t\t\t<div class=\"figc-inner\">\n\t\t\t\t\t\t\t\t\t\t\t\t\t\t\t<\/div>\n\t\t<\/div>\n\n\t<\/div>\n\n<\/div><div class=\"modula-item effect-pufrobo jtg-filter-all jtg-filter-\" >\n\t<div class=\"modula-item-overlay\"><\/div>\n\n\t<div class=\"modula-item-content\">\n\n\t\t<a data-image-id=\"81582\" role=\"button\" data-elementor-open-lightbox=\"no\" tabindex=\"0\" rel=\"jtg-81572\" data-caption=\"&lt;span class=&quot;modula-caption-description&quot;&gt;&lt;\/span&gt;\" aria-label=\"Bilder in Lightbox \u00f6ffnen\" data-thumb=\"https:\/\/e969z83yjsq.exactdn.com\/wp-content\/uploads\/2024\/07\/Sommercamp-Kindergarten-1.-Woche-97-317x423.jpeg?strip=all\" class=\"tile-inner modula-item-link\"><\/a><img loading=\"lazy\" decoding=\"async\" class=\"pic wp-image-81582\"  data-valign=\"middle\" data-halign=\"center\" alt=\"\" data-full=\"https:\/\/www.dstenerife.eu\/wp-content\/uploads\/2024\/07\/Sommercamp-Kindergarten-1.-Woche-97.jpeg\" title=\"Sommercamp Kindergarten 1. Woche (97)\" crop=\"\" width=\"317\" height=\"423\" src=\"https:\/\/e969z83yjsq.exactdn.com\/wp-content\/uploads\/2024\/07\/Sommercamp-Kindergarten-1.-Woche-97-317x423.jpeg?strip=all\" data-src=\"https:\/\/e969z83yjsq.exactdn.com\/wp-content\/uploads\/2024\/07\/Sommercamp-Kindergarten-1.-Woche-97-317x423.jpeg?strip=all\" data-caption=\"\" srcset=\"https:\/\/e969z83yjsq.exactdn.com\/wp-content\/uploads\/2024\/07\/Sommercamp-Kindergarten-1.-Woche-97.jpeg?strip=all 1440w, https:\/\/e969z83yjsq.exactdn.com\/wp-content\/uploads\/2024\/07\/Sommercamp-Kindergarten-1.-Woche-97-317x423.jpeg?strip=all 317w, https:\/\/e969z83yjsq.exactdn.com\/wp-content\/uploads\/2024\/07\/Sommercamp-Kindergarten-1.-Woche-97-540x720.jpeg?strip=all 540w, https:\/\/e969z83yjsq.exactdn.com\/wp-content\/uploads\/2024\/07\/Sommercamp-Kindergarten-1.-Woche-97-768x1024.jpeg?strip=all 768w, https:\/\/e969z83yjsq.exactdn.com\/wp-content\/uploads\/2024\/07\/Sommercamp-Kindergarten-1.-Woche-97-1152x1536.jpeg?strip=all 1152w, https:\/\/e969z83yjsq.exactdn.com\/wp-content\/uploads\/2024\/07\/Sommercamp-Kindergarten-1.-Woche-97-320x427.jpeg?strip=all 320w, https:\/\/e969z83yjsq.exactdn.com\/wp-content\/uploads\/2024\/07\/Sommercamp-Kindergarten-1.-Woche-97.jpeg?strip=all&amp;w=864 864w\" sizes=\"(max-width: 317px) 100vw, 317px\" \/>\n\t\t<div class=\"figc no-description\">\n\t\t\t<div class=\"figc-inner\">\n\t\t\t\t\t\t\t\t\t\t\t\t\t\t\t<\/div>\n\t\t<\/div>\n\n\t<\/div>\n\n<\/div><div class=\"modula-item effect-pufrobo jtg-filter-all jtg-filter-\" >\n\t<div class=\"modula-item-overlay\"><\/div>\n\n\t<div class=\"modula-item-content\">\n\n\t\t<a data-image-id=\"81584\" role=\"button\" data-elementor-open-lightbox=\"no\" tabindex=\"0\" rel=\"jtg-81572\" data-caption=\"&lt;span class=&quot;modula-caption-description&quot;&gt;&lt;\/span&gt;\" aria-label=\"Bilder in Lightbox \u00f6ffnen\" data-thumb=\"https:\/\/e969z83yjsq.exactdn.com\/wp-content\/uploads\/2024\/07\/Sommercamp-Kindergarten-1.-Woche-96-317x423.jpeg?strip=all\" class=\"tile-inner modula-item-link\"><\/a><img loading=\"lazy\" decoding=\"async\" class=\"pic wp-image-81584\"  data-valign=\"middle\" data-halign=\"center\" alt=\"\" data-full=\"https:\/\/www.dstenerife.eu\/wp-content\/uploads\/2024\/07\/Sommercamp-Kindergarten-1.-Woche-96.jpeg\" title=\"Sommercamp Kindergarten 1. Woche (96)\" crop=\"\" width=\"317\" height=\"423\" src=\"https:\/\/e969z83yjsq.exactdn.com\/wp-content\/uploads\/2024\/07\/Sommercamp-Kindergarten-1.-Woche-96-317x423.jpeg?strip=all\" data-src=\"https:\/\/e969z83yjsq.exactdn.com\/wp-content\/uploads\/2024\/07\/Sommercamp-Kindergarten-1.-Woche-96-317x423.jpeg?strip=all\" data-caption=\"\" srcset=\"https:\/\/e969z83yjsq.exactdn.com\/wp-content\/uploads\/2024\/07\/Sommercamp-Kindergarten-1.-Woche-96.jpeg?strip=all 1440w, https:\/\/e969z83yjsq.exactdn.com\/wp-content\/uploads\/2024\/07\/Sommercamp-Kindergarten-1.-Woche-96-317x423.jpeg?strip=all 317w, https:\/\/e969z83yjsq.exactdn.com\/wp-content\/uploads\/2024\/07\/Sommercamp-Kindergarten-1.-Woche-96-540x720.jpeg?strip=all 540w, https:\/\/e969z83yjsq.exactdn.com\/wp-content\/uploads\/2024\/07\/Sommercamp-Kindergarten-1.-Woche-96-768x1024.jpeg?strip=all 768w, https:\/\/e969z83yjsq.exactdn.com\/wp-content\/uploads\/2024\/07\/Sommercamp-Kindergarten-1.-Woche-96-1152x1536.jpeg?strip=all 1152w, https:\/\/e969z83yjsq.exactdn.com\/wp-content\/uploads\/2024\/07\/Sommercamp-Kindergarten-1.-Woche-96-320x427.jpeg?strip=all 320w, https:\/\/e969z83yjsq.exactdn.com\/wp-content\/uploads\/2024\/07\/Sommercamp-Kindergarten-1.-Woche-96.jpeg?strip=all&amp;w=864 864w\" sizes=\"(max-width: 317px) 100vw, 317px\" \/>\n\t\t<div class=\"figc no-description\">\n\t\t\t<div class=\"figc-inner\">\n\t\t\t\t\t\t\t\t\t\t\t\t\t\t\t<\/div>\n\t\t<\/div>\n\n\t<\/div>\n\n<\/div><div class=\"modula-item effect-pufrobo jtg-filter-all jtg-filter-\" >\n\t<div class=\"modula-item-overlay\"><\/div>\n\n\t<div class=\"modula-item-content\">\n\n\t\t<a data-image-id=\"81586\" role=\"button\" data-elementor-open-lightbox=\"no\" tabindex=\"0\" rel=\"jtg-81572\" data-caption=\"&lt;span class=&quot;modula-caption-description&quot;&gt;&lt;\/span&gt;\" aria-label=\"Bilder in Lightbox \u00f6ffnen\" data-thumb=\"https:\/\/e969z83yjsq.exactdn.com\/wp-content\/uploads\/2024\/07\/Sommercamp-Kindergarten-1.-Woche-95-317x423.jpeg?strip=all\" class=\"tile-inner modula-item-link\"><\/a><img loading=\"lazy\" decoding=\"async\" class=\"pic wp-image-81586\"  data-valign=\"middle\" data-halign=\"center\" alt=\"\" data-full=\"https:\/\/www.dstenerife.eu\/wp-content\/uploads\/2024\/07\/Sommercamp-Kindergarten-1.-Woche-95.jpeg\" title=\"Sommercamp Kindergarten 1. Woche (95)\" crop=\"\" width=\"317\" height=\"423\" src=\"https:\/\/e969z83yjsq.exactdn.com\/wp-content\/uploads\/2024\/07\/Sommercamp-Kindergarten-1.-Woche-95-317x423.jpeg?strip=all\" data-src=\"https:\/\/e969z83yjsq.exactdn.com\/wp-content\/uploads\/2024\/07\/Sommercamp-Kindergarten-1.-Woche-95-317x423.jpeg?strip=all\" data-caption=\"\" srcset=\"https:\/\/e969z83yjsq.exactdn.com\/wp-content\/uploads\/2024\/07\/Sommercamp-Kindergarten-1.-Woche-95.jpeg?strip=all 1440w, https:\/\/e969z83yjsq.exactdn.com\/wp-content\/uploads\/2024\/07\/Sommercamp-Kindergarten-1.-Woche-95-317x423.jpeg?strip=all 317w, https:\/\/e969z83yjsq.exactdn.com\/wp-content\/uploads\/2024\/07\/Sommercamp-Kindergarten-1.-Woche-95-540x720.jpeg?strip=all 540w, https:\/\/e969z83yjsq.exactdn.com\/wp-content\/uploads\/2024\/07\/Sommercamp-Kindergarten-1.-Woche-95-768x1024.jpeg?strip=all 768w, https:\/\/e969z83yjsq.exactdn.com\/wp-content\/uploads\/2024\/07\/Sommercamp-Kindergarten-1.-Woche-95-1152x1536.jpeg?strip=all 1152w, https:\/\/e969z83yjsq.exactdn.com\/wp-content\/uploads\/2024\/07\/Sommercamp-Kindergarten-1.-Woche-95-320x427.jpeg?strip=all 320w, https:\/\/e969z83yjsq.exactdn.com\/wp-content\/uploads\/2024\/07\/Sommercamp-Kindergarten-1.-Woche-95.jpeg?strip=all&amp;w=864 864w\" sizes=\"(max-width: 317px) 100vw, 317px\" \/>\n\t\t<div class=\"figc no-description\">\n\t\t\t<div class=\"figc-inner\">\n\t\t\t\t\t\t\t\t\t\t\t\t\t\t\t<\/div>\n\t\t<\/div>\n\n\t<\/div>\n\n<\/div><div class=\"modula-item effect-pufrobo jtg-filter-all jtg-filter-\" >\n\t<div class=\"modula-item-overlay\"><\/div>\n\n\t<div class=\"modula-item-content\">\n\n\t\t<a data-image-id=\"81588\" role=\"button\" data-elementor-open-lightbox=\"no\" tabindex=\"0\" rel=\"jtg-81572\" data-caption=\"&lt;span class=&quot;modula-caption-description&quot;&gt;&lt;\/span&gt;\" aria-label=\"Bilder in Lightbox \u00f6ffnen\" data-thumb=\"https:\/\/e969z83yjsq.exactdn.com\/wp-content\/uploads\/2024\/07\/Sommercamp-Kindergarten-1.-Woche-94-317x423.jpeg?strip=all\" class=\"tile-inner modula-item-link\"><\/a><img loading=\"lazy\" decoding=\"async\" class=\"pic wp-image-81588\"  data-valign=\"middle\" data-halign=\"center\" alt=\"\" data-full=\"https:\/\/www.dstenerife.eu\/wp-content\/uploads\/2024\/07\/Sommercamp-Kindergarten-1.-Woche-94.jpeg\" title=\"Sommercamp Kindergarten 1. Woche (94)\" crop=\"\" width=\"317\" height=\"423\" src=\"https:\/\/e969z83yjsq.exactdn.com\/wp-content\/uploads\/2024\/07\/Sommercamp-Kindergarten-1.-Woche-94-317x423.jpeg?strip=all\" data-src=\"https:\/\/e969z83yjsq.exactdn.com\/wp-content\/uploads\/2024\/07\/Sommercamp-Kindergarten-1.-Woche-94-317x423.jpeg?strip=all\" data-caption=\"\" srcset=\"https:\/\/e969z83yjsq.exactdn.com\/wp-content\/uploads\/2024\/07\/Sommercamp-Kindergarten-1.-Woche-94.jpeg?strip=all 1440w, https:\/\/e969z83yjsq.exactdn.com\/wp-content\/uploads\/2024\/07\/Sommercamp-Kindergarten-1.-Woche-94-317x423.jpeg?strip=all 317w, https:\/\/e969z83yjsq.exactdn.com\/wp-content\/uploads\/2024\/07\/Sommercamp-Kindergarten-1.-Woche-94-540x720.jpeg?strip=all 540w, https:\/\/e969z83yjsq.exactdn.com\/wp-content\/uploads\/2024\/07\/Sommercamp-Kindergarten-1.-Woche-94-768x1024.jpeg?strip=all 768w, https:\/\/e969z83yjsq.exactdn.com\/wp-content\/uploads\/2024\/07\/Sommercamp-Kindergarten-1.-Woche-94-1152x1536.jpeg?strip=all 1152w, https:\/\/e969z83yjsq.exactdn.com\/wp-content\/uploads\/2024\/07\/Sommercamp-Kindergarten-1.-Woche-94-320x427.jpeg?strip=all 320w, https:\/\/e969z83yjsq.exactdn.com\/wp-content\/uploads\/2024\/07\/Sommercamp-Kindergarten-1.-Woche-94.jpeg?strip=all&amp;w=864 864w\" sizes=\"(max-width: 317px) 100vw, 317px\" \/>\n\t\t<div class=\"figc no-description\">\n\t\t\t<div class=\"figc-inner\">\n\t\t\t\t\t\t\t\t\t\t\t\t\t\t\t<\/div>\n\t\t<\/div>\n\n\t<\/div>\n\n<\/div><div class=\"modula-item effect-pufrobo jtg-filter-all jtg-filter-\" >\n\t<div class=\"modula-item-overlay\"><\/div>\n\n\t<div class=\"modula-item-content\">\n\n\t\t<a data-image-id=\"81594\" role=\"button\" data-elementor-open-lightbox=\"no\" tabindex=\"0\" rel=\"jtg-81572\" data-caption=\"&lt;span class=&quot;modula-caption-description&quot;&gt;&lt;\/span&gt;\" aria-label=\"Bilder in Lightbox \u00f6ffnen\" data-thumb=\"https:\/\/e969z83yjsq.exactdn.com\/wp-content\/uploads\/2024\/07\/Sommercamp-Kindergarten-1.-Woche-91-317x423.jpeg?strip=all\" class=\"tile-inner modula-item-link\"><\/a><img loading=\"lazy\" decoding=\"async\" class=\"pic wp-image-81594\"  data-valign=\"middle\" data-halign=\"center\" alt=\"\" data-full=\"https:\/\/www.dstenerife.eu\/wp-content\/uploads\/2024\/07\/Sommercamp-Kindergarten-1.-Woche-91.jpeg\" title=\"Sommercamp Kindergarten 1. Woche (91)\" crop=\"\" width=\"317\" height=\"423\" src=\"https:\/\/e969z83yjsq.exactdn.com\/wp-content\/uploads\/2024\/07\/Sommercamp-Kindergarten-1.-Woche-91-317x423.jpeg?strip=all\" data-src=\"https:\/\/e969z83yjsq.exactdn.com\/wp-content\/uploads\/2024\/07\/Sommercamp-Kindergarten-1.-Woche-91-317x423.jpeg?strip=all\" data-caption=\"\" srcset=\"https:\/\/e969z83yjsq.exactdn.com\/wp-content\/uploads\/2024\/07\/Sommercamp-Kindergarten-1.-Woche-91.jpeg?strip=all 1440w, https:\/\/e969z83yjsq.exactdn.com\/wp-content\/uploads\/2024\/07\/Sommercamp-Kindergarten-1.-Woche-91-317x423.jpeg?strip=all 317w, https:\/\/e969z83yjsq.exactdn.com\/wp-content\/uploads\/2024\/07\/Sommercamp-Kindergarten-1.-Woche-91-540x720.jpeg?strip=all 540w, https:\/\/e969z83yjsq.exactdn.com\/wp-content\/uploads\/2024\/07\/Sommercamp-Kindergarten-1.-Woche-91-768x1024.jpeg?strip=all 768w, https:\/\/e969z83yjsq.exactdn.com\/wp-content\/uploads\/2024\/07\/Sommercamp-Kindergarten-1.-Woche-91-1152x1536.jpeg?strip=all 1152w, https:\/\/e969z83yjsq.exactdn.com\/wp-content\/uploads\/2024\/07\/Sommercamp-Kindergarten-1.-Woche-91-320x427.jpeg?strip=all 320w, https:\/\/e969z83yjsq.exactdn.com\/wp-content\/uploads\/2024\/07\/Sommercamp-Kindergarten-1.-Woche-91.jpeg?strip=all&amp;w=864 864w\" sizes=\"(max-width: 317px) 100vw, 317px\" \/>\n\t\t<div class=\"figc no-description\">\n\t\t\t<div class=\"figc-inner\">\n\t\t\t\t\t\t\t\t\t\t\t\t\t\t\t<\/div>\n\t\t<\/div>\n\n\t<\/div>\n\n<\/div><div class=\"modula-item effect-pufrobo jtg-filter-all jtg-filter-\" >\n\t<div class=\"modula-item-overlay\"><\/div>\n\n\t<div class=\"modula-item-content\">\n\n\t\t<a data-image-id=\"81596\" role=\"button\" data-elementor-open-lightbox=\"no\" tabindex=\"0\" rel=\"jtg-81572\" data-caption=\"&lt;span class=&quot;modula-caption-description&quot;&gt;&lt;\/span&gt;\" aria-label=\"Bilder in Lightbox \u00f6ffnen\" data-thumb=\"https:\/\/e969z83yjsq.exactdn.com\/wp-content\/uploads\/2024\/07\/Sommercamp-Kindergarten-1.-Woche-90-317x423.jpeg?strip=all\" class=\"tile-inner modula-item-link\"><\/a><img loading=\"lazy\" decoding=\"async\" class=\"pic wp-image-81596\"  data-valign=\"middle\" data-halign=\"center\" alt=\"\" data-full=\"https:\/\/www.dstenerife.eu\/wp-content\/uploads\/2024\/07\/Sommercamp-Kindergarten-1.-Woche-90.jpeg\" title=\"Sommercamp Kindergarten 1. Woche (90)\" crop=\"\" width=\"317\" height=\"423\" src=\"https:\/\/e969z83yjsq.exactdn.com\/wp-content\/uploads\/2024\/07\/Sommercamp-Kindergarten-1.-Woche-90-317x423.jpeg?strip=all\" data-src=\"https:\/\/e969z83yjsq.exactdn.com\/wp-content\/uploads\/2024\/07\/Sommercamp-Kindergarten-1.-Woche-90-317x423.jpeg?strip=all\" data-caption=\"\" srcset=\"https:\/\/e969z83yjsq.exactdn.com\/wp-content\/uploads\/2024\/07\/Sommercamp-Kindergarten-1.-Woche-90.jpeg?strip=all 1440w, https:\/\/e969z83yjsq.exactdn.com\/wp-content\/uploads\/2024\/07\/Sommercamp-Kindergarten-1.-Woche-90-317x423.jpeg?strip=all 317w, https:\/\/e969z83yjsq.exactdn.com\/wp-content\/uploads\/2024\/07\/Sommercamp-Kindergarten-1.-Woche-90-540x720.jpeg?strip=all 540w, https:\/\/e969z83yjsq.exactdn.com\/wp-content\/uploads\/2024\/07\/Sommercamp-Kindergarten-1.-Woche-90-768x1024.jpeg?strip=all 768w, https:\/\/e969z83yjsq.exactdn.com\/wp-content\/uploads\/2024\/07\/Sommercamp-Kindergarten-1.-Woche-90-1152x1536.jpeg?strip=all 1152w, https:\/\/e969z83yjsq.exactdn.com\/wp-content\/uploads\/2024\/07\/Sommercamp-Kindergarten-1.-Woche-90-320x427.jpeg?strip=all 320w, https:\/\/e969z83yjsq.exactdn.com\/wp-content\/uploads\/2024\/07\/Sommercamp-Kindergarten-1.-Woche-90.jpeg?strip=all&amp;w=864 864w\" sizes=\"(max-width: 317px) 100vw, 317px\" \/>\n\t\t<div class=\"figc no-description\">\n\t\t\t<div class=\"figc-inner\">\n\t\t\t\t\t\t\t\t\t\t\t\t\t\t\t<\/div>\n\t\t<\/div>\n\n\t<\/div>\n\n<\/div><div class=\"modula-item effect-pufrobo jtg-filter-all jtg-filter-\" >\n\t<div class=\"modula-item-overlay\"><\/div>\n\n\t<div class=\"modula-item-content\">\n\n\t\t<a data-image-id=\"81598\" role=\"button\" data-elementor-open-lightbox=\"no\" tabindex=\"0\" rel=\"jtg-81572\" data-caption=\"&lt;span class=&quot;modula-caption-description&quot;&gt;&lt;\/span&gt;\" aria-label=\"Bilder in Lightbox \u00f6ffnen\" data-thumb=\"https:\/\/e969z83yjsq.exactdn.com\/wp-content\/uploads\/2024\/07\/Sommercamp-Kindergarten-1.-Woche-89-317x423.jpeg?strip=all\" class=\"tile-inner modula-item-link\"><\/a><img loading=\"lazy\" decoding=\"async\" class=\"pic wp-image-81598\"  data-valign=\"middle\" data-halign=\"center\" alt=\"\" data-full=\"https:\/\/www.dstenerife.eu\/wp-content\/uploads\/2024\/07\/Sommercamp-Kindergarten-1.-Woche-89.jpeg\" title=\"Sommercamp Kindergarten 1. Woche (89)\" crop=\"\" width=\"317\" height=\"423\" src=\"https:\/\/e969z83yjsq.exactdn.com\/wp-content\/uploads\/2024\/07\/Sommercamp-Kindergarten-1.-Woche-89-317x423.jpeg?strip=all\" data-src=\"https:\/\/e969z83yjsq.exactdn.com\/wp-content\/uploads\/2024\/07\/Sommercamp-Kindergarten-1.-Woche-89-317x423.jpeg?strip=all\" data-caption=\"\" srcset=\"https:\/\/e969z83yjsq.exactdn.com\/wp-content\/uploads\/2024\/07\/Sommercamp-Kindergarten-1.-Woche-89.jpeg?strip=all 1440w, https:\/\/e969z83yjsq.exactdn.com\/wp-content\/uploads\/2024\/07\/Sommercamp-Kindergarten-1.-Woche-89-317x423.jpeg?strip=all 317w, https:\/\/e969z83yjsq.exactdn.com\/wp-content\/uploads\/2024\/07\/Sommercamp-Kindergarten-1.-Woche-89-540x720.jpeg?strip=all 540w, https:\/\/e969z83yjsq.exactdn.com\/wp-content\/uploads\/2024\/07\/Sommercamp-Kindergarten-1.-Woche-89-768x1024.jpeg?strip=all 768w, https:\/\/e969z83yjsq.exactdn.com\/wp-content\/uploads\/2024\/07\/Sommercamp-Kindergarten-1.-Woche-89-1152x1536.jpeg?strip=all 1152w, https:\/\/e969z83yjsq.exactdn.com\/wp-content\/uploads\/2024\/07\/Sommercamp-Kindergarten-1.-Woche-89-320x427.jpeg?strip=all 320w, https:\/\/e969z83yjsq.exactdn.com\/wp-content\/uploads\/2024\/07\/Sommercamp-Kindergarten-1.-Woche-89.jpeg?strip=all&amp;w=864 864w\" sizes=\"(max-width: 317px) 100vw, 317px\" \/>\n\t\t<div class=\"figc no-description\">\n\t\t\t<div class=\"figc-inner\">\n\t\t\t\t\t\t\t\t\t\t\t\t\t\t\t<\/div>\n\t\t<\/div>\n\n\t<\/div>\n\n<\/div><div class=\"modula-item effect-pufrobo jtg-filter-all jtg-filter-\" >\n\t<div class=\"modula-item-overlay\"><\/div>\n\n\t<div class=\"modula-item-content\">\n\n\t\t<a data-image-id=\"81600\" role=\"button\" data-elementor-open-lightbox=\"no\" tabindex=\"0\" rel=\"jtg-81572\" data-caption=\"&lt;span class=&quot;modula-caption-description&quot;&gt;&lt;\/span&gt;\" aria-label=\"Bilder in Lightbox \u00f6ffnen\" data-thumb=\"https:\/\/e969z83yjsq.exactdn.com\/wp-content\/uploads\/2024\/07\/Sommercamp-Kindergarten-1.-Woche-88-564x423.jpeg?strip=all\" class=\"tile-inner modula-item-link\"><\/a><img loading=\"lazy\" decoding=\"async\" class=\"pic wp-image-81600\"  data-valign=\"middle\" data-halign=\"center\" alt=\"\" data-full=\"https:\/\/www.dstenerife.eu\/wp-content\/uploads\/2024\/07\/Sommercamp-Kindergarten-1.-Woche-88.jpeg\" title=\"Sommercamp Kindergarten 1. Woche (88)\" crop=\"\" width=\"564\" height=\"423\" src=\"https:\/\/e969z83yjsq.exactdn.com\/wp-content\/uploads\/2024\/07\/Sommercamp-Kindergarten-1.-Woche-88-564x423.jpeg?strip=all\" data-src=\"https:\/\/e969z83yjsq.exactdn.com\/wp-content\/uploads\/2024\/07\/Sommercamp-Kindergarten-1.-Woche-88-564x423.jpeg?strip=all\" data-caption=\"\" srcset=\"https:\/\/e969z83yjsq.exactdn.com\/wp-content\/uploads\/2024\/07\/Sommercamp-Kindergarten-1.-Woche-88.jpeg?strip=all 1920w, https:\/\/e969z83yjsq.exactdn.com\/wp-content\/uploads\/2024\/07\/Sommercamp-Kindergarten-1.-Woche-88-564x423.jpeg?strip=all 564w, https:\/\/e969z83yjsq.exactdn.com\/wp-content\/uploads\/2024\/07\/Sommercamp-Kindergarten-1.-Woche-88-960x720.jpeg?strip=all 960w, https:\/\/e969z83yjsq.exactdn.com\/wp-content\/uploads\/2024\/07\/Sommercamp-Kindergarten-1.-Woche-88-768x576.jpeg?strip=all 768w, https:\/\/e969z83yjsq.exactdn.com\/wp-content\/uploads\/2024\/07\/Sommercamp-Kindergarten-1.-Woche-88-1536x1152.jpeg?strip=all 1536w, https:\/\/e969z83yjsq.exactdn.com\/wp-content\/uploads\/2024\/07\/Sommercamp-Kindergarten-1.-Woche-88-320x240.jpeg?strip=all 320w, https:\/\/e969z83yjsq.exactdn.com\/wp-content\/uploads\/2024\/07\/Sommercamp-Kindergarten-1.-Woche-88.jpeg?strip=all&amp;w=384 384w, https:\/\/e969z83yjsq.exactdn.com\/wp-content\/uploads\/2024\/07\/Sommercamp-Kindergarten-1.-Woche-88.jpeg?strip=all&amp;w=1152 1152w, https:\/\/e969z83yjsq.exactdn.com\/wp-content\/uploads\/2024\/07\/Sommercamp-Kindergarten-1.-Woche-88.jpeg?strip=all&amp;w=450 450w\" sizes=\"(max-width: 564px) 100vw, 564px\" \/>\n\t\t<div class=\"figc no-description\">\n\t\t\t<div class=\"figc-inner\">\n\t\t\t\t\t\t\t\t\t\t\t\t\t\t\t<\/div>\n\t\t<\/div>\n\n\t<\/div>\n\n<\/div><div class=\"modula-item effect-pufrobo jtg-filter-all jtg-filter-\" >\n\t<div class=\"modula-item-overlay\"><\/div>\n\n\t<div class=\"modula-item-content\">\n\n\t\t<a data-image-id=\"81602\" role=\"button\" data-elementor-open-lightbox=\"no\" tabindex=\"0\" rel=\"jtg-81572\" data-caption=\"&lt;span class=&quot;modula-caption-description&quot;&gt;&lt;\/span&gt;\" aria-label=\"Bilder in Lightbox \u00f6ffnen\" data-thumb=\"https:\/\/e969z83yjsq.exactdn.com\/wp-content\/uploads\/2024\/07\/Sommercamp-Kindergarten-1.-Woche-87-317x423.jpeg?strip=all\" class=\"tile-inner modula-item-link\"><\/a><img loading=\"lazy\" decoding=\"async\" class=\"pic wp-image-81602\"  data-valign=\"middle\" data-halign=\"center\" alt=\"\" data-full=\"https:\/\/www.dstenerife.eu\/wp-content\/uploads\/2024\/07\/Sommercamp-Kindergarten-1.-Woche-87.jpeg\" title=\"Sommercamp Kindergarten 1. Woche (87)\" crop=\"\" width=\"317\" height=\"423\" src=\"https:\/\/e969z83yjsq.exactdn.com\/wp-content\/uploads\/2024\/07\/Sommercamp-Kindergarten-1.-Woche-87-317x423.jpeg?strip=all\" data-src=\"https:\/\/e969z83yjsq.exactdn.com\/wp-content\/uploads\/2024\/07\/Sommercamp-Kindergarten-1.-Woche-87-317x423.jpeg?strip=all\" data-caption=\"\" srcset=\"https:\/\/e969z83yjsq.exactdn.com\/wp-content\/uploads\/2024\/07\/Sommercamp-Kindergarten-1.-Woche-87.jpeg?strip=all 1440w, https:\/\/e969z83yjsq.exactdn.com\/wp-content\/uploads\/2024\/07\/Sommercamp-Kindergarten-1.-Woche-87-317x423.jpeg?strip=all 317w, https:\/\/e969z83yjsq.exactdn.com\/wp-content\/uploads\/2024\/07\/Sommercamp-Kindergarten-1.-Woche-87-540x720.jpeg?strip=all 540w, https:\/\/e969z83yjsq.exactdn.com\/wp-content\/uploads\/2024\/07\/Sommercamp-Kindergarten-1.-Woche-87-768x1024.jpeg?strip=all 768w, https:\/\/e969z83yjsq.exactdn.com\/wp-content\/uploads\/2024\/07\/Sommercamp-Kindergarten-1.-Woche-87-1152x1536.jpeg?strip=all 1152w, https:\/\/e969z83yjsq.exactdn.com\/wp-content\/uploads\/2024\/07\/Sommercamp-Kindergarten-1.-Woche-87-320x427.jpeg?strip=all 320w, https:\/\/e969z83yjsq.exactdn.com\/wp-content\/uploads\/2024\/07\/Sommercamp-Kindergarten-1.-Woche-87.jpeg?strip=all&amp;w=864 864w\" sizes=\"(max-width: 317px) 100vw, 317px\" \/>\n\t\t<div class=\"figc no-description\">\n\t\t\t<div class=\"figc-inner\">\n\t\t\t\t\t\t\t\t\t\t\t\t\t\t\t<\/div>\n\t\t<\/div>\n\n\t<\/div>\n\n<\/div><div class=\"modula-item effect-pufrobo jtg-filter-all jtg-filter-\" >\n\t<div class=\"modula-item-overlay\"><\/div>\n\n\t<div class=\"modula-item-content\">\n\n\t\t<a data-image-id=\"81604\" role=\"button\" data-elementor-open-lightbox=\"no\" tabindex=\"0\" rel=\"jtg-81572\" data-caption=\"&lt;span class=&quot;modula-caption-description&quot;&gt;&lt;\/span&gt;\" aria-label=\"Bilder in Lightbox \u00f6ffnen\" data-thumb=\"https:\/\/e969z83yjsq.exactdn.com\/wp-content\/uploads\/2024\/07\/Sommercamp-Kindergarten-1.-Woche-86-317x423.jpeg?strip=all\" class=\"tile-inner modula-item-link\"><\/a><img loading=\"lazy\" decoding=\"async\" class=\"pic wp-image-81604\"  data-valign=\"middle\" data-halign=\"center\" alt=\"\" data-full=\"https:\/\/www.dstenerife.eu\/wp-content\/uploads\/2024\/07\/Sommercamp-Kindergarten-1.-Woche-86.jpeg\" title=\"Sommercamp Kindergarten 1. Woche (86)\" crop=\"\" width=\"317\" height=\"423\" src=\"https:\/\/e969z83yjsq.exactdn.com\/wp-content\/uploads\/2024\/07\/Sommercamp-Kindergarten-1.-Woche-86-317x423.jpeg?strip=all\" data-src=\"https:\/\/e969z83yjsq.exactdn.com\/wp-content\/uploads\/2024\/07\/Sommercamp-Kindergarten-1.-Woche-86-317x423.jpeg?strip=all\" data-caption=\"\" srcset=\"https:\/\/e969z83yjsq.exactdn.com\/wp-content\/uploads\/2024\/07\/Sommercamp-Kindergarten-1.-Woche-86.jpeg?strip=all 1440w, https:\/\/e969z83yjsq.exactdn.com\/wp-content\/uploads\/2024\/07\/Sommercamp-Kindergarten-1.-Woche-86-317x423.jpeg?strip=all 317w, https:\/\/e969z83yjsq.exactdn.com\/wp-content\/uploads\/2024\/07\/Sommercamp-Kindergarten-1.-Woche-86-540x720.jpeg?strip=all 540w, https:\/\/e969z83yjsq.exactdn.com\/wp-content\/uploads\/2024\/07\/Sommercamp-Kindergarten-1.-Woche-86-768x1024.jpeg?strip=all 768w, https:\/\/e969z83yjsq.exactdn.com\/wp-content\/uploads\/2024\/07\/Sommercamp-Kindergarten-1.-Woche-86-1152x1536.jpeg?strip=all 1152w, https:\/\/e969z83yjsq.exactdn.com\/wp-content\/uploads\/2024\/07\/Sommercamp-Kindergarten-1.-Woche-86-320x427.jpeg?strip=all 320w, https:\/\/e969z83yjsq.exactdn.com\/wp-content\/uploads\/2024\/07\/Sommercamp-Kindergarten-1.-Woche-86.jpeg?strip=all&amp;w=864 864w\" sizes=\"(max-width: 317px) 100vw, 317px\" \/>\n\t\t<div class=\"figc no-description\">\n\t\t\t<div class=\"figc-inner\">\n\t\t\t\t\t\t\t\t\t\t\t\t\t\t\t<\/div>\n\t\t<\/div>\n\n\t<\/div>\n\n<\/div><div class=\"modula-item effect-pufrobo jtg-filter-all jtg-filter-\" >\n\t<div class=\"modula-item-overlay\"><\/div>\n\n\t<div class=\"modula-item-content\">\n\n\t\t<a data-image-id=\"81606\" role=\"button\" data-elementor-open-lightbox=\"no\" tabindex=\"0\" rel=\"jtg-81572\" data-caption=\"&lt;span class=&quot;modula-caption-description&quot;&gt;&lt;\/span&gt;\" aria-label=\"Bilder in Lightbox \u00f6ffnen\" data-thumb=\"https:\/\/e969z83yjsq.exactdn.com\/wp-content\/uploads\/2024\/07\/Sommercamp-Kindergarten-1.-Woche-85-564x423.jpeg?strip=all\" class=\"tile-inner modula-item-link\"><\/a><img loading=\"lazy\" decoding=\"async\" class=\"pic wp-image-81606\"  data-valign=\"middle\" data-halign=\"center\" alt=\"\" data-full=\"https:\/\/www.dstenerife.eu\/wp-content\/uploads\/2024\/07\/Sommercamp-Kindergarten-1.-Woche-85.jpeg\" title=\"Sommercamp Kindergarten 1. Woche (85)\" crop=\"\" width=\"564\" height=\"423\" src=\"https:\/\/e969z83yjsq.exactdn.com\/wp-content\/uploads\/2024\/07\/Sommercamp-Kindergarten-1.-Woche-85-564x423.jpeg?strip=all\" data-src=\"https:\/\/e969z83yjsq.exactdn.com\/wp-content\/uploads\/2024\/07\/Sommercamp-Kindergarten-1.-Woche-85-564x423.jpeg?strip=all\" data-caption=\"\" srcset=\"https:\/\/e969z83yjsq.exactdn.com\/wp-content\/uploads\/2024\/07\/Sommercamp-Kindergarten-1.-Woche-85.jpeg?strip=all 1920w, https:\/\/e969z83yjsq.exactdn.com\/wp-content\/uploads\/2024\/07\/Sommercamp-Kindergarten-1.-Woche-85-564x423.jpeg?strip=all 564w, https:\/\/e969z83yjsq.exactdn.com\/wp-content\/uploads\/2024\/07\/Sommercamp-Kindergarten-1.-Woche-85-960x720.jpeg?strip=all 960w, https:\/\/e969z83yjsq.exactdn.com\/wp-content\/uploads\/2024\/07\/Sommercamp-Kindergarten-1.-Woche-85-768x576.jpeg?strip=all 768w, https:\/\/e969z83yjsq.exactdn.com\/wp-content\/uploads\/2024\/07\/Sommercamp-Kindergarten-1.-Woche-85-1536x1152.jpeg?strip=all 1536w, https:\/\/e969z83yjsq.exactdn.com\/wp-content\/uploads\/2024\/07\/Sommercamp-Kindergarten-1.-Woche-85-320x240.jpeg?strip=all 320w, https:\/\/e969z83yjsq.exactdn.com\/wp-content\/uploads\/2024\/07\/Sommercamp-Kindergarten-1.-Woche-85.jpeg?strip=all&amp;w=384 384w, https:\/\/e969z83yjsq.exactdn.com\/wp-content\/uploads\/2024\/07\/Sommercamp-Kindergarten-1.-Woche-85.jpeg?strip=all&amp;w=1152 1152w, https:\/\/e969z83yjsq.exactdn.com\/wp-content\/uploads\/2024\/07\/Sommercamp-Kindergarten-1.-Woche-85.jpeg?strip=all&amp;w=450 450w\" sizes=\"(max-width: 564px) 100vw, 564px\" \/>\n\t\t<div class=\"figc no-description\">\n\t\t\t<div class=\"figc-inner\">\n\t\t\t\t\t\t\t\t\t\t\t\t\t\t\t<\/div>\n\t\t<\/div>\n\n\t<\/div>\n\n<\/div><div class=\"modula-item effect-pufrobo jtg-filter-all jtg-filter-\" >\n\t<div class=\"modula-item-overlay\"><\/div>\n\n\t<div class=\"modula-item-content\">\n\n\t\t<a data-image-id=\"81608\" role=\"button\" data-elementor-open-lightbox=\"no\" tabindex=\"0\" rel=\"jtg-81572\" data-caption=\"&lt;span class=&quot;modula-caption-description&quot;&gt;&lt;\/span&gt;\" aria-label=\"Bilder in Lightbox \u00f6ffnen\" data-thumb=\"https:\/\/e969z83yjsq.exactdn.com\/wp-content\/uploads\/2024\/07\/Sommercamp-Kindergarten-1.-Woche-84-317x423.jpeg?strip=all\" class=\"tile-inner modula-item-link\"><\/a><img loading=\"lazy\" decoding=\"async\" class=\"pic wp-image-81608\"  data-valign=\"middle\" data-halign=\"center\" alt=\"\" data-full=\"https:\/\/www.dstenerife.eu\/wp-content\/uploads\/2024\/07\/Sommercamp-Kindergarten-1.-Woche-84.jpeg\" title=\"Sommercamp Kindergarten 1. Woche (84)\" crop=\"\" width=\"317\" height=\"423\" src=\"https:\/\/e969z83yjsq.exactdn.com\/wp-content\/uploads\/2024\/07\/Sommercamp-Kindergarten-1.-Woche-84-317x423.jpeg?strip=all\" data-src=\"https:\/\/e969z83yjsq.exactdn.com\/wp-content\/uploads\/2024\/07\/Sommercamp-Kindergarten-1.-Woche-84-317x423.jpeg?strip=all\" data-caption=\"\" srcset=\"https:\/\/e969z83yjsq.exactdn.com\/wp-content\/uploads\/2024\/07\/Sommercamp-Kindergarten-1.-Woche-84.jpeg?strip=all 1440w, https:\/\/e969z83yjsq.exactdn.com\/wp-content\/uploads\/2024\/07\/Sommercamp-Kindergarten-1.-Woche-84-317x423.jpeg?strip=all 317w, https:\/\/e969z83yjsq.exactdn.com\/wp-content\/uploads\/2024\/07\/Sommercamp-Kindergarten-1.-Woche-84-540x720.jpeg?strip=all 540w, https:\/\/e969z83yjsq.exactdn.com\/wp-content\/uploads\/2024\/07\/Sommercamp-Kindergarten-1.-Woche-84-768x1024.jpeg?strip=all 768w, https:\/\/e969z83yjsq.exactdn.com\/wp-content\/uploads\/2024\/07\/Sommercamp-Kindergarten-1.-Woche-84-1152x1536.jpeg?strip=all 1152w, https:\/\/e969z83yjsq.exactdn.com\/wp-content\/uploads\/2024\/07\/Sommercamp-Kindergarten-1.-Woche-84-320x427.jpeg?strip=all 320w, https:\/\/e969z83yjsq.exactdn.com\/wp-content\/uploads\/2024\/07\/Sommercamp-Kindergarten-1.-Woche-84.jpeg?strip=all&amp;w=864 864w\" sizes=\"(max-width: 317px) 100vw, 317px\" \/>\n\t\t<div class=\"figc no-description\">\n\t\t\t<div class=\"figc-inner\">\n\t\t\t\t\t\t\t\t\t\t\t\t\t\t\t<\/div>\n\t\t<\/div>\n\n\t<\/div>\n\n<\/div><div class=\"modula-item effect-pufrobo jtg-filter-all jtg-filter-\" >\n\t<div class=\"modula-item-overlay\"><\/div>\n\n\t<div class=\"modula-item-content\">\n\n\t\t<a data-image-id=\"81610\" role=\"button\" data-elementor-open-lightbox=\"no\" tabindex=\"0\" rel=\"jtg-81572\" data-caption=\"&lt;span class=&quot;modula-caption-description&quot;&gt;&lt;\/span&gt;\" aria-label=\"Bilder in Lightbox \u00f6ffnen\" data-thumb=\"https:\/\/e969z83yjsq.exactdn.com\/wp-content\/uploads\/2024\/07\/Sommercamp-Kindergarten-1.-Woche-83-317x423.jpeg?strip=all\" class=\"tile-inner modula-item-link\"><\/a><img loading=\"lazy\" decoding=\"async\" class=\"pic wp-image-81610\"  data-valign=\"middle\" data-halign=\"center\" alt=\"\" data-full=\"https:\/\/www.dstenerife.eu\/wp-content\/uploads\/2024\/07\/Sommercamp-Kindergarten-1.-Woche-83.jpeg\" title=\"Sommercamp Kindergarten 1. Woche (83)\" crop=\"\" width=\"317\" height=\"423\" src=\"https:\/\/e969z83yjsq.exactdn.com\/wp-content\/uploads\/2024\/07\/Sommercamp-Kindergarten-1.-Woche-83-317x423.jpeg?strip=all\" data-src=\"https:\/\/e969z83yjsq.exactdn.com\/wp-content\/uploads\/2024\/07\/Sommercamp-Kindergarten-1.-Woche-83-317x423.jpeg?strip=all\" data-caption=\"\" srcset=\"https:\/\/e969z83yjsq.exactdn.com\/wp-content\/uploads\/2024\/07\/Sommercamp-Kindergarten-1.-Woche-83.jpeg?strip=all 1440w, https:\/\/e969z83yjsq.exactdn.com\/wp-content\/uploads\/2024\/07\/Sommercamp-Kindergarten-1.-Woche-83-317x423.jpeg?strip=all 317w, https:\/\/e969z83yjsq.exactdn.com\/wp-content\/uploads\/2024\/07\/Sommercamp-Kindergarten-1.-Woche-83-540x720.jpeg?strip=all 540w, https:\/\/e969z83yjsq.exactdn.com\/wp-content\/uploads\/2024\/07\/Sommercamp-Kindergarten-1.-Woche-83-768x1024.jpeg?strip=all 768w, https:\/\/e969z83yjsq.exactdn.com\/wp-content\/uploads\/2024\/07\/Sommercamp-Kindergarten-1.-Woche-83-1152x1536.jpeg?strip=all 1152w, https:\/\/e969z83yjsq.exactdn.com\/wp-content\/uploads\/2024\/07\/Sommercamp-Kindergarten-1.-Woche-83-320x427.jpeg?strip=all 320w, https:\/\/e969z83yjsq.exactdn.com\/wp-content\/uploads\/2024\/07\/Sommercamp-Kindergarten-1.-Woche-83.jpeg?strip=all&amp;w=864 864w\" sizes=\"(max-width: 317px) 100vw, 317px\" \/>\n\t\t<div class=\"figc no-description\">\n\t\t\t<div class=\"figc-inner\">\n\t\t\t\t\t\t\t\t\t\t\t\t\t\t\t<\/div>\n\t\t<\/div>\n\n\t<\/div>\n\n<\/div><div class=\"modula-item effect-pufrobo jtg-filter-all jtg-filter-\" >\n\t<div class=\"modula-item-overlay\"><\/div>\n\n\t<div class=\"modula-item-content\">\n\n\t\t<a data-image-id=\"81612\" role=\"button\" data-elementor-open-lightbox=\"no\" tabindex=\"0\" rel=\"jtg-81572\" data-caption=\"&lt;span class=&quot;modula-caption-description&quot;&gt;&lt;\/span&gt;\" aria-label=\"Bilder in Lightbox \u00f6ffnen\" data-thumb=\"https:\/\/e969z83yjsq.exactdn.com\/wp-content\/uploads\/2024\/07\/Sommercamp-Kindergarten-1.-Woche-82-317x423.jpeg?strip=all\" class=\"tile-inner modula-item-link\"><\/a><img loading=\"lazy\" decoding=\"async\" class=\"pic wp-image-81612\"  data-valign=\"middle\" data-halign=\"center\" alt=\"\" data-full=\"https:\/\/www.dstenerife.eu\/wp-content\/uploads\/2024\/07\/Sommercamp-Kindergarten-1.-Woche-82.jpeg\" title=\"Sommercamp Kindergarten 1. Woche (82)\" crop=\"\" width=\"317\" height=\"423\" src=\"https:\/\/e969z83yjsq.exactdn.com\/wp-content\/uploads\/2024\/07\/Sommercamp-Kindergarten-1.-Woche-82-317x423.jpeg?strip=all\" data-src=\"https:\/\/e969z83yjsq.exactdn.com\/wp-content\/uploads\/2024\/07\/Sommercamp-Kindergarten-1.-Woche-82-317x423.jpeg?strip=all\" data-caption=\"\" srcset=\"https:\/\/e969z83yjsq.exactdn.com\/wp-content\/uploads\/2024\/07\/Sommercamp-Kindergarten-1.-Woche-82.jpeg?strip=all 1440w, https:\/\/e969z83yjsq.exactdn.com\/wp-content\/uploads\/2024\/07\/Sommercamp-Kindergarten-1.-Woche-82-317x423.jpeg?strip=all 317w, https:\/\/e969z83yjsq.exactdn.com\/wp-content\/uploads\/2024\/07\/Sommercamp-Kindergarten-1.-Woche-82-540x720.jpeg?strip=all 540w, https:\/\/e969z83yjsq.exactdn.com\/wp-content\/uploads\/2024\/07\/Sommercamp-Kindergarten-1.-Woche-82-768x1024.jpeg?strip=all 768w, https:\/\/e969z83yjsq.exactdn.com\/wp-content\/uploads\/2024\/07\/Sommercamp-Kindergarten-1.-Woche-82-1152x1536.jpeg?strip=all 1152w, https:\/\/e969z83yjsq.exactdn.com\/wp-content\/uploads\/2024\/07\/Sommercamp-Kindergarten-1.-Woche-82-320x427.jpeg?strip=all 320w, https:\/\/e969z83yjsq.exactdn.com\/wp-content\/uploads\/2024\/07\/Sommercamp-Kindergarten-1.-Woche-82.jpeg?strip=all&amp;w=864 864w\" sizes=\"(max-width: 317px) 100vw, 317px\" \/>\n\t\t<div class=\"figc no-description\">\n\t\t\t<div class=\"figc-inner\">\n\t\t\t\t\t\t\t\t\t\t\t\t\t\t\t<\/div>\n\t\t<\/div>\n\n\t<\/div>\n\n<\/div><div class=\"modula-item effect-pufrobo jtg-filter-all jtg-filter-\" >\n\t<div class=\"modula-item-overlay\"><\/div>\n\n\t<div class=\"modula-item-content\">\n\n\t\t<a data-image-id=\"81614\" role=\"button\" data-elementor-open-lightbox=\"no\" tabindex=\"0\" rel=\"jtg-81572\" data-caption=\"&lt;span class=&quot;modula-caption-description&quot;&gt;&lt;\/span&gt;\" aria-label=\"Bilder in Lightbox \u00f6ffnen\" data-thumb=\"https:\/\/e969z83yjsq.exactdn.com\/wp-content\/uploads\/2024\/07\/Sommercamp-Kindergarten-1.-Woche-81-317x423.jpeg?strip=all\" class=\"tile-inner modula-item-link\"><\/a><img loading=\"lazy\" decoding=\"async\" class=\"pic wp-image-81614\"  data-valign=\"middle\" data-halign=\"center\" alt=\"\" data-full=\"https:\/\/www.dstenerife.eu\/wp-content\/uploads\/2024\/07\/Sommercamp-Kindergarten-1.-Woche-81.jpeg\" title=\"Sommercamp Kindergarten 1. Woche (81)\" crop=\"\" width=\"317\" height=\"423\" src=\"https:\/\/e969z83yjsq.exactdn.com\/wp-content\/uploads\/2024\/07\/Sommercamp-Kindergarten-1.-Woche-81-317x423.jpeg?strip=all\" data-src=\"https:\/\/e969z83yjsq.exactdn.com\/wp-content\/uploads\/2024\/07\/Sommercamp-Kindergarten-1.-Woche-81-317x423.jpeg?strip=all\" data-caption=\"\" srcset=\"https:\/\/e969z83yjsq.exactdn.com\/wp-content\/uploads\/2024\/07\/Sommercamp-Kindergarten-1.-Woche-81.jpeg?strip=all 1440w, https:\/\/e969z83yjsq.exactdn.com\/wp-content\/uploads\/2024\/07\/Sommercamp-Kindergarten-1.-Woche-81-317x423.jpeg?strip=all 317w, https:\/\/e969z83yjsq.exactdn.com\/wp-content\/uploads\/2024\/07\/Sommercamp-Kindergarten-1.-Woche-81-540x720.jpeg?strip=all 540w, https:\/\/e969z83yjsq.exactdn.com\/wp-content\/uploads\/2024\/07\/Sommercamp-Kindergarten-1.-Woche-81-768x1024.jpeg?strip=all 768w, https:\/\/e969z83yjsq.exactdn.com\/wp-content\/uploads\/2024\/07\/Sommercamp-Kindergarten-1.-Woche-81-1152x1536.jpeg?strip=all 1152w, https:\/\/e969z83yjsq.exactdn.com\/wp-content\/uploads\/2024\/07\/Sommercamp-Kindergarten-1.-Woche-81-320x427.jpeg?strip=all 320w, https:\/\/e969z83yjsq.exactdn.com\/wp-content\/uploads\/2024\/07\/Sommercamp-Kindergarten-1.-Woche-81.jpeg?strip=all&amp;w=864 864w\" sizes=\"(max-width: 317px) 100vw, 317px\" \/>\n\t\t<div class=\"figc no-description\">\n\t\t\t<div class=\"figc-inner\">\n\t\t\t\t\t\t\t\t\t\t\t\t\t\t\t<\/div>\n\t\t<\/div>\n\n\t<\/div>\n\n<\/div><div class=\"modula-item effect-pufrobo jtg-filter-all jtg-filter-\" >\n\t<div class=\"modula-item-overlay\"><\/div>\n\n\t<div class=\"modula-item-content\">\n\n\t\t<a data-image-id=\"81616\" role=\"button\" data-elementor-open-lightbox=\"no\" tabindex=\"0\" rel=\"jtg-81572\" data-caption=\"&lt;span class=&quot;modula-caption-description&quot;&gt;&lt;\/span&gt;\" aria-label=\"Bilder in Lightbox \u00f6ffnen\" data-thumb=\"https:\/\/e969z83yjsq.exactdn.com\/wp-content\/uploads\/2024\/07\/Sommercamp-Kindergarten-1.-Woche-80-317x423.jpeg?strip=all\" class=\"tile-inner modula-item-link\"><\/a><img loading=\"lazy\" decoding=\"async\" class=\"pic wp-image-81616\"  data-valign=\"middle\" data-halign=\"center\" alt=\"\" data-full=\"https:\/\/www.dstenerife.eu\/wp-content\/uploads\/2024\/07\/Sommercamp-Kindergarten-1.-Woche-80.jpeg\" title=\"Sommercamp Kindergarten 1. Woche (80)\" crop=\"\" width=\"317\" height=\"423\" src=\"https:\/\/e969z83yjsq.exactdn.com\/wp-content\/uploads\/2024\/07\/Sommercamp-Kindergarten-1.-Woche-80-317x423.jpeg?strip=all\" data-src=\"https:\/\/e969z83yjsq.exactdn.com\/wp-content\/uploads\/2024\/07\/Sommercamp-Kindergarten-1.-Woche-80-317x423.jpeg?strip=all\" data-caption=\"\" srcset=\"https:\/\/e969z83yjsq.exactdn.com\/wp-content\/uploads\/2024\/07\/Sommercamp-Kindergarten-1.-Woche-80.jpeg?strip=all 1440w, https:\/\/e969z83yjsq.exactdn.com\/wp-content\/uploads\/2024\/07\/Sommercamp-Kindergarten-1.-Woche-80-317x423.jpeg?strip=all 317w, https:\/\/e969z83yjsq.exactdn.com\/wp-content\/uploads\/2024\/07\/Sommercamp-Kindergarten-1.-Woche-80-540x720.jpeg?strip=all 540w, https:\/\/e969z83yjsq.exactdn.com\/wp-content\/uploads\/2024\/07\/Sommercamp-Kindergarten-1.-Woche-80-768x1024.jpeg?strip=all 768w, https:\/\/e969z83yjsq.exactdn.com\/wp-content\/uploads\/2024\/07\/Sommercamp-Kindergarten-1.-Woche-80-1152x1536.jpeg?strip=all 1152w, https:\/\/e969z83yjsq.exactdn.com\/wp-content\/uploads\/2024\/07\/Sommercamp-Kindergarten-1.-Woche-80-320x427.jpeg?strip=all 320w, https:\/\/e969z83yjsq.exactdn.com\/wp-content\/uploads\/2024\/07\/Sommercamp-Kindergarten-1.-Woche-80.jpeg?strip=all&amp;w=864 864w\" sizes=\"(max-width: 317px) 100vw, 317px\" \/>\n\t\t<div class=\"figc no-description\">\n\t\t\t<div class=\"figc-inner\">\n\t\t\t\t\t\t\t\t\t\t\t\t\t\t\t<\/div>\n\t\t<\/div>\n\n\t<\/div>\n\n<\/div><div class=\"modula-item effect-pufrobo jtg-filter-all jtg-filter-\" >\n\t<div class=\"modula-item-overlay\"><\/div>\n\n\t<div class=\"modula-item-content\">\n\n\t\t<a data-image-id=\"81618\" role=\"button\" data-elementor-open-lightbox=\"no\" tabindex=\"0\" rel=\"jtg-81572\" data-caption=\"&lt;span class=&quot;modula-caption-description&quot;&gt;&lt;\/span&gt;\" aria-label=\"Bilder in Lightbox \u00f6ffnen\" data-thumb=\"https:\/\/e969z83yjsq.exactdn.com\/wp-content\/uploads\/2024\/07\/Sommercamp-Kindergarten-1.-Woche-79-317x423.jpeg?strip=all\" class=\"tile-inner modula-item-link\"><\/a><img loading=\"lazy\" decoding=\"async\" class=\"pic wp-image-81618\"  data-valign=\"middle\" data-halign=\"center\" alt=\"\" data-full=\"https:\/\/www.dstenerife.eu\/wp-content\/uploads\/2024\/07\/Sommercamp-Kindergarten-1.-Woche-79.jpeg\" title=\"Sommercamp Kindergarten 1. Woche (79)\" crop=\"\" width=\"317\" height=\"423\" src=\"https:\/\/e969z83yjsq.exactdn.com\/wp-content\/uploads\/2024\/07\/Sommercamp-Kindergarten-1.-Woche-79-317x423.jpeg?strip=all\" data-src=\"https:\/\/e969z83yjsq.exactdn.com\/wp-content\/uploads\/2024\/07\/Sommercamp-Kindergarten-1.-Woche-79-317x423.jpeg?strip=all\" data-caption=\"\" srcset=\"https:\/\/e969z83yjsq.exactdn.com\/wp-content\/uploads\/2024\/07\/Sommercamp-Kindergarten-1.-Woche-79.jpeg?strip=all 1440w, https:\/\/e969z83yjsq.exactdn.com\/wp-content\/uploads\/2024\/07\/Sommercamp-Kindergarten-1.-Woche-79-317x423.jpeg?strip=all 317w, https:\/\/e969z83yjsq.exactdn.com\/wp-content\/uploads\/2024\/07\/Sommercamp-Kindergarten-1.-Woche-79-540x720.jpeg?strip=all 540w, https:\/\/e969z83yjsq.exactdn.com\/wp-content\/uploads\/2024\/07\/Sommercamp-Kindergarten-1.-Woche-79-768x1024.jpeg?strip=all 768w, https:\/\/e969z83yjsq.exactdn.com\/wp-content\/uploads\/2024\/07\/Sommercamp-Kindergarten-1.-Woche-79-1152x1536.jpeg?strip=all 1152w, https:\/\/e969z83yjsq.exactdn.com\/wp-content\/uploads\/2024\/07\/Sommercamp-Kindergarten-1.-Woche-79-320x427.jpeg?strip=all 320w, https:\/\/e969z83yjsq.exactdn.com\/wp-content\/uploads\/2024\/07\/Sommercamp-Kindergarten-1.-Woche-79.jpeg?strip=all&amp;w=864 864w\" sizes=\"(max-width: 317px) 100vw, 317px\" \/>\n\t\t<div class=\"figc no-description\">\n\t\t\t<div class=\"figc-inner\">\n\t\t\t\t\t\t\t\t\t\t\t\t\t\t\t<\/div>\n\t\t<\/div>\n\n\t<\/div>\n\n<\/div><div class=\"modula-item effect-pufrobo jtg-filter-all jtg-filter-\" >\n\t<div class=\"modula-item-overlay\"><\/div>\n\n\t<div class=\"modula-item-content\">\n\n\t\t<a data-image-id=\"81620\" role=\"button\" data-elementor-open-lightbox=\"no\" tabindex=\"0\" rel=\"jtg-81572\" data-caption=\"&lt;span class=&quot;modula-caption-description&quot;&gt;&lt;\/span&gt;\" aria-label=\"Bilder in Lightbox \u00f6ffnen\" data-thumb=\"https:\/\/e969z83yjsq.exactdn.com\/wp-content\/uploads\/2024\/07\/Sommercamp-Kindergarten-1.-Woche-78-317x423.jpeg?strip=all\" class=\"tile-inner modula-item-link\"><\/a><img loading=\"lazy\" decoding=\"async\" class=\"pic wp-image-81620\"  data-valign=\"middle\" data-halign=\"center\" alt=\"\" data-full=\"https:\/\/www.dstenerife.eu\/wp-content\/uploads\/2024\/07\/Sommercamp-Kindergarten-1.-Woche-78.jpeg\" title=\"Sommercamp Kindergarten 1. Woche (78)\" crop=\"\" width=\"317\" height=\"423\" src=\"https:\/\/e969z83yjsq.exactdn.com\/wp-content\/uploads\/2024\/07\/Sommercamp-Kindergarten-1.-Woche-78-317x423.jpeg?strip=all\" data-src=\"https:\/\/e969z83yjsq.exactdn.com\/wp-content\/uploads\/2024\/07\/Sommercamp-Kindergarten-1.-Woche-78-317x423.jpeg?strip=all\" data-caption=\"\" srcset=\"https:\/\/e969z83yjsq.exactdn.com\/wp-content\/uploads\/2024\/07\/Sommercamp-Kindergarten-1.-Woche-78.jpeg?strip=all 1440w, https:\/\/e969z83yjsq.exactdn.com\/wp-content\/uploads\/2024\/07\/Sommercamp-Kindergarten-1.-Woche-78-317x423.jpeg?strip=all 317w, https:\/\/e969z83yjsq.exactdn.com\/wp-content\/uploads\/2024\/07\/Sommercamp-Kindergarten-1.-Woche-78-540x720.jpeg?strip=all 540w, https:\/\/e969z83yjsq.exactdn.com\/wp-content\/uploads\/2024\/07\/Sommercamp-Kindergarten-1.-Woche-78-768x1024.jpeg?strip=all 768w, https:\/\/e969z83yjsq.exactdn.com\/wp-content\/uploads\/2024\/07\/Sommercamp-Kindergarten-1.-Woche-78-1152x1536.jpeg?strip=all 1152w, https:\/\/e969z83yjsq.exactdn.com\/wp-content\/uploads\/2024\/07\/Sommercamp-Kindergarten-1.-Woche-78-320x427.jpeg?strip=all 320w, https:\/\/e969z83yjsq.exactdn.com\/wp-content\/uploads\/2024\/07\/Sommercamp-Kindergarten-1.-Woche-78.jpeg?strip=all&amp;w=864 864w\" sizes=\"(max-width: 317px) 100vw, 317px\" \/>\n\t\t<div class=\"figc no-description\">\n\t\t\t<div class=\"figc-inner\">\n\t\t\t\t\t\t\t\t\t\t\t\t\t\t\t<\/div>\n\t\t<\/div>\n\n\t<\/div>\n\n<\/div><div class=\"modula-item effect-pufrobo jtg-filter-all jtg-filter-\" >\n\t<div class=\"modula-item-overlay\"><\/div>\n\n\t<div class=\"modula-item-content\">\n\n\t\t<a data-image-id=\"81622\" role=\"button\" data-elementor-open-lightbox=\"no\" tabindex=\"0\" rel=\"jtg-81572\" data-caption=\"&lt;span class=&quot;modula-caption-description&quot;&gt;&lt;\/span&gt;\" aria-label=\"Bilder in Lightbox \u00f6ffnen\" data-thumb=\"https:\/\/e969z83yjsq.exactdn.com\/wp-content\/uploads\/2024\/07\/Sommercamp-Kindergarten-1.-Woche-77-317x423.jpeg?strip=all\" class=\"tile-inner modula-item-link\"><\/a><img loading=\"lazy\" decoding=\"async\" class=\"pic wp-image-81622\"  data-valign=\"middle\" data-halign=\"center\" alt=\"\" data-full=\"https:\/\/www.dstenerife.eu\/wp-content\/uploads\/2024\/07\/Sommercamp-Kindergarten-1.-Woche-77.jpeg\" title=\"Sommercamp Kindergarten 1. Woche (77)\" crop=\"\" width=\"317\" height=\"423\" src=\"https:\/\/e969z83yjsq.exactdn.com\/wp-content\/uploads\/2024\/07\/Sommercamp-Kindergarten-1.-Woche-77-317x423.jpeg?strip=all\" data-src=\"https:\/\/e969z83yjsq.exactdn.com\/wp-content\/uploads\/2024\/07\/Sommercamp-Kindergarten-1.-Woche-77-317x423.jpeg?strip=all\" data-caption=\"\" srcset=\"https:\/\/e969z83yjsq.exactdn.com\/wp-content\/uploads\/2024\/07\/Sommercamp-Kindergarten-1.-Woche-77.jpeg?strip=all 1440w, https:\/\/e969z83yjsq.exactdn.com\/wp-content\/uploads\/2024\/07\/Sommercamp-Kindergarten-1.-Woche-77-317x423.jpeg?strip=all 317w, https:\/\/e969z83yjsq.exactdn.com\/wp-content\/uploads\/2024\/07\/Sommercamp-Kindergarten-1.-Woche-77-540x720.jpeg?strip=all 540w, https:\/\/e969z83yjsq.exactdn.com\/wp-content\/uploads\/2024\/07\/Sommercamp-Kindergarten-1.-Woche-77-768x1024.jpeg?strip=all 768w, https:\/\/e969z83yjsq.exactdn.com\/wp-content\/uploads\/2024\/07\/Sommercamp-Kindergarten-1.-Woche-77-1152x1536.jpeg?strip=all 1152w, https:\/\/e969z83yjsq.exactdn.com\/wp-content\/uploads\/2024\/07\/Sommercamp-Kindergarten-1.-Woche-77-320x427.jpeg?strip=all 320w, https:\/\/e969z83yjsq.exactdn.com\/wp-content\/uploads\/2024\/07\/Sommercamp-Kindergarten-1.-Woche-77.jpeg?strip=all&amp;w=864 864w\" sizes=\"(max-width: 317px) 100vw, 317px\" \/>\n\t\t<div class=\"figc no-description\">\n\t\t\t<div class=\"figc-inner\">\n\t\t\t\t\t\t\t\t\t\t\t\t\t\t\t<\/div>\n\t\t<\/div>\n\n\t<\/div>\n\n<\/div><div class=\"modula-item effect-pufrobo jtg-filter-all jtg-filter-\" >\n\t<div class=\"modula-item-overlay\"><\/div>\n\n\t<div class=\"modula-item-content\">\n\n\t\t<a data-image-id=\"81624\" role=\"button\" data-elementor-open-lightbox=\"no\" tabindex=\"0\" rel=\"jtg-81572\" data-caption=\"&lt;span class=&quot;modula-caption-description&quot;&gt;&lt;\/span&gt;\" aria-label=\"Bilder in Lightbox \u00f6ffnen\" data-thumb=\"https:\/\/e969z83yjsq.exactdn.com\/wp-content\/uploads\/2024\/07\/Sommercamp-Kindergarten-1.-Woche-76-317x423.jpeg?strip=all\" class=\"tile-inner modula-item-link\"><\/a><img loading=\"lazy\" decoding=\"async\" class=\"pic wp-image-81624\"  data-valign=\"middle\" data-halign=\"center\" alt=\"\" data-full=\"https:\/\/www.dstenerife.eu\/wp-content\/uploads\/2024\/07\/Sommercamp-Kindergarten-1.-Woche-76.jpeg\" title=\"Sommercamp Kindergarten 1. Woche (76)\" crop=\"\" width=\"317\" height=\"423\" src=\"https:\/\/e969z83yjsq.exactdn.com\/wp-content\/uploads\/2024\/07\/Sommercamp-Kindergarten-1.-Woche-76-317x423.jpeg?strip=all\" data-src=\"https:\/\/e969z83yjsq.exactdn.com\/wp-content\/uploads\/2024\/07\/Sommercamp-Kindergarten-1.-Woche-76-317x423.jpeg?strip=all\" data-caption=\"\" srcset=\"https:\/\/e969z83yjsq.exactdn.com\/wp-content\/uploads\/2024\/07\/Sommercamp-Kindergarten-1.-Woche-76.jpeg?strip=all 1440w, https:\/\/e969z83yjsq.exactdn.com\/wp-content\/uploads\/2024\/07\/Sommercamp-Kindergarten-1.-Woche-76-317x423.jpeg?strip=all 317w, https:\/\/e969z83yjsq.exactdn.com\/wp-content\/uploads\/2024\/07\/Sommercamp-Kindergarten-1.-Woche-76-540x720.jpeg?strip=all 540w, https:\/\/e969z83yjsq.exactdn.com\/wp-content\/uploads\/2024\/07\/Sommercamp-Kindergarten-1.-Woche-76-768x1024.jpeg?strip=all 768w, https:\/\/e969z83yjsq.exactdn.com\/wp-content\/uploads\/2024\/07\/Sommercamp-Kindergarten-1.-Woche-76-1152x1536.jpeg?strip=all 1152w, https:\/\/e969z83yjsq.exactdn.com\/wp-content\/uploads\/2024\/07\/Sommercamp-Kindergarten-1.-Woche-76-320x427.jpeg?strip=all 320w, https:\/\/e969z83yjsq.exactdn.com\/wp-content\/uploads\/2024\/07\/Sommercamp-Kindergarten-1.-Woche-76.jpeg?strip=all&amp;w=864 864w\" sizes=\"(max-width: 317px) 100vw, 317px\" \/>\n\t\t<div class=\"figc no-description\">\n\t\t\t<div class=\"figc-inner\">\n\t\t\t\t\t\t\t\t\t\t\t\t\t\t\t<\/div>\n\t\t<\/div>\n\n\t<\/div>\n\n<\/div><div class=\"modula-item effect-pufrobo jtg-filter-all jtg-filter-\" >\n\t<div class=\"modula-item-overlay\"><\/div>\n\n\t<div class=\"modula-item-content\">\n\n\t\t<a data-image-id=\"81626\" role=\"button\" data-elementor-open-lightbox=\"no\" tabindex=\"0\" rel=\"jtg-81572\" data-caption=\"&lt;span class=&quot;modula-caption-description&quot;&gt;&lt;\/span&gt;\" aria-label=\"Bilder in Lightbox \u00f6ffnen\" data-thumb=\"https:\/\/e969z83yjsq.exactdn.com\/wp-content\/uploads\/2024\/07\/Sommercamp-Kindergarten-1.-Woche-75-317x423.jpeg?strip=all\" class=\"tile-inner modula-item-link\"><\/a><img loading=\"lazy\" decoding=\"async\" class=\"pic wp-image-81626\"  data-valign=\"middle\" data-halign=\"center\" alt=\"\" data-full=\"https:\/\/www.dstenerife.eu\/wp-content\/uploads\/2024\/07\/Sommercamp-Kindergarten-1.-Woche-75.jpeg\" title=\"Sommercamp Kindergarten 1. Woche (75)\" crop=\"\" width=\"317\" height=\"423\" src=\"https:\/\/e969z83yjsq.exactdn.com\/wp-content\/uploads\/2024\/07\/Sommercamp-Kindergarten-1.-Woche-75-317x423.jpeg?strip=all\" data-src=\"https:\/\/e969z83yjsq.exactdn.com\/wp-content\/uploads\/2024\/07\/Sommercamp-Kindergarten-1.-Woche-75-317x423.jpeg?strip=all\" data-caption=\"\" srcset=\"https:\/\/e969z83yjsq.exactdn.com\/wp-content\/uploads\/2024\/07\/Sommercamp-Kindergarten-1.-Woche-75.jpeg?strip=all 1440w, https:\/\/e969z83yjsq.exactdn.com\/wp-content\/uploads\/2024\/07\/Sommercamp-Kindergarten-1.-Woche-75-317x423.jpeg?strip=all 317w, https:\/\/e969z83yjsq.exactdn.com\/wp-content\/uploads\/2024\/07\/Sommercamp-Kindergarten-1.-Woche-75-540x720.jpeg?strip=all 540w, https:\/\/e969z83yjsq.exactdn.com\/wp-content\/uploads\/2024\/07\/Sommercamp-Kindergarten-1.-Woche-75-768x1024.jpeg?strip=all 768w, https:\/\/e969z83yjsq.exactdn.com\/wp-content\/uploads\/2024\/07\/Sommercamp-Kindergarten-1.-Woche-75-1152x1536.jpeg?strip=all 1152w, https:\/\/e969z83yjsq.exactdn.com\/wp-content\/uploads\/2024\/07\/Sommercamp-Kindergarten-1.-Woche-75-320x427.jpeg?strip=all 320w, https:\/\/e969z83yjsq.exactdn.com\/wp-content\/uploads\/2024\/07\/Sommercamp-Kindergarten-1.-Woche-75.jpeg?strip=all&amp;w=864 864w\" sizes=\"(max-width: 317px) 100vw, 317px\" \/>\n\t\t<div class=\"figc no-description\">\n\t\t\t<div class=\"figc-inner\">\n\t\t\t\t\t\t\t\t\t\t\t\t\t\t\t<\/div>\n\t\t<\/div>\n\n\t<\/div>\n\n<\/div><div class=\"modula-item effect-pufrobo jtg-filter-all jtg-filter-\" >\n\t<div class=\"modula-item-overlay\"><\/div>\n\n\t<div class=\"modula-item-content\">\n\n\t\t<a data-image-id=\"81628\" role=\"button\" data-elementor-open-lightbox=\"no\" tabindex=\"0\" rel=\"jtg-81572\" data-caption=\"&lt;span class=&quot;modula-caption-description&quot;&gt;&lt;\/span&gt;\" aria-label=\"Bilder in Lightbox \u00f6ffnen\" data-thumb=\"https:\/\/e969z83yjsq.exactdn.com\/wp-content\/uploads\/2024\/07\/Sommercamp-Kindergarten-1.-Woche-74-317x423.jpeg?strip=all\" class=\"tile-inner modula-item-link\"><\/a><img loading=\"lazy\" decoding=\"async\" class=\"pic wp-image-81628\"  data-valign=\"middle\" data-halign=\"center\" alt=\"\" data-full=\"https:\/\/www.dstenerife.eu\/wp-content\/uploads\/2024\/07\/Sommercamp-Kindergarten-1.-Woche-74.jpeg\" title=\"Sommercamp Kindergarten 1. Woche (74)\" crop=\"\" width=\"317\" height=\"423\" src=\"https:\/\/e969z83yjsq.exactdn.com\/wp-content\/uploads\/2024\/07\/Sommercamp-Kindergarten-1.-Woche-74-317x423.jpeg?strip=all\" data-src=\"https:\/\/e969z83yjsq.exactdn.com\/wp-content\/uploads\/2024\/07\/Sommercamp-Kindergarten-1.-Woche-74-317x423.jpeg?strip=all\" data-caption=\"\" srcset=\"https:\/\/e969z83yjsq.exactdn.com\/wp-content\/uploads\/2024\/07\/Sommercamp-Kindergarten-1.-Woche-74.jpeg?strip=all 1440w, https:\/\/e969z83yjsq.exactdn.com\/wp-content\/uploads\/2024\/07\/Sommercamp-Kindergarten-1.-Woche-74-317x423.jpeg?strip=all 317w, https:\/\/e969z83yjsq.exactdn.com\/wp-content\/uploads\/2024\/07\/Sommercamp-Kindergarten-1.-Woche-74-540x720.jpeg?strip=all 540w, https:\/\/e969z83yjsq.exactdn.com\/wp-content\/uploads\/2024\/07\/Sommercamp-Kindergarten-1.-Woche-74-768x1024.jpeg?strip=all 768w, https:\/\/e969z83yjsq.exactdn.com\/wp-content\/uploads\/2024\/07\/Sommercamp-Kindergarten-1.-Woche-74-1152x1536.jpeg?strip=all 1152w, https:\/\/e969z83yjsq.exactdn.com\/wp-content\/uploads\/2024\/07\/Sommercamp-Kindergarten-1.-Woche-74-320x427.jpeg?strip=all 320w, https:\/\/e969z83yjsq.exactdn.com\/wp-content\/uploads\/2024\/07\/Sommercamp-Kindergarten-1.-Woche-74.jpeg?strip=all&amp;w=864 864w\" sizes=\"(max-width: 317px) 100vw, 317px\" \/>\n\t\t<div class=\"figc no-description\">\n\t\t\t<div class=\"figc-inner\">\n\t\t\t\t\t\t\t\t\t\t\t\t\t\t\t<\/div>\n\t\t<\/div>\n\n\t<\/div>\n\n<\/div><div class=\"modula-item effect-pufrobo jtg-filter-all jtg-filter-\" >\n\t<div class=\"modula-item-overlay\"><\/div>\n\n\t<div class=\"modula-item-content\">\n\n\t\t<a data-image-id=\"81630\" role=\"button\" data-elementor-open-lightbox=\"no\" tabindex=\"0\" rel=\"jtg-81572\" data-caption=\"&lt;span class=&quot;modula-caption-description&quot;&gt;&lt;\/span&gt;\" aria-label=\"Bilder in Lightbox \u00f6ffnen\" data-thumb=\"https:\/\/e969z83yjsq.exactdn.com\/wp-content\/uploads\/2024\/07\/Sommercamp-Kindergarten-1.-Woche-73-317x423.jpeg?strip=all\" class=\"tile-inner modula-item-link\"><\/a><img loading=\"lazy\" decoding=\"async\" class=\"pic wp-image-81630\"  data-valign=\"middle\" data-halign=\"center\" alt=\"\" data-full=\"https:\/\/www.dstenerife.eu\/wp-content\/uploads\/2024\/07\/Sommercamp-Kindergarten-1.-Woche-73.jpeg\" title=\"Sommercamp Kindergarten 1. Woche (73)\" crop=\"\" width=\"317\" height=\"423\" src=\"https:\/\/e969z83yjsq.exactdn.com\/wp-content\/uploads\/2024\/07\/Sommercamp-Kindergarten-1.-Woche-73-317x423.jpeg?strip=all\" data-src=\"https:\/\/e969z83yjsq.exactdn.com\/wp-content\/uploads\/2024\/07\/Sommercamp-Kindergarten-1.-Woche-73-317x423.jpeg?strip=all\" data-caption=\"\" srcset=\"https:\/\/e969z83yjsq.exactdn.com\/wp-content\/uploads\/2024\/07\/Sommercamp-Kindergarten-1.-Woche-73.jpeg?strip=all 1440w, https:\/\/e969z83yjsq.exactdn.com\/wp-content\/uploads\/2024\/07\/Sommercamp-Kindergarten-1.-Woche-73-317x423.jpeg?strip=all 317w, https:\/\/e969z83yjsq.exactdn.com\/wp-content\/uploads\/2024\/07\/Sommercamp-Kindergarten-1.-Woche-73-540x720.jpeg?strip=all 540w, https:\/\/e969z83yjsq.exactdn.com\/wp-content\/uploads\/2024\/07\/Sommercamp-Kindergarten-1.-Woche-73-768x1024.jpeg?strip=all 768w, https:\/\/e969z83yjsq.exactdn.com\/wp-content\/uploads\/2024\/07\/Sommercamp-Kindergarten-1.-Woche-73-1152x1536.jpeg?strip=all 1152w, https:\/\/e969z83yjsq.exactdn.com\/wp-content\/uploads\/2024\/07\/Sommercamp-Kindergarten-1.-Woche-73-320x427.jpeg?strip=all 320w, https:\/\/e969z83yjsq.exactdn.com\/wp-content\/uploads\/2024\/07\/Sommercamp-Kindergarten-1.-Woche-73.jpeg?strip=all&amp;w=864 864w\" sizes=\"(max-width: 317px) 100vw, 317px\" \/>\n\t\t<div class=\"figc no-description\">\n\t\t\t<div class=\"figc-inner\">\n\t\t\t\t\t\t\t\t\t\t\t\t\t\t\t<\/div>\n\t\t<\/div>\n\n\t<\/div>\n\n<\/div><div class=\"modula-item effect-pufrobo jtg-filter-all jtg-filter-\" >\n\t<div class=\"modula-item-overlay\"><\/div>\n\n\t<div class=\"modula-item-content\">\n\n\t\t<a data-image-id=\"81632\" role=\"button\" data-elementor-open-lightbox=\"no\" tabindex=\"0\" rel=\"jtg-81572\" data-caption=\"&lt;span class=&quot;modula-caption-description&quot;&gt;&lt;\/span&gt;\" aria-label=\"Bilder in Lightbox \u00f6ffnen\" data-thumb=\"https:\/\/e969z83yjsq.exactdn.com\/wp-content\/uploads\/2024\/07\/Sommercamp-Kindergarten-1.-Woche-72-317x423.jpeg?strip=all\" class=\"tile-inner modula-item-link\"><\/a><img loading=\"lazy\" decoding=\"async\" class=\"pic wp-image-81632\"  data-valign=\"middle\" data-halign=\"center\" alt=\"\" data-full=\"https:\/\/www.dstenerife.eu\/wp-content\/uploads\/2024\/07\/Sommercamp-Kindergarten-1.-Woche-72.jpeg\" title=\"Sommercamp Kindergarten 1. Woche (72)\" crop=\"\" width=\"317\" height=\"423\" src=\"https:\/\/e969z83yjsq.exactdn.com\/wp-content\/uploads\/2024\/07\/Sommercamp-Kindergarten-1.-Woche-72-317x423.jpeg?strip=all\" data-src=\"https:\/\/e969z83yjsq.exactdn.com\/wp-content\/uploads\/2024\/07\/Sommercamp-Kindergarten-1.-Woche-72-317x423.jpeg?strip=all\" data-caption=\"\" srcset=\"https:\/\/e969z83yjsq.exactdn.com\/wp-content\/uploads\/2024\/07\/Sommercamp-Kindergarten-1.-Woche-72.jpeg?strip=all 1440w, https:\/\/e969z83yjsq.exactdn.com\/wp-content\/uploads\/2024\/07\/Sommercamp-Kindergarten-1.-Woche-72-317x423.jpeg?strip=all 317w, https:\/\/e969z83yjsq.exactdn.com\/wp-content\/uploads\/2024\/07\/Sommercamp-Kindergarten-1.-Woche-72-540x720.jpeg?strip=all 540w, https:\/\/e969z83yjsq.exactdn.com\/wp-content\/uploads\/2024\/07\/Sommercamp-Kindergarten-1.-Woche-72-768x1024.jpeg?strip=all 768w, https:\/\/e969z83yjsq.exactdn.com\/wp-content\/uploads\/2024\/07\/Sommercamp-Kindergarten-1.-Woche-72-1152x1536.jpeg?strip=all 1152w, https:\/\/e969z83yjsq.exactdn.com\/wp-content\/uploads\/2024\/07\/Sommercamp-Kindergarten-1.-Woche-72-320x427.jpeg?strip=all 320w, https:\/\/e969z83yjsq.exactdn.com\/wp-content\/uploads\/2024\/07\/Sommercamp-Kindergarten-1.-Woche-72.jpeg?strip=all&amp;w=864 864w\" sizes=\"(max-width: 317px) 100vw, 317px\" \/>\n\t\t<div class=\"figc no-description\">\n\t\t\t<div class=\"figc-inner\">\n\t\t\t\t\t\t\t\t\t\t\t\t\t\t\t<\/div>\n\t\t<\/div>\n\n\t<\/div>\n\n<\/div><div class=\"modula-item effect-pufrobo jtg-filter-all jtg-filter-\" >\n\t<div class=\"modula-item-overlay\"><\/div>\n\n\t<div class=\"modula-item-content\">\n\n\t\t<a data-image-id=\"81634\" role=\"button\" data-elementor-open-lightbox=\"no\" tabindex=\"0\" rel=\"jtg-81572\" data-caption=\"&lt;span class=&quot;modula-caption-description&quot;&gt;&lt;\/span&gt;\" aria-label=\"Bilder in Lightbox \u00f6ffnen\" data-thumb=\"https:\/\/e969z83yjsq.exactdn.com\/wp-content\/uploads\/2024\/07\/Sommercamp-Kindergarten-1.-Woche-71-317x423.jpeg?strip=all\" class=\"tile-inner modula-item-link\"><\/a><img loading=\"lazy\" decoding=\"async\" class=\"pic wp-image-81634\"  data-valign=\"middle\" data-halign=\"center\" alt=\"\" data-full=\"https:\/\/www.dstenerife.eu\/wp-content\/uploads\/2024\/07\/Sommercamp-Kindergarten-1.-Woche-71.jpeg\" title=\"Sommercamp Kindergarten 1. Woche (71)\" crop=\"\" width=\"317\" height=\"423\" src=\"https:\/\/e969z83yjsq.exactdn.com\/wp-content\/uploads\/2024\/07\/Sommercamp-Kindergarten-1.-Woche-71-317x423.jpeg?strip=all\" data-src=\"https:\/\/e969z83yjsq.exactdn.com\/wp-content\/uploads\/2024\/07\/Sommercamp-Kindergarten-1.-Woche-71-317x423.jpeg?strip=all\" data-caption=\"\" srcset=\"https:\/\/e969z83yjsq.exactdn.com\/wp-content\/uploads\/2024\/07\/Sommercamp-Kindergarten-1.-Woche-71.jpeg?strip=all 1440w, https:\/\/e969z83yjsq.exactdn.com\/wp-content\/uploads\/2024\/07\/Sommercamp-Kindergarten-1.-Woche-71-317x423.jpeg?strip=all 317w, https:\/\/e969z83yjsq.exactdn.com\/wp-content\/uploads\/2024\/07\/Sommercamp-Kindergarten-1.-Woche-71-540x720.jpeg?strip=all 540w, https:\/\/e969z83yjsq.exactdn.com\/wp-content\/uploads\/2024\/07\/Sommercamp-Kindergarten-1.-Woche-71-768x1024.jpeg?strip=all 768w, https:\/\/e969z83yjsq.exactdn.com\/wp-content\/uploads\/2024\/07\/Sommercamp-Kindergarten-1.-Woche-71-1152x1536.jpeg?strip=all 1152w, https:\/\/e969z83yjsq.exactdn.com\/wp-content\/uploads\/2024\/07\/Sommercamp-Kindergarten-1.-Woche-71-320x427.jpeg?strip=all 320w, https:\/\/e969z83yjsq.exactdn.com\/wp-content\/uploads\/2024\/07\/Sommercamp-Kindergarten-1.-Woche-71.jpeg?strip=all&amp;w=864 864w\" sizes=\"(max-width: 317px) 100vw, 317px\" \/>\n\t\t<div class=\"figc no-description\">\n\t\t\t<div class=\"figc-inner\">\n\t\t\t\t\t\t\t\t\t\t\t\t\t\t\t<\/div>\n\t\t<\/div>\n\n\t<\/div>\n\n<\/div><div class=\"modula-item effect-pufrobo jtg-filter-all jtg-filter-\" >\n\t<div class=\"modula-item-overlay\"><\/div>\n\n\t<div class=\"modula-item-content\">\n\n\t\t<a data-image-id=\"81636\" role=\"button\" data-elementor-open-lightbox=\"no\" tabindex=\"0\" rel=\"jtg-81572\" data-caption=\"&lt;span class=&quot;modula-caption-description&quot;&gt;&lt;\/span&gt;\" aria-label=\"Bilder in Lightbox \u00f6ffnen\" data-thumb=\"https:\/\/e969z83yjsq.exactdn.com\/wp-content\/uploads\/2024\/07\/Sommercamp-Kindergarten-1.-Woche-70-317x423.jpeg?strip=all\" class=\"tile-inner modula-item-link\"><\/a><img loading=\"lazy\" decoding=\"async\" class=\"pic wp-image-81636\"  data-valign=\"middle\" data-halign=\"center\" alt=\"\" data-full=\"https:\/\/www.dstenerife.eu\/wp-content\/uploads\/2024\/07\/Sommercamp-Kindergarten-1.-Woche-70.jpeg\" title=\"Sommercamp Kindergarten 1. Woche (70)\" crop=\"\" width=\"317\" height=\"423\" src=\"https:\/\/e969z83yjsq.exactdn.com\/wp-content\/uploads\/2024\/07\/Sommercamp-Kindergarten-1.-Woche-70-317x423.jpeg?strip=all\" data-src=\"https:\/\/e969z83yjsq.exactdn.com\/wp-content\/uploads\/2024\/07\/Sommercamp-Kindergarten-1.-Woche-70-317x423.jpeg?strip=all\" data-caption=\"\" srcset=\"https:\/\/e969z83yjsq.exactdn.com\/wp-content\/uploads\/2024\/07\/Sommercamp-Kindergarten-1.-Woche-70.jpeg?strip=all 1440w, https:\/\/e969z83yjsq.exactdn.com\/wp-content\/uploads\/2024\/07\/Sommercamp-Kindergarten-1.-Woche-70-317x423.jpeg?strip=all 317w, https:\/\/e969z83yjsq.exactdn.com\/wp-content\/uploads\/2024\/07\/Sommercamp-Kindergarten-1.-Woche-70-540x720.jpeg?strip=all 540w, https:\/\/e969z83yjsq.exactdn.com\/wp-content\/uploads\/2024\/07\/Sommercamp-Kindergarten-1.-Woche-70-768x1024.jpeg?strip=all 768w, https:\/\/e969z83yjsq.exactdn.com\/wp-content\/uploads\/2024\/07\/Sommercamp-Kindergarten-1.-Woche-70-1152x1536.jpeg?strip=all 1152w, https:\/\/e969z83yjsq.exactdn.com\/wp-content\/uploads\/2024\/07\/Sommercamp-Kindergarten-1.-Woche-70-320x427.jpeg?strip=all 320w, https:\/\/e969z83yjsq.exactdn.com\/wp-content\/uploads\/2024\/07\/Sommercamp-Kindergarten-1.-Woche-70.jpeg?strip=all&amp;w=864 864w\" sizes=\"(max-width: 317px) 100vw, 317px\" \/>\n\t\t<div class=\"figc no-description\">\n\t\t\t<div class=\"figc-inner\">\n\t\t\t\t\t\t\t\t\t\t\t\t\t\t\t<\/div>\n\t\t<\/div>\n\n\t<\/div>\n\n<\/div><div class=\"modula-item effect-pufrobo jtg-filter-all jtg-filter-\" >\n\t<div class=\"modula-item-overlay\"><\/div>\n\n\t<div class=\"modula-item-content\">\n\n\t\t<a data-image-id=\"81638\" role=\"button\" data-elementor-open-lightbox=\"no\" tabindex=\"0\" rel=\"jtg-81572\" data-caption=\"&lt;span class=&quot;modula-caption-description&quot;&gt;&lt;\/span&gt;\" aria-label=\"Bilder in Lightbox \u00f6ffnen\" data-thumb=\"https:\/\/e969z83yjsq.exactdn.com\/wp-content\/uploads\/2024\/07\/Sommercamp-Kindergarten-1.-Woche-69-317x423.jpeg?strip=all\" class=\"tile-inner modula-item-link\"><\/a><img loading=\"lazy\" decoding=\"async\" class=\"pic wp-image-81638\"  data-valign=\"middle\" data-halign=\"center\" alt=\"\" data-full=\"https:\/\/www.dstenerife.eu\/wp-content\/uploads\/2024\/07\/Sommercamp-Kindergarten-1.-Woche-69.jpeg\" title=\"Sommercamp Kindergarten 1. Woche (69)\" crop=\"\" width=\"317\" height=\"423\" src=\"https:\/\/e969z83yjsq.exactdn.com\/wp-content\/uploads\/2024\/07\/Sommercamp-Kindergarten-1.-Woche-69-317x423.jpeg?strip=all\" data-src=\"https:\/\/e969z83yjsq.exactdn.com\/wp-content\/uploads\/2024\/07\/Sommercamp-Kindergarten-1.-Woche-69-317x423.jpeg?strip=all\" data-caption=\"\" srcset=\"https:\/\/e969z83yjsq.exactdn.com\/wp-content\/uploads\/2024\/07\/Sommercamp-Kindergarten-1.-Woche-69.jpeg?strip=all 1440w, https:\/\/e969z83yjsq.exactdn.com\/wp-content\/uploads\/2024\/07\/Sommercamp-Kindergarten-1.-Woche-69-317x423.jpeg?strip=all 317w, https:\/\/e969z83yjsq.exactdn.com\/wp-content\/uploads\/2024\/07\/Sommercamp-Kindergarten-1.-Woche-69-540x720.jpeg?strip=all 540w, https:\/\/e969z83yjsq.exactdn.com\/wp-content\/uploads\/2024\/07\/Sommercamp-Kindergarten-1.-Woche-69-768x1024.jpeg?strip=all 768w, https:\/\/e969z83yjsq.exactdn.com\/wp-content\/uploads\/2024\/07\/Sommercamp-Kindergarten-1.-Woche-69-1152x1536.jpeg?strip=all 1152w, https:\/\/e969z83yjsq.exactdn.com\/wp-content\/uploads\/2024\/07\/Sommercamp-Kindergarten-1.-Woche-69-320x427.jpeg?strip=all 320w, https:\/\/e969z83yjsq.exactdn.com\/wp-content\/uploads\/2024\/07\/Sommercamp-Kindergarten-1.-Woche-69.jpeg?strip=all&amp;w=864 864w\" sizes=\"(max-width: 317px) 100vw, 317px\" \/>\n\t\t<div class=\"figc no-description\">\n\t\t\t<div class=\"figc-inner\">\n\t\t\t\t\t\t\t\t\t\t\t\t\t\t\t<\/div>\n\t\t<\/div>\n\n\t<\/div>\n\n<\/div><div class=\"modula-item effect-pufrobo jtg-filter-all jtg-filter-\" >\n\t<div class=\"modula-item-overlay\"><\/div>\n\n\t<div class=\"modula-item-content\">\n\n\t\t<a data-image-id=\"81640\" role=\"button\" data-elementor-open-lightbox=\"no\" tabindex=\"0\" rel=\"jtg-81572\" data-caption=\"&lt;span class=&quot;modula-caption-description&quot;&gt;&lt;\/span&gt;\" aria-label=\"Bilder in Lightbox \u00f6ffnen\" data-thumb=\"https:\/\/e969z83yjsq.exactdn.com\/wp-content\/uploads\/2024\/07\/Sommercamp-Kindergarten-1.-Woche-68-317x423.jpeg?strip=all\" class=\"tile-inner modula-item-link\"><\/a><img loading=\"lazy\" decoding=\"async\" class=\"pic wp-image-81640\"  data-valign=\"middle\" data-halign=\"center\" alt=\"\" data-full=\"https:\/\/www.dstenerife.eu\/wp-content\/uploads\/2024\/07\/Sommercamp-Kindergarten-1.-Woche-68.jpeg\" title=\"Sommercamp Kindergarten 1. Woche (68)\" crop=\"\" width=\"317\" height=\"423\" src=\"https:\/\/e969z83yjsq.exactdn.com\/wp-content\/uploads\/2024\/07\/Sommercamp-Kindergarten-1.-Woche-68-317x423.jpeg?strip=all\" data-src=\"https:\/\/e969z83yjsq.exactdn.com\/wp-content\/uploads\/2024\/07\/Sommercamp-Kindergarten-1.-Woche-68-317x423.jpeg?strip=all\" data-caption=\"\" srcset=\"https:\/\/e969z83yjsq.exactdn.com\/wp-content\/uploads\/2024\/07\/Sommercamp-Kindergarten-1.-Woche-68.jpeg?strip=all 1440w, https:\/\/e969z83yjsq.exactdn.com\/wp-content\/uploads\/2024\/07\/Sommercamp-Kindergarten-1.-Woche-68-317x423.jpeg?strip=all 317w, https:\/\/e969z83yjsq.exactdn.com\/wp-content\/uploads\/2024\/07\/Sommercamp-Kindergarten-1.-Woche-68-540x720.jpeg?strip=all 540w, https:\/\/e969z83yjsq.exactdn.com\/wp-content\/uploads\/2024\/07\/Sommercamp-Kindergarten-1.-Woche-68-768x1024.jpeg?strip=all 768w, https:\/\/e969z83yjsq.exactdn.com\/wp-content\/uploads\/2024\/07\/Sommercamp-Kindergarten-1.-Woche-68-1152x1536.jpeg?strip=all 1152w, https:\/\/e969z83yjsq.exactdn.com\/wp-content\/uploads\/2024\/07\/Sommercamp-Kindergarten-1.-Woche-68-320x427.jpeg?strip=all 320w, https:\/\/e969z83yjsq.exactdn.com\/wp-content\/uploads\/2024\/07\/Sommercamp-Kindergarten-1.-Woche-68.jpeg?strip=all&amp;w=864 864w\" sizes=\"(max-width: 317px) 100vw, 317px\" \/>\n\t\t<div class=\"figc no-description\">\n\t\t\t<div class=\"figc-inner\">\n\t\t\t\t\t\t\t\t\t\t\t\t\t\t\t<\/div>\n\t\t<\/div>\n\n\t<\/div>\n\n<\/div><div class=\"modula-item effect-pufrobo jtg-filter-all jtg-filter-\" >\n\t<div class=\"modula-item-overlay\"><\/div>\n\n\t<div class=\"modula-item-content\">\n\n\t\t<a data-image-id=\"81642\" role=\"button\" data-elementor-open-lightbox=\"no\" tabindex=\"0\" rel=\"jtg-81572\" data-caption=\"&lt;span class=&quot;modula-caption-description&quot;&gt;&lt;\/span&gt;\" aria-label=\"Bilder in Lightbox \u00f6ffnen\" data-thumb=\"https:\/\/e969z83yjsq.exactdn.com\/wp-content\/uploads\/2024\/07\/Sommercamp-Kindergarten-1.-Woche-67-317x423.jpeg?strip=all\" class=\"tile-inner modula-item-link\"><\/a><img loading=\"lazy\" decoding=\"async\" class=\"pic wp-image-81642\"  data-valign=\"middle\" data-halign=\"center\" alt=\"\" data-full=\"https:\/\/www.dstenerife.eu\/wp-content\/uploads\/2024\/07\/Sommercamp-Kindergarten-1.-Woche-67.jpeg\" title=\"Sommercamp Kindergarten 1. Woche (67)\" crop=\"\" width=\"317\" height=\"423\" src=\"https:\/\/e969z83yjsq.exactdn.com\/wp-content\/uploads\/2024\/07\/Sommercamp-Kindergarten-1.-Woche-67-317x423.jpeg?strip=all\" data-src=\"https:\/\/e969z83yjsq.exactdn.com\/wp-content\/uploads\/2024\/07\/Sommercamp-Kindergarten-1.-Woche-67-317x423.jpeg?strip=all\" data-caption=\"\" srcset=\"https:\/\/e969z83yjsq.exactdn.com\/wp-content\/uploads\/2024\/07\/Sommercamp-Kindergarten-1.-Woche-67.jpeg?strip=all 1440w, https:\/\/e969z83yjsq.exactdn.com\/wp-content\/uploads\/2024\/07\/Sommercamp-Kindergarten-1.-Woche-67-317x423.jpeg?strip=all 317w, https:\/\/e969z83yjsq.exactdn.com\/wp-content\/uploads\/2024\/07\/Sommercamp-Kindergarten-1.-Woche-67-540x720.jpeg?strip=all 540w, https:\/\/e969z83yjsq.exactdn.com\/wp-content\/uploads\/2024\/07\/Sommercamp-Kindergarten-1.-Woche-67-768x1024.jpeg?strip=all 768w, https:\/\/e969z83yjsq.exactdn.com\/wp-content\/uploads\/2024\/07\/Sommercamp-Kindergarten-1.-Woche-67-1152x1536.jpeg?strip=all 1152w, https:\/\/e969z83yjsq.exactdn.com\/wp-content\/uploads\/2024\/07\/Sommercamp-Kindergarten-1.-Woche-67-320x427.jpeg?strip=all 320w, https:\/\/e969z83yjsq.exactdn.com\/wp-content\/uploads\/2024\/07\/Sommercamp-Kindergarten-1.-Woche-67.jpeg?strip=all&amp;w=864 864w\" sizes=\"(max-width: 317px) 100vw, 317px\" \/>\n\t\t<div class=\"figc no-description\">\n\t\t\t<div class=\"figc-inner\">\n\t\t\t\t\t\t\t\t\t\t\t\t\t\t\t<\/div>\n\t\t<\/div>\n\n\t<\/div>\n\n<\/div><div class=\"modula-item effect-pufrobo jtg-filter-all jtg-filter-\" >\n\t<div class=\"modula-item-overlay\"><\/div>\n\n\t<div class=\"modula-item-content\">\n\n\t\t<a data-image-id=\"81644\" role=\"button\" data-elementor-open-lightbox=\"no\" tabindex=\"0\" rel=\"jtg-81572\" data-caption=\"&lt;span class=&quot;modula-caption-description&quot;&gt;&lt;\/span&gt;\" aria-label=\"Bilder in Lightbox \u00f6ffnen\" data-thumb=\"https:\/\/e969z83yjsq.exactdn.com\/wp-content\/uploads\/2024\/07\/Sommercamp-Kindergarten-1.-Woche-66-317x423.jpeg?strip=all\" class=\"tile-inner modula-item-link\"><\/a><img loading=\"lazy\" decoding=\"async\" class=\"pic wp-image-81644\"  data-valign=\"middle\" data-halign=\"center\" alt=\"\" data-full=\"https:\/\/www.dstenerife.eu\/wp-content\/uploads\/2024\/07\/Sommercamp-Kindergarten-1.-Woche-66.jpeg\" title=\"Sommercamp Kindergarten 1. Woche (66)\" crop=\"\" width=\"317\" height=\"423\" src=\"https:\/\/e969z83yjsq.exactdn.com\/wp-content\/uploads\/2024\/07\/Sommercamp-Kindergarten-1.-Woche-66-317x423.jpeg?strip=all\" data-src=\"https:\/\/e969z83yjsq.exactdn.com\/wp-content\/uploads\/2024\/07\/Sommercamp-Kindergarten-1.-Woche-66-317x423.jpeg?strip=all\" data-caption=\"\" srcset=\"https:\/\/e969z83yjsq.exactdn.com\/wp-content\/uploads\/2024\/07\/Sommercamp-Kindergarten-1.-Woche-66.jpeg?strip=all 1440w, https:\/\/e969z83yjsq.exactdn.com\/wp-content\/uploads\/2024\/07\/Sommercamp-Kindergarten-1.-Woche-66-317x423.jpeg?strip=all 317w, https:\/\/e969z83yjsq.exactdn.com\/wp-content\/uploads\/2024\/07\/Sommercamp-Kindergarten-1.-Woche-66-540x720.jpeg?strip=all 540w, https:\/\/e969z83yjsq.exactdn.com\/wp-content\/uploads\/2024\/07\/Sommercamp-Kindergarten-1.-Woche-66-768x1024.jpeg?strip=all 768w, https:\/\/e969z83yjsq.exactdn.com\/wp-content\/uploads\/2024\/07\/Sommercamp-Kindergarten-1.-Woche-66-1152x1536.jpeg?strip=all 1152w, https:\/\/e969z83yjsq.exactdn.com\/wp-content\/uploads\/2024\/07\/Sommercamp-Kindergarten-1.-Woche-66-320x427.jpeg?strip=all 320w, https:\/\/e969z83yjsq.exactdn.com\/wp-content\/uploads\/2024\/07\/Sommercamp-Kindergarten-1.-Woche-66.jpeg?strip=all&amp;w=864 864w\" sizes=\"(max-width: 317px) 100vw, 317px\" \/>\n\t\t<div class=\"figc no-description\">\n\t\t\t<div class=\"figc-inner\">\n\t\t\t\t\t\t\t\t\t\t\t\t\t\t\t<\/div>\n\t\t<\/div>\n\n\t<\/div>\n\n<\/div><div class=\"modula-item effect-pufrobo jtg-filter-all jtg-filter-\" >\n\t<div class=\"modula-item-overlay\"><\/div>\n\n\t<div class=\"modula-item-content\">\n\n\t\t<a data-image-id=\"81646\" role=\"button\" data-elementor-open-lightbox=\"no\" tabindex=\"0\" rel=\"jtg-81572\" data-caption=\"&lt;span class=&quot;modula-caption-description&quot;&gt;&lt;\/span&gt;\" aria-label=\"Bilder in Lightbox \u00f6ffnen\" data-thumb=\"https:\/\/e969z83yjsq.exactdn.com\/wp-content\/uploads\/2024\/07\/Sommercamp-Kindergarten-1.-Woche-65-317x423.jpeg?strip=all\" class=\"tile-inner modula-item-link\"><\/a><img loading=\"lazy\" decoding=\"async\" class=\"pic wp-image-81646\"  data-valign=\"middle\" data-halign=\"center\" alt=\"\" data-full=\"https:\/\/www.dstenerife.eu\/wp-content\/uploads\/2024\/07\/Sommercamp-Kindergarten-1.-Woche-65.jpeg\" title=\"Sommercamp Kindergarten 1. Woche (65)\" crop=\"\" width=\"317\" height=\"423\" src=\"https:\/\/e969z83yjsq.exactdn.com\/wp-content\/uploads\/2024\/07\/Sommercamp-Kindergarten-1.-Woche-65-317x423.jpeg?strip=all\" data-src=\"https:\/\/e969z83yjsq.exactdn.com\/wp-content\/uploads\/2024\/07\/Sommercamp-Kindergarten-1.-Woche-65-317x423.jpeg?strip=all\" data-caption=\"\" srcset=\"https:\/\/e969z83yjsq.exactdn.com\/wp-content\/uploads\/2024\/07\/Sommercamp-Kindergarten-1.-Woche-65.jpeg?strip=all 1440w, https:\/\/e969z83yjsq.exactdn.com\/wp-content\/uploads\/2024\/07\/Sommercamp-Kindergarten-1.-Woche-65-317x423.jpeg?strip=all 317w, https:\/\/e969z83yjsq.exactdn.com\/wp-content\/uploads\/2024\/07\/Sommercamp-Kindergarten-1.-Woche-65-540x720.jpeg?strip=all 540w, https:\/\/e969z83yjsq.exactdn.com\/wp-content\/uploads\/2024\/07\/Sommercamp-Kindergarten-1.-Woche-65-768x1024.jpeg?strip=all 768w, https:\/\/e969z83yjsq.exactdn.com\/wp-content\/uploads\/2024\/07\/Sommercamp-Kindergarten-1.-Woche-65-1152x1536.jpeg?strip=all 1152w, https:\/\/e969z83yjsq.exactdn.com\/wp-content\/uploads\/2024\/07\/Sommercamp-Kindergarten-1.-Woche-65-320x427.jpeg?strip=all 320w, https:\/\/e969z83yjsq.exactdn.com\/wp-content\/uploads\/2024\/07\/Sommercamp-Kindergarten-1.-Woche-65.jpeg?strip=all&amp;w=864 864w\" sizes=\"(max-width: 317px) 100vw, 317px\" \/>\n\t\t<div class=\"figc no-description\">\n\t\t\t<div class=\"figc-inner\">\n\t\t\t\t\t\t\t\t\t\t\t\t\t\t\t<\/div>\n\t\t<\/div>\n\n\t<\/div>\n\n<\/div><div class=\"modula-item effect-pufrobo jtg-filter-all jtg-filter-\" >\n\t<div class=\"modula-item-overlay\"><\/div>\n\n\t<div class=\"modula-item-content\">\n\n\t\t<a data-image-id=\"81648\" role=\"button\" data-elementor-open-lightbox=\"no\" tabindex=\"0\" rel=\"jtg-81572\" data-caption=\"&lt;span class=&quot;modula-caption-description&quot;&gt;&lt;\/span&gt;\" aria-label=\"Bilder in Lightbox \u00f6ffnen\" data-thumb=\"https:\/\/e969z83yjsq.exactdn.com\/wp-content\/uploads\/2024\/07\/Sommercamp-Kindergarten-1.-Woche-64-317x423.jpeg?strip=all\" class=\"tile-inner modula-item-link\"><\/a><img loading=\"lazy\" decoding=\"async\" class=\"pic wp-image-81648\"  data-valign=\"middle\" data-halign=\"center\" alt=\"\" data-full=\"https:\/\/www.dstenerife.eu\/wp-content\/uploads\/2024\/07\/Sommercamp-Kindergarten-1.-Woche-64.jpeg\" title=\"Sommercamp Kindergarten 1. Woche (64)\" crop=\"\" width=\"317\" height=\"423\" src=\"https:\/\/e969z83yjsq.exactdn.com\/wp-content\/uploads\/2024\/07\/Sommercamp-Kindergarten-1.-Woche-64-317x423.jpeg?strip=all\" data-src=\"https:\/\/e969z83yjsq.exactdn.com\/wp-content\/uploads\/2024\/07\/Sommercamp-Kindergarten-1.-Woche-64-317x423.jpeg?strip=all\" data-caption=\"\" srcset=\"https:\/\/e969z83yjsq.exactdn.com\/wp-content\/uploads\/2024\/07\/Sommercamp-Kindergarten-1.-Woche-64.jpeg?strip=all 1440w, https:\/\/e969z83yjsq.exactdn.com\/wp-content\/uploads\/2024\/07\/Sommercamp-Kindergarten-1.-Woche-64-317x423.jpeg?strip=all 317w, https:\/\/e969z83yjsq.exactdn.com\/wp-content\/uploads\/2024\/07\/Sommercamp-Kindergarten-1.-Woche-64-540x720.jpeg?strip=all 540w, https:\/\/e969z83yjsq.exactdn.com\/wp-content\/uploads\/2024\/07\/Sommercamp-Kindergarten-1.-Woche-64-768x1024.jpeg?strip=all 768w, https:\/\/e969z83yjsq.exactdn.com\/wp-content\/uploads\/2024\/07\/Sommercamp-Kindergarten-1.-Woche-64-1152x1536.jpeg?strip=all 1152w, https:\/\/e969z83yjsq.exactdn.com\/wp-content\/uploads\/2024\/07\/Sommercamp-Kindergarten-1.-Woche-64-320x427.jpeg?strip=all 320w, https:\/\/e969z83yjsq.exactdn.com\/wp-content\/uploads\/2024\/07\/Sommercamp-Kindergarten-1.-Woche-64.jpeg?strip=all&amp;w=864 864w\" sizes=\"(max-width: 317px) 100vw, 317px\" \/>\n\t\t<div class=\"figc no-description\">\n\t\t\t<div class=\"figc-inner\">\n\t\t\t\t\t\t\t\t\t\t\t\t\t\t\t<\/div>\n\t\t<\/div>\n\n\t<\/div>\n\n<\/div><div class=\"modula-item effect-pufrobo jtg-filter-all jtg-filter-\" >\n\t<div class=\"modula-item-overlay\"><\/div>\n\n\t<div class=\"modula-item-content\">\n\n\t\t<a data-image-id=\"81650\" role=\"button\" data-elementor-open-lightbox=\"no\" tabindex=\"0\" rel=\"jtg-81572\" data-caption=\"&lt;span class=&quot;modula-caption-description&quot;&gt;&lt;\/span&gt;\" aria-label=\"Bilder in Lightbox \u00f6ffnen\" data-thumb=\"https:\/\/e969z83yjsq.exactdn.com\/wp-content\/uploads\/2024\/07\/Sommercamp-Kindergarten-1.-Woche-63-564x423.jpeg?strip=all\" class=\"tile-inner modula-item-link\"><\/a><img loading=\"lazy\" decoding=\"async\" class=\"pic wp-image-81650\"  data-valign=\"middle\" data-halign=\"center\" alt=\"\" data-full=\"https:\/\/www.dstenerife.eu\/wp-content\/uploads\/2024\/07\/Sommercamp-Kindergarten-1.-Woche-63.jpeg\" title=\"Sommercamp Kindergarten 1. Woche (63)\" crop=\"\" width=\"564\" height=\"423\" src=\"https:\/\/e969z83yjsq.exactdn.com\/wp-content\/uploads\/2024\/07\/Sommercamp-Kindergarten-1.-Woche-63-564x423.jpeg?strip=all\" data-src=\"https:\/\/e969z83yjsq.exactdn.com\/wp-content\/uploads\/2024\/07\/Sommercamp-Kindergarten-1.-Woche-63-564x423.jpeg?strip=all\" data-caption=\"\" srcset=\"https:\/\/e969z83yjsq.exactdn.com\/wp-content\/uploads\/2024\/07\/Sommercamp-Kindergarten-1.-Woche-63.jpeg?strip=all 1920w, https:\/\/e969z83yjsq.exactdn.com\/wp-content\/uploads\/2024\/07\/Sommercamp-Kindergarten-1.-Woche-63-564x423.jpeg?strip=all 564w, https:\/\/e969z83yjsq.exactdn.com\/wp-content\/uploads\/2024\/07\/Sommercamp-Kindergarten-1.-Woche-63-960x720.jpeg?strip=all 960w, https:\/\/e969z83yjsq.exactdn.com\/wp-content\/uploads\/2024\/07\/Sommercamp-Kindergarten-1.-Woche-63-768x576.jpeg?strip=all 768w, https:\/\/e969z83yjsq.exactdn.com\/wp-content\/uploads\/2024\/07\/Sommercamp-Kindergarten-1.-Woche-63-1536x1152.jpeg?strip=all 1536w, https:\/\/e969z83yjsq.exactdn.com\/wp-content\/uploads\/2024\/07\/Sommercamp-Kindergarten-1.-Woche-63-320x240.jpeg?strip=all 320w, https:\/\/e969z83yjsq.exactdn.com\/wp-content\/uploads\/2024\/07\/Sommercamp-Kindergarten-1.-Woche-63.jpeg?strip=all&amp;w=384 384w, https:\/\/e969z83yjsq.exactdn.com\/wp-content\/uploads\/2024\/07\/Sommercamp-Kindergarten-1.-Woche-63.jpeg?strip=all&amp;w=1152 1152w, https:\/\/e969z83yjsq.exactdn.com\/wp-content\/uploads\/2024\/07\/Sommercamp-Kindergarten-1.-Woche-63.jpeg?strip=all&amp;w=450 450w\" sizes=\"(max-width: 564px) 100vw, 564px\" \/>\n\t\t<div class=\"figc no-description\">\n\t\t\t<div class=\"figc-inner\">\n\t\t\t\t\t\t\t\t\t\t\t\t\t\t\t<\/div>\n\t\t<\/div>\n\n\t<\/div>\n\n<\/div><div class=\"modula-item effect-pufrobo jtg-filter-all jtg-filter-\" >\n\t<div class=\"modula-item-overlay\"><\/div>\n\n\t<div class=\"modula-item-content\">\n\n\t\t<a data-image-id=\"81652\" role=\"button\" data-elementor-open-lightbox=\"no\" tabindex=\"0\" rel=\"jtg-81572\" data-caption=\"&lt;span class=&quot;modula-caption-description&quot;&gt;&lt;\/span&gt;\" aria-label=\"Bilder in Lightbox \u00f6ffnen\" data-thumb=\"https:\/\/e969z83yjsq.exactdn.com\/wp-content\/uploads\/2024\/07\/Sommercamp-Kindergarten-1.-Woche-62-564x423.jpeg?strip=all\" class=\"tile-inner modula-item-link\"><\/a><img loading=\"lazy\" decoding=\"async\" class=\"pic wp-image-81652\"  data-valign=\"middle\" data-halign=\"center\" alt=\"\" data-full=\"https:\/\/www.dstenerife.eu\/wp-content\/uploads\/2024\/07\/Sommercamp-Kindergarten-1.-Woche-62.jpeg\" title=\"Sommercamp Kindergarten 1. Woche (62)\" crop=\"\" width=\"564\" height=\"423\" src=\"https:\/\/e969z83yjsq.exactdn.com\/wp-content\/uploads\/2024\/07\/Sommercamp-Kindergarten-1.-Woche-62-564x423.jpeg?strip=all\" data-src=\"https:\/\/e969z83yjsq.exactdn.com\/wp-content\/uploads\/2024\/07\/Sommercamp-Kindergarten-1.-Woche-62-564x423.jpeg?strip=all\" data-caption=\"\" srcset=\"https:\/\/e969z83yjsq.exactdn.com\/wp-content\/uploads\/2024\/07\/Sommercamp-Kindergarten-1.-Woche-62.jpeg?strip=all 1920w, https:\/\/e969z83yjsq.exactdn.com\/wp-content\/uploads\/2024\/07\/Sommercamp-Kindergarten-1.-Woche-62-564x423.jpeg?strip=all 564w, https:\/\/e969z83yjsq.exactdn.com\/wp-content\/uploads\/2024\/07\/Sommercamp-Kindergarten-1.-Woche-62-960x720.jpeg?strip=all 960w, https:\/\/e969z83yjsq.exactdn.com\/wp-content\/uploads\/2024\/07\/Sommercamp-Kindergarten-1.-Woche-62-768x576.jpeg?strip=all 768w, https:\/\/e969z83yjsq.exactdn.com\/wp-content\/uploads\/2024\/07\/Sommercamp-Kindergarten-1.-Woche-62-1536x1152.jpeg?strip=all 1536w, https:\/\/e969z83yjsq.exactdn.com\/wp-content\/uploads\/2024\/07\/Sommercamp-Kindergarten-1.-Woche-62-320x240.jpeg?strip=all 320w, https:\/\/e969z83yjsq.exactdn.com\/wp-content\/uploads\/2024\/07\/Sommercamp-Kindergarten-1.-Woche-62.jpeg?strip=all&amp;w=384 384w, https:\/\/e969z83yjsq.exactdn.com\/wp-content\/uploads\/2024\/07\/Sommercamp-Kindergarten-1.-Woche-62.jpeg?strip=all&amp;w=1152 1152w, https:\/\/e969z83yjsq.exactdn.com\/wp-content\/uploads\/2024\/07\/Sommercamp-Kindergarten-1.-Woche-62.jpeg?strip=all&amp;w=450 450w\" sizes=\"(max-width: 564px) 100vw, 564px\" \/>\n\t\t<div class=\"figc no-description\">\n\t\t\t<div class=\"figc-inner\">\n\t\t\t\t\t\t\t\t\t\t\t\t\t\t\t<\/div>\n\t\t<\/div>\n\n\t<\/div>\n\n<\/div><div class=\"modula-item effect-pufrobo jtg-filter-all jtg-filter-\" >\n\t<div class=\"modula-item-overlay\"><\/div>\n\n\t<div class=\"modula-item-content\">\n\n\t\t<a data-image-id=\"81654\" role=\"button\" data-elementor-open-lightbox=\"no\" tabindex=\"0\" rel=\"jtg-81572\" data-caption=\"&lt;span class=&quot;modula-caption-description&quot;&gt;&lt;\/span&gt;\" aria-label=\"Bilder in Lightbox \u00f6ffnen\" data-thumb=\"https:\/\/e969z83yjsq.exactdn.com\/wp-content\/uploads\/2024\/07\/Sommercamp-Kindergarten-1.-Woche-61-564x423.jpeg?strip=all\" class=\"tile-inner modula-item-link\"><\/a><img loading=\"lazy\" decoding=\"async\" class=\"pic wp-image-81654\"  data-valign=\"middle\" data-halign=\"center\" alt=\"\" data-full=\"https:\/\/www.dstenerife.eu\/wp-content\/uploads\/2024\/07\/Sommercamp-Kindergarten-1.-Woche-61.jpeg\" title=\"Sommercamp Kindergarten 1. Woche (61)\" crop=\"\" width=\"564\" height=\"423\" src=\"https:\/\/e969z83yjsq.exactdn.com\/wp-content\/uploads\/2024\/07\/Sommercamp-Kindergarten-1.-Woche-61-564x423.jpeg?strip=all\" data-src=\"https:\/\/e969z83yjsq.exactdn.com\/wp-content\/uploads\/2024\/07\/Sommercamp-Kindergarten-1.-Woche-61-564x423.jpeg?strip=all\" data-caption=\"\" srcset=\"https:\/\/e969z83yjsq.exactdn.com\/wp-content\/uploads\/2024\/07\/Sommercamp-Kindergarten-1.-Woche-61.jpeg?strip=all 1920w, https:\/\/e969z83yjsq.exactdn.com\/wp-content\/uploads\/2024\/07\/Sommercamp-Kindergarten-1.-Woche-61-564x423.jpeg?strip=all 564w, https:\/\/e969z83yjsq.exactdn.com\/wp-content\/uploads\/2024\/07\/Sommercamp-Kindergarten-1.-Woche-61-960x720.jpeg?strip=all 960w, https:\/\/e969z83yjsq.exactdn.com\/wp-content\/uploads\/2024\/07\/Sommercamp-Kindergarten-1.-Woche-61-768x576.jpeg?strip=all 768w, https:\/\/e969z83yjsq.exactdn.com\/wp-content\/uploads\/2024\/07\/Sommercamp-Kindergarten-1.-Woche-61-1536x1152.jpeg?strip=all 1536w, https:\/\/e969z83yjsq.exactdn.com\/wp-content\/uploads\/2024\/07\/Sommercamp-Kindergarten-1.-Woche-61-320x240.jpeg?strip=all 320w, https:\/\/e969z83yjsq.exactdn.com\/wp-content\/uploads\/2024\/07\/Sommercamp-Kindergarten-1.-Woche-61.jpeg?strip=all&amp;w=384 384w, https:\/\/e969z83yjsq.exactdn.com\/wp-content\/uploads\/2024\/07\/Sommercamp-Kindergarten-1.-Woche-61.jpeg?strip=all&amp;w=1152 1152w, https:\/\/e969z83yjsq.exactdn.com\/wp-content\/uploads\/2024\/07\/Sommercamp-Kindergarten-1.-Woche-61.jpeg?strip=all&amp;w=450 450w\" sizes=\"(max-width: 564px) 100vw, 564px\" \/>\n\t\t<div class=\"figc no-description\">\n\t\t\t<div class=\"figc-inner\">\n\t\t\t\t\t\t\t\t\t\t\t\t\t\t\t<\/div>\n\t\t<\/div>\n\n\t<\/div>\n\n<\/div><div class=\"modula-item effect-pufrobo jtg-filter-all jtg-filter-\" >\n\t<div class=\"modula-item-overlay\"><\/div>\n\n\t<div class=\"modula-item-content\">\n\n\t\t<a data-image-id=\"81656\" role=\"button\" data-elementor-open-lightbox=\"no\" tabindex=\"0\" rel=\"jtg-81572\" data-caption=\"&lt;span class=&quot;modula-caption-description&quot;&gt;&lt;\/span&gt;\" aria-label=\"Bilder in Lightbox \u00f6ffnen\" data-thumb=\"https:\/\/e969z83yjsq.exactdn.com\/wp-content\/uploads\/2024\/07\/Sommercamp-Kindergarten-1.-Woche-60-564x423.jpeg?strip=all\" class=\"tile-inner modula-item-link\"><\/a><img loading=\"lazy\" decoding=\"async\" class=\"pic wp-image-81656\"  data-valign=\"middle\" data-halign=\"center\" alt=\"\" data-full=\"https:\/\/www.dstenerife.eu\/wp-content\/uploads\/2024\/07\/Sommercamp-Kindergarten-1.-Woche-60.jpeg\" title=\"Sommercamp Kindergarten 1. Woche (60)\" crop=\"\" width=\"564\" height=\"423\" src=\"https:\/\/e969z83yjsq.exactdn.com\/wp-content\/uploads\/2024\/07\/Sommercamp-Kindergarten-1.-Woche-60-564x423.jpeg?strip=all\" data-src=\"https:\/\/e969z83yjsq.exactdn.com\/wp-content\/uploads\/2024\/07\/Sommercamp-Kindergarten-1.-Woche-60-564x423.jpeg?strip=all\" data-caption=\"\" srcset=\"https:\/\/e969z83yjsq.exactdn.com\/wp-content\/uploads\/2024\/07\/Sommercamp-Kindergarten-1.-Woche-60.jpeg?strip=all 1920w, https:\/\/e969z83yjsq.exactdn.com\/wp-content\/uploads\/2024\/07\/Sommercamp-Kindergarten-1.-Woche-60-564x423.jpeg?strip=all 564w, https:\/\/e969z83yjsq.exactdn.com\/wp-content\/uploads\/2024\/07\/Sommercamp-Kindergarten-1.-Woche-60-960x720.jpeg?strip=all 960w, https:\/\/e969z83yjsq.exactdn.com\/wp-content\/uploads\/2024\/07\/Sommercamp-Kindergarten-1.-Woche-60-768x576.jpeg?strip=all 768w, https:\/\/e969z83yjsq.exactdn.com\/wp-content\/uploads\/2024\/07\/Sommercamp-Kindergarten-1.-Woche-60-1536x1152.jpeg?strip=all 1536w, https:\/\/e969z83yjsq.exactdn.com\/wp-content\/uploads\/2024\/07\/Sommercamp-Kindergarten-1.-Woche-60-320x240.jpeg?strip=all 320w, https:\/\/e969z83yjsq.exactdn.com\/wp-content\/uploads\/2024\/07\/Sommercamp-Kindergarten-1.-Woche-60.jpeg?strip=all&amp;w=384 384w, https:\/\/e969z83yjsq.exactdn.com\/wp-content\/uploads\/2024\/07\/Sommercamp-Kindergarten-1.-Woche-60.jpeg?strip=all&amp;w=1152 1152w, https:\/\/e969z83yjsq.exactdn.com\/wp-content\/uploads\/2024\/07\/Sommercamp-Kindergarten-1.-Woche-60.jpeg?strip=all&amp;w=450 450w\" sizes=\"(max-width: 564px) 100vw, 564px\" \/>\n\t\t<div class=\"figc no-description\">\n\t\t\t<div class=\"figc-inner\">\n\t\t\t\t\t\t\t\t\t\t\t\t\t\t\t<\/div>\n\t\t<\/div>\n\n\t<\/div>\n\n<\/div><div class=\"modula-item effect-pufrobo jtg-filter-all jtg-filter-\" >\n\t<div class=\"modula-item-overlay\"><\/div>\n\n\t<div class=\"modula-item-content\">\n\n\t\t<a data-image-id=\"81658\" role=\"button\" data-elementor-open-lightbox=\"no\" tabindex=\"0\" rel=\"jtg-81572\" data-caption=\"&lt;span class=&quot;modula-caption-description&quot;&gt;&lt;\/span&gt;\" aria-label=\"Bilder in Lightbox \u00f6ffnen\" data-thumb=\"https:\/\/e969z83yjsq.exactdn.com\/wp-content\/uploads\/2024\/07\/Sommercamp-Kindergarten-1.-Woche-59-564x423.jpeg?strip=all\" class=\"tile-inner modula-item-link\"><\/a><img loading=\"lazy\" decoding=\"async\" class=\"pic wp-image-81658\"  data-valign=\"middle\" data-halign=\"center\" alt=\"\" data-full=\"https:\/\/www.dstenerife.eu\/wp-content\/uploads\/2024\/07\/Sommercamp-Kindergarten-1.-Woche-59.jpeg\" title=\"Sommercamp Kindergarten 1. Woche (59)\" crop=\"\" width=\"564\" height=\"423\" src=\"https:\/\/e969z83yjsq.exactdn.com\/wp-content\/uploads\/2024\/07\/Sommercamp-Kindergarten-1.-Woche-59-564x423.jpeg?strip=all\" data-src=\"https:\/\/e969z83yjsq.exactdn.com\/wp-content\/uploads\/2024\/07\/Sommercamp-Kindergarten-1.-Woche-59-564x423.jpeg?strip=all\" data-caption=\"\" srcset=\"https:\/\/e969z83yjsq.exactdn.com\/wp-content\/uploads\/2024\/07\/Sommercamp-Kindergarten-1.-Woche-59.jpeg?strip=all 1920w, https:\/\/e969z83yjsq.exactdn.com\/wp-content\/uploads\/2024\/07\/Sommercamp-Kindergarten-1.-Woche-59-564x423.jpeg?strip=all 564w, https:\/\/e969z83yjsq.exactdn.com\/wp-content\/uploads\/2024\/07\/Sommercamp-Kindergarten-1.-Woche-59-960x720.jpeg?strip=all 960w, https:\/\/e969z83yjsq.exactdn.com\/wp-content\/uploads\/2024\/07\/Sommercamp-Kindergarten-1.-Woche-59-768x576.jpeg?strip=all 768w, https:\/\/e969z83yjsq.exactdn.com\/wp-content\/uploads\/2024\/07\/Sommercamp-Kindergarten-1.-Woche-59-1536x1152.jpeg?strip=all 1536w, https:\/\/e969z83yjsq.exactdn.com\/wp-content\/uploads\/2024\/07\/Sommercamp-Kindergarten-1.-Woche-59-320x240.jpeg?strip=all 320w, https:\/\/e969z83yjsq.exactdn.com\/wp-content\/uploads\/2024\/07\/Sommercamp-Kindergarten-1.-Woche-59.jpeg?strip=all&amp;w=384 384w, https:\/\/e969z83yjsq.exactdn.com\/wp-content\/uploads\/2024\/07\/Sommercamp-Kindergarten-1.-Woche-59.jpeg?strip=all&amp;w=1152 1152w, https:\/\/e969z83yjsq.exactdn.com\/wp-content\/uploads\/2024\/07\/Sommercamp-Kindergarten-1.-Woche-59.jpeg?strip=all&amp;w=450 450w\" sizes=\"(max-width: 564px) 100vw, 564px\" \/>\n\t\t<div class=\"figc no-description\">\n\t\t\t<div class=\"figc-inner\">\n\t\t\t\t\t\t\t\t\t\t\t\t\t\t\t<\/div>\n\t\t<\/div>\n\n\t<\/div>\n\n<\/div><div class=\"modula-item effect-pufrobo jtg-filter-all jtg-filter-\" >\n\t<div class=\"modula-item-overlay\"><\/div>\n\n\t<div class=\"modula-item-content\">\n\n\t\t<a data-image-id=\"81660\" role=\"button\" data-elementor-open-lightbox=\"no\" tabindex=\"0\" rel=\"jtg-81572\" data-caption=\"&lt;span class=&quot;modula-caption-description&quot;&gt;&lt;\/span&gt;\" aria-label=\"Bilder in Lightbox \u00f6ffnen\" data-thumb=\"https:\/\/e969z83yjsq.exactdn.com\/wp-content\/uploads\/2024\/07\/Sommercamp-Kindergarten-1.-Woche-58-564x423.jpeg?strip=all\" class=\"tile-inner modula-item-link\"><\/a><img loading=\"lazy\" decoding=\"async\" class=\"pic wp-image-81660\"  data-valign=\"middle\" data-halign=\"center\" alt=\"\" data-full=\"https:\/\/www.dstenerife.eu\/wp-content\/uploads\/2024\/07\/Sommercamp-Kindergarten-1.-Woche-58.jpeg\" title=\"Sommercamp Kindergarten 1. Woche (58)\" crop=\"\" width=\"564\" height=\"423\" src=\"https:\/\/e969z83yjsq.exactdn.com\/wp-content\/uploads\/2024\/07\/Sommercamp-Kindergarten-1.-Woche-58-564x423.jpeg?strip=all\" data-src=\"https:\/\/e969z83yjsq.exactdn.com\/wp-content\/uploads\/2024\/07\/Sommercamp-Kindergarten-1.-Woche-58-564x423.jpeg?strip=all\" data-caption=\"\" srcset=\"https:\/\/e969z83yjsq.exactdn.com\/wp-content\/uploads\/2024\/07\/Sommercamp-Kindergarten-1.-Woche-58.jpeg?strip=all 1920w, https:\/\/e969z83yjsq.exactdn.com\/wp-content\/uploads\/2024\/07\/Sommercamp-Kindergarten-1.-Woche-58-564x423.jpeg?strip=all 564w, https:\/\/e969z83yjsq.exactdn.com\/wp-content\/uploads\/2024\/07\/Sommercamp-Kindergarten-1.-Woche-58-960x720.jpeg?strip=all 960w, https:\/\/e969z83yjsq.exactdn.com\/wp-content\/uploads\/2024\/07\/Sommercamp-Kindergarten-1.-Woche-58-768x576.jpeg?strip=all 768w, https:\/\/e969z83yjsq.exactdn.com\/wp-content\/uploads\/2024\/07\/Sommercamp-Kindergarten-1.-Woche-58-1536x1152.jpeg?strip=all 1536w, https:\/\/e969z83yjsq.exactdn.com\/wp-content\/uploads\/2024\/07\/Sommercamp-Kindergarten-1.-Woche-58-320x240.jpeg?strip=all 320w, https:\/\/e969z83yjsq.exactdn.com\/wp-content\/uploads\/2024\/07\/Sommercamp-Kindergarten-1.-Woche-58.jpeg?strip=all&amp;w=384 384w, https:\/\/e969z83yjsq.exactdn.com\/wp-content\/uploads\/2024\/07\/Sommercamp-Kindergarten-1.-Woche-58.jpeg?strip=all&amp;w=1152 1152w, https:\/\/e969z83yjsq.exactdn.com\/wp-content\/uploads\/2024\/07\/Sommercamp-Kindergarten-1.-Woche-58.jpeg?strip=all&amp;w=450 450w\" sizes=\"(max-width: 564px) 100vw, 564px\" \/>\n\t\t<div class=\"figc no-description\">\n\t\t\t<div class=\"figc-inner\">\n\t\t\t\t\t\t\t\t\t\t\t\t\t\t\t<\/div>\n\t\t<\/div>\n\n\t<\/div>\n\n<\/div><div class=\"modula-item effect-pufrobo jtg-filter-all jtg-filter-\" >\n\t<div class=\"modula-item-overlay\"><\/div>\n\n\t<div class=\"modula-item-content\">\n\n\t\t<a data-image-id=\"81662\" role=\"button\" data-elementor-open-lightbox=\"no\" tabindex=\"0\" rel=\"jtg-81572\" data-caption=\"&lt;span class=&quot;modula-caption-description&quot;&gt;&lt;\/span&gt;\" aria-label=\"Bilder in Lightbox \u00f6ffnen\" data-thumb=\"https:\/\/e969z83yjsq.exactdn.com\/wp-content\/uploads\/2024\/07\/Sommercamp-Kindergarten-1.-Woche-57-564x423.jpeg?strip=all\" class=\"tile-inner modula-item-link\"><\/a><img loading=\"lazy\" decoding=\"async\" class=\"pic wp-image-81662\"  data-valign=\"middle\" data-halign=\"center\" alt=\"\" data-full=\"https:\/\/www.dstenerife.eu\/wp-content\/uploads\/2024\/07\/Sommercamp-Kindergarten-1.-Woche-57.jpeg\" title=\"Sommercamp Kindergarten 1. Woche (57)\" crop=\"\" width=\"564\" height=\"423\" src=\"https:\/\/e969z83yjsq.exactdn.com\/wp-content\/uploads\/2024\/07\/Sommercamp-Kindergarten-1.-Woche-57-564x423.jpeg?strip=all\" data-src=\"https:\/\/e969z83yjsq.exactdn.com\/wp-content\/uploads\/2024\/07\/Sommercamp-Kindergarten-1.-Woche-57-564x423.jpeg?strip=all\" data-caption=\"\" srcset=\"https:\/\/e969z83yjsq.exactdn.com\/wp-content\/uploads\/2024\/07\/Sommercamp-Kindergarten-1.-Woche-57.jpeg?strip=all 1920w, https:\/\/e969z83yjsq.exactdn.com\/wp-content\/uploads\/2024\/07\/Sommercamp-Kindergarten-1.-Woche-57-564x423.jpeg?strip=all 564w, https:\/\/e969z83yjsq.exactdn.com\/wp-content\/uploads\/2024\/07\/Sommercamp-Kindergarten-1.-Woche-57-960x720.jpeg?strip=all 960w, https:\/\/e969z83yjsq.exactdn.com\/wp-content\/uploads\/2024\/07\/Sommercamp-Kindergarten-1.-Woche-57-768x576.jpeg?strip=all 768w, https:\/\/e969z83yjsq.exactdn.com\/wp-content\/uploads\/2024\/07\/Sommercamp-Kindergarten-1.-Woche-57-1536x1152.jpeg?strip=all 1536w, https:\/\/e969z83yjsq.exactdn.com\/wp-content\/uploads\/2024\/07\/Sommercamp-Kindergarten-1.-Woche-57-320x240.jpeg?strip=all 320w, https:\/\/e969z83yjsq.exactdn.com\/wp-content\/uploads\/2024\/07\/Sommercamp-Kindergarten-1.-Woche-57.jpeg?strip=all&amp;w=384 384w, https:\/\/e969z83yjsq.exactdn.com\/wp-content\/uploads\/2024\/07\/Sommercamp-Kindergarten-1.-Woche-57.jpeg?strip=all&amp;w=1152 1152w, https:\/\/e969z83yjsq.exactdn.com\/wp-content\/uploads\/2024\/07\/Sommercamp-Kindergarten-1.-Woche-57.jpeg?strip=all&amp;w=450 450w\" sizes=\"(max-width: 564px) 100vw, 564px\" \/>\n\t\t<div class=\"figc no-description\">\n\t\t\t<div class=\"figc-inner\">\n\t\t\t\t\t\t\t\t\t\t\t\t\t\t\t<\/div>\n\t\t<\/div>\n\n\t<\/div>\n\n<\/div><div class=\"modula-item effect-pufrobo jtg-filter-all jtg-filter-\" >\n\t<div class=\"modula-item-overlay\"><\/div>\n\n\t<div class=\"modula-item-content\">\n\n\t\t<a data-image-id=\"81664\" role=\"button\" data-elementor-open-lightbox=\"no\" tabindex=\"0\" rel=\"jtg-81572\" data-caption=\"&lt;span class=&quot;modula-caption-description&quot;&gt;&lt;\/span&gt;\" aria-label=\"Bilder in Lightbox \u00f6ffnen\" data-thumb=\"https:\/\/e969z83yjsq.exactdn.com\/wp-content\/uploads\/2024\/07\/Sommercamp-Kindergarten-1.-Woche-56-564x423.jpeg?strip=all\" class=\"tile-inner modula-item-link\"><\/a><img loading=\"lazy\" decoding=\"async\" class=\"pic wp-image-81664\"  data-valign=\"middle\" data-halign=\"center\" alt=\"\" data-full=\"https:\/\/www.dstenerife.eu\/wp-content\/uploads\/2024\/07\/Sommercamp-Kindergarten-1.-Woche-56.jpeg\" title=\"Sommercamp Kindergarten 1. Woche (56)\" crop=\"\" width=\"564\" height=\"423\" src=\"https:\/\/e969z83yjsq.exactdn.com\/wp-content\/uploads\/2024\/07\/Sommercamp-Kindergarten-1.-Woche-56-564x423.jpeg?strip=all\" data-src=\"https:\/\/e969z83yjsq.exactdn.com\/wp-content\/uploads\/2024\/07\/Sommercamp-Kindergarten-1.-Woche-56-564x423.jpeg?strip=all\" data-caption=\"\" srcset=\"https:\/\/e969z83yjsq.exactdn.com\/wp-content\/uploads\/2024\/07\/Sommercamp-Kindergarten-1.-Woche-56.jpeg?strip=all 1920w, https:\/\/e969z83yjsq.exactdn.com\/wp-content\/uploads\/2024\/07\/Sommercamp-Kindergarten-1.-Woche-56-564x423.jpeg?strip=all 564w, https:\/\/e969z83yjsq.exactdn.com\/wp-content\/uploads\/2024\/07\/Sommercamp-Kindergarten-1.-Woche-56-960x720.jpeg?strip=all 960w, https:\/\/e969z83yjsq.exactdn.com\/wp-content\/uploads\/2024\/07\/Sommercamp-Kindergarten-1.-Woche-56-768x576.jpeg?strip=all 768w, https:\/\/e969z83yjsq.exactdn.com\/wp-content\/uploads\/2024\/07\/Sommercamp-Kindergarten-1.-Woche-56-1536x1152.jpeg?strip=all 1536w, https:\/\/e969z83yjsq.exactdn.com\/wp-content\/uploads\/2024\/07\/Sommercamp-Kindergarten-1.-Woche-56-320x240.jpeg?strip=all 320w, https:\/\/e969z83yjsq.exactdn.com\/wp-content\/uploads\/2024\/07\/Sommercamp-Kindergarten-1.-Woche-56.jpeg?strip=all&amp;w=384 384w, https:\/\/e969z83yjsq.exactdn.com\/wp-content\/uploads\/2024\/07\/Sommercamp-Kindergarten-1.-Woche-56.jpeg?strip=all&amp;w=1152 1152w, https:\/\/e969z83yjsq.exactdn.com\/wp-content\/uploads\/2024\/07\/Sommercamp-Kindergarten-1.-Woche-56.jpeg?strip=all&amp;w=450 450w\" sizes=\"(max-width: 564px) 100vw, 564px\" \/>\n\t\t<div class=\"figc no-description\">\n\t\t\t<div class=\"figc-inner\">\n\t\t\t\t\t\t\t\t\t\t\t\t\t\t\t<\/div>\n\t\t<\/div>\n\n\t<\/div>\n\n<\/div><div class=\"modula-item effect-pufrobo jtg-filter-all jtg-filter-\" >\n\t<div class=\"modula-item-overlay\"><\/div>\n\n\t<div class=\"modula-item-content\">\n\n\t\t<a data-image-id=\"81666\" role=\"button\" data-elementor-open-lightbox=\"no\" tabindex=\"0\" rel=\"jtg-81572\" data-caption=\"&lt;span class=&quot;modula-caption-description&quot;&gt;&lt;\/span&gt;\" aria-label=\"Bilder in Lightbox \u00f6ffnen\" data-thumb=\"https:\/\/e969z83yjsq.exactdn.com\/wp-content\/uploads\/2024\/07\/Sommercamp-Kindergarten-1.-Woche-55-564x423.jpeg?strip=all\" class=\"tile-inner modula-item-link\"><\/a><img loading=\"lazy\" decoding=\"async\" class=\"pic wp-image-81666\"  data-valign=\"middle\" data-halign=\"center\" alt=\"\" data-full=\"https:\/\/www.dstenerife.eu\/wp-content\/uploads\/2024\/07\/Sommercamp-Kindergarten-1.-Woche-55.jpeg\" title=\"Sommercamp Kindergarten 1. Woche (55)\" crop=\"\" width=\"564\" height=\"423\" src=\"https:\/\/e969z83yjsq.exactdn.com\/wp-content\/uploads\/2024\/07\/Sommercamp-Kindergarten-1.-Woche-55-564x423.jpeg?strip=all\" data-src=\"https:\/\/e969z83yjsq.exactdn.com\/wp-content\/uploads\/2024\/07\/Sommercamp-Kindergarten-1.-Woche-55-564x423.jpeg?strip=all\" data-caption=\"\" srcset=\"https:\/\/e969z83yjsq.exactdn.com\/wp-content\/uploads\/2024\/07\/Sommercamp-Kindergarten-1.-Woche-55.jpeg?strip=all 1920w, https:\/\/e969z83yjsq.exactdn.com\/wp-content\/uploads\/2024\/07\/Sommercamp-Kindergarten-1.-Woche-55-564x423.jpeg?strip=all 564w, https:\/\/e969z83yjsq.exactdn.com\/wp-content\/uploads\/2024\/07\/Sommercamp-Kindergarten-1.-Woche-55-960x720.jpeg?strip=all 960w, https:\/\/e969z83yjsq.exactdn.com\/wp-content\/uploads\/2024\/07\/Sommercamp-Kindergarten-1.-Woche-55-768x576.jpeg?strip=all 768w, https:\/\/e969z83yjsq.exactdn.com\/wp-content\/uploads\/2024\/07\/Sommercamp-Kindergarten-1.-Woche-55-1536x1152.jpeg?strip=all 1536w, https:\/\/e969z83yjsq.exactdn.com\/wp-content\/uploads\/2024\/07\/Sommercamp-Kindergarten-1.-Woche-55-320x240.jpeg?strip=all 320w, https:\/\/e969z83yjsq.exactdn.com\/wp-content\/uploads\/2024\/07\/Sommercamp-Kindergarten-1.-Woche-55.jpeg?strip=all&amp;w=384 384w, https:\/\/e969z83yjsq.exactdn.com\/wp-content\/uploads\/2024\/07\/Sommercamp-Kindergarten-1.-Woche-55.jpeg?strip=all&amp;w=1152 1152w, https:\/\/e969z83yjsq.exactdn.com\/wp-content\/uploads\/2024\/07\/Sommercamp-Kindergarten-1.-Woche-55.jpeg?strip=all&amp;w=450 450w\" sizes=\"(max-width: 564px) 100vw, 564px\" \/>\n\t\t<div class=\"figc no-description\">\n\t\t\t<div class=\"figc-inner\">\n\t\t\t\t\t\t\t\t\t\t\t\t\t\t\t<\/div>\n\t\t<\/div>\n\n\t<\/div>\n\n<\/div><div class=\"modula-item effect-pufrobo jtg-filter-all jtg-filter-\" >\n\t<div class=\"modula-item-overlay\"><\/div>\n\n\t<div class=\"modula-item-content\">\n\n\t\t<a data-image-id=\"81668\" role=\"button\" data-elementor-open-lightbox=\"no\" tabindex=\"0\" rel=\"jtg-81572\" data-caption=\"&lt;span class=&quot;modula-caption-description&quot;&gt;&lt;\/span&gt;\" aria-label=\"Bilder in Lightbox \u00f6ffnen\" data-thumb=\"https:\/\/e969z83yjsq.exactdn.com\/wp-content\/uploads\/2024\/07\/Sommercamp-Kindergarten-1.-Woche-54-564x423.jpeg?strip=all\" class=\"tile-inner modula-item-link\"><\/a><img loading=\"lazy\" decoding=\"async\" class=\"pic wp-image-81668\"  data-valign=\"middle\" data-halign=\"center\" alt=\"\" data-full=\"https:\/\/www.dstenerife.eu\/wp-content\/uploads\/2024\/07\/Sommercamp-Kindergarten-1.-Woche-54.jpeg\" title=\"Sommercamp Kindergarten 1. Woche (54)\" crop=\"\" width=\"564\" height=\"423\" src=\"https:\/\/e969z83yjsq.exactdn.com\/wp-content\/uploads\/2024\/07\/Sommercamp-Kindergarten-1.-Woche-54-564x423.jpeg?strip=all\" data-src=\"https:\/\/e969z83yjsq.exactdn.com\/wp-content\/uploads\/2024\/07\/Sommercamp-Kindergarten-1.-Woche-54-564x423.jpeg?strip=all\" data-caption=\"\" srcset=\"https:\/\/e969z83yjsq.exactdn.com\/wp-content\/uploads\/2024\/07\/Sommercamp-Kindergarten-1.-Woche-54.jpeg?strip=all 1920w, https:\/\/e969z83yjsq.exactdn.com\/wp-content\/uploads\/2024\/07\/Sommercamp-Kindergarten-1.-Woche-54-564x423.jpeg?strip=all 564w, https:\/\/e969z83yjsq.exactdn.com\/wp-content\/uploads\/2024\/07\/Sommercamp-Kindergarten-1.-Woche-54-960x720.jpeg?strip=all 960w, https:\/\/e969z83yjsq.exactdn.com\/wp-content\/uploads\/2024\/07\/Sommercamp-Kindergarten-1.-Woche-54-768x576.jpeg?strip=all 768w, https:\/\/e969z83yjsq.exactdn.com\/wp-content\/uploads\/2024\/07\/Sommercamp-Kindergarten-1.-Woche-54-1536x1152.jpeg?strip=all 1536w, https:\/\/e969z83yjsq.exactdn.com\/wp-content\/uploads\/2024\/07\/Sommercamp-Kindergarten-1.-Woche-54-320x240.jpeg?strip=all 320w, https:\/\/e969z83yjsq.exactdn.com\/wp-content\/uploads\/2024\/07\/Sommercamp-Kindergarten-1.-Woche-54.jpeg?strip=all&amp;w=384 384w, https:\/\/e969z83yjsq.exactdn.com\/wp-content\/uploads\/2024\/07\/Sommercamp-Kindergarten-1.-Woche-54.jpeg?strip=all&amp;w=1152 1152w, https:\/\/e969z83yjsq.exactdn.com\/wp-content\/uploads\/2024\/07\/Sommercamp-Kindergarten-1.-Woche-54.jpeg?strip=all&amp;w=450 450w\" sizes=\"(max-width: 564px) 100vw, 564px\" \/>\n\t\t<div class=\"figc no-description\">\n\t\t\t<div class=\"figc-inner\">\n\t\t\t\t\t\t\t\t\t\t\t\t\t\t\t<\/div>\n\t\t<\/div>\n\n\t<\/div>\n\n<\/div><div class=\"modula-item effect-pufrobo jtg-filter-all jtg-filter-\" >\n\t<div class=\"modula-item-overlay\"><\/div>\n\n\t<div class=\"modula-item-content\">\n\n\t\t<a data-image-id=\"81670\" role=\"button\" data-elementor-open-lightbox=\"no\" tabindex=\"0\" rel=\"jtg-81572\" data-caption=\"&lt;span class=&quot;modula-caption-description&quot;&gt;&lt;\/span&gt;\" aria-label=\"Bilder in Lightbox \u00f6ffnen\" data-thumb=\"https:\/\/e969z83yjsq.exactdn.com\/wp-content\/uploads\/2024\/07\/Sommercamp-Kindergarten-1.-Woche-53-564x423.jpeg?strip=all\" class=\"tile-inner modula-item-link\"><\/a><img loading=\"lazy\" decoding=\"async\" class=\"pic wp-image-81670\"  data-valign=\"middle\" data-halign=\"center\" alt=\"\" data-full=\"https:\/\/www.dstenerife.eu\/wp-content\/uploads\/2024\/07\/Sommercamp-Kindergarten-1.-Woche-53.jpeg\" title=\"Sommercamp Kindergarten 1. Woche (53)\" crop=\"\" width=\"564\" height=\"423\" src=\"https:\/\/e969z83yjsq.exactdn.com\/wp-content\/uploads\/2024\/07\/Sommercamp-Kindergarten-1.-Woche-53-564x423.jpeg?strip=all\" data-src=\"https:\/\/e969z83yjsq.exactdn.com\/wp-content\/uploads\/2024\/07\/Sommercamp-Kindergarten-1.-Woche-53-564x423.jpeg?strip=all\" data-caption=\"\" srcset=\"https:\/\/e969z83yjsq.exactdn.com\/wp-content\/uploads\/2024\/07\/Sommercamp-Kindergarten-1.-Woche-53.jpeg?strip=all 1920w, https:\/\/e969z83yjsq.exactdn.com\/wp-content\/uploads\/2024\/07\/Sommercamp-Kindergarten-1.-Woche-53-564x423.jpeg?strip=all 564w, https:\/\/e969z83yjsq.exactdn.com\/wp-content\/uploads\/2024\/07\/Sommercamp-Kindergarten-1.-Woche-53-960x720.jpeg?strip=all 960w, https:\/\/e969z83yjsq.exactdn.com\/wp-content\/uploads\/2024\/07\/Sommercamp-Kindergarten-1.-Woche-53-768x576.jpeg?strip=all 768w, https:\/\/e969z83yjsq.exactdn.com\/wp-content\/uploads\/2024\/07\/Sommercamp-Kindergarten-1.-Woche-53-1536x1152.jpeg?strip=all 1536w, https:\/\/e969z83yjsq.exactdn.com\/wp-content\/uploads\/2024\/07\/Sommercamp-Kindergarten-1.-Woche-53-320x240.jpeg?strip=all 320w, https:\/\/e969z83yjsq.exactdn.com\/wp-content\/uploads\/2024\/07\/Sommercamp-Kindergarten-1.-Woche-53.jpeg?strip=all&amp;w=384 384w, https:\/\/e969z83yjsq.exactdn.com\/wp-content\/uploads\/2024\/07\/Sommercamp-Kindergarten-1.-Woche-53.jpeg?strip=all&amp;w=1152 1152w, https:\/\/e969z83yjsq.exactdn.com\/wp-content\/uploads\/2024\/07\/Sommercamp-Kindergarten-1.-Woche-53.jpeg?strip=all&amp;w=450 450w\" sizes=\"(max-width: 564px) 100vw, 564px\" \/>\n\t\t<div class=\"figc no-description\">\n\t\t\t<div class=\"figc-inner\">\n\t\t\t\t\t\t\t\t\t\t\t\t\t\t\t<\/div>\n\t\t<\/div>\n\n\t<\/div>\n\n<\/div><div class=\"modula-item effect-pufrobo jtg-filter-all jtg-filter-\" >\n\t<div class=\"modula-item-overlay\"><\/div>\n\n\t<div class=\"modula-item-content\">\n\n\t\t<a data-image-id=\"81672\" role=\"button\" data-elementor-open-lightbox=\"no\" tabindex=\"0\" rel=\"jtg-81572\" data-caption=\"&lt;span class=&quot;modula-caption-description&quot;&gt;&lt;\/span&gt;\" aria-label=\"Bilder in Lightbox \u00f6ffnen\" data-thumb=\"https:\/\/e969z83yjsq.exactdn.com\/wp-content\/uploads\/2024\/07\/Sommercamp-Kindergarten-1.-Woche-52-564x423.jpeg?strip=all\" class=\"tile-inner modula-item-link\"><\/a><img loading=\"lazy\" decoding=\"async\" class=\"pic wp-image-81672\"  data-valign=\"middle\" data-halign=\"center\" alt=\"\" data-full=\"https:\/\/www.dstenerife.eu\/wp-content\/uploads\/2024\/07\/Sommercamp-Kindergarten-1.-Woche-52.jpeg\" title=\"Sommercamp Kindergarten 1. Woche (52)\" crop=\"\" width=\"564\" height=\"423\" src=\"https:\/\/e969z83yjsq.exactdn.com\/wp-content\/uploads\/2024\/07\/Sommercamp-Kindergarten-1.-Woche-52-564x423.jpeg?strip=all\" data-src=\"https:\/\/e969z83yjsq.exactdn.com\/wp-content\/uploads\/2024\/07\/Sommercamp-Kindergarten-1.-Woche-52-564x423.jpeg?strip=all\" data-caption=\"\" srcset=\"https:\/\/e969z83yjsq.exactdn.com\/wp-content\/uploads\/2024\/07\/Sommercamp-Kindergarten-1.-Woche-52.jpeg?strip=all 1920w, https:\/\/e969z83yjsq.exactdn.com\/wp-content\/uploads\/2024\/07\/Sommercamp-Kindergarten-1.-Woche-52-564x423.jpeg?strip=all 564w, https:\/\/e969z83yjsq.exactdn.com\/wp-content\/uploads\/2024\/07\/Sommercamp-Kindergarten-1.-Woche-52-960x720.jpeg?strip=all 960w, https:\/\/e969z83yjsq.exactdn.com\/wp-content\/uploads\/2024\/07\/Sommercamp-Kindergarten-1.-Woche-52-768x576.jpeg?strip=all 768w, https:\/\/e969z83yjsq.exactdn.com\/wp-content\/uploads\/2024\/07\/Sommercamp-Kindergarten-1.-Woche-52-1536x1152.jpeg?strip=all 1536w, https:\/\/e969z83yjsq.exactdn.com\/wp-content\/uploads\/2024\/07\/Sommercamp-Kindergarten-1.-Woche-52-320x240.jpeg?strip=all 320w, https:\/\/e969z83yjsq.exactdn.com\/wp-content\/uploads\/2024\/07\/Sommercamp-Kindergarten-1.-Woche-52.jpeg?strip=all&amp;w=384 384w, https:\/\/e969z83yjsq.exactdn.com\/wp-content\/uploads\/2024\/07\/Sommercamp-Kindergarten-1.-Woche-52.jpeg?strip=all&amp;w=1152 1152w, https:\/\/e969z83yjsq.exactdn.com\/wp-content\/uploads\/2024\/07\/Sommercamp-Kindergarten-1.-Woche-52.jpeg?strip=all&amp;w=450 450w\" sizes=\"(max-width: 564px) 100vw, 564px\" \/>\n\t\t<div class=\"figc no-description\">\n\t\t\t<div class=\"figc-inner\">\n\t\t\t\t\t\t\t\t\t\t\t\t\t\t\t<\/div>\n\t\t<\/div>\n\n\t<\/div>\n\n<\/div><div class=\"modula-item effect-pufrobo jtg-filter-all jtg-filter-\" >\n\t<div class=\"modula-item-overlay\"><\/div>\n\n\t<div class=\"modula-item-content\">\n\n\t\t<a data-image-id=\"81674\" role=\"button\" data-elementor-open-lightbox=\"no\" tabindex=\"0\" rel=\"jtg-81572\" data-caption=\"&lt;span class=&quot;modula-caption-description&quot;&gt;&lt;\/span&gt;\" aria-label=\"Bilder in Lightbox \u00f6ffnen\" data-thumb=\"https:\/\/e969z83yjsq.exactdn.com\/wp-content\/uploads\/2024\/07\/Sommercamp-Kindergarten-1.-Woche-51-564x423.jpeg?strip=all\" class=\"tile-inner modula-item-link\"><\/a><img loading=\"lazy\" decoding=\"async\" class=\"pic wp-image-81674\"  data-valign=\"middle\" data-halign=\"center\" alt=\"\" data-full=\"https:\/\/www.dstenerife.eu\/wp-content\/uploads\/2024\/07\/Sommercamp-Kindergarten-1.-Woche-51.jpeg\" title=\"Sommercamp Kindergarten 1. Woche (51)\" crop=\"\" width=\"564\" height=\"423\" src=\"https:\/\/e969z83yjsq.exactdn.com\/wp-content\/uploads\/2024\/07\/Sommercamp-Kindergarten-1.-Woche-51-564x423.jpeg?strip=all\" data-src=\"https:\/\/e969z83yjsq.exactdn.com\/wp-content\/uploads\/2024\/07\/Sommercamp-Kindergarten-1.-Woche-51-564x423.jpeg?strip=all\" data-caption=\"\" srcset=\"https:\/\/e969z83yjsq.exactdn.com\/wp-content\/uploads\/2024\/07\/Sommercamp-Kindergarten-1.-Woche-51.jpeg?strip=all 1920w, https:\/\/e969z83yjsq.exactdn.com\/wp-content\/uploads\/2024\/07\/Sommercamp-Kindergarten-1.-Woche-51-564x423.jpeg?strip=all 564w, https:\/\/e969z83yjsq.exactdn.com\/wp-content\/uploads\/2024\/07\/Sommercamp-Kindergarten-1.-Woche-51-960x720.jpeg?strip=all 960w, https:\/\/e969z83yjsq.exactdn.com\/wp-content\/uploads\/2024\/07\/Sommercamp-Kindergarten-1.-Woche-51-768x576.jpeg?strip=all 768w, https:\/\/e969z83yjsq.exactdn.com\/wp-content\/uploads\/2024\/07\/Sommercamp-Kindergarten-1.-Woche-51-1536x1152.jpeg?strip=all 1536w, https:\/\/e969z83yjsq.exactdn.com\/wp-content\/uploads\/2024\/07\/Sommercamp-Kindergarten-1.-Woche-51-320x240.jpeg?strip=all 320w, https:\/\/e969z83yjsq.exactdn.com\/wp-content\/uploads\/2024\/07\/Sommercamp-Kindergarten-1.-Woche-51.jpeg?strip=all&amp;w=384 384w, https:\/\/e969z83yjsq.exactdn.com\/wp-content\/uploads\/2024\/07\/Sommercamp-Kindergarten-1.-Woche-51.jpeg?strip=all&amp;w=1152 1152w, https:\/\/e969z83yjsq.exactdn.com\/wp-content\/uploads\/2024\/07\/Sommercamp-Kindergarten-1.-Woche-51.jpeg?strip=all&amp;w=450 450w\" sizes=\"(max-width: 564px) 100vw, 564px\" \/>\n\t\t<div class=\"figc no-description\">\n\t\t\t<div class=\"figc-inner\">\n\t\t\t\t\t\t\t\t\t\t\t\t\t\t\t<\/div>\n\t\t<\/div>\n\n\t<\/div>\n\n<\/div><div class=\"modula-item effect-pufrobo jtg-filter-all jtg-filter-\" >\n\t<div class=\"modula-item-overlay\"><\/div>\n\n\t<div class=\"modula-item-content\">\n\n\t\t<a data-image-id=\"81676\" role=\"button\" data-elementor-open-lightbox=\"no\" tabindex=\"0\" rel=\"jtg-81572\" data-caption=\"&lt;span class=&quot;modula-caption-description&quot;&gt;&lt;\/span&gt;\" aria-label=\"Bilder in Lightbox \u00f6ffnen\" data-thumb=\"https:\/\/e969z83yjsq.exactdn.com\/wp-content\/uploads\/2024\/07\/Sommercamp-Kindergarten-1.-Woche-50-317x423.jpeg?strip=all\" class=\"tile-inner modula-item-link\"><\/a><img loading=\"lazy\" decoding=\"async\" class=\"pic wp-image-81676\"  data-valign=\"middle\" data-halign=\"center\" alt=\"\" data-full=\"https:\/\/www.dstenerife.eu\/wp-content\/uploads\/2024\/07\/Sommercamp-Kindergarten-1.-Woche-50.jpeg\" title=\"Sommercamp Kindergarten 1. Woche (50)\" crop=\"\" width=\"317\" height=\"423\" src=\"https:\/\/e969z83yjsq.exactdn.com\/wp-content\/uploads\/2024\/07\/Sommercamp-Kindergarten-1.-Woche-50-317x423.jpeg?strip=all\" data-src=\"https:\/\/e969z83yjsq.exactdn.com\/wp-content\/uploads\/2024\/07\/Sommercamp-Kindergarten-1.-Woche-50-317x423.jpeg?strip=all\" data-caption=\"\" srcset=\"https:\/\/e969z83yjsq.exactdn.com\/wp-content\/uploads\/2024\/07\/Sommercamp-Kindergarten-1.-Woche-50.jpeg?strip=all 1440w, https:\/\/e969z83yjsq.exactdn.com\/wp-content\/uploads\/2024\/07\/Sommercamp-Kindergarten-1.-Woche-50-317x423.jpeg?strip=all 317w, https:\/\/e969z83yjsq.exactdn.com\/wp-content\/uploads\/2024\/07\/Sommercamp-Kindergarten-1.-Woche-50-540x720.jpeg?strip=all 540w, https:\/\/e969z83yjsq.exactdn.com\/wp-content\/uploads\/2024\/07\/Sommercamp-Kindergarten-1.-Woche-50-768x1024.jpeg?strip=all 768w, https:\/\/e969z83yjsq.exactdn.com\/wp-content\/uploads\/2024\/07\/Sommercamp-Kindergarten-1.-Woche-50-1152x1536.jpeg?strip=all 1152w, https:\/\/e969z83yjsq.exactdn.com\/wp-content\/uploads\/2024\/07\/Sommercamp-Kindergarten-1.-Woche-50-320x427.jpeg?strip=all 320w, https:\/\/e969z83yjsq.exactdn.com\/wp-content\/uploads\/2024\/07\/Sommercamp-Kindergarten-1.-Woche-50.jpeg?strip=all&amp;w=864 864w\" sizes=\"(max-width: 317px) 100vw, 317px\" \/>\n\t\t<div class=\"figc no-description\">\n\t\t\t<div class=\"figc-inner\">\n\t\t\t\t\t\t\t\t\t\t\t\t\t\t\t<\/div>\n\t\t<\/div>\n\n\t<\/div>\n\n<\/div><div class=\"modula-item effect-pufrobo jtg-filter-all jtg-filter-\" >\n\t<div class=\"modula-item-overlay\"><\/div>\n\n\t<div class=\"modula-item-content\">\n\n\t\t<a data-image-id=\"81678\" role=\"button\" data-elementor-open-lightbox=\"no\" tabindex=\"0\" rel=\"jtg-81572\" data-caption=\"&lt;span class=&quot;modula-caption-description&quot;&gt;&lt;\/span&gt;\" aria-label=\"Bilder in Lightbox \u00f6ffnen\" data-thumb=\"https:\/\/e969z83yjsq.exactdn.com\/wp-content\/uploads\/2024\/07\/Sommercamp-Kindergarten-1.-Woche-49-317x423.jpeg?strip=all\" class=\"tile-inner modula-item-link\"><\/a><img loading=\"lazy\" decoding=\"async\" class=\"pic wp-image-81678\"  data-valign=\"middle\" data-halign=\"center\" alt=\"\" data-full=\"https:\/\/www.dstenerife.eu\/wp-content\/uploads\/2024\/07\/Sommercamp-Kindergarten-1.-Woche-49.jpeg\" title=\"Sommercamp Kindergarten 1. Woche (49)\" crop=\"\" width=\"317\" height=\"423\" src=\"https:\/\/e969z83yjsq.exactdn.com\/wp-content\/uploads\/2024\/07\/Sommercamp-Kindergarten-1.-Woche-49-317x423.jpeg?strip=all\" data-src=\"https:\/\/e969z83yjsq.exactdn.com\/wp-content\/uploads\/2024\/07\/Sommercamp-Kindergarten-1.-Woche-49-317x423.jpeg?strip=all\" data-caption=\"\" srcset=\"https:\/\/e969z83yjsq.exactdn.com\/wp-content\/uploads\/2024\/07\/Sommercamp-Kindergarten-1.-Woche-49.jpeg?strip=all 1440w, https:\/\/e969z83yjsq.exactdn.com\/wp-content\/uploads\/2024\/07\/Sommercamp-Kindergarten-1.-Woche-49-317x423.jpeg?strip=all 317w, https:\/\/e969z83yjsq.exactdn.com\/wp-content\/uploads\/2024\/07\/Sommercamp-Kindergarten-1.-Woche-49-540x720.jpeg?strip=all 540w, https:\/\/e969z83yjsq.exactdn.com\/wp-content\/uploads\/2024\/07\/Sommercamp-Kindergarten-1.-Woche-49-768x1024.jpeg?strip=all 768w, https:\/\/e969z83yjsq.exactdn.com\/wp-content\/uploads\/2024\/07\/Sommercamp-Kindergarten-1.-Woche-49-1152x1536.jpeg?strip=all 1152w, https:\/\/e969z83yjsq.exactdn.com\/wp-content\/uploads\/2024\/07\/Sommercamp-Kindergarten-1.-Woche-49-320x427.jpeg?strip=all 320w, https:\/\/e969z83yjsq.exactdn.com\/wp-content\/uploads\/2024\/07\/Sommercamp-Kindergarten-1.-Woche-49.jpeg?strip=all&amp;w=864 864w\" sizes=\"(max-width: 317px) 100vw, 317px\" \/>\n\t\t<div class=\"figc no-description\">\n\t\t\t<div class=\"figc-inner\">\n\t\t\t\t\t\t\t\t\t\t\t\t\t\t\t<\/div>\n\t\t<\/div>\n\n\t<\/div>\n\n<\/div><div class=\"modula-item effect-pufrobo jtg-filter-all jtg-filter-\" >\n\t<div class=\"modula-item-overlay\"><\/div>\n\n\t<div class=\"modula-item-content\">\n\n\t\t<a data-image-id=\"81680\" role=\"button\" data-elementor-open-lightbox=\"no\" tabindex=\"0\" rel=\"jtg-81572\" data-caption=\"&lt;span class=&quot;modula-caption-description&quot;&gt;&lt;\/span&gt;\" aria-label=\"Bilder in Lightbox \u00f6ffnen\" data-thumb=\"https:\/\/e969z83yjsq.exactdn.com\/wp-content\/uploads\/2024\/07\/Sommercamp-Kindergarten-1.-Woche-48-317x423.jpeg?strip=all\" class=\"tile-inner modula-item-link\"><\/a><img loading=\"lazy\" decoding=\"async\" class=\"pic wp-image-81680\"  data-valign=\"middle\" data-halign=\"center\" alt=\"\" data-full=\"https:\/\/www.dstenerife.eu\/wp-content\/uploads\/2024\/07\/Sommercamp-Kindergarten-1.-Woche-48.jpeg\" title=\"Sommercamp Kindergarten 1. Woche (48)\" crop=\"\" width=\"317\" height=\"423\" src=\"https:\/\/e969z83yjsq.exactdn.com\/wp-content\/uploads\/2024\/07\/Sommercamp-Kindergarten-1.-Woche-48-317x423.jpeg?strip=all\" data-src=\"https:\/\/e969z83yjsq.exactdn.com\/wp-content\/uploads\/2024\/07\/Sommercamp-Kindergarten-1.-Woche-48-317x423.jpeg?strip=all\" data-caption=\"\" srcset=\"https:\/\/e969z83yjsq.exactdn.com\/wp-content\/uploads\/2024\/07\/Sommercamp-Kindergarten-1.-Woche-48.jpeg?strip=all 1440w, https:\/\/e969z83yjsq.exactdn.com\/wp-content\/uploads\/2024\/07\/Sommercamp-Kindergarten-1.-Woche-48-317x423.jpeg?strip=all 317w, https:\/\/e969z83yjsq.exactdn.com\/wp-content\/uploads\/2024\/07\/Sommercamp-Kindergarten-1.-Woche-48-540x720.jpeg?strip=all 540w, https:\/\/e969z83yjsq.exactdn.com\/wp-content\/uploads\/2024\/07\/Sommercamp-Kindergarten-1.-Woche-48-768x1024.jpeg?strip=all 768w, https:\/\/e969z83yjsq.exactdn.com\/wp-content\/uploads\/2024\/07\/Sommercamp-Kindergarten-1.-Woche-48-1152x1536.jpeg?strip=all 1152w, https:\/\/e969z83yjsq.exactdn.com\/wp-content\/uploads\/2024\/07\/Sommercamp-Kindergarten-1.-Woche-48-320x427.jpeg?strip=all 320w, https:\/\/e969z83yjsq.exactdn.com\/wp-content\/uploads\/2024\/07\/Sommercamp-Kindergarten-1.-Woche-48.jpeg?strip=all&amp;w=864 864w\" sizes=\"(max-width: 317px) 100vw, 317px\" \/>\n\t\t<div class=\"figc no-description\">\n\t\t\t<div class=\"figc-inner\">\n\t\t\t\t\t\t\t\t\t\t\t\t\t\t\t<\/div>\n\t\t<\/div>\n\n\t<\/div>\n\n<\/div><div class=\"modula-item effect-pufrobo jtg-filter-all jtg-filter-\" >\n\t<div class=\"modula-item-overlay\"><\/div>\n\n\t<div class=\"modula-item-content\">\n\n\t\t<a data-image-id=\"81684\" role=\"button\" data-elementor-open-lightbox=\"no\" tabindex=\"0\" rel=\"jtg-81572\" data-caption=\"&lt;span class=&quot;modula-caption-description&quot;&gt;&lt;\/span&gt;\" aria-label=\"Bilder in Lightbox \u00f6ffnen\" data-thumb=\"https:\/\/e969z83yjsq.exactdn.com\/wp-content\/uploads\/2024\/07\/Sommercamp-Kindergarten-1.-Woche-46-317x423.jpeg?strip=all\" class=\"tile-inner modula-item-link\"><\/a><img loading=\"lazy\" decoding=\"async\" class=\"pic wp-image-81684\"  data-valign=\"middle\" data-halign=\"center\" alt=\"\" data-full=\"https:\/\/www.dstenerife.eu\/wp-content\/uploads\/2024\/07\/Sommercamp-Kindergarten-1.-Woche-46.jpeg\" title=\"Sommercamp Kindergarten 1. Woche (46)\" crop=\"\" width=\"317\" height=\"423\" src=\"https:\/\/e969z83yjsq.exactdn.com\/wp-content\/uploads\/2024\/07\/Sommercamp-Kindergarten-1.-Woche-46-317x423.jpeg?strip=all\" data-src=\"https:\/\/e969z83yjsq.exactdn.com\/wp-content\/uploads\/2024\/07\/Sommercamp-Kindergarten-1.-Woche-46-317x423.jpeg?strip=all\" data-caption=\"\" srcset=\"https:\/\/e969z83yjsq.exactdn.com\/wp-content\/uploads\/2024\/07\/Sommercamp-Kindergarten-1.-Woche-46.jpeg?strip=all 1440w, https:\/\/e969z83yjsq.exactdn.com\/wp-content\/uploads\/2024\/07\/Sommercamp-Kindergarten-1.-Woche-46-317x423.jpeg?strip=all 317w, https:\/\/e969z83yjsq.exactdn.com\/wp-content\/uploads\/2024\/07\/Sommercamp-Kindergarten-1.-Woche-46-540x720.jpeg?strip=all 540w, https:\/\/e969z83yjsq.exactdn.com\/wp-content\/uploads\/2024\/07\/Sommercamp-Kindergarten-1.-Woche-46-768x1024.jpeg?strip=all 768w, https:\/\/e969z83yjsq.exactdn.com\/wp-content\/uploads\/2024\/07\/Sommercamp-Kindergarten-1.-Woche-46-1152x1536.jpeg?strip=all 1152w, https:\/\/e969z83yjsq.exactdn.com\/wp-content\/uploads\/2024\/07\/Sommercamp-Kindergarten-1.-Woche-46-320x427.jpeg?strip=all 320w, https:\/\/e969z83yjsq.exactdn.com\/wp-content\/uploads\/2024\/07\/Sommercamp-Kindergarten-1.-Woche-46.jpeg?strip=all&amp;w=864 864w\" sizes=\"(max-width: 317px) 100vw, 317px\" \/>\n\t\t<div class=\"figc no-description\">\n\t\t\t<div class=\"figc-inner\">\n\t\t\t\t\t\t\t\t\t\t\t\t\t\t\t<\/div>\n\t\t<\/div>\n\n\t<\/div>\n\n<\/div><div class=\"modula-item effect-pufrobo jtg-filter-all jtg-filter-\" >\n\t<div class=\"modula-item-overlay\"><\/div>\n\n\t<div class=\"modula-item-content\">\n\n\t\t<a data-image-id=\"81688\" role=\"button\" data-elementor-open-lightbox=\"no\" tabindex=\"0\" rel=\"jtg-81572\" data-caption=\"&lt;span class=&quot;modula-caption-description&quot;&gt;&lt;\/span&gt;\" aria-label=\"Bilder in Lightbox \u00f6ffnen\" data-thumb=\"https:\/\/e969z83yjsq.exactdn.com\/wp-content\/uploads\/2024\/07\/Sommercamp-Kindergarten-1.-Woche-44-317x423.jpeg?strip=all\" class=\"tile-inner modula-item-link\"><\/a><img loading=\"lazy\" decoding=\"async\" class=\"pic wp-image-81688\"  data-valign=\"middle\" data-halign=\"center\" alt=\"\" data-full=\"https:\/\/www.dstenerife.eu\/wp-content\/uploads\/2024\/07\/Sommercamp-Kindergarten-1.-Woche-44.jpeg\" title=\"Sommercamp Kindergarten 1. Woche (44)\" crop=\"\" width=\"317\" height=\"423\" src=\"https:\/\/e969z83yjsq.exactdn.com\/wp-content\/uploads\/2024\/07\/Sommercamp-Kindergarten-1.-Woche-44-317x423.jpeg?strip=all\" data-src=\"https:\/\/e969z83yjsq.exactdn.com\/wp-content\/uploads\/2024\/07\/Sommercamp-Kindergarten-1.-Woche-44-317x423.jpeg?strip=all\" data-caption=\"\" srcset=\"https:\/\/e969z83yjsq.exactdn.com\/wp-content\/uploads\/2024\/07\/Sommercamp-Kindergarten-1.-Woche-44.jpeg?strip=all 1440w, https:\/\/e969z83yjsq.exactdn.com\/wp-content\/uploads\/2024\/07\/Sommercamp-Kindergarten-1.-Woche-44-317x423.jpeg?strip=all 317w, https:\/\/e969z83yjsq.exactdn.com\/wp-content\/uploads\/2024\/07\/Sommercamp-Kindergarten-1.-Woche-44-540x720.jpeg?strip=all 540w, https:\/\/e969z83yjsq.exactdn.com\/wp-content\/uploads\/2024\/07\/Sommercamp-Kindergarten-1.-Woche-44-768x1024.jpeg?strip=all 768w, https:\/\/e969z83yjsq.exactdn.com\/wp-content\/uploads\/2024\/07\/Sommercamp-Kindergarten-1.-Woche-44-1152x1536.jpeg?strip=all 1152w, https:\/\/e969z83yjsq.exactdn.com\/wp-content\/uploads\/2024\/07\/Sommercamp-Kindergarten-1.-Woche-44-320x427.jpeg?strip=all 320w, https:\/\/e969z83yjsq.exactdn.com\/wp-content\/uploads\/2024\/07\/Sommercamp-Kindergarten-1.-Woche-44.jpeg?strip=all&amp;w=864 864w\" sizes=\"(max-width: 317px) 100vw, 317px\" \/>\n\t\t<div class=\"figc no-description\">\n\t\t\t<div class=\"figc-inner\">\n\t\t\t\t\t\t\t\t\t\t\t\t\t\t\t<\/div>\n\t\t<\/div>\n\n\t<\/div>\n\n<\/div><div class=\"modula-item effect-pufrobo jtg-filter-all jtg-filter-\" >\n\t<div class=\"modula-item-overlay\"><\/div>\n\n\t<div class=\"modula-item-content\">\n\n\t\t<a data-image-id=\"81690\" role=\"button\" data-elementor-open-lightbox=\"no\" tabindex=\"0\" rel=\"jtg-81572\" data-caption=\"&lt;span class=&quot;modula-caption-description&quot;&gt;&lt;\/span&gt;\" aria-label=\"Bilder in Lightbox \u00f6ffnen\" data-thumb=\"https:\/\/e969z83yjsq.exactdn.com\/wp-content\/uploads\/2024\/07\/Sommercamp-Kindergarten-1.-Woche-43-317x423.jpeg?strip=all\" class=\"tile-inner modula-item-link\"><\/a><img loading=\"lazy\" decoding=\"async\" class=\"pic wp-image-81690\"  data-valign=\"middle\" data-halign=\"center\" alt=\"\" data-full=\"https:\/\/www.dstenerife.eu\/wp-content\/uploads\/2024\/07\/Sommercamp-Kindergarten-1.-Woche-43.jpeg\" title=\"Sommercamp Kindergarten 1. Woche (43)\" crop=\"\" width=\"317\" height=\"423\" src=\"https:\/\/e969z83yjsq.exactdn.com\/wp-content\/uploads\/2024\/07\/Sommercamp-Kindergarten-1.-Woche-43-317x423.jpeg?strip=all\" data-src=\"https:\/\/e969z83yjsq.exactdn.com\/wp-content\/uploads\/2024\/07\/Sommercamp-Kindergarten-1.-Woche-43-317x423.jpeg?strip=all\" data-caption=\"\" srcset=\"https:\/\/e969z83yjsq.exactdn.com\/wp-content\/uploads\/2024\/07\/Sommercamp-Kindergarten-1.-Woche-43.jpeg?strip=all 1440w, https:\/\/e969z83yjsq.exactdn.com\/wp-content\/uploads\/2024\/07\/Sommercamp-Kindergarten-1.-Woche-43-317x423.jpeg?strip=all 317w, https:\/\/e969z83yjsq.exactdn.com\/wp-content\/uploads\/2024\/07\/Sommercamp-Kindergarten-1.-Woche-43-540x720.jpeg?strip=all 540w, https:\/\/e969z83yjsq.exactdn.com\/wp-content\/uploads\/2024\/07\/Sommercamp-Kindergarten-1.-Woche-43-768x1024.jpeg?strip=all 768w, https:\/\/e969z83yjsq.exactdn.com\/wp-content\/uploads\/2024\/07\/Sommercamp-Kindergarten-1.-Woche-43-1152x1536.jpeg?strip=all 1152w, https:\/\/e969z83yjsq.exactdn.com\/wp-content\/uploads\/2024\/07\/Sommercamp-Kindergarten-1.-Woche-43-320x427.jpeg?strip=all 320w, https:\/\/e969z83yjsq.exactdn.com\/wp-content\/uploads\/2024\/07\/Sommercamp-Kindergarten-1.-Woche-43.jpeg?strip=all&amp;w=864 864w\" sizes=\"(max-width: 317px) 100vw, 317px\" \/>\n\t\t<div class=\"figc no-description\">\n\t\t\t<div class=\"figc-inner\">\n\t\t\t\t\t\t\t\t\t\t\t\t\t\t\t<\/div>\n\t\t<\/div>\n\n\t<\/div>\n\n<\/div><div class=\"modula-item effect-pufrobo jtg-filter-all jtg-filter-\" >\n\t<div class=\"modula-item-overlay\"><\/div>\n\n\t<div class=\"modula-item-content\">\n\n\t\t<a data-image-id=\"81692\" role=\"button\" data-elementor-open-lightbox=\"no\" tabindex=\"0\" rel=\"jtg-81572\" data-caption=\"&lt;span class=&quot;modula-caption-description&quot;&gt;&lt;\/span&gt;\" aria-label=\"Bilder in Lightbox \u00f6ffnen\" data-thumb=\"https:\/\/e969z83yjsq.exactdn.com\/wp-content\/uploads\/2024\/07\/Sommercamp-Kindergarten-1.-Woche-42-317x423.jpeg?strip=all\" class=\"tile-inner modula-item-link\"><\/a><img loading=\"lazy\" decoding=\"async\" class=\"pic wp-image-81692\"  data-valign=\"middle\" data-halign=\"center\" alt=\"\" data-full=\"https:\/\/www.dstenerife.eu\/wp-content\/uploads\/2024\/07\/Sommercamp-Kindergarten-1.-Woche-42.jpeg\" title=\"Sommercamp Kindergarten 1. Woche (42)\" crop=\"\" width=\"317\" height=\"423\" src=\"https:\/\/e969z83yjsq.exactdn.com\/wp-content\/uploads\/2024\/07\/Sommercamp-Kindergarten-1.-Woche-42-317x423.jpeg?strip=all\" data-src=\"https:\/\/e969z83yjsq.exactdn.com\/wp-content\/uploads\/2024\/07\/Sommercamp-Kindergarten-1.-Woche-42-317x423.jpeg?strip=all\" data-caption=\"\" srcset=\"https:\/\/e969z83yjsq.exactdn.com\/wp-content\/uploads\/2024\/07\/Sommercamp-Kindergarten-1.-Woche-42.jpeg?strip=all 1440w, https:\/\/e969z83yjsq.exactdn.com\/wp-content\/uploads\/2024\/07\/Sommercamp-Kindergarten-1.-Woche-42-317x423.jpeg?strip=all 317w, https:\/\/e969z83yjsq.exactdn.com\/wp-content\/uploads\/2024\/07\/Sommercamp-Kindergarten-1.-Woche-42-540x720.jpeg?strip=all 540w, https:\/\/e969z83yjsq.exactdn.com\/wp-content\/uploads\/2024\/07\/Sommercamp-Kindergarten-1.-Woche-42-768x1024.jpeg?strip=all 768w, https:\/\/e969z83yjsq.exactdn.com\/wp-content\/uploads\/2024\/07\/Sommercamp-Kindergarten-1.-Woche-42-1152x1536.jpeg?strip=all 1152w, https:\/\/e969z83yjsq.exactdn.com\/wp-content\/uploads\/2024\/07\/Sommercamp-Kindergarten-1.-Woche-42-320x427.jpeg?strip=all 320w, https:\/\/e969z83yjsq.exactdn.com\/wp-content\/uploads\/2024\/07\/Sommercamp-Kindergarten-1.-Woche-42.jpeg?strip=all&amp;w=864 864w\" sizes=\"(max-width: 317px) 100vw, 317px\" \/>\n\t\t<div class=\"figc no-description\">\n\t\t\t<div class=\"figc-inner\">\n\t\t\t\t\t\t\t\t\t\t\t\t\t\t\t<\/div>\n\t\t<\/div>\n\n\t<\/div>\n\n<\/div><div class=\"modula-item effect-pufrobo jtg-filter-all jtg-filter-\" >\n\t<div class=\"modula-item-overlay\"><\/div>\n\n\t<div class=\"modula-item-content\">\n\n\t\t<a data-image-id=\"81694\" role=\"button\" data-elementor-open-lightbox=\"no\" tabindex=\"0\" rel=\"jtg-81572\" data-caption=\"&lt;span class=&quot;modula-caption-description&quot;&gt;&lt;\/span&gt;\" aria-label=\"Bilder in Lightbox \u00f6ffnen\" data-thumb=\"https:\/\/e969z83yjsq.exactdn.com\/wp-content\/uploads\/2024\/07\/Sommercamp-Kindergarten-1.-Woche-41-317x423.jpeg?strip=all\" class=\"tile-inner modula-item-link\"><\/a><img loading=\"lazy\" decoding=\"async\" class=\"pic wp-image-81694\"  data-valign=\"middle\" data-halign=\"center\" alt=\"\" data-full=\"https:\/\/www.dstenerife.eu\/wp-content\/uploads\/2024\/07\/Sommercamp-Kindergarten-1.-Woche-41.jpeg\" title=\"Sommercamp Kindergarten 1. Woche (41)\" crop=\"\" width=\"317\" height=\"423\" src=\"https:\/\/e969z83yjsq.exactdn.com\/wp-content\/uploads\/2024\/07\/Sommercamp-Kindergarten-1.-Woche-41-317x423.jpeg?strip=all\" data-src=\"https:\/\/e969z83yjsq.exactdn.com\/wp-content\/uploads\/2024\/07\/Sommercamp-Kindergarten-1.-Woche-41-317x423.jpeg?strip=all\" data-caption=\"\" srcset=\"https:\/\/e969z83yjsq.exactdn.com\/wp-content\/uploads\/2024\/07\/Sommercamp-Kindergarten-1.-Woche-41.jpeg?strip=all 1440w, https:\/\/e969z83yjsq.exactdn.com\/wp-content\/uploads\/2024\/07\/Sommercamp-Kindergarten-1.-Woche-41-317x423.jpeg?strip=all 317w, https:\/\/e969z83yjsq.exactdn.com\/wp-content\/uploads\/2024\/07\/Sommercamp-Kindergarten-1.-Woche-41-540x720.jpeg?strip=all 540w, https:\/\/e969z83yjsq.exactdn.com\/wp-content\/uploads\/2024\/07\/Sommercamp-Kindergarten-1.-Woche-41-768x1024.jpeg?strip=all 768w, https:\/\/e969z83yjsq.exactdn.com\/wp-content\/uploads\/2024\/07\/Sommercamp-Kindergarten-1.-Woche-41-1152x1536.jpeg?strip=all 1152w, https:\/\/e969z83yjsq.exactdn.com\/wp-content\/uploads\/2024\/07\/Sommercamp-Kindergarten-1.-Woche-41-320x427.jpeg?strip=all 320w, https:\/\/e969z83yjsq.exactdn.com\/wp-content\/uploads\/2024\/07\/Sommercamp-Kindergarten-1.-Woche-41.jpeg?strip=all&amp;w=864 864w\" sizes=\"(max-width: 317px) 100vw, 317px\" \/>\n\t\t<div class=\"figc no-description\">\n\t\t\t<div class=\"figc-inner\">\n\t\t\t\t\t\t\t\t\t\t\t\t\t\t\t<\/div>\n\t\t<\/div>\n\n\t<\/div>\n\n<\/div><div class=\"modula-item effect-pufrobo jtg-filter-all jtg-filter-\" >\n\t<div class=\"modula-item-overlay\"><\/div>\n\n\t<div class=\"modula-item-content\">\n\n\t\t<a data-image-id=\"81696\" role=\"button\" data-elementor-open-lightbox=\"no\" tabindex=\"0\" rel=\"jtg-81572\" data-caption=\"&lt;span class=&quot;modula-caption-description&quot;&gt;&lt;\/span&gt;\" aria-label=\"Bilder in Lightbox \u00f6ffnen\" data-thumb=\"https:\/\/e969z83yjsq.exactdn.com\/wp-content\/uploads\/2024\/07\/Sommercamp-Kindergarten-1.-Woche-40-317x423.jpeg?strip=all\" class=\"tile-inner modula-item-link\"><\/a><img loading=\"lazy\" decoding=\"async\" class=\"pic wp-image-81696\"  data-valign=\"middle\" data-halign=\"center\" alt=\"\" data-full=\"https:\/\/www.dstenerife.eu\/wp-content\/uploads\/2024\/07\/Sommercamp-Kindergarten-1.-Woche-40.jpeg\" title=\"Sommercamp Kindergarten 1. Woche (40)\" crop=\"\" width=\"317\" height=\"423\" src=\"https:\/\/e969z83yjsq.exactdn.com\/wp-content\/uploads\/2024\/07\/Sommercamp-Kindergarten-1.-Woche-40-317x423.jpeg?strip=all\" data-src=\"https:\/\/e969z83yjsq.exactdn.com\/wp-content\/uploads\/2024\/07\/Sommercamp-Kindergarten-1.-Woche-40-317x423.jpeg?strip=all\" data-caption=\"\" srcset=\"https:\/\/e969z83yjsq.exactdn.com\/wp-content\/uploads\/2024\/07\/Sommercamp-Kindergarten-1.-Woche-40.jpeg?strip=all 1440w, https:\/\/e969z83yjsq.exactdn.com\/wp-content\/uploads\/2024\/07\/Sommercamp-Kindergarten-1.-Woche-40-317x423.jpeg?strip=all 317w, https:\/\/e969z83yjsq.exactdn.com\/wp-content\/uploads\/2024\/07\/Sommercamp-Kindergarten-1.-Woche-40-540x720.jpeg?strip=all 540w, https:\/\/e969z83yjsq.exactdn.com\/wp-content\/uploads\/2024\/07\/Sommercamp-Kindergarten-1.-Woche-40-768x1024.jpeg?strip=all 768w, https:\/\/e969z83yjsq.exactdn.com\/wp-content\/uploads\/2024\/07\/Sommercamp-Kindergarten-1.-Woche-40-1152x1536.jpeg?strip=all 1152w, https:\/\/e969z83yjsq.exactdn.com\/wp-content\/uploads\/2024\/07\/Sommercamp-Kindergarten-1.-Woche-40-320x427.jpeg?strip=all 320w, https:\/\/e969z83yjsq.exactdn.com\/wp-content\/uploads\/2024\/07\/Sommercamp-Kindergarten-1.-Woche-40.jpeg?strip=all&amp;w=864 864w\" sizes=\"(max-width: 317px) 100vw, 317px\" \/>\n\t\t<div class=\"figc no-description\">\n\t\t\t<div class=\"figc-inner\">\n\t\t\t\t\t\t\t\t\t\t\t\t\t\t\t<\/div>\n\t\t<\/div>\n\n\t<\/div>\n\n<\/div><div class=\"modula-item effect-pufrobo jtg-filter-all jtg-filter-\" >\n\t<div class=\"modula-item-overlay\"><\/div>\n\n\t<div class=\"modula-item-content\">\n\n\t\t<a data-image-id=\"81698\" role=\"button\" data-elementor-open-lightbox=\"no\" tabindex=\"0\" rel=\"jtg-81572\" data-caption=\"&lt;span class=&quot;modula-caption-description&quot;&gt;&lt;\/span&gt;\" aria-label=\"Bilder in Lightbox \u00f6ffnen\" data-thumb=\"https:\/\/e969z83yjsq.exactdn.com\/wp-content\/uploads\/2024\/07\/Sommercamp-Kindergarten-1.-Woche-39-317x423.jpeg?strip=all\" class=\"tile-inner modula-item-link\"><\/a><img loading=\"lazy\" decoding=\"async\" class=\"pic wp-image-81698\"  data-valign=\"middle\" data-halign=\"center\" alt=\"\" data-full=\"https:\/\/www.dstenerife.eu\/wp-content\/uploads\/2024\/07\/Sommercamp-Kindergarten-1.-Woche-39.jpeg\" title=\"Sommercamp Kindergarten 1. Woche (39)\" crop=\"\" width=\"317\" height=\"423\" src=\"https:\/\/e969z83yjsq.exactdn.com\/wp-content\/uploads\/2024\/07\/Sommercamp-Kindergarten-1.-Woche-39-317x423.jpeg?strip=all\" data-src=\"https:\/\/e969z83yjsq.exactdn.com\/wp-content\/uploads\/2024\/07\/Sommercamp-Kindergarten-1.-Woche-39-317x423.jpeg?strip=all\" data-caption=\"\" srcset=\"https:\/\/e969z83yjsq.exactdn.com\/wp-content\/uploads\/2024\/07\/Sommercamp-Kindergarten-1.-Woche-39.jpeg?strip=all 1440w, https:\/\/e969z83yjsq.exactdn.com\/wp-content\/uploads\/2024\/07\/Sommercamp-Kindergarten-1.-Woche-39-317x423.jpeg?strip=all 317w, https:\/\/e969z83yjsq.exactdn.com\/wp-content\/uploads\/2024\/07\/Sommercamp-Kindergarten-1.-Woche-39-540x720.jpeg?strip=all 540w, https:\/\/e969z83yjsq.exactdn.com\/wp-content\/uploads\/2024\/07\/Sommercamp-Kindergarten-1.-Woche-39-768x1024.jpeg?strip=all 768w, https:\/\/e969z83yjsq.exactdn.com\/wp-content\/uploads\/2024\/07\/Sommercamp-Kindergarten-1.-Woche-39-1152x1536.jpeg?strip=all 1152w, https:\/\/e969z83yjsq.exactdn.com\/wp-content\/uploads\/2024\/07\/Sommercamp-Kindergarten-1.-Woche-39-320x427.jpeg?strip=all 320w, https:\/\/e969z83yjsq.exactdn.com\/wp-content\/uploads\/2024\/07\/Sommercamp-Kindergarten-1.-Woche-39.jpeg?strip=all&amp;w=864 864w\" sizes=\"(max-width: 317px) 100vw, 317px\" \/>\n\t\t<div class=\"figc no-description\">\n\t\t\t<div class=\"figc-inner\">\n\t\t\t\t\t\t\t\t\t\t\t\t\t\t\t<\/div>\n\t\t<\/div>\n\n\t<\/div>\n\n<\/div><div class=\"modula-item effect-pufrobo jtg-filter-all jtg-filter-\" >\n\t<div class=\"modula-item-overlay\"><\/div>\n\n\t<div class=\"modula-item-content\">\n\n\t\t<a data-image-id=\"81700\" role=\"button\" data-elementor-open-lightbox=\"no\" tabindex=\"0\" rel=\"jtg-81572\" data-caption=\"&lt;span class=&quot;modula-caption-description&quot;&gt;&lt;\/span&gt;\" aria-label=\"Bilder in Lightbox \u00f6ffnen\" data-thumb=\"https:\/\/e969z83yjsq.exactdn.com\/wp-content\/uploads\/2024\/07\/Sommercamp-Kindergarten-1.-Woche-38-317x423.jpeg?strip=all\" class=\"tile-inner modula-item-link\"><\/a><img loading=\"lazy\" decoding=\"async\" class=\"pic wp-image-81700\"  data-valign=\"middle\" data-halign=\"center\" alt=\"\" data-full=\"https:\/\/www.dstenerife.eu\/wp-content\/uploads\/2024\/07\/Sommercamp-Kindergarten-1.-Woche-38.jpeg\" title=\"Sommercamp Kindergarten 1. Woche (38)\" crop=\"\" width=\"317\" height=\"423\" src=\"https:\/\/e969z83yjsq.exactdn.com\/wp-content\/uploads\/2024\/07\/Sommercamp-Kindergarten-1.-Woche-38-317x423.jpeg?strip=all\" data-src=\"https:\/\/e969z83yjsq.exactdn.com\/wp-content\/uploads\/2024\/07\/Sommercamp-Kindergarten-1.-Woche-38-317x423.jpeg?strip=all\" data-caption=\"\" srcset=\"https:\/\/e969z83yjsq.exactdn.com\/wp-content\/uploads\/2024\/07\/Sommercamp-Kindergarten-1.-Woche-38.jpeg?strip=all 1440w, https:\/\/e969z83yjsq.exactdn.com\/wp-content\/uploads\/2024\/07\/Sommercamp-Kindergarten-1.-Woche-38-317x423.jpeg?strip=all 317w, https:\/\/e969z83yjsq.exactdn.com\/wp-content\/uploads\/2024\/07\/Sommercamp-Kindergarten-1.-Woche-38-540x720.jpeg?strip=all 540w, https:\/\/e969z83yjsq.exactdn.com\/wp-content\/uploads\/2024\/07\/Sommercamp-Kindergarten-1.-Woche-38-768x1024.jpeg?strip=all 768w, https:\/\/e969z83yjsq.exactdn.com\/wp-content\/uploads\/2024\/07\/Sommercamp-Kindergarten-1.-Woche-38-1152x1536.jpeg?strip=all 1152w, https:\/\/e969z83yjsq.exactdn.com\/wp-content\/uploads\/2024\/07\/Sommercamp-Kindergarten-1.-Woche-38-320x427.jpeg?strip=all 320w, https:\/\/e969z83yjsq.exactdn.com\/wp-content\/uploads\/2024\/07\/Sommercamp-Kindergarten-1.-Woche-38.jpeg?strip=all&amp;w=864 864w\" sizes=\"(max-width: 317px) 100vw, 317px\" \/>\n\t\t<div class=\"figc no-description\">\n\t\t\t<div class=\"figc-inner\">\n\t\t\t\t\t\t\t\t\t\t\t\t\t\t\t<\/div>\n\t\t<\/div>\n\n\t<\/div>\n\n<\/div><div class=\"modula-item effect-pufrobo jtg-filter-all jtg-filter-\" >\n\t<div class=\"modula-item-overlay\"><\/div>\n\n\t<div class=\"modula-item-content\">\n\n\t\t<a data-image-id=\"81702\" role=\"button\" data-elementor-open-lightbox=\"no\" tabindex=\"0\" rel=\"jtg-81572\" data-caption=\"&lt;span class=&quot;modula-caption-description&quot;&gt;&lt;\/span&gt;\" aria-label=\"Bilder in Lightbox \u00f6ffnen\" data-thumb=\"https:\/\/e969z83yjsq.exactdn.com\/wp-content\/uploads\/2024\/07\/Sommercamp-Kindergarten-1.-Woche-37-564x423.jpeg?strip=all\" class=\"tile-inner modula-item-link\"><\/a><img loading=\"lazy\" decoding=\"async\" class=\"pic wp-image-81702\"  data-valign=\"middle\" data-halign=\"center\" alt=\"\" data-full=\"https:\/\/www.dstenerife.eu\/wp-content\/uploads\/2024\/07\/Sommercamp-Kindergarten-1.-Woche-37.jpeg\" title=\"Sommercamp Kindergarten 1. Woche (37)\" crop=\"\" width=\"564\" height=\"423\" src=\"https:\/\/e969z83yjsq.exactdn.com\/wp-content\/uploads\/2024\/07\/Sommercamp-Kindergarten-1.-Woche-37-564x423.jpeg?strip=all\" data-src=\"https:\/\/e969z83yjsq.exactdn.com\/wp-content\/uploads\/2024\/07\/Sommercamp-Kindergarten-1.-Woche-37-564x423.jpeg?strip=all\" data-caption=\"\" srcset=\"https:\/\/e969z83yjsq.exactdn.com\/wp-content\/uploads\/2024\/07\/Sommercamp-Kindergarten-1.-Woche-37.jpeg?strip=all 1920w, https:\/\/e969z83yjsq.exactdn.com\/wp-content\/uploads\/2024\/07\/Sommercamp-Kindergarten-1.-Woche-37-564x423.jpeg?strip=all 564w, https:\/\/e969z83yjsq.exactdn.com\/wp-content\/uploads\/2024\/07\/Sommercamp-Kindergarten-1.-Woche-37-960x720.jpeg?strip=all 960w, https:\/\/e969z83yjsq.exactdn.com\/wp-content\/uploads\/2024\/07\/Sommercamp-Kindergarten-1.-Woche-37-768x576.jpeg?strip=all 768w, https:\/\/e969z83yjsq.exactdn.com\/wp-content\/uploads\/2024\/07\/Sommercamp-Kindergarten-1.-Woche-37-1536x1152.jpeg?strip=all 1536w, https:\/\/e969z83yjsq.exactdn.com\/wp-content\/uploads\/2024\/07\/Sommercamp-Kindergarten-1.-Woche-37-320x240.jpeg?strip=all 320w, https:\/\/e969z83yjsq.exactdn.com\/wp-content\/uploads\/2024\/07\/Sommercamp-Kindergarten-1.-Woche-37.jpeg?strip=all&amp;w=384 384w, https:\/\/e969z83yjsq.exactdn.com\/wp-content\/uploads\/2024\/07\/Sommercamp-Kindergarten-1.-Woche-37.jpeg?strip=all&amp;w=1152 1152w, https:\/\/e969z83yjsq.exactdn.com\/wp-content\/uploads\/2024\/07\/Sommercamp-Kindergarten-1.-Woche-37.jpeg?strip=all&amp;w=450 450w\" sizes=\"(max-width: 564px) 100vw, 564px\" \/>\n\t\t<div class=\"figc no-description\">\n\t\t\t<div class=\"figc-inner\">\n\t\t\t\t\t\t\t\t\t\t\t\t\t\t\t<\/div>\n\t\t<\/div>\n\n\t<\/div>\n\n<\/div><div class=\"modula-item effect-pufrobo jtg-filter-all jtg-filter-\" >\n\t<div class=\"modula-item-overlay\"><\/div>\n\n\t<div class=\"modula-item-content\">\n\n\t\t<a data-image-id=\"81704\" role=\"button\" data-elementor-open-lightbox=\"no\" tabindex=\"0\" rel=\"jtg-81572\" data-caption=\"&lt;span class=&quot;modula-caption-description&quot;&gt;&lt;\/span&gt;\" aria-label=\"Bilder in Lightbox \u00f6ffnen\" data-thumb=\"https:\/\/e969z83yjsq.exactdn.com\/wp-content\/uploads\/2024\/07\/Sommercamp-Kindergarten-1.-Woche-36-317x423.jpeg?strip=all\" class=\"tile-inner modula-item-link\"><\/a><img loading=\"lazy\" decoding=\"async\" class=\"pic wp-image-81704\"  data-valign=\"middle\" data-halign=\"center\" alt=\"\" data-full=\"https:\/\/www.dstenerife.eu\/wp-content\/uploads\/2024\/07\/Sommercamp-Kindergarten-1.-Woche-36.jpeg\" title=\"Sommercamp Kindergarten 1. Woche (36)\" crop=\"\" width=\"317\" height=\"423\" src=\"https:\/\/e969z83yjsq.exactdn.com\/wp-content\/uploads\/2024\/07\/Sommercamp-Kindergarten-1.-Woche-36-317x423.jpeg?strip=all\" data-src=\"https:\/\/e969z83yjsq.exactdn.com\/wp-content\/uploads\/2024\/07\/Sommercamp-Kindergarten-1.-Woche-36-317x423.jpeg?strip=all\" data-caption=\"\" srcset=\"https:\/\/e969z83yjsq.exactdn.com\/wp-content\/uploads\/2024\/07\/Sommercamp-Kindergarten-1.-Woche-36.jpeg?strip=all 1440w, https:\/\/e969z83yjsq.exactdn.com\/wp-content\/uploads\/2024\/07\/Sommercamp-Kindergarten-1.-Woche-36-317x423.jpeg?strip=all 317w, https:\/\/e969z83yjsq.exactdn.com\/wp-content\/uploads\/2024\/07\/Sommercamp-Kindergarten-1.-Woche-36-540x720.jpeg?strip=all 540w, https:\/\/e969z83yjsq.exactdn.com\/wp-content\/uploads\/2024\/07\/Sommercamp-Kindergarten-1.-Woche-36-768x1024.jpeg?strip=all 768w, https:\/\/e969z83yjsq.exactdn.com\/wp-content\/uploads\/2024\/07\/Sommercamp-Kindergarten-1.-Woche-36-1152x1536.jpeg?strip=all 1152w, https:\/\/e969z83yjsq.exactdn.com\/wp-content\/uploads\/2024\/07\/Sommercamp-Kindergarten-1.-Woche-36-320x427.jpeg?strip=all 320w, https:\/\/e969z83yjsq.exactdn.com\/wp-content\/uploads\/2024\/07\/Sommercamp-Kindergarten-1.-Woche-36.jpeg?strip=all&amp;w=864 864w\" sizes=\"(max-width: 317px) 100vw, 317px\" \/>\n\t\t<div class=\"figc no-description\">\n\t\t\t<div class=\"figc-inner\">\n\t\t\t\t\t\t\t\t\t\t\t\t\t\t\t<\/div>\n\t\t<\/div>\n\n\t<\/div>\n\n<\/div><div class=\"modula-item effect-pufrobo jtg-filter-all jtg-filter-\" >\n\t<div class=\"modula-item-overlay\"><\/div>\n\n\t<div class=\"modula-item-content\">\n\n\t\t<a data-image-id=\"81706\" role=\"button\" data-elementor-open-lightbox=\"no\" tabindex=\"0\" rel=\"jtg-81572\" data-caption=\"&lt;span class=&quot;modula-caption-description&quot;&gt;&lt;\/span&gt;\" aria-label=\"Bilder in Lightbox \u00f6ffnen\" data-thumb=\"https:\/\/e969z83yjsq.exactdn.com\/wp-content\/uploads\/2024\/07\/Sommercamp-Kindergarten-1.-Woche-35-317x423.jpeg?strip=all\" class=\"tile-inner modula-item-link\"><\/a><img loading=\"lazy\" decoding=\"async\" class=\"pic wp-image-81706\"  data-valign=\"middle\" data-halign=\"center\" alt=\"\" data-full=\"https:\/\/www.dstenerife.eu\/wp-content\/uploads\/2024\/07\/Sommercamp-Kindergarten-1.-Woche-35.jpeg\" title=\"Sommercamp Kindergarten 1. Woche (35)\" crop=\"\" width=\"317\" height=\"423\" src=\"https:\/\/e969z83yjsq.exactdn.com\/wp-content\/uploads\/2024\/07\/Sommercamp-Kindergarten-1.-Woche-35-317x423.jpeg?strip=all\" data-src=\"https:\/\/e969z83yjsq.exactdn.com\/wp-content\/uploads\/2024\/07\/Sommercamp-Kindergarten-1.-Woche-35-317x423.jpeg?strip=all\" data-caption=\"\" srcset=\"https:\/\/e969z83yjsq.exactdn.com\/wp-content\/uploads\/2024\/07\/Sommercamp-Kindergarten-1.-Woche-35.jpeg?strip=all 1440w, https:\/\/e969z83yjsq.exactdn.com\/wp-content\/uploads\/2024\/07\/Sommercamp-Kindergarten-1.-Woche-35-317x423.jpeg?strip=all 317w, https:\/\/e969z83yjsq.exactdn.com\/wp-content\/uploads\/2024\/07\/Sommercamp-Kindergarten-1.-Woche-35-540x720.jpeg?strip=all 540w, https:\/\/e969z83yjsq.exactdn.com\/wp-content\/uploads\/2024\/07\/Sommercamp-Kindergarten-1.-Woche-35-768x1024.jpeg?strip=all 768w, https:\/\/e969z83yjsq.exactdn.com\/wp-content\/uploads\/2024\/07\/Sommercamp-Kindergarten-1.-Woche-35-1152x1536.jpeg?strip=all 1152w, https:\/\/e969z83yjsq.exactdn.com\/wp-content\/uploads\/2024\/07\/Sommercamp-Kindergarten-1.-Woche-35-320x427.jpeg?strip=all 320w, https:\/\/e969z83yjsq.exactdn.com\/wp-content\/uploads\/2024\/07\/Sommercamp-Kindergarten-1.-Woche-35.jpeg?strip=all&amp;w=864 864w\" sizes=\"(max-width: 317px) 100vw, 317px\" \/>\n\t\t<div class=\"figc no-description\">\n\t\t\t<div class=\"figc-inner\">\n\t\t\t\t\t\t\t\t\t\t\t\t\t\t\t<\/div>\n\t\t<\/div>\n\n\t<\/div>\n\n<\/div><div class=\"modula-item effect-pufrobo jtg-filter-all jtg-filter-\" >\n\t<div class=\"modula-item-overlay\"><\/div>\n\n\t<div class=\"modula-item-content\">\n\n\t\t<a data-image-id=\"81708\" role=\"button\" data-elementor-open-lightbox=\"no\" tabindex=\"0\" rel=\"jtg-81572\" data-caption=\"&lt;span class=&quot;modula-caption-description&quot;&gt;&lt;\/span&gt;\" aria-label=\"Bilder in Lightbox \u00f6ffnen\" data-thumb=\"https:\/\/e969z83yjsq.exactdn.com\/wp-content\/uploads\/2024\/07\/Sommercamp-Kindergarten-1.-Woche-34-564x423.jpeg?strip=all\" class=\"tile-inner modula-item-link\"><\/a><img loading=\"lazy\" decoding=\"async\" class=\"pic wp-image-81708\"  data-valign=\"middle\" data-halign=\"center\" alt=\"\" data-full=\"https:\/\/www.dstenerife.eu\/wp-content\/uploads\/2024\/07\/Sommercamp-Kindergarten-1.-Woche-34.jpeg\" title=\"Sommercamp Kindergarten 1. Woche (34)\" crop=\"\" width=\"564\" height=\"423\" src=\"https:\/\/e969z83yjsq.exactdn.com\/wp-content\/uploads\/2024\/07\/Sommercamp-Kindergarten-1.-Woche-34-564x423.jpeg?strip=all\" data-src=\"https:\/\/e969z83yjsq.exactdn.com\/wp-content\/uploads\/2024\/07\/Sommercamp-Kindergarten-1.-Woche-34-564x423.jpeg?strip=all\" data-caption=\"\" srcset=\"https:\/\/e969z83yjsq.exactdn.com\/wp-content\/uploads\/2024\/07\/Sommercamp-Kindergarten-1.-Woche-34.jpeg?strip=all 1920w, https:\/\/e969z83yjsq.exactdn.com\/wp-content\/uploads\/2024\/07\/Sommercamp-Kindergarten-1.-Woche-34-564x423.jpeg?strip=all 564w, https:\/\/e969z83yjsq.exactdn.com\/wp-content\/uploads\/2024\/07\/Sommercamp-Kindergarten-1.-Woche-34-960x720.jpeg?strip=all 960w, https:\/\/e969z83yjsq.exactdn.com\/wp-content\/uploads\/2024\/07\/Sommercamp-Kindergarten-1.-Woche-34-768x576.jpeg?strip=all 768w, https:\/\/e969z83yjsq.exactdn.com\/wp-content\/uploads\/2024\/07\/Sommercamp-Kindergarten-1.-Woche-34-1536x1152.jpeg?strip=all 1536w, https:\/\/e969z83yjsq.exactdn.com\/wp-content\/uploads\/2024\/07\/Sommercamp-Kindergarten-1.-Woche-34-320x240.jpeg?strip=all 320w, https:\/\/e969z83yjsq.exactdn.com\/wp-content\/uploads\/2024\/07\/Sommercamp-Kindergarten-1.-Woche-34.jpeg?strip=all&amp;w=384 384w, https:\/\/e969z83yjsq.exactdn.com\/wp-content\/uploads\/2024\/07\/Sommercamp-Kindergarten-1.-Woche-34.jpeg?strip=all&amp;w=1152 1152w, https:\/\/e969z83yjsq.exactdn.com\/wp-content\/uploads\/2024\/07\/Sommercamp-Kindergarten-1.-Woche-34.jpeg?strip=all&amp;w=450 450w\" sizes=\"(max-width: 564px) 100vw, 564px\" \/>\n\t\t<div class=\"figc no-description\">\n\t\t\t<div class=\"figc-inner\">\n\t\t\t\t\t\t\t\t\t\t\t\t\t\t\t<\/div>\n\t\t<\/div>\n\n\t<\/div>\n\n<\/div><div class=\"modula-item effect-pufrobo jtg-filter-all jtg-filter-\" >\n\t<div class=\"modula-item-overlay\"><\/div>\n\n\t<div class=\"modula-item-content\">\n\n\t\t<a data-image-id=\"81710\" role=\"button\" data-elementor-open-lightbox=\"no\" tabindex=\"0\" rel=\"jtg-81572\" data-caption=\"&lt;span class=&quot;modula-caption-description&quot;&gt;&lt;\/span&gt;\" aria-label=\"Bilder in Lightbox \u00f6ffnen\" data-thumb=\"https:\/\/e969z83yjsq.exactdn.com\/wp-content\/uploads\/2024\/07\/Sommercamp-Kindergarten-1.-Woche-33-564x423.jpeg?strip=all\" class=\"tile-inner modula-item-link\"><\/a><img loading=\"lazy\" decoding=\"async\" class=\"pic wp-image-81710\"  data-valign=\"middle\" data-halign=\"center\" alt=\"\" data-full=\"https:\/\/www.dstenerife.eu\/wp-content\/uploads\/2024\/07\/Sommercamp-Kindergarten-1.-Woche-33.jpeg\" title=\"Sommercamp Kindergarten 1. Woche (33)\" crop=\"\" width=\"564\" height=\"423\" src=\"https:\/\/e969z83yjsq.exactdn.com\/wp-content\/uploads\/2024\/07\/Sommercamp-Kindergarten-1.-Woche-33-564x423.jpeg?strip=all\" data-src=\"https:\/\/e969z83yjsq.exactdn.com\/wp-content\/uploads\/2024\/07\/Sommercamp-Kindergarten-1.-Woche-33-564x423.jpeg?strip=all\" data-caption=\"\" srcset=\"https:\/\/e969z83yjsq.exactdn.com\/wp-content\/uploads\/2024\/07\/Sommercamp-Kindergarten-1.-Woche-33.jpeg?strip=all 1920w, https:\/\/e969z83yjsq.exactdn.com\/wp-content\/uploads\/2024\/07\/Sommercamp-Kindergarten-1.-Woche-33-564x423.jpeg?strip=all 564w, https:\/\/e969z83yjsq.exactdn.com\/wp-content\/uploads\/2024\/07\/Sommercamp-Kindergarten-1.-Woche-33-960x720.jpeg?strip=all 960w, https:\/\/e969z83yjsq.exactdn.com\/wp-content\/uploads\/2024\/07\/Sommercamp-Kindergarten-1.-Woche-33-768x576.jpeg?strip=all 768w, https:\/\/e969z83yjsq.exactdn.com\/wp-content\/uploads\/2024\/07\/Sommercamp-Kindergarten-1.-Woche-33-1536x1152.jpeg?strip=all 1536w, https:\/\/e969z83yjsq.exactdn.com\/wp-content\/uploads\/2024\/07\/Sommercamp-Kindergarten-1.-Woche-33-320x240.jpeg?strip=all 320w, https:\/\/e969z83yjsq.exactdn.com\/wp-content\/uploads\/2024\/07\/Sommercamp-Kindergarten-1.-Woche-33.jpeg?strip=all&amp;w=384 384w, https:\/\/e969z83yjsq.exactdn.com\/wp-content\/uploads\/2024\/07\/Sommercamp-Kindergarten-1.-Woche-33.jpeg?strip=all&amp;w=1152 1152w, https:\/\/e969z83yjsq.exactdn.com\/wp-content\/uploads\/2024\/07\/Sommercamp-Kindergarten-1.-Woche-33.jpeg?strip=all&amp;w=450 450w\" sizes=\"(max-width: 564px) 100vw, 564px\" \/>\n\t\t<div class=\"figc no-description\">\n\t\t\t<div class=\"figc-inner\">\n\t\t\t\t\t\t\t\t\t\t\t\t\t\t\t<\/div>\n\t\t<\/div>\n\n\t<\/div>\n\n<\/div><div class=\"modula-item effect-pufrobo jtg-filter-all jtg-filter-\" >\n\t<div class=\"modula-item-overlay\"><\/div>\n\n\t<div class=\"modula-item-content\">\n\n\t\t<a data-image-id=\"81712\" role=\"button\" data-elementor-open-lightbox=\"no\" tabindex=\"0\" rel=\"jtg-81572\" data-caption=\"&lt;span class=&quot;modula-caption-description&quot;&gt;&lt;\/span&gt;\" aria-label=\"Bilder in Lightbox \u00f6ffnen\" data-thumb=\"https:\/\/e969z83yjsq.exactdn.com\/wp-content\/uploads\/2024\/07\/Sommercamp-Kindergarten-1.-Woche-32-564x423.jpeg?strip=all\" class=\"tile-inner modula-item-link\"><\/a><img loading=\"lazy\" decoding=\"async\" class=\"pic wp-image-81712\"  data-valign=\"middle\" data-halign=\"center\" alt=\"\" data-full=\"https:\/\/www.dstenerife.eu\/wp-content\/uploads\/2024\/07\/Sommercamp-Kindergarten-1.-Woche-32.jpeg\" title=\"Sommercamp Kindergarten 1. Woche (32)\" crop=\"\" width=\"564\" height=\"423\" src=\"https:\/\/e969z83yjsq.exactdn.com\/wp-content\/uploads\/2024\/07\/Sommercamp-Kindergarten-1.-Woche-32-564x423.jpeg?strip=all\" data-src=\"https:\/\/e969z83yjsq.exactdn.com\/wp-content\/uploads\/2024\/07\/Sommercamp-Kindergarten-1.-Woche-32-564x423.jpeg?strip=all\" data-caption=\"\" srcset=\"https:\/\/e969z83yjsq.exactdn.com\/wp-content\/uploads\/2024\/07\/Sommercamp-Kindergarten-1.-Woche-32.jpeg?strip=all 1920w, https:\/\/e969z83yjsq.exactdn.com\/wp-content\/uploads\/2024\/07\/Sommercamp-Kindergarten-1.-Woche-32-564x423.jpeg?strip=all 564w, https:\/\/e969z83yjsq.exactdn.com\/wp-content\/uploads\/2024\/07\/Sommercamp-Kindergarten-1.-Woche-32-960x720.jpeg?strip=all 960w, https:\/\/e969z83yjsq.exactdn.com\/wp-content\/uploads\/2024\/07\/Sommercamp-Kindergarten-1.-Woche-32-768x576.jpeg?strip=all 768w, https:\/\/e969z83yjsq.exactdn.com\/wp-content\/uploads\/2024\/07\/Sommercamp-Kindergarten-1.-Woche-32-1536x1152.jpeg?strip=all 1536w, https:\/\/e969z83yjsq.exactdn.com\/wp-content\/uploads\/2024\/07\/Sommercamp-Kindergarten-1.-Woche-32-320x240.jpeg?strip=all 320w, https:\/\/e969z83yjsq.exactdn.com\/wp-content\/uploads\/2024\/07\/Sommercamp-Kindergarten-1.-Woche-32.jpeg?strip=all&amp;w=384 384w, https:\/\/e969z83yjsq.exactdn.com\/wp-content\/uploads\/2024\/07\/Sommercamp-Kindergarten-1.-Woche-32.jpeg?strip=all&amp;w=1152 1152w, https:\/\/e969z83yjsq.exactdn.com\/wp-content\/uploads\/2024\/07\/Sommercamp-Kindergarten-1.-Woche-32.jpeg?strip=all&amp;w=450 450w\" sizes=\"(max-width: 564px) 100vw, 564px\" \/>\n\t\t<div class=\"figc no-description\">\n\t\t\t<div class=\"figc-inner\">\n\t\t\t\t\t\t\t\t\t\t\t\t\t\t\t<\/div>\n\t\t<\/div>\n\n\t<\/div>\n\n<\/div><div class=\"modula-item effect-pufrobo jtg-filter-all jtg-filter-\" >\n\t<div class=\"modula-item-overlay\"><\/div>\n\n\t<div class=\"modula-item-content\">\n\n\t\t<a data-image-id=\"81714\" role=\"button\" data-elementor-open-lightbox=\"no\" tabindex=\"0\" rel=\"jtg-81572\" data-caption=\"&lt;span class=&quot;modula-caption-description&quot;&gt;&lt;\/span&gt;\" aria-label=\"Bilder in Lightbox \u00f6ffnen\" data-thumb=\"https:\/\/e969z83yjsq.exactdn.com\/wp-content\/uploads\/2024\/07\/Sommercamp-Kindergarten-1.-Woche-31-564x423.jpeg?strip=all\" class=\"tile-inner modula-item-link\"><\/a><img loading=\"lazy\" decoding=\"async\" class=\"pic wp-image-81714\"  data-valign=\"middle\" data-halign=\"center\" alt=\"\" data-full=\"https:\/\/www.dstenerife.eu\/wp-content\/uploads\/2024\/07\/Sommercamp-Kindergarten-1.-Woche-31.jpeg\" title=\"Sommercamp Kindergarten 1. Woche (31)\" crop=\"\" width=\"564\" height=\"423\" src=\"https:\/\/e969z83yjsq.exactdn.com\/wp-content\/uploads\/2024\/07\/Sommercamp-Kindergarten-1.-Woche-31-564x423.jpeg?strip=all\" data-src=\"https:\/\/e969z83yjsq.exactdn.com\/wp-content\/uploads\/2024\/07\/Sommercamp-Kindergarten-1.-Woche-31-564x423.jpeg?strip=all\" data-caption=\"\" srcset=\"https:\/\/e969z83yjsq.exactdn.com\/wp-content\/uploads\/2024\/07\/Sommercamp-Kindergarten-1.-Woche-31.jpeg?strip=all 1920w, https:\/\/e969z83yjsq.exactdn.com\/wp-content\/uploads\/2024\/07\/Sommercamp-Kindergarten-1.-Woche-31-564x423.jpeg?strip=all 564w, https:\/\/e969z83yjsq.exactdn.com\/wp-content\/uploads\/2024\/07\/Sommercamp-Kindergarten-1.-Woche-31-960x720.jpeg?strip=all 960w, https:\/\/e969z83yjsq.exactdn.com\/wp-content\/uploads\/2024\/07\/Sommercamp-Kindergarten-1.-Woche-31-768x576.jpeg?strip=all 768w, https:\/\/e969z83yjsq.exactdn.com\/wp-content\/uploads\/2024\/07\/Sommercamp-Kindergarten-1.-Woche-31-1536x1152.jpeg?strip=all 1536w, https:\/\/e969z83yjsq.exactdn.com\/wp-content\/uploads\/2024\/07\/Sommercamp-Kindergarten-1.-Woche-31-320x240.jpeg?strip=all 320w, https:\/\/e969z83yjsq.exactdn.com\/wp-content\/uploads\/2024\/07\/Sommercamp-Kindergarten-1.-Woche-31.jpeg?strip=all&amp;w=384 384w, https:\/\/e969z83yjsq.exactdn.com\/wp-content\/uploads\/2024\/07\/Sommercamp-Kindergarten-1.-Woche-31.jpeg?strip=all&amp;w=1152 1152w, https:\/\/e969z83yjsq.exactdn.com\/wp-content\/uploads\/2024\/07\/Sommercamp-Kindergarten-1.-Woche-31.jpeg?strip=all&amp;w=450 450w\" sizes=\"(max-width: 564px) 100vw, 564px\" \/>\n\t\t<div class=\"figc no-description\">\n\t\t\t<div class=\"figc-inner\">\n\t\t\t\t\t\t\t\t\t\t\t\t\t\t\t<\/div>\n\t\t<\/div>\n\n\t<\/div>\n\n<\/div><div class=\"modula-item effect-pufrobo jtg-filter-all jtg-filter-\" >\n\t<div class=\"modula-item-overlay\"><\/div>\n\n\t<div class=\"modula-item-content\">\n\n\t\t<a data-image-id=\"81716\" role=\"button\" data-elementor-open-lightbox=\"no\" tabindex=\"0\" rel=\"jtg-81572\" data-caption=\"&lt;span class=&quot;modula-caption-description&quot;&gt;&lt;\/span&gt;\" aria-label=\"Bilder in Lightbox \u00f6ffnen\" data-thumb=\"https:\/\/e969z83yjsq.exactdn.com\/wp-content\/uploads\/2024\/07\/Sommercamp-Kindergarten-1.-Woche-30-564x423.jpeg?strip=all\" class=\"tile-inner modula-item-link\"><\/a><img loading=\"lazy\" decoding=\"async\" class=\"pic wp-image-81716\"  data-valign=\"middle\" data-halign=\"center\" alt=\"\" data-full=\"https:\/\/www.dstenerife.eu\/wp-content\/uploads\/2024\/07\/Sommercamp-Kindergarten-1.-Woche-30.jpeg\" title=\"Sommercamp Kindergarten 1. Woche (30)\" crop=\"\" width=\"564\" height=\"423\" src=\"https:\/\/e969z83yjsq.exactdn.com\/wp-content\/uploads\/2024\/07\/Sommercamp-Kindergarten-1.-Woche-30-564x423.jpeg?strip=all\" data-src=\"https:\/\/e969z83yjsq.exactdn.com\/wp-content\/uploads\/2024\/07\/Sommercamp-Kindergarten-1.-Woche-30-564x423.jpeg?strip=all\" data-caption=\"\" srcset=\"https:\/\/e969z83yjsq.exactdn.com\/wp-content\/uploads\/2024\/07\/Sommercamp-Kindergarten-1.-Woche-30.jpeg?strip=all 1920w, https:\/\/e969z83yjsq.exactdn.com\/wp-content\/uploads\/2024\/07\/Sommercamp-Kindergarten-1.-Woche-30-564x423.jpeg?strip=all 564w, https:\/\/e969z83yjsq.exactdn.com\/wp-content\/uploads\/2024\/07\/Sommercamp-Kindergarten-1.-Woche-30-960x720.jpeg?strip=all 960w, https:\/\/e969z83yjsq.exactdn.com\/wp-content\/uploads\/2024\/07\/Sommercamp-Kindergarten-1.-Woche-30-768x576.jpeg?strip=all 768w, https:\/\/e969z83yjsq.exactdn.com\/wp-content\/uploads\/2024\/07\/Sommercamp-Kindergarten-1.-Woche-30-1536x1152.jpeg?strip=all 1536w, https:\/\/e969z83yjsq.exactdn.com\/wp-content\/uploads\/2024\/07\/Sommercamp-Kindergarten-1.-Woche-30-320x240.jpeg?strip=all 320w, https:\/\/e969z83yjsq.exactdn.com\/wp-content\/uploads\/2024\/07\/Sommercamp-Kindergarten-1.-Woche-30.jpeg?strip=all&amp;w=384 384w, https:\/\/e969z83yjsq.exactdn.com\/wp-content\/uploads\/2024\/07\/Sommercamp-Kindergarten-1.-Woche-30.jpeg?strip=all&amp;w=1152 1152w, https:\/\/e969z83yjsq.exactdn.com\/wp-content\/uploads\/2024\/07\/Sommercamp-Kindergarten-1.-Woche-30.jpeg?strip=all&amp;w=450 450w\" sizes=\"(max-width: 564px) 100vw, 564px\" \/>\n\t\t<div class=\"figc no-description\">\n\t\t\t<div class=\"figc-inner\">\n\t\t\t\t\t\t\t\t\t\t\t\t\t\t\t<\/div>\n\t\t<\/div>\n\n\t<\/div>\n\n<\/div><div class=\"modula-item effect-pufrobo jtg-filter-all jtg-filter-\" >\n\t<div class=\"modula-item-overlay\"><\/div>\n\n\t<div class=\"modula-item-content\">\n\n\t\t<a data-image-id=\"81718\" role=\"button\" data-elementor-open-lightbox=\"no\" tabindex=\"0\" rel=\"jtg-81572\" data-caption=\"&lt;span class=&quot;modula-caption-description&quot;&gt;&lt;\/span&gt;\" aria-label=\"Bilder in Lightbox \u00f6ffnen\" data-thumb=\"https:\/\/e969z83yjsq.exactdn.com\/wp-content\/uploads\/2024\/07\/Sommercamp-Kindergarten-1.-Woche-29-564x423.jpeg?strip=all\" class=\"tile-inner modula-item-link\"><\/a><img loading=\"lazy\" decoding=\"async\" class=\"pic wp-image-81718\"  data-valign=\"middle\" data-halign=\"center\" alt=\"\" data-full=\"https:\/\/www.dstenerife.eu\/wp-content\/uploads\/2024\/07\/Sommercamp-Kindergarten-1.-Woche-29.jpeg\" title=\"Sommercamp Kindergarten 1. Woche (29)\" crop=\"\" width=\"564\" height=\"423\" src=\"https:\/\/e969z83yjsq.exactdn.com\/wp-content\/uploads\/2024\/07\/Sommercamp-Kindergarten-1.-Woche-29-564x423.jpeg?strip=all\" data-src=\"https:\/\/e969z83yjsq.exactdn.com\/wp-content\/uploads\/2024\/07\/Sommercamp-Kindergarten-1.-Woche-29-564x423.jpeg?strip=all\" data-caption=\"\" srcset=\"https:\/\/e969z83yjsq.exactdn.com\/wp-content\/uploads\/2024\/07\/Sommercamp-Kindergarten-1.-Woche-29.jpeg?strip=all 1920w, https:\/\/e969z83yjsq.exactdn.com\/wp-content\/uploads\/2024\/07\/Sommercamp-Kindergarten-1.-Woche-29-564x423.jpeg?strip=all 564w, https:\/\/e969z83yjsq.exactdn.com\/wp-content\/uploads\/2024\/07\/Sommercamp-Kindergarten-1.-Woche-29-960x720.jpeg?strip=all 960w, https:\/\/e969z83yjsq.exactdn.com\/wp-content\/uploads\/2024\/07\/Sommercamp-Kindergarten-1.-Woche-29-768x576.jpeg?strip=all 768w, https:\/\/e969z83yjsq.exactdn.com\/wp-content\/uploads\/2024\/07\/Sommercamp-Kindergarten-1.-Woche-29-1536x1152.jpeg?strip=all 1536w, https:\/\/e969z83yjsq.exactdn.com\/wp-content\/uploads\/2024\/07\/Sommercamp-Kindergarten-1.-Woche-29-320x240.jpeg?strip=all 320w, https:\/\/e969z83yjsq.exactdn.com\/wp-content\/uploads\/2024\/07\/Sommercamp-Kindergarten-1.-Woche-29.jpeg?strip=all&amp;w=384 384w, https:\/\/e969z83yjsq.exactdn.com\/wp-content\/uploads\/2024\/07\/Sommercamp-Kindergarten-1.-Woche-29.jpeg?strip=all&amp;w=1152 1152w, https:\/\/e969z83yjsq.exactdn.com\/wp-content\/uploads\/2024\/07\/Sommercamp-Kindergarten-1.-Woche-29.jpeg?strip=all&amp;w=450 450w\" sizes=\"(max-width: 564px) 100vw, 564px\" \/>\n\t\t<div class=\"figc no-description\">\n\t\t\t<div class=\"figc-inner\">\n\t\t\t\t\t\t\t\t\t\t\t\t\t\t\t<\/div>\n\t\t<\/div>\n\n\t<\/div>\n\n<\/div><div class=\"modula-item effect-pufrobo jtg-filter-all jtg-filter-\" >\n\t<div class=\"modula-item-overlay\"><\/div>\n\n\t<div class=\"modula-item-content\">\n\n\t\t<a data-image-id=\"81720\" role=\"button\" data-elementor-open-lightbox=\"no\" tabindex=\"0\" rel=\"jtg-81572\" data-caption=\"&lt;span class=&quot;modula-caption-description&quot;&gt;&lt;\/span&gt;\" aria-label=\"Bilder in Lightbox \u00f6ffnen\" data-thumb=\"https:\/\/e969z83yjsq.exactdn.com\/wp-content\/uploads\/2024\/07\/Sommercamp-Kindergarten-1.-Woche-28-564x423.jpeg?strip=all\" class=\"tile-inner modula-item-link\"><\/a><img loading=\"lazy\" decoding=\"async\" class=\"pic wp-image-81720\"  data-valign=\"middle\" data-halign=\"center\" alt=\"\" data-full=\"https:\/\/www.dstenerife.eu\/wp-content\/uploads\/2024\/07\/Sommercamp-Kindergarten-1.-Woche-28.jpeg\" title=\"Sommercamp Kindergarten 1. Woche (28)\" crop=\"\" width=\"564\" height=\"423\" src=\"https:\/\/e969z83yjsq.exactdn.com\/wp-content\/uploads\/2024\/07\/Sommercamp-Kindergarten-1.-Woche-28-564x423.jpeg?strip=all\" data-src=\"https:\/\/e969z83yjsq.exactdn.com\/wp-content\/uploads\/2024\/07\/Sommercamp-Kindergarten-1.-Woche-28-564x423.jpeg?strip=all\" data-caption=\"\" srcset=\"https:\/\/e969z83yjsq.exactdn.com\/wp-content\/uploads\/2024\/07\/Sommercamp-Kindergarten-1.-Woche-28.jpeg?strip=all 1920w, https:\/\/e969z83yjsq.exactdn.com\/wp-content\/uploads\/2024\/07\/Sommercamp-Kindergarten-1.-Woche-28-564x423.jpeg?strip=all 564w, https:\/\/e969z83yjsq.exactdn.com\/wp-content\/uploads\/2024\/07\/Sommercamp-Kindergarten-1.-Woche-28-960x720.jpeg?strip=all 960w, https:\/\/e969z83yjsq.exactdn.com\/wp-content\/uploads\/2024\/07\/Sommercamp-Kindergarten-1.-Woche-28-768x576.jpeg?strip=all 768w, https:\/\/e969z83yjsq.exactdn.com\/wp-content\/uploads\/2024\/07\/Sommercamp-Kindergarten-1.-Woche-28-1536x1152.jpeg?strip=all 1536w, https:\/\/e969z83yjsq.exactdn.com\/wp-content\/uploads\/2024\/07\/Sommercamp-Kindergarten-1.-Woche-28-320x240.jpeg?strip=all 320w, https:\/\/e969z83yjsq.exactdn.com\/wp-content\/uploads\/2024\/07\/Sommercamp-Kindergarten-1.-Woche-28.jpeg?strip=all&amp;w=384 384w, https:\/\/e969z83yjsq.exactdn.com\/wp-content\/uploads\/2024\/07\/Sommercamp-Kindergarten-1.-Woche-28.jpeg?strip=all&amp;w=1152 1152w, https:\/\/e969z83yjsq.exactdn.com\/wp-content\/uploads\/2024\/07\/Sommercamp-Kindergarten-1.-Woche-28.jpeg?strip=all&amp;w=450 450w\" sizes=\"(max-width: 564px) 100vw, 564px\" \/>\n\t\t<div class=\"figc no-description\">\n\t\t\t<div class=\"figc-inner\">\n\t\t\t\t\t\t\t\t\t\t\t\t\t\t\t<\/div>\n\t\t<\/div>\n\n\t<\/div>\n\n<\/div><div class=\"modula-item effect-pufrobo jtg-filter-all jtg-filter-\" >\n\t<div class=\"modula-item-overlay\"><\/div>\n\n\t<div class=\"modula-item-content\">\n\n\t\t<a data-image-id=\"81722\" role=\"button\" data-elementor-open-lightbox=\"no\" tabindex=\"0\" rel=\"jtg-81572\" data-caption=\"&lt;span class=&quot;modula-caption-description&quot;&gt;&lt;\/span&gt;\" aria-label=\"Bilder in Lightbox \u00f6ffnen\" data-thumb=\"https:\/\/e969z83yjsq.exactdn.com\/wp-content\/uploads\/2024\/07\/Sommercamp-Kindergarten-1.-Woche-27-317x423.jpeg?strip=all\" class=\"tile-inner modula-item-link\"><\/a><img loading=\"lazy\" decoding=\"async\" class=\"pic wp-image-81722\"  data-valign=\"middle\" data-halign=\"center\" alt=\"\" data-full=\"https:\/\/www.dstenerife.eu\/wp-content\/uploads\/2024\/07\/Sommercamp-Kindergarten-1.-Woche-27.jpeg\" title=\"Sommercamp Kindergarten 1. Woche (27)\" crop=\"\" width=\"317\" height=\"423\" src=\"https:\/\/e969z83yjsq.exactdn.com\/wp-content\/uploads\/2024\/07\/Sommercamp-Kindergarten-1.-Woche-27-317x423.jpeg?strip=all\" data-src=\"https:\/\/e969z83yjsq.exactdn.com\/wp-content\/uploads\/2024\/07\/Sommercamp-Kindergarten-1.-Woche-27-317x423.jpeg?strip=all\" data-caption=\"\" srcset=\"https:\/\/e969z83yjsq.exactdn.com\/wp-content\/uploads\/2024\/07\/Sommercamp-Kindergarten-1.-Woche-27.jpeg?strip=all 1440w, https:\/\/e969z83yjsq.exactdn.com\/wp-content\/uploads\/2024\/07\/Sommercamp-Kindergarten-1.-Woche-27-317x423.jpeg?strip=all 317w, https:\/\/e969z83yjsq.exactdn.com\/wp-content\/uploads\/2024\/07\/Sommercamp-Kindergarten-1.-Woche-27-540x720.jpeg?strip=all 540w, https:\/\/e969z83yjsq.exactdn.com\/wp-content\/uploads\/2024\/07\/Sommercamp-Kindergarten-1.-Woche-27-768x1024.jpeg?strip=all 768w, https:\/\/e969z83yjsq.exactdn.com\/wp-content\/uploads\/2024\/07\/Sommercamp-Kindergarten-1.-Woche-27-1152x1536.jpeg?strip=all 1152w, https:\/\/e969z83yjsq.exactdn.com\/wp-content\/uploads\/2024\/07\/Sommercamp-Kindergarten-1.-Woche-27-320x427.jpeg?strip=all 320w, https:\/\/e969z83yjsq.exactdn.com\/wp-content\/uploads\/2024\/07\/Sommercamp-Kindergarten-1.-Woche-27.jpeg?strip=all&amp;w=864 864w\" sizes=\"(max-width: 317px) 100vw, 317px\" \/>\n\t\t<div class=\"figc no-description\">\n\t\t\t<div class=\"figc-inner\">\n\t\t\t\t\t\t\t\t\t\t\t\t\t\t\t<\/div>\n\t\t<\/div>\n\n\t<\/div>\n\n<\/div><div class=\"modula-item effect-pufrobo jtg-filter-all jtg-filter-\" >\n\t<div class=\"modula-item-overlay\"><\/div>\n\n\t<div class=\"modula-item-content\">\n\n\t\t<a data-image-id=\"81724\" role=\"button\" data-elementor-open-lightbox=\"no\" tabindex=\"0\" rel=\"jtg-81572\" data-caption=\"&lt;span class=&quot;modula-caption-description&quot;&gt;&lt;\/span&gt;\" aria-label=\"Bilder in Lightbox \u00f6ffnen\" data-thumb=\"https:\/\/e969z83yjsq.exactdn.com\/wp-content\/uploads\/2024\/07\/Sommercamp-Kindergarten-1.-Woche-26-564x423.jpeg?strip=all\" class=\"tile-inner modula-item-link\"><\/a><img loading=\"lazy\" decoding=\"async\" class=\"pic wp-image-81724\"  data-valign=\"middle\" data-halign=\"center\" alt=\"\" data-full=\"https:\/\/www.dstenerife.eu\/wp-content\/uploads\/2024\/07\/Sommercamp-Kindergarten-1.-Woche-26.jpeg\" title=\"Sommercamp Kindergarten 1. Woche (26)\" crop=\"\" width=\"564\" height=\"423\" src=\"https:\/\/e969z83yjsq.exactdn.com\/wp-content\/uploads\/2024\/07\/Sommercamp-Kindergarten-1.-Woche-26-564x423.jpeg?strip=all\" data-src=\"https:\/\/e969z83yjsq.exactdn.com\/wp-content\/uploads\/2024\/07\/Sommercamp-Kindergarten-1.-Woche-26-564x423.jpeg?strip=all\" data-caption=\"\" srcset=\"https:\/\/e969z83yjsq.exactdn.com\/wp-content\/uploads\/2024\/07\/Sommercamp-Kindergarten-1.-Woche-26.jpeg?strip=all 1920w, https:\/\/e969z83yjsq.exactdn.com\/wp-content\/uploads\/2024\/07\/Sommercamp-Kindergarten-1.-Woche-26-564x423.jpeg?strip=all 564w, https:\/\/e969z83yjsq.exactdn.com\/wp-content\/uploads\/2024\/07\/Sommercamp-Kindergarten-1.-Woche-26-960x720.jpeg?strip=all 960w, https:\/\/e969z83yjsq.exactdn.com\/wp-content\/uploads\/2024\/07\/Sommercamp-Kindergarten-1.-Woche-26-768x576.jpeg?strip=all 768w, https:\/\/e969z83yjsq.exactdn.com\/wp-content\/uploads\/2024\/07\/Sommercamp-Kindergarten-1.-Woche-26-1536x1152.jpeg?strip=all 1536w, https:\/\/e969z83yjsq.exactdn.com\/wp-content\/uploads\/2024\/07\/Sommercamp-Kindergarten-1.-Woche-26-320x240.jpeg?strip=all 320w, https:\/\/e969z83yjsq.exactdn.com\/wp-content\/uploads\/2024\/07\/Sommercamp-Kindergarten-1.-Woche-26.jpeg?strip=all&amp;w=384 384w, https:\/\/e969z83yjsq.exactdn.com\/wp-content\/uploads\/2024\/07\/Sommercamp-Kindergarten-1.-Woche-26.jpeg?strip=all&amp;w=1152 1152w, https:\/\/e969z83yjsq.exactdn.com\/wp-content\/uploads\/2024\/07\/Sommercamp-Kindergarten-1.-Woche-26.jpeg?strip=all&amp;w=450 450w\" sizes=\"(max-width: 564px) 100vw, 564px\" \/>\n\t\t<div class=\"figc no-description\">\n\t\t\t<div class=\"figc-inner\">\n\t\t\t\t\t\t\t\t\t\t\t\t\t\t\t<\/div>\n\t\t<\/div>\n\n\t<\/div>\n\n<\/div><div class=\"modula-item effect-pufrobo jtg-filter-all jtg-filter-\" >\n\t<div class=\"modula-item-overlay\"><\/div>\n\n\t<div class=\"modula-item-content\">\n\n\t\t<a data-image-id=\"81726\" role=\"button\" data-elementor-open-lightbox=\"no\" tabindex=\"0\" rel=\"jtg-81572\" data-caption=\"&lt;span class=&quot;modula-caption-description&quot;&gt;&lt;\/span&gt;\" aria-label=\"Bilder in Lightbox \u00f6ffnen\" data-thumb=\"https:\/\/e969z83yjsq.exactdn.com\/wp-content\/uploads\/2024\/07\/Sommercamp-Kindergarten-1.-Woche-25-317x423.jpeg?strip=all\" class=\"tile-inner modula-item-link\"><\/a><img loading=\"lazy\" decoding=\"async\" class=\"pic wp-image-81726\"  data-valign=\"middle\" data-halign=\"center\" alt=\"\" data-full=\"https:\/\/www.dstenerife.eu\/wp-content\/uploads\/2024\/07\/Sommercamp-Kindergarten-1.-Woche-25.jpeg\" title=\"Sommercamp Kindergarten 1. Woche (25)\" crop=\"\" width=\"317\" height=\"423\" src=\"https:\/\/e969z83yjsq.exactdn.com\/wp-content\/uploads\/2024\/07\/Sommercamp-Kindergarten-1.-Woche-25-317x423.jpeg?strip=all\" data-src=\"https:\/\/e969z83yjsq.exactdn.com\/wp-content\/uploads\/2024\/07\/Sommercamp-Kindergarten-1.-Woche-25-317x423.jpeg?strip=all\" data-caption=\"\" srcset=\"https:\/\/e969z83yjsq.exactdn.com\/wp-content\/uploads\/2024\/07\/Sommercamp-Kindergarten-1.-Woche-25.jpeg?strip=all 1440w, https:\/\/e969z83yjsq.exactdn.com\/wp-content\/uploads\/2024\/07\/Sommercamp-Kindergarten-1.-Woche-25-317x423.jpeg?strip=all 317w, https:\/\/e969z83yjsq.exactdn.com\/wp-content\/uploads\/2024\/07\/Sommercamp-Kindergarten-1.-Woche-25-540x720.jpeg?strip=all 540w, https:\/\/e969z83yjsq.exactdn.com\/wp-content\/uploads\/2024\/07\/Sommercamp-Kindergarten-1.-Woche-25-768x1024.jpeg?strip=all 768w, https:\/\/e969z83yjsq.exactdn.com\/wp-content\/uploads\/2024\/07\/Sommercamp-Kindergarten-1.-Woche-25-1152x1536.jpeg?strip=all 1152w, https:\/\/e969z83yjsq.exactdn.com\/wp-content\/uploads\/2024\/07\/Sommercamp-Kindergarten-1.-Woche-25-320x427.jpeg?strip=all 320w, https:\/\/e969z83yjsq.exactdn.com\/wp-content\/uploads\/2024\/07\/Sommercamp-Kindergarten-1.-Woche-25.jpeg?strip=all&amp;w=864 864w\" sizes=\"(max-width: 317px) 100vw, 317px\" \/>\n\t\t<div class=\"figc no-description\">\n\t\t\t<div class=\"figc-inner\">\n\t\t\t\t\t\t\t\t\t\t\t\t\t\t\t<\/div>\n\t\t<\/div>\n\n\t<\/div>\n\n<\/div><div class=\"modula-item effect-pufrobo jtg-filter-all jtg-filter-\" >\n\t<div class=\"modula-item-overlay\"><\/div>\n\n\t<div class=\"modula-item-content\">\n\n\t\t<a data-image-id=\"81728\" role=\"button\" data-elementor-open-lightbox=\"no\" tabindex=\"0\" rel=\"jtg-81572\" data-caption=\"&lt;span class=&quot;modula-caption-description&quot;&gt;&lt;\/span&gt;\" aria-label=\"Bilder in Lightbox \u00f6ffnen\" data-thumb=\"https:\/\/e969z83yjsq.exactdn.com\/wp-content\/uploads\/2024\/07\/Sommercamp-Kindergarten-1.-Woche-24-317x423.jpeg?strip=all\" class=\"tile-inner modula-item-link\"><\/a><img loading=\"lazy\" decoding=\"async\" class=\"pic wp-image-81728\"  data-valign=\"middle\" data-halign=\"center\" alt=\"\" data-full=\"https:\/\/www.dstenerife.eu\/wp-content\/uploads\/2024\/07\/Sommercamp-Kindergarten-1.-Woche-24.jpeg\" title=\"Sommercamp Kindergarten 1. Woche (24)\" crop=\"\" width=\"317\" height=\"423\" src=\"https:\/\/e969z83yjsq.exactdn.com\/wp-content\/uploads\/2024\/07\/Sommercamp-Kindergarten-1.-Woche-24-317x423.jpeg?strip=all\" data-src=\"https:\/\/e969z83yjsq.exactdn.com\/wp-content\/uploads\/2024\/07\/Sommercamp-Kindergarten-1.-Woche-24-317x423.jpeg?strip=all\" data-caption=\"\" srcset=\"https:\/\/e969z83yjsq.exactdn.com\/wp-content\/uploads\/2024\/07\/Sommercamp-Kindergarten-1.-Woche-24.jpeg?strip=all 1440w, https:\/\/e969z83yjsq.exactdn.com\/wp-content\/uploads\/2024\/07\/Sommercamp-Kindergarten-1.-Woche-24-317x423.jpeg?strip=all 317w, https:\/\/e969z83yjsq.exactdn.com\/wp-content\/uploads\/2024\/07\/Sommercamp-Kindergarten-1.-Woche-24-540x720.jpeg?strip=all 540w, https:\/\/e969z83yjsq.exactdn.com\/wp-content\/uploads\/2024\/07\/Sommercamp-Kindergarten-1.-Woche-24-768x1024.jpeg?strip=all 768w, https:\/\/e969z83yjsq.exactdn.com\/wp-content\/uploads\/2024\/07\/Sommercamp-Kindergarten-1.-Woche-24-1152x1536.jpeg?strip=all 1152w, https:\/\/e969z83yjsq.exactdn.com\/wp-content\/uploads\/2024\/07\/Sommercamp-Kindergarten-1.-Woche-24-320x427.jpeg?strip=all 320w, https:\/\/e969z83yjsq.exactdn.com\/wp-content\/uploads\/2024\/07\/Sommercamp-Kindergarten-1.-Woche-24.jpeg?strip=all&amp;w=864 864w\" sizes=\"(max-width: 317px) 100vw, 317px\" \/>\n\t\t<div class=\"figc no-description\">\n\t\t\t<div class=\"figc-inner\">\n\t\t\t\t\t\t\t\t\t\t\t\t\t\t\t<\/div>\n\t\t<\/div>\n\n\t<\/div>\n\n<\/div><div class=\"modula-item effect-pufrobo jtg-filter-all jtg-filter-\" >\n\t<div class=\"modula-item-overlay\"><\/div>\n\n\t<div class=\"modula-item-content\">\n\n\t\t<a data-image-id=\"81730\" role=\"button\" data-elementor-open-lightbox=\"no\" tabindex=\"0\" rel=\"jtg-81572\" data-caption=\"&lt;span class=&quot;modula-caption-description&quot;&gt;&lt;\/span&gt;\" aria-label=\"Bilder in Lightbox \u00f6ffnen\" data-thumb=\"https:\/\/e969z83yjsq.exactdn.com\/wp-content\/uploads\/2024\/07\/Sommercamp-Kindergarten-1.-Woche-23-317x423.jpeg?strip=all\" class=\"tile-inner modula-item-link\"><\/a><img loading=\"lazy\" decoding=\"async\" class=\"pic wp-image-81730\"  data-valign=\"middle\" data-halign=\"center\" alt=\"\" data-full=\"https:\/\/www.dstenerife.eu\/wp-content\/uploads\/2024\/07\/Sommercamp-Kindergarten-1.-Woche-23.jpeg\" title=\"Sommercamp Kindergarten 1. Woche (23)\" crop=\"\" width=\"317\" height=\"423\" src=\"https:\/\/e969z83yjsq.exactdn.com\/wp-content\/uploads\/2024\/07\/Sommercamp-Kindergarten-1.-Woche-23-317x423.jpeg?strip=all\" data-src=\"https:\/\/e969z83yjsq.exactdn.com\/wp-content\/uploads\/2024\/07\/Sommercamp-Kindergarten-1.-Woche-23-317x423.jpeg?strip=all\" data-caption=\"\" srcset=\"https:\/\/e969z83yjsq.exactdn.com\/wp-content\/uploads\/2024\/07\/Sommercamp-Kindergarten-1.-Woche-23.jpeg?strip=all 1440w, https:\/\/e969z83yjsq.exactdn.com\/wp-content\/uploads\/2024\/07\/Sommercamp-Kindergarten-1.-Woche-23-317x423.jpeg?strip=all 317w, https:\/\/e969z83yjsq.exactdn.com\/wp-content\/uploads\/2024\/07\/Sommercamp-Kindergarten-1.-Woche-23-540x720.jpeg?strip=all 540w, https:\/\/e969z83yjsq.exactdn.com\/wp-content\/uploads\/2024\/07\/Sommercamp-Kindergarten-1.-Woche-23-768x1024.jpeg?strip=all 768w, https:\/\/e969z83yjsq.exactdn.com\/wp-content\/uploads\/2024\/07\/Sommercamp-Kindergarten-1.-Woche-23-1152x1536.jpeg?strip=all 1152w, https:\/\/e969z83yjsq.exactdn.com\/wp-content\/uploads\/2024\/07\/Sommercamp-Kindergarten-1.-Woche-23-320x427.jpeg?strip=all 320w, https:\/\/e969z83yjsq.exactdn.com\/wp-content\/uploads\/2024\/07\/Sommercamp-Kindergarten-1.-Woche-23.jpeg?strip=all&amp;w=864 864w\" sizes=\"(max-width: 317px) 100vw, 317px\" \/>\n\t\t<div class=\"figc no-description\">\n\t\t\t<div class=\"figc-inner\">\n\t\t\t\t\t\t\t\t\t\t\t\t\t\t\t<\/div>\n\t\t<\/div>\n\n\t<\/div>\n\n<\/div><div class=\"modula-item effect-pufrobo jtg-filter-all jtg-filter-\" >\n\t<div class=\"modula-item-overlay\"><\/div>\n\n\t<div class=\"modula-item-content\">\n\n\t\t<a data-image-id=\"81732\" role=\"button\" data-elementor-open-lightbox=\"no\" tabindex=\"0\" rel=\"jtg-81572\" data-caption=\"&lt;span class=&quot;modula-caption-description&quot;&gt;&lt;\/span&gt;\" aria-label=\"Bilder in Lightbox \u00f6ffnen\" data-thumb=\"https:\/\/e969z83yjsq.exactdn.com\/wp-content\/uploads\/2024\/07\/Sommercamp-Kindergarten-1.-Woche-22-317x423.jpeg?strip=all\" class=\"tile-inner modula-item-link\"><\/a><img loading=\"lazy\" decoding=\"async\" class=\"pic wp-image-81732\"  data-valign=\"middle\" data-halign=\"center\" alt=\"\" data-full=\"https:\/\/www.dstenerife.eu\/wp-content\/uploads\/2024\/07\/Sommercamp-Kindergarten-1.-Woche-22.jpeg\" title=\"Sommercamp Kindergarten 1. Woche (22)\" crop=\"\" width=\"317\" height=\"423\" src=\"https:\/\/e969z83yjsq.exactdn.com\/wp-content\/uploads\/2024\/07\/Sommercamp-Kindergarten-1.-Woche-22-317x423.jpeg?strip=all\" data-src=\"https:\/\/e969z83yjsq.exactdn.com\/wp-content\/uploads\/2024\/07\/Sommercamp-Kindergarten-1.-Woche-22-317x423.jpeg?strip=all\" data-caption=\"\" srcset=\"https:\/\/e969z83yjsq.exactdn.com\/wp-content\/uploads\/2024\/07\/Sommercamp-Kindergarten-1.-Woche-22.jpeg?strip=all 1440w, https:\/\/e969z83yjsq.exactdn.com\/wp-content\/uploads\/2024\/07\/Sommercamp-Kindergarten-1.-Woche-22-317x423.jpeg?strip=all 317w, https:\/\/e969z83yjsq.exactdn.com\/wp-content\/uploads\/2024\/07\/Sommercamp-Kindergarten-1.-Woche-22-540x720.jpeg?strip=all 540w, https:\/\/e969z83yjsq.exactdn.com\/wp-content\/uploads\/2024\/07\/Sommercamp-Kindergarten-1.-Woche-22-768x1024.jpeg?strip=all 768w, https:\/\/e969z83yjsq.exactdn.com\/wp-content\/uploads\/2024\/07\/Sommercamp-Kindergarten-1.-Woche-22-1152x1536.jpeg?strip=all 1152w, https:\/\/e969z83yjsq.exactdn.com\/wp-content\/uploads\/2024\/07\/Sommercamp-Kindergarten-1.-Woche-22-320x427.jpeg?strip=all 320w, https:\/\/e969z83yjsq.exactdn.com\/wp-content\/uploads\/2024\/07\/Sommercamp-Kindergarten-1.-Woche-22.jpeg?strip=all&amp;w=864 864w\" sizes=\"(max-width: 317px) 100vw, 317px\" \/>\n\t\t<div class=\"figc no-description\">\n\t\t\t<div class=\"figc-inner\">\n\t\t\t\t\t\t\t\t\t\t\t\t\t\t\t<\/div>\n\t\t<\/div>\n\n\t<\/div>\n\n<\/div><div class=\"modula-item effect-pufrobo jtg-filter-all jtg-filter-\" >\n\t<div class=\"modula-item-overlay\"><\/div>\n\n\t<div class=\"modula-item-content\">\n\n\t\t<a data-image-id=\"81734\" role=\"button\" data-elementor-open-lightbox=\"no\" tabindex=\"0\" rel=\"jtg-81572\" data-caption=\"&lt;span class=&quot;modula-caption-description&quot;&gt;&lt;\/span&gt;\" aria-label=\"Bilder in Lightbox \u00f6ffnen\" data-thumb=\"https:\/\/e969z83yjsq.exactdn.com\/wp-content\/uploads\/2024\/07\/Sommercamp-Kindergarten-1.-Woche-21-317x423.jpeg?strip=all\" class=\"tile-inner modula-item-link\"><\/a><img loading=\"lazy\" decoding=\"async\" class=\"pic wp-image-81734\"  data-valign=\"middle\" data-halign=\"center\" alt=\"\" data-full=\"https:\/\/www.dstenerife.eu\/wp-content\/uploads\/2024\/07\/Sommercamp-Kindergarten-1.-Woche-21.jpeg\" title=\"Sommercamp Kindergarten 1. Woche (21)\" crop=\"\" width=\"317\" height=\"423\" src=\"https:\/\/e969z83yjsq.exactdn.com\/wp-content\/uploads\/2024\/07\/Sommercamp-Kindergarten-1.-Woche-21-317x423.jpeg?strip=all\" data-src=\"https:\/\/e969z83yjsq.exactdn.com\/wp-content\/uploads\/2024\/07\/Sommercamp-Kindergarten-1.-Woche-21-317x423.jpeg?strip=all\" data-caption=\"\" srcset=\"https:\/\/e969z83yjsq.exactdn.com\/wp-content\/uploads\/2024\/07\/Sommercamp-Kindergarten-1.-Woche-21.jpeg?strip=all 1440w, https:\/\/e969z83yjsq.exactdn.com\/wp-content\/uploads\/2024\/07\/Sommercamp-Kindergarten-1.-Woche-21-317x423.jpeg?strip=all 317w, https:\/\/e969z83yjsq.exactdn.com\/wp-content\/uploads\/2024\/07\/Sommercamp-Kindergarten-1.-Woche-21-540x720.jpeg?strip=all 540w, https:\/\/e969z83yjsq.exactdn.com\/wp-content\/uploads\/2024\/07\/Sommercamp-Kindergarten-1.-Woche-21-768x1024.jpeg?strip=all 768w, https:\/\/e969z83yjsq.exactdn.com\/wp-content\/uploads\/2024\/07\/Sommercamp-Kindergarten-1.-Woche-21-1152x1536.jpeg?strip=all 1152w, https:\/\/e969z83yjsq.exactdn.com\/wp-content\/uploads\/2024\/07\/Sommercamp-Kindergarten-1.-Woche-21-320x427.jpeg?strip=all 320w, https:\/\/e969z83yjsq.exactdn.com\/wp-content\/uploads\/2024\/07\/Sommercamp-Kindergarten-1.-Woche-21.jpeg?strip=all&amp;w=864 864w\" sizes=\"(max-width: 317px) 100vw, 317px\" \/>\n\t\t<div class=\"figc no-description\">\n\t\t\t<div class=\"figc-inner\">\n\t\t\t\t\t\t\t\t\t\t\t\t\t\t\t<\/div>\n\t\t<\/div>\n\n\t<\/div>\n\n<\/div><div class=\"modula-item effect-pufrobo jtg-filter-all jtg-filter-\" >\n\t<div class=\"modula-item-overlay\"><\/div>\n\n\t<div class=\"modula-item-content\">\n\n\t\t<a data-image-id=\"81736\" role=\"button\" data-elementor-open-lightbox=\"no\" tabindex=\"0\" rel=\"jtg-81572\" data-caption=\"&lt;span class=&quot;modula-caption-description&quot;&gt;&lt;\/span&gt;\" aria-label=\"Bilder in Lightbox \u00f6ffnen\" data-thumb=\"https:\/\/e969z83yjsq.exactdn.com\/wp-content\/uploads\/2024\/07\/Sommercamp-Kindergarten-1.-Woche-20-317x423.jpeg?strip=all\" class=\"tile-inner modula-item-link\"><\/a><img loading=\"lazy\" decoding=\"async\" class=\"pic wp-image-81736\"  data-valign=\"middle\" data-halign=\"center\" alt=\"\" data-full=\"https:\/\/www.dstenerife.eu\/wp-content\/uploads\/2024\/07\/Sommercamp-Kindergarten-1.-Woche-20.jpeg\" title=\"Sommercamp Kindergarten 1. Woche (20)\" crop=\"\" width=\"317\" height=\"423\" src=\"https:\/\/e969z83yjsq.exactdn.com\/wp-content\/uploads\/2024\/07\/Sommercamp-Kindergarten-1.-Woche-20-317x423.jpeg?strip=all\" data-src=\"https:\/\/e969z83yjsq.exactdn.com\/wp-content\/uploads\/2024\/07\/Sommercamp-Kindergarten-1.-Woche-20-317x423.jpeg?strip=all\" data-caption=\"\" srcset=\"https:\/\/e969z83yjsq.exactdn.com\/wp-content\/uploads\/2024\/07\/Sommercamp-Kindergarten-1.-Woche-20.jpeg?strip=all 1440w, https:\/\/e969z83yjsq.exactdn.com\/wp-content\/uploads\/2024\/07\/Sommercamp-Kindergarten-1.-Woche-20-317x423.jpeg?strip=all 317w, https:\/\/e969z83yjsq.exactdn.com\/wp-content\/uploads\/2024\/07\/Sommercamp-Kindergarten-1.-Woche-20-540x720.jpeg?strip=all 540w, https:\/\/e969z83yjsq.exactdn.com\/wp-content\/uploads\/2024\/07\/Sommercamp-Kindergarten-1.-Woche-20-768x1024.jpeg?strip=all 768w, https:\/\/e969z83yjsq.exactdn.com\/wp-content\/uploads\/2024\/07\/Sommercamp-Kindergarten-1.-Woche-20-1152x1536.jpeg?strip=all 1152w, https:\/\/e969z83yjsq.exactdn.com\/wp-content\/uploads\/2024\/07\/Sommercamp-Kindergarten-1.-Woche-20-320x427.jpeg?strip=all 320w, https:\/\/e969z83yjsq.exactdn.com\/wp-content\/uploads\/2024\/07\/Sommercamp-Kindergarten-1.-Woche-20.jpeg?strip=all&amp;w=864 864w\" sizes=\"(max-width: 317px) 100vw, 317px\" \/>\n\t\t<div class=\"figc no-description\">\n\t\t\t<div class=\"figc-inner\">\n\t\t\t\t\t\t\t\t\t\t\t\t\t\t\t<\/div>\n\t\t<\/div>\n\n\t<\/div>\n\n<\/div><div class=\"modula-item effect-pufrobo jtg-filter-all jtg-filter-\" >\n\t<div class=\"modula-item-overlay\"><\/div>\n\n\t<div class=\"modula-item-content\">\n\n\t\t<a data-image-id=\"81738\" role=\"button\" data-elementor-open-lightbox=\"no\" tabindex=\"0\" rel=\"jtg-81572\" data-caption=\"&lt;span class=&quot;modula-caption-description&quot;&gt;&lt;\/span&gt;\" aria-label=\"Bilder in Lightbox \u00f6ffnen\" data-thumb=\"https:\/\/e969z83yjsq.exactdn.com\/wp-content\/uploads\/2024\/07\/Sommercamp-Kindergarten-1.-Woche-19-317x423.jpeg?strip=all\" class=\"tile-inner modula-item-link\"><\/a><img loading=\"lazy\" decoding=\"async\" class=\"pic wp-image-81738\"  data-valign=\"middle\" data-halign=\"center\" alt=\"\" data-full=\"https:\/\/www.dstenerife.eu\/wp-content\/uploads\/2024\/07\/Sommercamp-Kindergarten-1.-Woche-19.jpeg\" title=\"Sommercamp Kindergarten 1. Woche (19)\" crop=\"\" width=\"317\" height=\"423\" src=\"https:\/\/e969z83yjsq.exactdn.com\/wp-content\/uploads\/2024\/07\/Sommercamp-Kindergarten-1.-Woche-19-317x423.jpeg?strip=all\" data-src=\"https:\/\/e969z83yjsq.exactdn.com\/wp-content\/uploads\/2024\/07\/Sommercamp-Kindergarten-1.-Woche-19-317x423.jpeg?strip=all\" data-caption=\"\" srcset=\"https:\/\/e969z83yjsq.exactdn.com\/wp-content\/uploads\/2024\/07\/Sommercamp-Kindergarten-1.-Woche-19.jpeg?strip=all 1440w, https:\/\/e969z83yjsq.exactdn.com\/wp-content\/uploads\/2024\/07\/Sommercamp-Kindergarten-1.-Woche-19-317x423.jpeg?strip=all 317w, https:\/\/e969z83yjsq.exactdn.com\/wp-content\/uploads\/2024\/07\/Sommercamp-Kindergarten-1.-Woche-19-540x720.jpeg?strip=all 540w, https:\/\/e969z83yjsq.exactdn.com\/wp-content\/uploads\/2024\/07\/Sommercamp-Kindergarten-1.-Woche-19-768x1024.jpeg?strip=all 768w, https:\/\/e969z83yjsq.exactdn.com\/wp-content\/uploads\/2024\/07\/Sommercamp-Kindergarten-1.-Woche-19-1152x1536.jpeg?strip=all 1152w, https:\/\/e969z83yjsq.exactdn.com\/wp-content\/uploads\/2024\/07\/Sommercamp-Kindergarten-1.-Woche-19-320x427.jpeg?strip=all 320w, https:\/\/e969z83yjsq.exactdn.com\/wp-content\/uploads\/2024\/07\/Sommercamp-Kindergarten-1.-Woche-19.jpeg?strip=all&amp;w=864 864w\" sizes=\"(max-width: 317px) 100vw, 317px\" \/>\n\t\t<div class=\"figc no-description\">\n\t\t\t<div class=\"figc-inner\">\n\t\t\t\t\t\t\t\t\t\t\t\t\t\t\t<\/div>\n\t\t<\/div>\n\n\t<\/div>\n\n<\/div><div class=\"modula-item effect-pufrobo jtg-filter-all jtg-filter-\" >\n\t<div class=\"modula-item-overlay\"><\/div>\n\n\t<div class=\"modula-item-content\">\n\n\t\t<a data-image-id=\"81740\" role=\"button\" data-elementor-open-lightbox=\"no\" tabindex=\"0\" rel=\"jtg-81572\" data-caption=\"&lt;span class=&quot;modula-caption-description&quot;&gt;&lt;\/span&gt;\" aria-label=\"Bilder in Lightbox \u00f6ffnen\" data-thumb=\"https:\/\/e969z83yjsq.exactdn.com\/wp-content\/uploads\/2024\/07\/Sommercamp-Kindergarten-1.-Woche-18-317x423.jpeg?strip=all\" class=\"tile-inner modula-item-link\"><\/a><img loading=\"lazy\" decoding=\"async\" class=\"pic wp-image-81740\"  data-valign=\"middle\" data-halign=\"center\" alt=\"\" data-full=\"https:\/\/www.dstenerife.eu\/wp-content\/uploads\/2024\/07\/Sommercamp-Kindergarten-1.-Woche-18.jpeg\" title=\"Sommercamp Kindergarten 1. Woche (18)\" crop=\"\" width=\"317\" height=\"423\" src=\"https:\/\/e969z83yjsq.exactdn.com\/wp-content\/uploads\/2024\/07\/Sommercamp-Kindergarten-1.-Woche-18-317x423.jpeg?strip=all\" data-src=\"https:\/\/e969z83yjsq.exactdn.com\/wp-content\/uploads\/2024\/07\/Sommercamp-Kindergarten-1.-Woche-18-317x423.jpeg?strip=all\" data-caption=\"\" srcset=\"https:\/\/e969z83yjsq.exactdn.com\/wp-content\/uploads\/2024\/07\/Sommercamp-Kindergarten-1.-Woche-18.jpeg?strip=all 1440w, https:\/\/e969z83yjsq.exactdn.com\/wp-content\/uploads\/2024\/07\/Sommercamp-Kindergarten-1.-Woche-18-317x423.jpeg?strip=all 317w, https:\/\/e969z83yjsq.exactdn.com\/wp-content\/uploads\/2024\/07\/Sommercamp-Kindergarten-1.-Woche-18-540x720.jpeg?strip=all 540w, https:\/\/e969z83yjsq.exactdn.com\/wp-content\/uploads\/2024\/07\/Sommercamp-Kindergarten-1.-Woche-18-768x1024.jpeg?strip=all 768w, https:\/\/e969z83yjsq.exactdn.com\/wp-content\/uploads\/2024\/07\/Sommercamp-Kindergarten-1.-Woche-18-1152x1536.jpeg?strip=all 1152w, https:\/\/e969z83yjsq.exactdn.com\/wp-content\/uploads\/2024\/07\/Sommercamp-Kindergarten-1.-Woche-18-320x427.jpeg?strip=all 320w, https:\/\/e969z83yjsq.exactdn.com\/wp-content\/uploads\/2024\/07\/Sommercamp-Kindergarten-1.-Woche-18.jpeg?strip=all&amp;w=864 864w\" sizes=\"(max-width: 317px) 100vw, 317px\" \/>\n\t\t<div class=\"figc no-description\">\n\t\t\t<div class=\"figc-inner\">\n\t\t\t\t\t\t\t\t\t\t\t\t\t\t\t<\/div>\n\t\t<\/div>\n\n\t<\/div>\n\n<\/div><div class=\"modula-item effect-pufrobo jtg-filter-all jtg-filter-\" >\n\t<div class=\"modula-item-overlay\"><\/div>\n\n\t<div class=\"modula-item-content\">\n\n\t\t<a data-image-id=\"81742\" role=\"button\" data-elementor-open-lightbox=\"no\" tabindex=\"0\" rel=\"jtg-81572\" data-caption=\"&lt;span class=&quot;modula-caption-description&quot;&gt;&lt;\/span&gt;\" aria-label=\"Bilder in Lightbox \u00f6ffnen\" data-thumb=\"https:\/\/e969z83yjsq.exactdn.com\/wp-content\/uploads\/2024\/07\/Sommercamp-Kindergarten-1.-Woche-17-317x423.jpeg?strip=all\" class=\"tile-inner modula-item-link\"><\/a><img loading=\"lazy\" decoding=\"async\" class=\"pic wp-image-81742\"  data-valign=\"middle\" data-halign=\"center\" alt=\"\" data-full=\"https:\/\/www.dstenerife.eu\/wp-content\/uploads\/2024\/07\/Sommercamp-Kindergarten-1.-Woche-17.jpeg\" title=\"Sommercamp Kindergarten 1. Woche (17)\" crop=\"\" width=\"317\" height=\"423\" src=\"https:\/\/e969z83yjsq.exactdn.com\/wp-content\/uploads\/2024\/07\/Sommercamp-Kindergarten-1.-Woche-17-317x423.jpeg?strip=all\" data-src=\"https:\/\/e969z83yjsq.exactdn.com\/wp-content\/uploads\/2024\/07\/Sommercamp-Kindergarten-1.-Woche-17-317x423.jpeg?strip=all\" data-caption=\"\" srcset=\"https:\/\/e969z83yjsq.exactdn.com\/wp-content\/uploads\/2024\/07\/Sommercamp-Kindergarten-1.-Woche-17.jpeg?strip=all 1440w, https:\/\/e969z83yjsq.exactdn.com\/wp-content\/uploads\/2024\/07\/Sommercamp-Kindergarten-1.-Woche-17-317x423.jpeg?strip=all 317w, https:\/\/e969z83yjsq.exactdn.com\/wp-content\/uploads\/2024\/07\/Sommercamp-Kindergarten-1.-Woche-17-540x720.jpeg?strip=all 540w, https:\/\/e969z83yjsq.exactdn.com\/wp-content\/uploads\/2024\/07\/Sommercamp-Kindergarten-1.-Woche-17-768x1024.jpeg?strip=all 768w, https:\/\/e969z83yjsq.exactdn.com\/wp-content\/uploads\/2024\/07\/Sommercamp-Kindergarten-1.-Woche-17-1152x1536.jpeg?strip=all 1152w, https:\/\/e969z83yjsq.exactdn.com\/wp-content\/uploads\/2024\/07\/Sommercamp-Kindergarten-1.-Woche-17-320x427.jpeg?strip=all 320w, https:\/\/e969z83yjsq.exactdn.com\/wp-content\/uploads\/2024\/07\/Sommercamp-Kindergarten-1.-Woche-17.jpeg?strip=all&amp;w=864 864w\" sizes=\"(max-width: 317px) 100vw, 317px\" \/>\n\t\t<div class=\"figc no-description\">\n\t\t\t<div class=\"figc-inner\">\n\t\t\t\t\t\t\t\t\t\t\t\t\t\t\t<\/div>\n\t\t<\/div>\n\n\t<\/div>\n\n<\/div><div class=\"modula-item effect-pufrobo jtg-filter-all jtg-filter-\" >\n\t<div class=\"modula-item-overlay\"><\/div>\n\n\t<div class=\"modula-item-content\">\n\n\t\t<a data-image-id=\"81744\" role=\"button\" data-elementor-open-lightbox=\"no\" tabindex=\"0\" rel=\"jtg-81572\" data-caption=\"&lt;span class=&quot;modula-caption-description&quot;&gt;&lt;\/span&gt;\" aria-label=\"Bilder in Lightbox \u00f6ffnen\" data-thumb=\"https:\/\/e969z83yjsq.exactdn.com\/wp-content\/uploads\/2024\/07\/Sommercamp-Kindergarten-1.-Woche-16-317x423.jpeg?strip=all\" class=\"tile-inner modula-item-link\"><\/a><img loading=\"lazy\" decoding=\"async\" class=\"pic wp-image-81744\"  data-valign=\"middle\" data-halign=\"center\" alt=\"\" data-full=\"https:\/\/www.dstenerife.eu\/wp-content\/uploads\/2024\/07\/Sommercamp-Kindergarten-1.-Woche-16.jpeg\" title=\"Sommercamp Kindergarten 1. Woche (16)\" crop=\"\" width=\"317\" height=\"423\" src=\"https:\/\/e969z83yjsq.exactdn.com\/wp-content\/uploads\/2024\/07\/Sommercamp-Kindergarten-1.-Woche-16-317x423.jpeg?strip=all\" data-src=\"https:\/\/e969z83yjsq.exactdn.com\/wp-content\/uploads\/2024\/07\/Sommercamp-Kindergarten-1.-Woche-16-317x423.jpeg?strip=all\" data-caption=\"\" srcset=\"https:\/\/e969z83yjsq.exactdn.com\/wp-content\/uploads\/2024\/07\/Sommercamp-Kindergarten-1.-Woche-16.jpeg?strip=all 1440w, https:\/\/e969z83yjsq.exactdn.com\/wp-content\/uploads\/2024\/07\/Sommercamp-Kindergarten-1.-Woche-16-317x423.jpeg?strip=all 317w, https:\/\/e969z83yjsq.exactdn.com\/wp-content\/uploads\/2024\/07\/Sommercamp-Kindergarten-1.-Woche-16-540x720.jpeg?strip=all 540w, https:\/\/e969z83yjsq.exactdn.com\/wp-content\/uploads\/2024\/07\/Sommercamp-Kindergarten-1.-Woche-16-768x1024.jpeg?strip=all 768w, https:\/\/e969z83yjsq.exactdn.com\/wp-content\/uploads\/2024\/07\/Sommercamp-Kindergarten-1.-Woche-16-1152x1536.jpeg?strip=all 1152w, https:\/\/e969z83yjsq.exactdn.com\/wp-content\/uploads\/2024\/07\/Sommercamp-Kindergarten-1.-Woche-16-320x427.jpeg?strip=all 320w, https:\/\/e969z83yjsq.exactdn.com\/wp-content\/uploads\/2024\/07\/Sommercamp-Kindergarten-1.-Woche-16.jpeg?strip=all&amp;w=864 864w\" sizes=\"(max-width: 317px) 100vw, 317px\" \/>\n\t\t<div class=\"figc no-description\">\n\t\t\t<div class=\"figc-inner\">\n\t\t\t\t\t\t\t\t\t\t\t\t\t\t\t<\/div>\n\t\t<\/div>\n\n\t<\/div>\n\n<\/div><div class=\"modula-item effect-pufrobo jtg-filter-all jtg-filter-\" >\n\t<div class=\"modula-item-overlay\"><\/div>\n\n\t<div class=\"modula-item-content\">\n\n\t\t<a data-image-id=\"81746\" role=\"button\" data-elementor-open-lightbox=\"no\" tabindex=\"0\" rel=\"jtg-81572\" data-caption=\"&lt;span class=&quot;modula-caption-description&quot;&gt;&lt;\/span&gt;\" aria-label=\"Bilder in Lightbox \u00f6ffnen\" data-thumb=\"https:\/\/e969z83yjsq.exactdn.com\/wp-content\/uploads\/2024\/07\/Sommercamp-Kindergarten-1.-Woche-15-317x423.jpeg?strip=all\" class=\"tile-inner modula-item-link\"><\/a><img loading=\"lazy\" decoding=\"async\" class=\"pic wp-image-81746\"  data-valign=\"middle\" data-halign=\"center\" alt=\"\" data-full=\"https:\/\/www.dstenerife.eu\/wp-content\/uploads\/2024\/07\/Sommercamp-Kindergarten-1.-Woche-15.jpeg\" title=\"Sommercamp Kindergarten 1. Woche (15)\" crop=\"\" width=\"317\" height=\"423\" src=\"https:\/\/e969z83yjsq.exactdn.com\/wp-content\/uploads\/2024\/07\/Sommercamp-Kindergarten-1.-Woche-15-317x423.jpeg?strip=all\" data-src=\"https:\/\/e969z83yjsq.exactdn.com\/wp-content\/uploads\/2024\/07\/Sommercamp-Kindergarten-1.-Woche-15-317x423.jpeg?strip=all\" data-caption=\"\" srcset=\"https:\/\/e969z83yjsq.exactdn.com\/wp-content\/uploads\/2024\/07\/Sommercamp-Kindergarten-1.-Woche-15.jpeg?strip=all 1440w, https:\/\/e969z83yjsq.exactdn.com\/wp-content\/uploads\/2024\/07\/Sommercamp-Kindergarten-1.-Woche-15-317x423.jpeg?strip=all 317w, https:\/\/e969z83yjsq.exactdn.com\/wp-content\/uploads\/2024\/07\/Sommercamp-Kindergarten-1.-Woche-15-540x720.jpeg?strip=all 540w, https:\/\/e969z83yjsq.exactdn.com\/wp-content\/uploads\/2024\/07\/Sommercamp-Kindergarten-1.-Woche-15-768x1024.jpeg?strip=all 768w, https:\/\/e969z83yjsq.exactdn.com\/wp-content\/uploads\/2024\/07\/Sommercamp-Kindergarten-1.-Woche-15-1152x1536.jpeg?strip=all 1152w, https:\/\/e969z83yjsq.exactdn.com\/wp-content\/uploads\/2024\/07\/Sommercamp-Kindergarten-1.-Woche-15-320x427.jpeg?strip=all 320w, https:\/\/e969z83yjsq.exactdn.com\/wp-content\/uploads\/2024\/07\/Sommercamp-Kindergarten-1.-Woche-15.jpeg?strip=all&amp;w=864 864w\" sizes=\"(max-width: 317px) 100vw, 317px\" \/>\n\t\t<div class=\"figc no-description\">\n\t\t\t<div class=\"figc-inner\">\n\t\t\t\t\t\t\t\t\t\t\t\t\t\t\t<\/div>\n\t\t<\/div>\n\n\t<\/div>\n\n<\/div><div class=\"modula-item effect-pufrobo jtg-filter-all jtg-filter-\" >\n\t<div class=\"modula-item-overlay\"><\/div>\n\n\t<div class=\"modula-item-content\">\n\n\t\t<a data-image-id=\"81748\" role=\"button\" data-elementor-open-lightbox=\"no\" tabindex=\"0\" rel=\"jtg-81572\" data-caption=\"&lt;span class=&quot;modula-caption-description&quot;&gt;&lt;\/span&gt;\" aria-label=\"Bilder in Lightbox \u00f6ffnen\" data-thumb=\"https:\/\/e969z83yjsq.exactdn.com\/wp-content\/uploads\/2024\/07\/Sommercamp-Kindergarten-1.-Woche-14-317x423.jpeg?strip=all\" class=\"tile-inner modula-item-link\"><\/a><img loading=\"lazy\" decoding=\"async\" class=\"pic wp-image-81748\"  data-valign=\"middle\" data-halign=\"center\" alt=\"\" data-full=\"https:\/\/www.dstenerife.eu\/wp-content\/uploads\/2024\/07\/Sommercamp-Kindergarten-1.-Woche-14.jpeg\" title=\"Sommercamp Kindergarten 1. Woche (14)\" crop=\"\" width=\"317\" height=\"423\" src=\"https:\/\/e969z83yjsq.exactdn.com\/wp-content\/uploads\/2024\/07\/Sommercamp-Kindergarten-1.-Woche-14-317x423.jpeg?strip=all\" data-src=\"https:\/\/e969z83yjsq.exactdn.com\/wp-content\/uploads\/2024\/07\/Sommercamp-Kindergarten-1.-Woche-14-317x423.jpeg?strip=all\" data-caption=\"\" srcset=\"https:\/\/e969z83yjsq.exactdn.com\/wp-content\/uploads\/2024\/07\/Sommercamp-Kindergarten-1.-Woche-14.jpeg?strip=all 1440w, https:\/\/e969z83yjsq.exactdn.com\/wp-content\/uploads\/2024\/07\/Sommercamp-Kindergarten-1.-Woche-14-317x423.jpeg?strip=all 317w, https:\/\/e969z83yjsq.exactdn.com\/wp-content\/uploads\/2024\/07\/Sommercamp-Kindergarten-1.-Woche-14-540x720.jpeg?strip=all 540w, https:\/\/e969z83yjsq.exactdn.com\/wp-content\/uploads\/2024\/07\/Sommercamp-Kindergarten-1.-Woche-14-768x1024.jpeg?strip=all 768w, https:\/\/e969z83yjsq.exactdn.com\/wp-content\/uploads\/2024\/07\/Sommercamp-Kindergarten-1.-Woche-14-1152x1536.jpeg?strip=all 1152w, https:\/\/e969z83yjsq.exactdn.com\/wp-content\/uploads\/2024\/07\/Sommercamp-Kindergarten-1.-Woche-14-320x427.jpeg?strip=all 320w, https:\/\/e969z83yjsq.exactdn.com\/wp-content\/uploads\/2024\/07\/Sommercamp-Kindergarten-1.-Woche-14.jpeg?strip=all&amp;w=864 864w\" sizes=\"(max-width: 317px) 100vw, 317px\" \/>\n\t\t<div class=\"figc no-description\">\n\t\t\t<div class=\"figc-inner\">\n\t\t\t\t\t\t\t\t\t\t\t\t\t\t\t<\/div>\n\t\t<\/div>\n\n\t<\/div>\n\n<\/div><div class=\"modula-item effect-pufrobo jtg-filter-all jtg-filter-\" >\n\t<div class=\"modula-item-overlay\"><\/div>\n\n\t<div class=\"modula-item-content\">\n\n\t\t<a data-image-id=\"81750\" role=\"button\" data-elementor-open-lightbox=\"no\" tabindex=\"0\" rel=\"jtg-81572\" data-caption=\"&lt;span class=&quot;modula-caption-description&quot;&gt;&lt;\/span&gt;\" aria-label=\"Bilder in Lightbox \u00f6ffnen\" data-thumb=\"https:\/\/e969z83yjsq.exactdn.com\/wp-content\/uploads\/2024\/07\/Sommercamp-Kindergarten-1.-Woche-13-317x423.jpeg?strip=all\" class=\"tile-inner modula-item-link\"><\/a><img loading=\"lazy\" decoding=\"async\" class=\"pic wp-image-81750\"  data-valign=\"middle\" data-halign=\"center\" alt=\"\" data-full=\"https:\/\/www.dstenerife.eu\/wp-content\/uploads\/2024\/07\/Sommercamp-Kindergarten-1.-Woche-13.jpeg\" title=\"Sommercamp Kindergarten 1. Woche (13)\" crop=\"\" width=\"317\" height=\"423\" src=\"https:\/\/e969z83yjsq.exactdn.com\/wp-content\/uploads\/2024\/07\/Sommercamp-Kindergarten-1.-Woche-13-317x423.jpeg?strip=all\" data-src=\"https:\/\/e969z83yjsq.exactdn.com\/wp-content\/uploads\/2024\/07\/Sommercamp-Kindergarten-1.-Woche-13-317x423.jpeg?strip=all\" data-caption=\"\" srcset=\"https:\/\/e969z83yjsq.exactdn.com\/wp-content\/uploads\/2024\/07\/Sommercamp-Kindergarten-1.-Woche-13.jpeg?strip=all 1440w, https:\/\/e969z83yjsq.exactdn.com\/wp-content\/uploads\/2024\/07\/Sommercamp-Kindergarten-1.-Woche-13-317x423.jpeg?strip=all 317w, https:\/\/e969z83yjsq.exactdn.com\/wp-content\/uploads\/2024\/07\/Sommercamp-Kindergarten-1.-Woche-13-540x720.jpeg?strip=all 540w, https:\/\/e969z83yjsq.exactdn.com\/wp-content\/uploads\/2024\/07\/Sommercamp-Kindergarten-1.-Woche-13-768x1024.jpeg?strip=all 768w, https:\/\/e969z83yjsq.exactdn.com\/wp-content\/uploads\/2024\/07\/Sommercamp-Kindergarten-1.-Woche-13-1152x1536.jpeg?strip=all 1152w, https:\/\/e969z83yjsq.exactdn.com\/wp-content\/uploads\/2024\/07\/Sommercamp-Kindergarten-1.-Woche-13-320x427.jpeg?strip=all 320w, https:\/\/e969z83yjsq.exactdn.com\/wp-content\/uploads\/2024\/07\/Sommercamp-Kindergarten-1.-Woche-13.jpeg?strip=all&amp;w=864 864w\" sizes=\"(max-width: 317px) 100vw, 317px\" \/>\n\t\t<div class=\"figc no-description\">\n\t\t\t<div class=\"figc-inner\">\n\t\t\t\t\t\t\t\t\t\t\t\t\t\t\t<\/div>\n\t\t<\/div>\n\n\t<\/div>\n\n<\/div><div class=\"modula-item effect-pufrobo jtg-filter-all jtg-filter-\" >\n\t<div class=\"modula-item-overlay\"><\/div>\n\n\t<div class=\"modula-item-content\">\n\n\t\t<a data-image-id=\"81752\" role=\"button\" data-elementor-open-lightbox=\"no\" tabindex=\"0\" rel=\"jtg-81572\" data-caption=\"&lt;span class=&quot;modula-caption-description&quot;&gt;&lt;\/span&gt;\" aria-label=\"Bilder in Lightbox \u00f6ffnen\" data-thumb=\"https:\/\/e969z83yjsq.exactdn.com\/wp-content\/uploads\/2024\/07\/Sommercamp-Kindergarten-1.-Woche-12-317x423.jpeg?strip=all\" class=\"tile-inner modula-item-link\"><\/a><img loading=\"lazy\" decoding=\"async\" class=\"pic wp-image-81752\"  data-valign=\"middle\" data-halign=\"center\" alt=\"\" data-full=\"https:\/\/www.dstenerife.eu\/wp-content\/uploads\/2024\/07\/Sommercamp-Kindergarten-1.-Woche-12.jpeg\" title=\"Sommercamp Kindergarten 1. Woche (12)\" crop=\"\" width=\"317\" height=\"423\" src=\"https:\/\/e969z83yjsq.exactdn.com\/wp-content\/uploads\/2024\/07\/Sommercamp-Kindergarten-1.-Woche-12-317x423.jpeg?strip=all\" data-src=\"https:\/\/e969z83yjsq.exactdn.com\/wp-content\/uploads\/2024\/07\/Sommercamp-Kindergarten-1.-Woche-12-317x423.jpeg?strip=all\" data-caption=\"\" srcset=\"https:\/\/e969z83yjsq.exactdn.com\/wp-content\/uploads\/2024\/07\/Sommercamp-Kindergarten-1.-Woche-12.jpeg?strip=all 1440w, https:\/\/e969z83yjsq.exactdn.com\/wp-content\/uploads\/2024\/07\/Sommercamp-Kindergarten-1.-Woche-12-317x423.jpeg?strip=all 317w, https:\/\/e969z83yjsq.exactdn.com\/wp-content\/uploads\/2024\/07\/Sommercamp-Kindergarten-1.-Woche-12-540x720.jpeg?strip=all 540w, https:\/\/e969z83yjsq.exactdn.com\/wp-content\/uploads\/2024\/07\/Sommercamp-Kindergarten-1.-Woche-12-768x1024.jpeg?strip=all 768w, https:\/\/e969z83yjsq.exactdn.com\/wp-content\/uploads\/2024\/07\/Sommercamp-Kindergarten-1.-Woche-12-1152x1536.jpeg?strip=all 1152w, https:\/\/e969z83yjsq.exactdn.com\/wp-content\/uploads\/2024\/07\/Sommercamp-Kindergarten-1.-Woche-12-320x427.jpeg?strip=all 320w, https:\/\/e969z83yjsq.exactdn.com\/wp-content\/uploads\/2024\/07\/Sommercamp-Kindergarten-1.-Woche-12.jpeg?strip=all&amp;w=864 864w\" sizes=\"(max-width: 317px) 100vw, 317px\" \/>\n\t\t<div class=\"figc no-description\">\n\t\t\t<div class=\"figc-inner\">\n\t\t\t\t\t\t\t\t\t\t\t\t\t\t\t<\/div>\n\t\t<\/div>\n\n\t<\/div>\n\n<\/div><div class=\"modula-item effect-pufrobo jtg-filter-all jtg-filter-\" >\n\t<div class=\"modula-item-overlay\"><\/div>\n\n\t<div class=\"modula-item-content\">\n\n\t\t<a data-image-id=\"81754\" role=\"button\" data-elementor-open-lightbox=\"no\" tabindex=\"0\" rel=\"jtg-81572\" data-caption=\"&lt;span class=&quot;modula-caption-description&quot;&gt;&lt;\/span&gt;\" aria-label=\"Bilder in Lightbox \u00f6ffnen\" data-thumb=\"https:\/\/e969z83yjsq.exactdn.com\/wp-content\/uploads\/2024\/07\/Sommercamp-Kindergarten-1.-Woche-11-564x423.jpeg?strip=all\" class=\"tile-inner modula-item-link\"><\/a><img loading=\"lazy\" decoding=\"async\" class=\"pic wp-image-81754\"  data-valign=\"middle\" data-halign=\"center\" alt=\"\" data-full=\"https:\/\/www.dstenerife.eu\/wp-content\/uploads\/2024\/07\/Sommercamp-Kindergarten-1.-Woche-11.jpeg\" title=\"Sommercamp Kindergarten 1. Woche (11)\" crop=\"\" width=\"564\" height=\"423\" src=\"https:\/\/e969z83yjsq.exactdn.com\/wp-content\/uploads\/2024\/07\/Sommercamp-Kindergarten-1.-Woche-11-564x423.jpeg?strip=all\" data-src=\"https:\/\/e969z83yjsq.exactdn.com\/wp-content\/uploads\/2024\/07\/Sommercamp-Kindergarten-1.-Woche-11-564x423.jpeg?strip=all\" data-caption=\"\" srcset=\"https:\/\/e969z83yjsq.exactdn.com\/wp-content\/uploads\/2024\/07\/Sommercamp-Kindergarten-1.-Woche-11.jpeg?strip=all 1920w, https:\/\/e969z83yjsq.exactdn.com\/wp-content\/uploads\/2024\/07\/Sommercamp-Kindergarten-1.-Woche-11-564x423.jpeg?strip=all 564w, https:\/\/e969z83yjsq.exactdn.com\/wp-content\/uploads\/2024\/07\/Sommercamp-Kindergarten-1.-Woche-11-960x720.jpeg?strip=all 960w, https:\/\/e969z83yjsq.exactdn.com\/wp-content\/uploads\/2024\/07\/Sommercamp-Kindergarten-1.-Woche-11-768x576.jpeg?strip=all 768w, https:\/\/e969z83yjsq.exactdn.com\/wp-content\/uploads\/2024\/07\/Sommercamp-Kindergarten-1.-Woche-11-1536x1152.jpeg?strip=all 1536w, https:\/\/e969z83yjsq.exactdn.com\/wp-content\/uploads\/2024\/07\/Sommercamp-Kindergarten-1.-Woche-11-320x240.jpeg?strip=all 320w, https:\/\/e969z83yjsq.exactdn.com\/wp-content\/uploads\/2024\/07\/Sommercamp-Kindergarten-1.-Woche-11.jpeg?strip=all&amp;w=384 384w, https:\/\/e969z83yjsq.exactdn.com\/wp-content\/uploads\/2024\/07\/Sommercamp-Kindergarten-1.-Woche-11.jpeg?strip=all&amp;w=1152 1152w, https:\/\/e969z83yjsq.exactdn.com\/wp-content\/uploads\/2024\/07\/Sommercamp-Kindergarten-1.-Woche-11.jpeg?strip=all&amp;w=450 450w\" sizes=\"(max-width: 564px) 100vw, 564px\" \/>\n\t\t<div class=\"figc no-description\">\n\t\t\t<div class=\"figc-inner\">\n\t\t\t\t\t\t\t\t\t\t\t\t\t\t\t<\/div>\n\t\t<\/div>\n\n\t<\/div>\n\n<\/div><div class=\"modula-item effect-pufrobo jtg-filter-all jtg-filter-\" >\n\t<div class=\"modula-item-overlay\"><\/div>\n\n\t<div class=\"modula-item-content\">\n\n\t\t<a data-image-id=\"81756\" role=\"button\" data-elementor-open-lightbox=\"no\" tabindex=\"0\" rel=\"jtg-81572\" data-caption=\"&lt;span class=&quot;modula-caption-description&quot;&gt;&lt;\/span&gt;\" aria-label=\"Bilder in Lightbox \u00f6ffnen\" data-thumb=\"https:\/\/e969z83yjsq.exactdn.com\/wp-content\/uploads\/2024\/07\/Sommercamp-Kindergarten-1.-Woche-10-317x423.jpeg?strip=all\" class=\"tile-inner modula-item-link\"><\/a><img loading=\"lazy\" decoding=\"async\" class=\"pic wp-image-81756\"  data-valign=\"middle\" data-halign=\"center\" alt=\"\" data-full=\"https:\/\/www.dstenerife.eu\/wp-content\/uploads\/2024\/07\/Sommercamp-Kindergarten-1.-Woche-10.jpeg\" title=\"Sommercamp Kindergarten 1. Woche (10)\" crop=\"\" width=\"317\" height=\"423\" src=\"https:\/\/e969z83yjsq.exactdn.com\/wp-content\/uploads\/2024\/07\/Sommercamp-Kindergarten-1.-Woche-10-317x423.jpeg?strip=all\" data-src=\"https:\/\/e969z83yjsq.exactdn.com\/wp-content\/uploads\/2024\/07\/Sommercamp-Kindergarten-1.-Woche-10-317x423.jpeg?strip=all\" data-caption=\"\" srcset=\"https:\/\/e969z83yjsq.exactdn.com\/wp-content\/uploads\/2024\/07\/Sommercamp-Kindergarten-1.-Woche-10.jpeg?strip=all 1440w, https:\/\/e969z83yjsq.exactdn.com\/wp-content\/uploads\/2024\/07\/Sommercamp-Kindergarten-1.-Woche-10-317x423.jpeg?strip=all 317w, https:\/\/e969z83yjsq.exactdn.com\/wp-content\/uploads\/2024\/07\/Sommercamp-Kindergarten-1.-Woche-10-540x720.jpeg?strip=all 540w, https:\/\/e969z83yjsq.exactdn.com\/wp-content\/uploads\/2024\/07\/Sommercamp-Kindergarten-1.-Woche-10-768x1024.jpeg?strip=all 768w, https:\/\/e969z83yjsq.exactdn.com\/wp-content\/uploads\/2024\/07\/Sommercamp-Kindergarten-1.-Woche-10-1152x1536.jpeg?strip=all 1152w, https:\/\/e969z83yjsq.exactdn.com\/wp-content\/uploads\/2024\/07\/Sommercamp-Kindergarten-1.-Woche-10-320x427.jpeg?strip=all 320w, https:\/\/e969z83yjsq.exactdn.com\/wp-content\/uploads\/2024\/07\/Sommercamp-Kindergarten-1.-Woche-10.jpeg?strip=all&amp;w=864 864w\" sizes=\"(max-width: 317px) 100vw, 317px\" \/>\n\t\t<div class=\"figc no-description\">\n\t\t\t<div class=\"figc-inner\">\n\t\t\t\t\t\t\t\t\t\t\t\t\t\t\t<\/div>\n\t\t<\/div>\n\n\t<\/div>\n\n<\/div><div class=\"modula-item effect-pufrobo jtg-filter-all jtg-filter-\" >\n\t<div class=\"modula-item-overlay\"><\/div>\n\n\t<div class=\"modula-item-content\">\n\n\t\t<a data-image-id=\"81758\" role=\"button\" data-elementor-open-lightbox=\"no\" tabindex=\"0\" rel=\"jtg-81572\" data-caption=\"&lt;span class=&quot;modula-caption-description&quot;&gt;&lt;\/span&gt;\" aria-label=\"Bilder in Lightbox \u00f6ffnen\" data-thumb=\"https:\/\/e969z83yjsq.exactdn.com\/wp-content\/uploads\/2024\/07\/Sommercamp-Kindergarten-1.-Woche-9-317x423.jpeg?strip=all\" class=\"tile-inner modula-item-link\"><\/a><img loading=\"lazy\" decoding=\"async\" class=\"pic wp-image-81758\"  data-valign=\"middle\" data-halign=\"center\" alt=\"\" data-full=\"https:\/\/www.dstenerife.eu\/wp-content\/uploads\/2024\/07\/Sommercamp-Kindergarten-1.-Woche-9.jpeg\" title=\"Sommercamp Kindergarten 1. Woche (9)\" crop=\"\" width=\"317\" height=\"423\" src=\"https:\/\/e969z83yjsq.exactdn.com\/wp-content\/uploads\/2024\/07\/Sommercamp-Kindergarten-1.-Woche-9-317x423.jpeg?strip=all\" data-src=\"https:\/\/e969z83yjsq.exactdn.com\/wp-content\/uploads\/2024\/07\/Sommercamp-Kindergarten-1.-Woche-9-317x423.jpeg?strip=all\" data-caption=\"\" srcset=\"https:\/\/e969z83yjsq.exactdn.com\/wp-content\/uploads\/2024\/07\/Sommercamp-Kindergarten-1.-Woche-9.jpeg?strip=all 1440w, https:\/\/e969z83yjsq.exactdn.com\/wp-content\/uploads\/2024\/07\/Sommercamp-Kindergarten-1.-Woche-9-317x423.jpeg?strip=all 317w, https:\/\/e969z83yjsq.exactdn.com\/wp-content\/uploads\/2024\/07\/Sommercamp-Kindergarten-1.-Woche-9-540x720.jpeg?strip=all 540w, https:\/\/e969z83yjsq.exactdn.com\/wp-content\/uploads\/2024\/07\/Sommercamp-Kindergarten-1.-Woche-9-768x1024.jpeg?strip=all 768w, https:\/\/e969z83yjsq.exactdn.com\/wp-content\/uploads\/2024\/07\/Sommercamp-Kindergarten-1.-Woche-9-1152x1536.jpeg?strip=all 1152w, https:\/\/e969z83yjsq.exactdn.com\/wp-content\/uploads\/2024\/07\/Sommercamp-Kindergarten-1.-Woche-9-320x427.jpeg?strip=all 320w, https:\/\/e969z83yjsq.exactdn.com\/wp-content\/uploads\/2024\/07\/Sommercamp-Kindergarten-1.-Woche-9.jpeg?strip=all&amp;w=864 864w\" sizes=\"(max-width: 317px) 100vw, 317px\" \/>\n\t\t<div class=\"figc no-description\">\n\t\t\t<div class=\"figc-inner\">\n\t\t\t\t\t\t\t\t\t\t\t\t\t\t\t<\/div>\n\t\t<\/div>\n\n\t<\/div>\n\n<\/div><div class=\"modula-item effect-pufrobo jtg-filter-all jtg-filter-\" >\n\t<div class=\"modula-item-overlay\"><\/div>\n\n\t<div class=\"modula-item-content\">\n\n\t\t<a data-image-id=\"81760\" role=\"button\" data-elementor-open-lightbox=\"no\" tabindex=\"0\" rel=\"jtg-81572\" data-caption=\"&lt;span class=&quot;modula-caption-description&quot;&gt;&lt;\/span&gt;\" aria-label=\"Bilder in Lightbox \u00f6ffnen\" data-thumb=\"https:\/\/e969z83yjsq.exactdn.com\/wp-content\/uploads\/2024\/07\/Sommercamp-Kindergarten-1.-Woche-8-317x423.jpeg?strip=all\" class=\"tile-inner modula-item-link\"><\/a><img loading=\"lazy\" decoding=\"async\" class=\"pic wp-image-81760\"  data-valign=\"middle\" data-halign=\"center\" alt=\"\" data-full=\"https:\/\/www.dstenerife.eu\/wp-content\/uploads\/2024\/07\/Sommercamp-Kindergarten-1.-Woche-8.jpeg\" title=\"Sommercamp Kindergarten 1. Woche (8)\" crop=\"\" width=\"317\" height=\"423\" src=\"https:\/\/e969z83yjsq.exactdn.com\/wp-content\/uploads\/2024\/07\/Sommercamp-Kindergarten-1.-Woche-8-317x423.jpeg?strip=all\" data-src=\"https:\/\/e969z83yjsq.exactdn.com\/wp-content\/uploads\/2024\/07\/Sommercamp-Kindergarten-1.-Woche-8-317x423.jpeg?strip=all\" data-caption=\"\" srcset=\"https:\/\/e969z83yjsq.exactdn.com\/wp-content\/uploads\/2024\/07\/Sommercamp-Kindergarten-1.-Woche-8.jpeg?strip=all 1440w, https:\/\/e969z83yjsq.exactdn.com\/wp-content\/uploads\/2024\/07\/Sommercamp-Kindergarten-1.-Woche-8-317x423.jpeg?strip=all 317w, https:\/\/e969z83yjsq.exactdn.com\/wp-content\/uploads\/2024\/07\/Sommercamp-Kindergarten-1.-Woche-8-540x720.jpeg?strip=all 540w, https:\/\/e969z83yjsq.exactdn.com\/wp-content\/uploads\/2024\/07\/Sommercamp-Kindergarten-1.-Woche-8-768x1024.jpeg?strip=all 768w, https:\/\/e969z83yjsq.exactdn.com\/wp-content\/uploads\/2024\/07\/Sommercamp-Kindergarten-1.-Woche-8-1152x1536.jpeg?strip=all 1152w, https:\/\/e969z83yjsq.exactdn.com\/wp-content\/uploads\/2024\/07\/Sommercamp-Kindergarten-1.-Woche-8-320x427.jpeg?strip=all 320w, https:\/\/e969z83yjsq.exactdn.com\/wp-content\/uploads\/2024\/07\/Sommercamp-Kindergarten-1.-Woche-8.jpeg?strip=all&amp;w=864 864w\" sizes=\"(max-width: 317px) 100vw, 317px\" \/>\n\t\t<div class=\"figc no-description\">\n\t\t\t<div class=\"figc-inner\">\n\t\t\t\t\t\t\t\t\t\t\t\t\t\t\t<\/div>\n\t\t<\/div>\n\n\t<\/div>\n\n<\/div><div class=\"modula-item effect-pufrobo jtg-filter-all jtg-filter-\" >\n\t<div class=\"modula-item-overlay\"><\/div>\n\n\t<div class=\"modula-item-content\">\n\n\t\t<a data-image-id=\"81762\" role=\"button\" data-elementor-open-lightbox=\"no\" tabindex=\"0\" rel=\"jtg-81572\" data-caption=\"&lt;span class=&quot;modula-caption-description&quot;&gt;&lt;\/span&gt;\" aria-label=\"Bilder in Lightbox \u00f6ffnen\" data-thumb=\"https:\/\/e969z83yjsq.exactdn.com\/wp-content\/uploads\/2024\/07\/Sommercamp-Kindergarten-1.-Woche-7-317x423.jpeg?strip=all\" class=\"tile-inner modula-item-link\"><\/a><img loading=\"lazy\" decoding=\"async\" class=\"pic wp-image-81762\"  data-valign=\"middle\" data-halign=\"center\" alt=\"\" data-full=\"https:\/\/www.dstenerife.eu\/wp-content\/uploads\/2024\/07\/Sommercamp-Kindergarten-1.-Woche-7.jpeg\" title=\"Sommercamp Kindergarten 1. Woche (7)\" crop=\"\" width=\"317\" height=\"423\" src=\"https:\/\/e969z83yjsq.exactdn.com\/wp-content\/uploads\/2024\/07\/Sommercamp-Kindergarten-1.-Woche-7-317x423.jpeg?strip=all\" data-src=\"https:\/\/e969z83yjsq.exactdn.com\/wp-content\/uploads\/2024\/07\/Sommercamp-Kindergarten-1.-Woche-7-317x423.jpeg?strip=all\" data-caption=\"\" srcset=\"https:\/\/e969z83yjsq.exactdn.com\/wp-content\/uploads\/2024\/07\/Sommercamp-Kindergarten-1.-Woche-7.jpeg?strip=all 1440w, https:\/\/e969z83yjsq.exactdn.com\/wp-content\/uploads\/2024\/07\/Sommercamp-Kindergarten-1.-Woche-7-317x423.jpeg?strip=all 317w, https:\/\/e969z83yjsq.exactdn.com\/wp-content\/uploads\/2024\/07\/Sommercamp-Kindergarten-1.-Woche-7-540x720.jpeg?strip=all 540w, https:\/\/e969z83yjsq.exactdn.com\/wp-content\/uploads\/2024\/07\/Sommercamp-Kindergarten-1.-Woche-7-768x1024.jpeg?strip=all 768w, https:\/\/e969z83yjsq.exactdn.com\/wp-content\/uploads\/2024\/07\/Sommercamp-Kindergarten-1.-Woche-7-1152x1536.jpeg?strip=all 1152w, https:\/\/e969z83yjsq.exactdn.com\/wp-content\/uploads\/2024\/07\/Sommercamp-Kindergarten-1.-Woche-7-320x427.jpeg?strip=all 320w, https:\/\/e969z83yjsq.exactdn.com\/wp-content\/uploads\/2024\/07\/Sommercamp-Kindergarten-1.-Woche-7.jpeg?strip=all&amp;w=864 864w\" sizes=\"(max-width: 317px) 100vw, 317px\" \/>\n\t\t<div class=\"figc no-description\">\n\t\t\t<div class=\"figc-inner\">\n\t\t\t\t\t\t\t\t\t\t\t\t\t\t\t<\/div>\n\t\t<\/div>\n\n\t<\/div>\n\n<\/div><div class=\"modula-item effect-pufrobo jtg-filter-all jtg-filter-\" >\n\t<div class=\"modula-item-overlay\"><\/div>\n\n\t<div class=\"modula-item-content\">\n\n\t\t<a data-image-id=\"81764\" role=\"button\" data-elementor-open-lightbox=\"no\" tabindex=\"0\" rel=\"jtg-81572\" data-caption=\"&lt;span class=&quot;modula-caption-description&quot;&gt;&lt;\/span&gt;\" aria-label=\"Bilder in Lightbox \u00f6ffnen\" data-thumb=\"https:\/\/e969z83yjsq.exactdn.com\/wp-content\/uploads\/2024\/07\/Sommercamp-Kindergarten-1.-Woche-6-317x423.jpeg?strip=all\" class=\"tile-inner modula-item-link\"><\/a><img loading=\"lazy\" decoding=\"async\" class=\"pic wp-image-81764\"  data-valign=\"middle\" data-halign=\"center\" alt=\"\" data-full=\"https:\/\/www.dstenerife.eu\/wp-content\/uploads\/2024\/07\/Sommercamp-Kindergarten-1.-Woche-6.jpeg\" title=\"Sommercamp Kindergarten 1. Woche (6)\" crop=\"\" width=\"317\" height=\"423\" src=\"https:\/\/e969z83yjsq.exactdn.com\/wp-content\/uploads\/2024\/07\/Sommercamp-Kindergarten-1.-Woche-6-317x423.jpeg?strip=all\" data-src=\"https:\/\/e969z83yjsq.exactdn.com\/wp-content\/uploads\/2024\/07\/Sommercamp-Kindergarten-1.-Woche-6-317x423.jpeg?strip=all\" data-caption=\"\" srcset=\"https:\/\/e969z83yjsq.exactdn.com\/wp-content\/uploads\/2024\/07\/Sommercamp-Kindergarten-1.-Woche-6.jpeg?strip=all 1440w, https:\/\/e969z83yjsq.exactdn.com\/wp-content\/uploads\/2024\/07\/Sommercamp-Kindergarten-1.-Woche-6-317x423.jpeg?strip=all 317w, https:\/\/e969z83yjsq.exactdn.com\/wp-content\/uploads\/2024\/07\/Sommercamp-Kindergarten-1.-Woche-6-540x720.jpeg?strip=all 540w, https:\/\/e969z83yjsq.exactdn.com\/wp-content\/uploads\/2024\/07\/Sommercamp-Kindergarten-1.-Woche-6-768x1024.jpeg?strip=all 768w, https:\/\/e969z83yjsq.exactdn.com\/wp-content\/uploads\/2024\/07\/Sommercamp-Kindergarten-1.-Woche-6-1152x1536.jpeg?strip=all 1152w, https:\/\/e969z83yjsq.exactdn.com\/wp-content\/uploads\/2024\/07\/Sommercamp-Kindergarten-1.-Woche-6-320x427.jpeg?strip=all 320w, https:\/\/e969z83yjsq.exactdn.com\/wp-content\/uploads\/2024\/07\/Sommercamp-Kindergarten-1.-Woche-6.jpeg?strip=all&amp;w=864 864w\" sizes=\"(max-width: 317px) 100vw, 317px\" \/>\n\t\t<div class=\"figc no-description\">\n\t\t\t<div class=\"figc-inner\">\n\t\t\t\t\t\t\t\t\t\t\t\t\t\t\t<\/div>\n\t\t<\/div>\n\n\t<\/div>\n\n<\/div><div class=\"modula-item effect-pufrobo jtg-filter-all jtg-filter-\" >\n\t<div class=\"modula-item-overlay\"><\/div>\n\n\t<div class=\"modula-item-content\">\n\n\t\t<a data-image-id=\"81766\" role=\"button\" data-elementor-open-lightbox=\"no\" tabindex=\"0\" rel=\"jtg-81572\" data-caption=\"&lt;span class=&quot;modula-caption-description&quot;&gt;&lt;\/span&gt;\" aria-label=\"Bilder in Lightbox \u00f6ffnen\" data-thumb=\"https:\/\/e969z83yjsq.exactdn.com\/wp-content\/uploads\/2024\/07\/Sommercamp-Kindergarten-1.-Woche-5-317x423.jpeg?strip=all\" class=\"tile-inner modula-item-link\"><\/a><img loading=\"lazy\" decoding=\"async\" class=\"pic wp-image-81766\"  data-valign=\"middle\" data-halign=\"center\" alt=\"\" data-full=\"https:\/\/www.dstenerife.eu\/wp-content\/uploads\/2024\/07\/Sommercamp-Kindergarten-1.-Woche-5.jpeg\" title=\"Sommercamp Kindergarten 1. Woche (5)\" crop=\"\" width=\"317\" height=\"423\" src=\"https:\/\/e969z83yjsq.exactdn.com\/wp-content\/uploads\/2024\/07\/Sommercamp-Kindergarten-1.-Woche-5-317x423.jpeg?strip=all\" data-src=\"https:\/\/e969z83yjsq.exactdn.com\/wp-content\/uploads\/2024\/07\/Sommercamp-Kindergarten-1.-Woche-5-317x423.jpeg?strip=all\" data-caption=\"\" srcset=\"https:\/\/e969z83yjsq.exactdn.com\/wp-content\/uploads\/2024\/07\/Sommercamp-Kindergarten-1.-Woche-5.jpeg?strip=all 1440w, https:\/\/e969z83yjsq.exactdn.com\/wp-content\/uploads\/2024\/07\/Sommercamp-Kindergarten-1.-Woche-5-317x423.jpeg?strip=all 317w, https:\/\/e969z83yjsq.exactdn.com\/wp-content\/uploads\/2024\/07\/Sommercamp-Kindergarten-1.-Woche-5-540x720.jpeg?strip=all 540w, https:\/\/e969z83yjsq.exactdn.com\/wp-content\/uploads\/2024\/07\/Sommercamp-Kindergarten-1.-Woche-5-768x1024.jpeg?strip=all 768w, https:\/\/e969z83yjsq.exactdn.com\/wp-content\/uploads\/2024\/07\/Sommercamp-Kindergarten-1.-Woche-5-1152x1536.jpeg?strip=all 1152w, https:\/\/e969z83yjsq.exactdn.com\/wp-content\/uploads\/2024\/07\/Sommercamp-Kindergarten-1.-Woche-5-320x427.jpeg?strip=all 320w, https:\/\/e969z83yjsq.exactdn.com\/wp-content\/uploads\/2024\/07\/Sommercamp-Kindergarten-1.-Woche-5.jpeg?strip=all&amp;w=864 864w\" sizes=\"(max-width: 317px) 100vw, 317px\" \/>\n\t\t<div class=\"figc no-description\">\n\t\t\t<div class=\"figc-inner\">\n\t\t\t\t\t\t\t\t\t\t\t\t\t\t\t<\/div>\n\t\t<\/div>\n\n\t<\/div>\n\n<\/div><div class=\"modula-item effect-pufrobo jtg-filter-all jtg-filter-\" >\n\t<div class=\"modula-item-overlay\"><\/div>\n\n\t<div class=\"modula-item-content\">\n\n\t\t<a data-image-id=\"81768\" role=\"button\" data-elementor-open-lightbox=\"no\" tabindex=\"0\" rel=\"jtg-81572\" data-caption=\"&lt;span class=&quot;modula-caption-description&quot;&gt;&lt;\/span&gt;\" aria-label=\"Bilder in Lightbox \u00f6ffnen\" data-thumb=\"https:\/\/e969z83yjsq.exactdn.com\/wp-content\/uploads\/2024\/07\/Sommercamp-Kindergarten-1.-Woche-4-317x423.jpeg?strip=all\" class=\"tile-inner modula-item-link\"><\/a><img loading=\"lazy\" decoding=\"async\" class=\"pic wp-image-81768\"  data-valign=\"middle\" data-halign=\"center\" alt=\"\" data-full=\"https:\/\/www.dstenerife.eu\/wp-content\/uploads\/2024\/07\/Sommercamp-Kindergarten-1.-Woche-4.jpeg\" title=\"Sommercamp Kindergarten 1. Woche (4)\" crop=\"\" width=\"317\" height=\"423\" src=\"https:\/\/e969z83yjsq.exactdn.com\/wp-content\/uploads\/2024\/07\/Sommercamp-Kindergarten-1.-Woche-4-317x423.jpeg?strip=all\" data-src=\"https:\/\/e969z83yjsq.exactdn.com\/wp-content\/uploads\/2024\/07\/Sommercamp-Kindergarten-1.-Woche-4-317x423.jpeg?strip=all\" data-caption=\"\" srcset=\"https:\/\/e969z83yjsq.exactdn.com\/wp-content\/uploads\/2024\/07\/Sommercamp-Kindergarten-1.-Woche-4.jpeg?strip=all 1440w, https:\/\/e969z83yjsq.exactdn.com\/wp-content\/uploads\/2024\/07\/Sommercamp-Kindergarten-1.-Woche-4-317x423.jpeg?strip=all 317w, https:\/\/e969z83yjsq.exactdn.com\/wp-content\/uploads\/2024\/07\/Sommercamp-Kindergarten-1.-Woche-4-540x720.jpeg?strip=all 540w, https:\/\/e969z83yjsq.exactdn.com\/wp-content\/uploads\/2024\/07\/Sommercamp-Kindergarten-1.-Woche-4-768x1024.jpeg?strip=all 768w, https:\/\/e969z83yjsq.exactdn.com\/wp-content\/uploads\/2024\/07\/Sommercamp-Kindergarten-1.-Woche-4-1152x1536.jpeg?strip=all 1152w, https:\/\/e969z83yjsq.exactdn.com\/wp-content\/uploads\/2024\/07\/Sommercamp-Kindergarten-1.-Woche-4-320x427.jpeg?strip=all 320w, https:\/\/e969z83yjsq.exactdn.com\/wp-content\/uploads\/2024\/07\/Sommercamp-Kindergarten-1.-Woche-4.jpeg?strip=all&amp;w=864 864w\" sizes=\"(max-width: 317px) 100vw, 317px\" \/>\n\t\t<div class=\"figc no-description\">\n\t\t\t<div class=\"figc-inner\">\n\t\t\t\t\t\t\t\t\t\t\t\t\t\t\t<\/div>\n\t\t<\/div>\n\n\t<\/div>\n\n<\/div><div class=\"modula-item effect-pufrobo jtg-filter-all jtg-filter-\" >\n\t<div class=\"modula-item-overlay\"><\/div>\n\n\t<div class=\"modula-item-content\">\n\n\t\t<a data-image-id=\"81770\" role=\"button\" data-elementor-open-lightbox=\"no\" tabindex=\"0\" rel=\"jtg-81572\" data-caption=\"&lt;span class=&quot;modula-caption-description&quot;&gt;&lt;\/span&gt;\" aria-label=\"Bilder in Lightbox \u00f6ffnen\" data-thumb=\"https:\/\/e969z83yjsq.exactdn.com\/wp-content\/uploads\/2024\/07\/Sommercamp-Kindergarten-1.-Woche-3-317x423.jpeg?strip=all\" class=\"tile-inner modula-item-link\"><\/a><img loading=\"lazy\" decoding=\"async\" class=\"pic wp-image-81770\"  data-valign=\"middle\" data-halign=\"center\" alt=\"\" data-full=\"https:\/\/www.dstenerife.eu\/wp-content\/uploads\/2024\/07\/Sommercamp-Kindergarten-1.-Woche-3.jpeg\" title=\"Sommercamp Kindergarten 1. Woche (3)\" crop=\"\" width=\"317\" height=\"423\" src=\"https:\/\/e969z83yjsq.exactdn.com\/wp-content\/uploads\/2024\/07\/Sommercamp-Kindergarten-1.-Woche-3-317x423.jpeg?strip=all\" data-src=\"https:\/\/e969z83yjsq.exactdn.com\/wp-content\/uploads\/2024\/07\/Sommercamp-Kindergarten-1.-Woche-3-317x423.jpeg?strip=all\" data-caption=\"\" srcset=\"https:\/\/e969z83yjsq.exactdn.com\/wp-content\/uploads\/2024\/07\/Sommercamp-Kindergarten-1.-Woche-3.jpeg?strip=all 1440w, https:\/\/e969z83yjsq.exactdn.com\/wp-content\/uploads\/2024\/07\/Sommercamp-Kindergarten-1.-Woche-3-317x423.jpeg?strip=all 317w, https:\/\/e969z83yjsq.exactdn.com\/wp-content\/uploads\/2024\/07\/Sommercamp-Kindergarten-1.-Woche-3-540x720.jpeg?strip=all 540w, https:\/\/e969z83yjsq.exactdn.com\/wp-content\/uploads\/2024\/07\/Sommercamp-Kindergarten-1.-Woche-3-768x1024.jpeg?strip=all 768w, https:\/\/e969z83yjsq.exactdn.com\/wp-content\/uploads\/2024\/07\/Sommercamp-Kindergarten-1.-Woche-3-1152x1536.jpeg?strip=all 1152w, https:\/\/e969z83yjsq.exactdn.com\/wp-content\/uploads\/2024\/07\/Sommercamp-Kindergarten-1.-Woche-3-320x427.jpeg?strip=all 320w, https:\/\/e969z83yjsq.exactdn.com\/wp-content\/uploads\/2024\/07\/Sommercamp-Kindergarten-1.-Woche-3.jpeg?strip=all&amp;w=864 864w\" sizes=\"(max-width: 317px) 100vw, 317px\" \/>\n\t\t<div class=\"figc no-description\">\n\t\t\t<div class=\"figc-inner\">\n\t\t\t\t\t\t\t\t\t\t\t\t\t\t\t<\/div>\n\t\t<\/div>\n\n\t<\/div>\n\n<\/div><div class=\"modula-item effect-pufrobo jtg-filter-all jtg-filter-\" >\n\t<div class=\"modula-item-overlay\"><\/div>\n\n\t<div class=\"modula-item-content\">\n\n\t\t<a data-image-id=\"81772\" role=\"button\" data-elementor-open-lightbox=\"no\" tabindex=\"0\" rel=\"jtg-81572\" data-caption=\"&lt;span class=&quot;modula-caption-description&quot;&gt;&lt;\/span&gt;\" aria-label=\"Bilder in Lightbox \u00f6ffnen\" data-thumb=\"https:\/\/e969z83yjsq.exactdn.com\/wp-content\/uploads\/2024\/07\/Sommercamp-Kindergarten-1.-Woche-2-317x423.jpeg?strip=all\" class=\"tile-inner modula-item-link\"><\/a><img loading=\"lazy\" decoding=\"async\" class=\"pic wp-image-81772\"  data-valign=\"middle\" data-halign=\"center\" alt=\"\" data-full=\"https:\/\/www.dstenerife.eu\/wp-content\/uploads\/2024\/07\/Sommercamp-Kindergarten-1.-Woche-2.jpeg\" title=\"Sommercamp Kindergarten 1. Woche (2)\" crop=\"\" width=\"317\" height=\"423\" src=\"https:\/\/e969z83yjsq.exactdn.com\/wp-content\/uploads\/2024\/07\/Sommercamp-Kindergarten-1.-Woche-2-317x423.jpeg?strip=all\" data-src=\"https:\/\/e969z83yjsq.exactdn.com\/wp-content\/uploads\/2024\/07\/Sommercamp-Kindergarten-1.-Woche-2-317x423.jpeg?strip=all\" data-caption=\"\" srcset=\"https:\/\/e969z83yjsq.exactdn.com\/wp-content\/uploads\/2024\/07\/Sommercamp-Kindergarten-1.-Woche-2.jpeg?strip=all 1440w, https:\/\/e969z83yjsq.exactdn.com\/wp-content\/uploads\/2024\/07\/Sommercamp-Kindergarten-1.-Woche-2-317x423.jpeg?strip=all 317w, https:\/\/e969z83yjsq.exactdn.com\/wp-content\/uploads\/2024\/07\/Sommercamp-Kindergarten-1.-Woche-2-540x720.jpeg?strip=all 540w, https:\/\/e969z83yjsq.exactdn.com\/wp-content\/uploads\/2024\/07\/Sommercamp-Kindergarten-1.-Woche-2-768x1024.jpeg?strip=all 768w, https:\/\/e969z83yjsq.exactdn.com\/wp-content\/uploads\/2024\/07\/Sommercamp-Kindergarten-1.-Woche-2-1152x1536.jpeg?strip=all 1152w, https:\/\/e969z83yjsq.exactdn.com\/wp-content\/uploads\/2024\/07\/Sommercamp-Kindergarten-1.-Woche-2-320x427.jpeg?strip=all 320w, https:\/\/e969z83yjsq.exactdn.com\/wp-content\/uploads\/2024\/07\/Sommercamp-Kindergarten-1.-Woche-2.jpeg?strip=all&amp;w=864 864w\" sizes=\"(max-width: 317px) 100vw, 317px\" \/>\n\t\t<div class=\"figc no-description\">\n\t\t\t<div class=\"figc-inner\">\n\t\t\t\t\t\t\t\t\t\t\t\t\t\t\t<\/div>\n\t\t<\/div>\n\n\t<\/div>\n\n<\/div><div class=\"modula-item effect-pufrobo jtg-filter-all jtg-filter-\" >\n\t<div class=\"modula-item-overlay\"><\/div>\n\n\t<div class=\"modula-item-content\">\n\n\t\t<a data-image-id=\"81774\" role=\"button\" data-elementor-open-lightbox=\"no\" tabindex=\"0\" rel=\"jtg-81572\" data-caption=\"&lt;span class=&quot;modula-caption-description&quot;&gt;&lt;\/span&gt;\" aria-label=\"Bilder in Lightbox \u00f6ffnen\" data-thumb=\"https:\/\/e969z83yjsq.exactdn.com\/wp-content\/uploads\/2024\/07\/Sommercamp-Kindergarten-1.-Woche-1-317x423.jpeg?strip=all\" class=\"tile-inner modula-item-link\"><\/a><img loading=\"lazy\" decoding=\"async\" class=\"pic wp-image-81774\"  data-valign=\"middle\" data-halign=\"center\" alt=\"\" data-full=\"https:\/\/www.dstenerife.eu\/wp-content\/uploads\/2024\/07\/Sommercamp-Kindergarten-1.-Woche-1.jpeg\" title=\"Sommercamp Kindergarten 1. Woche (1)\" crop=\"\" width=\"317\" height=\"423\" src=\"https:\/\/e969z83yjsq.exactdn.com\/wp-content\/uploads\/2024\/07\/Sommercamp-Kindergarten-1.-Woche-1-317x423.jpeg?strip=all\" data-src=\"https:\/\/e969z83yjsq.exactdn.com\/wp-content\/uploads\/2024\/07\/Sommercamp-Kindergarten-1.-Woche-1-317x423.jpeg?strip=all\" data-caption=\"\" srcset=\"https:\/\/e969z83yjsq.exactdn.com\/wp-content\/uploads\/2024\/07\/Sommercamp-Kindergarten-1.-Woche-1.jpeg?strip=all 1440w, https:\/\/e969z83yjsq.exactdn.com\/wp-content\/uploads\/2024\/07\/Sommercamp-Kindergarten-1.-Woche-1-317x423.jpeg?strip=all 317w, https:\/\/e969z83yjsq.exactdn.com\/wp-content\/uploads\/2024\/07\/Sommercamp-Kindergarten-1.-Woche-1-540x720.jpeg?strip=all 540w, https:\/\/e969z83yjsq.exactdn.com\/wp-content\/uploads\/2024\/07\/Sommercamp-Kindergarten-1.-Woche-1-768x1024.jpeg?strip=all 768w, https:\/\/e969z83yjsq.exactdn.com\/wp-content\/uploads\/2024\/07\/Sommercamp-Kindergarten-1.-Woche-1-1152x1536.jpeg?strip=all 1152w, https:\/\/e969z83yjsq.exactdn.com\/wp-content\/uploads\/2024\/07\/Sommercamp-Kindergarten-1.-Woche-1-320x427.jpeg?strip=all 320w, https:\/\/e969z83yjsq.exactdn.com\/wp-content\/uploads\/2024\/07\/Sommercamp-Kindergarten-1.-Woche-1.jpeg?strip=all&amp;w=864 864w\" sizes=\"(max-width: 317px) 100vw, 317px\" \/>\n\t\t<div class=\"figc no-description\">\n\t\t\t<div class=\"figc-inner\">\n\t\t\t\t\t\t\t\t\t\t\t\t\t\t\t<\/div>\n\t\t<\/div>\n\n\t<\/div>\n\n<\/div><div class=\"modula-item effect-pufrobo jtg-filter-all jtg-filter-\" >\n\t<div class=\"modula-item-overlay\"><\/div>\n\n\t<div class=\"modula-item-content\">\n\n\t\t<a data-image-id=\"81776\" role=\"button\" data-elementor-open-lightbox=\"no\" tabindex=\"0\" rel=\"jtg-81572\" data-caption=\"&lt;span class=&quot;modula-caption-description&quot;&gt;&lt;\/span&gt;\" aria-label=\"Bilder in Lightbox \u00f6ffnen\" data-thumb=\"https:\/\/e969z83yjsq.exactdn.com\/wp-content\/uploads\/2024\/07\/Sommercamp-Kindergarten-1.-Woche-451x423.jpg?strip=all\" class=\"tile-inner modula-item-link\"><\/a><img loading=\"lazy\" decoding=\"async\" class=\"pic wp-image-81776\"  data-valign=\"middle\" data-halign=\"center\" alt=\"\" data-full=\"https:\/\/www.dstenerife.eu\/wp-content\/uploads\/2024\/07\/Sommercamp-Kindergarten-1.-Woche.jpg\" title=\"Sommercamp Kindergarten 1. Woche\" crop=\"\" width=\"451\" height=\"423\" src=\"https:\/\/e969z83yjsq.exactdn.com\/wp-content\/uploads\/2024\/07\/Sommercamp-Kindergarten-1.-Woche-451x423.jpg?strip=all\" data-src=\"https:\/\/e969z83yjsq.exactdn.com\/wp-content\/uploads\/2024\/07\/Sommercamp-Kindergarten-1.-Woche-451x423.jpg?strip=all\" data-caption=\"\" srcset=\"https:\/\/e969z83yjsq.exactdn.com\/wp-content\/uploads\/2024\/07\/Sommercamp-Kindergarten-1.-Woche.jpg?strip=all 1019w, https:\/\/e969z83yjsq.exactdn.com\/wp-content\/uploads\/2024\/07\/Sommercamp-Kindergarten-1.-Woche-451x423.jpg?strip=all 451w, https:\/\/e969z83yjsq.exactdn.com\/wp-content\/uploads\/2024\/07\/Sommercamp-Kindergarten-1.-Woche-767x720.jpg?strip=all 767w, https:\/\/e969z83yjsq.exactdn.com\/wp-content\/uploads\/2024\/07\/Sommercamp-Kindergarten-1.-Woche-768x721.jpg?strip=all 768w, https:\/\/e969z83yjsq.exactdn.com\/wp-content\/uploads\/2024\/07\/Sommercamp-Kindergarten-1.-Woche-320x300.jpg?strip=all 320w, https:\/\/e969z83yjsq.exactdn.com\/wp-content\/uploads\/2024\/07\/Sommercamp-Kindergarten-1.-Woche.jpg?strip=all&amp;w=203 203w, https:\/\/e969z83yjsq.exactdn.com\/wp-content\/uploads\/2024\/07\/Sommercamp-Kindergarten-1.-Woche.jpg?strip=all&amp;w=611 611w\" sizes=\"(max-width: 451px) 100vw, 451px\" \/>\n\t\t<div class=\"figc no-description\">\n\t\t\t<div class=\"figc-inner\">\n\t\t\t\t\t\t\t\t\t\t\t\t\t\t\t<\/div>\n\t\t<\/div>\n\n\t<\/div>\n\n<\/div>\t\t\n\t<\/div>\n\n\t\n\t\n\t<script type=\"application\/ld+json\">\n\t{\n\t\t\"@context\": \"http:\/\/schema.org\",\n\t\t\"@type\"   : \"ImageGallery\",\n\t\t\"id\"      : \"https:\/\/www.dstenerife.eu\/de\/sommercamp-kindergarten-1-woche\/\",\n\t\t\"url\"     : \"https:\/\/www.dstenerife.eu\/de\/sommercamp-kindergarten-1-woche\/\"\n\t}\n\n\t<\/script>\n\n\t\n<\/div>\n\n","protected":false},"excerpt":{"rendered":"<p>In der ersten Woche des Sommercamps sind wir in das Thema \u201cZirkus\u201d eingetaucht und die Kinder [&hellip;]<\/p>\n","protected":false},"author":17,"featured_media":81654,"comment_status":"closed","ping_status":"closed","sticky":false,"template":"","format":"standard","meta":{"site-sidebar-layout":"default","site-content-layout":"","ast-site-content-layout":"default","site-content-style":"default","site-sidebar-style":"default","ast-global-header-display":"","ast-banner-title-visibility":"","ast-main-header-display":"","ast-hfb-above-header-display":"","ast-hfb-below-header-display":"","ast-hfb-mobile-header-display":"","site-post-title":"","ast-breadcrumbs-content":"","ast-featured-img":"","footer-sml-layout":"","ast-disable-related-posts":"","theme-transparent-header-meta":"default","adv-header-id-meta":"","stick-header-meta":"default","header-above-stick-meta":"","header-main-stick-meta":"","header-below-stick-meta":"","astra-migrate-meta-layouts":"set","ast-page-background-enabled":"default","ast-page-background-meta":{"desktop":{"background-color":"","background-image":"","background-repeat":"repeat","background-position":"center center","background-size":"auto","background-attachment":"scroll","background-type":"","background-media":"","overlay-type":"","overlay-color":"","overlay-opacity":"","overlay-gradient":""},"tablet":{"background-color":"","background-image":"","background-repeat":"repeat","background-position":"center center","background-size":"auto","background-attachment":"scroll","background-type":"","background-media":"","overlay-type":"","overlay-color":"","overlay-opacity":"","overlay-gradient":""},"mobile":{"background-color":"","background-image":"","background-repeat":"repeat","background-position":"center center","background-size":"auto","background-attachment":"scroll","background-type":"","background-media":"","overlay-type":"","overlay-color":"","overlay-opacity":"","overlay-gradient":""}},"ast-content-background-meta":{"desktop":{"background-color":"var(--ast-global-color-5)","background-image":"","background-repeat":"repeat","background-position":"center center","background-size":"auto","background-attachment":"scroll","background-type":"","background-media":"","overlay-type":"","overlay-color":"","overlay-opacity":"","overlay-gradient":""},"tablet":{"background-color":"var(--ast-global-color-5)","background-image":"","background-repeat":"repeat","background-position":"center center","background-size":"auto","background-attachment":"scroll","background-type":"","background-media":"","overlay-type":"","overlay-color":"","overlay-opacity":"","overlay-gradient":""},"mobile":{"background-color":"var(--ast-global-color-5)","background-image":"","background-repeat":"repeat","background-position":"center center","background-size":"auto","background-attachment":"scroll","background-type":"","background-media":"","overlay-type":"","overlay-color":"","overlay-opacity":"","overlay-gradient":""}},"_jet_sm_ready_style":"","_jet_sm_style":"","_jet_sm_controls_values":"","_jet_sm_fonts_collection":"","_jet_sm_fonts_links":"","footnotes":""},"categories":[126,138],"tags":[],"schlagwortedst":[],"class_list":["post-81577","post","type-post","status-publish","format-standard","has-post-thumbnail","hentry","category-kiga","category-projekte-kg"],"_links":{"self":[{"href":"https:\/\/www.dstenerife.eu\/de\/wp-json\/wp\/v2\/posts\/81577","targetHints":{"allow":["GET"]}}],"collection":[{"href":"https:\/\/www.dstenerife.eu\/de\/wp-json\/wp\/v2\/posts"}],"about":[{"href":"https:\/\/www.dstenerife.eu\/de\/wp-json\/wp\/v2\/types\/post"}],"author":[{"embeddable":true,"href":"https:\/\/www.dstenerife.eu\/de\/wp-json\/wp\/v2\/users\/17"}],"replies":[{"embeddable":true,"href":"https:\/\/www.dstenerife.eu\/de\/wp-json\/wp\/v2\/comments?post=81577"}],"version-history":[{"count":1,"href":"https:\/\/www.dstenerife.eu\/de\/wp-json\/wp\/v2\/posts\/81577\/revisions"}],"predecessor-version":[{"id":81778,"href":"https:\/\/www.dstenerife.eu\/de\/wp-json\/wp\/v2\/posts\/81577\/revisions\/81778"}],"wp:featuredmedia":[{"embeddable":true,"href":"https:\/\/www.dstenerife.eu\/de\/wp-json\/wp\/v2\/media\/81654"}],"wp:attachment":[{"href":"https:\/\/www.dstenerife.eu\/de\/wp-json\/wp\/v2\/media?parent=81577"}],"wp:term":[{"taxonomy":"category","embeddable":true,"href":"https:\/\/www.dstenerife.eu\/de\/wp-json\/wp\/v2\/categories?post=81577"},{"taxonomy":"post_tag","embeddable":true,"href":"https:\/\/www.dstenerife.eu\/de\/wp-json\/wp\/v2\/tags?post=81577"},{"taxonomy":"schlagwortedst","embeddable":true,"href":"https:\/\/www.dstenerife.eu\/de\/wp-json\/wp\/v2\/schlagwortedst?post=81577"}],"curies":[{"name":"wp","href":"https:\/\/api.w.org\/{rel}","templated":true}]}}