{"id":81912,"date":"2024-07-09T23:19:40","date_gmt":"2024-07-09T22:19:40","guid":{"rendered":"https:\/\/www.dstenerife.eu\/?p=81912"},"modified":"2024-07-09T23:20:27","modified_gmt":"2024-07-09T22:20:27","slug":"sommercamp-der-grundschule-1-woche","status":"publish","type":"post","link":"https:\/\/www.dstenerife.eu\/de\/sommercamp-der-grundschule-1-woche\/","title":{"rendered":"Sommercamp der Grundschule 1. Woche"},"content":{"rendered":"<p>Die erste Sommercamp Woche war spitze!<br \/>\nDie Kinder haben verschiedene sportliche Aktivit\u00e4ten wie Frisbee, Fu\u00dfball, Basketball, Parkourlauf, Leichtathletik und Rugby ausge\u00fcbt. Der H\u00f6hepunkt des Vormittags war immer die Wasserparty. Der Spa\u00df war garantiert durch einen Pool, Wasserpistolen, XXL-Seifenblasen, eine<br \/>\nWasserrutsche und mittwochs sogar mit einer Schaumkanone!<br \/>\nWir haben nicht nur Sport gemacht: nachmittags gab es Brettspiele, Basteln, Kino und sogar ein Workshop mit Marina, unserer Krankenschwester. Zum Abschluss hatten wir eine H\u00fcpfburg und eine Urkunden- und Sportpassausgabe.<br \/>\nDie Kinder hatten eine tolle Zeit:<br \/>\n\u201eEs war der beste Tag meines Lebens!\u201c<br \/>\n\u201eIch m\u00f6chte hier bleiben!\u201c<br \/>\n\u201eD\u00fcrfen wir auch am Wochenende kommen?\u201c<br \/>\nDie Lehrerinnen hatten auch sehr viel Spa\u00df in dieser ersten Woche. Wir sind schon auf n\u00e4chste Woche gespannt und freuen uns sehr!<\/p>\n<div  id=\"jtg-81911\" class=\"modula modula-gallery modula-creative-gallery\" data-config=\"{&quot;height&quot;:800,&quot;tabletHeight&quot;:650,&quot;mobileHeight&quot;:550,&quot;desktopHeight&quot;:800,&quot;enableTwitter&quot;:false,&quot;enableWhatsapp&quot;:false,&quot;enableFacebook&quot;:false,&quot;enablePinterest&quot;:false,&quot;enableLinkedin&quot;:false,&quot;enableEmail&quot;:false,&quot;randomFactor&quot;:0.61999999999999999555910790149937383830547332763671875,&quot;type&quot;:&quot;creative-gallery&quot;,&quot;columns&quot;:12,&quot;gutter&quot;:4,&quot;mobileGutter&quot;:4,&quot;tabletGutter&quot;:4,&quot;desktopGutter&quot;:4,&quot;enableResponsive&quot;:&quot;0&quot;,&quot;tabletColumns&quot;:2,&quot;mobileColumns&quot;:1,&quot;lazyLoad&quot;:0,&quot;lightboxOpts&quot;:{&quot;animated&quot;:true,&quot;Thumbs&quot;:{&quot;type&quot;:&quot;modern&quot;,&quot;showOnStart&quot;:false,&quot;position&quot;:&quot;left&quot;},&quot;Toolbar&quot;:{&quot;display&quot;:{&quot;right&quot;:[&quot;zoomIn&quot;,&quot;zoomOut&quot;,&quot;thumbs&quot;,&quot;close&quot;],&quot;left&quot;:[&quot;infobar&quot;]},&quot;enabled&quot;:true},&quot;Carousel&quot;:{&quot;Panzoom&quot;:{&quot;touch&quot;:false},&quot;infinite&quot;:false,&quot;transition&quot;:&quot;fade&quot;},&quot;keyboard&quot;:{&quot;Escape&quot;:&quot;close&quot;,&quot;Delete&quot;:&quot;close&quot;,&quot;Backspace&quot;:&quot;close&quot;,&quot;PageUp&quot;:&quot;next&quot;,&quot;PageDown&quot;:&quot;prev&quot;,&quot;ArrowUp&quot;:&quot;prev&quot;,&quot;ArrowDown&quot;:&quot;next&quot;,&quot;ArrowRight&quot;:&quot;next&quot;,&quot;ArrowLeft&quot;:&quot;prev&quot;},&quot;touch&quot;:false,&quot;backdropClick&quot;:false,&quot;l10n&quot;:{&quot;CLOSE&quot;:&quot;Schlie\\u00dfen&quot;,&quot;NEXT&quot;:&quot;Weiter&quot;,&quot;PREV&quot;:&quot;Zur\\u00fcck&quot;,&quot;Error&quot;:&quot;Der angeforderte Inhalt kann nicht geladen werden. Bitte versuche es sp\\u00e4ter noch einmal.&quot;,&quot;PLAY_START&quot;:&quot;Slideshow starten&quot;,&quot;PLAY_STOP&quot;:&quot;Slideshow anhalten&quot;,&quot;FULL_SCREEN&quot;:&quot;Vollbild&quot;,&quot;THUMBS&quot;:&quot;Vorschaubilder&quot;,&quot;DOWNLOAD&quot;:&quot;Download&quot;,&quot;SHARE&quot;:&quot;Teilen&quot;,&quot;ZOOM&quot;:&quot;Vergr\\u00f6\\u00dfern&quot;,&quot;EMAIL&quot;:&quot;Hier ist der Link zum Bild: %%image_link%% und hier ist der Link zur Galerie: %%gallery_link%%&quot;,&quot;MODAL&quot;:&quot;Du kannst diesen Modal-Inhalt mit der ESC-Taste schlie\\u00dfen&quot;,&quot;ERROR&quot;:&quot;Es ist ein Fehler aufgetreten. Bitte versuche es sp\\u00e4ter noch einmal&quot;,&quot;IMAGE_ERROR&quot;:&quot;Bild nicht gefunden&quot;,&quot;ELEMENT_NOT_FOUND&quot;:&quot;HTML-Element nicht gefunden&quot;,&quot;AJAX_NOT_FOUND&quot;:&quot;Fehler beim Laden von AJAX: Nicht gefunden&quot;,&quot;AJAX_FORBIDDEN&quot;:&quot;Fehler beim Laden von AJAX: Zugriff verweigert&quot;,&quot;IFRAME_ERROR&quot;:&quot;Fehler beim Laden der Seite&quot;,&quot;TOGGLE_ZOOM&quot;:&quot;Zoomstufe umschalten&quot;,&quot;TOGGLE_THUMBS&quot;:&quot;Miniaturansichten ein-\\\/ausblenden&quot;,&quot;TOGGLE_SLIDESHOW&quot;:&quot;Diashow ein-\\\/ausschalten&quot;,&quot;TOGGLE_FULLSCREEN&quot;:&quot;Vollbildmodus umschalten&quot;},&quot;Images&quot;:{&quot;Panzoom&quot;:{&quot;maxScale&quot;:2}},&quot;toolbar&quot;:true,&quot;wheel&quot;:false,&quot;animationEffect&quot;:&quot;false&quot;,&quot;transitionEffect&quot;:&quot;fade&quot;,&quot;Html&quot;:{&quot;videoAutoplay&quot;:0,&quot;videoTpl&quot;:&quot;&lt;video class=\\&quot;fancybox__html5video modula_html5_video\\&quot; controls playsinline controlsList controlsList=\\&quot;nodownload\\&quot; poster=\\&quot;{{poster}}\\&quot; src=\\&quot;{{src}}\\&quot; type=\\&quot;{{format}}\\&quot; &gt;  Sorry, your browser doesn&#039;t support embedded videos, &lt;a href=\\&quot;{{src}}\\&quot;&gt; download &lt;\\\/a&gt; and watch with your favorite video player! &lt;\\\/video&gt;&quot;,&quot;vimeo&quot;:{&quot;autopause&quot;:0}},&quot;Fullscreen&quot;:{&quot;autoStart&quot;:true},&quot;mainClass&quot;:&quot;modula-fancybox-container modula-lightbox-jtg-81911&quot;},&quot;inView&quot;:false,&quot;email_subject&quot;:&quot;Check out this awesome image !!&quot;,&quot;email_message&quot;:&quot;Here is the link to the image : %%image_link%% and this is the link to the gallery : %%gallery_link%%&quot;,&quot;lightbox&quot;:&quot;fancybox&quot;,&quot;filterClick&quot;:&quot;0&quot;,&quot;dropdownFilters&quot;:&quot;0&quot;,&quot;defaultActiveFilter&quot;:&quot;all&quot;,&quot;initLightbox&quot;:&quot;modula_pro_init_lightbox&quot;,&quot;haveFilters&quot;:0,&quot;lightbox_devices&quot;:&quot;both&quot;,&quot;options&quot;:{&quot;lightbox&quot;:&quot;fancybox&quot;},&quot;enableSlideshow&quot;:&quot;0&quot;,&quot;enableAutoplay&quot;:&quot;0&quot;,&quot;slideshowSpeed&quot;:&quot;5000&quot;,&quot;pauseOnHover&quot;:&quot;0&quot;}\">\n\n\t\n\t<div  class=\"modula-items\">\n\t\t<div class=\"modula-item effect-pufrobo jtg-filter-all jtg-filter-\" >\n\t<div class=\"modula-item-overlay\"><\/div>\n\n\t<div class=\"modula-item-content\">\n\n\t\t<a data-image-id=\"81913\" role=\"button\" data-elementor-open-lightbox=\"no\" tabindex=\"0\" rel=\"jtg-81911\" data-caption=\"&lt;span class=&quot;modula-caption-description&quot;&gt;&lt;\/span&gt;\" aria-label=\"Bilder in Lightbox \u00f6ffnen\" data-thumb=\"https:\/\/e969z83yjsq.exactdn.com\/wp-content\/uploads\/2024\/07\/Sommercamp-der-Grundschule-1.-Woche-2-317x423.jpeg?strip=all\" class=\"tile-inner modula-item-link\"><\/a><img fetchpriority=\"high\" decoding=\"async\" class=\"pic wp-image-81913\"  data-valign=\"middle\" data-halign=\"center\" alt=\"\" data-full=\"https:\/\/www.dstenerife.eu\/wp-content\/uploads\/2024\/07\/Sommercamp-der-Grundschule-1.-Woche-2.jpeg\" title=\"Sommercamp der Grundschule 1. Woche (2)\" crop=\"\" width=\"317\" height=\"423\" src=\"https:\/\/e969z83yjsq.exactdn.com\/wp-content\/uploads\/2024\/07\/Sommercamp-der-Grundschule-1.-Woche-2-317x423.jpeg?strip=all\" data-src=\"https:\/\/e969z83yjsq.exactdn.com\/wp-content\/uploads\/2024\/07\/Sommercamp-der-Grundschule-1.-Woche-2-317x423.jpeg?strip=all\" data-caption=\"\" srcset=\"https:\/\/e969z83yjsq.exactdn.com\/wp-content\/uploads\/2024\/07\/Sommercamp-der-Grundschule-1.-Woche-2.jpeg?strip=all 1440w, https:\/\/e969z83yjsq.exactdn.com\/wp-content\/uploads\/2024\/07\/Sommercamp-der-Grundschule-1.-Woche-2-317x423.jpeg?strip=all 317w, https:\/\/e969z83yjsq.exactdn.com\/wp-content\/uploads\/2024\/07\/Sommercamp-der-Grundschule-1.-Woche-2-540x720.jpeg?strip=all 540w, https:\/\/e969z83yjsq.exactdn.com\/wp-content\/uploads\/2024\/07\/Sommercamp-der-Grundschule-1.-Woche-2-768x1024.jpeg?strip=all 768w, https:\/\/e969z83yjsq.exactdn.com\/wp-content\/uploads\/2024\/07\/Sommercamp-der-Grundschule-1.-Woche-2-1152x1536.jpeg?strip=all 1152w, https:\/\/e969z83yjsq.exactdn.com\/wp-content\/uploads\/2024\/07\/Sommercamp-der-Grundschule-1.-Woche-2-320x427.jpeg?strip=all 320w, https:\/\/e969z83yjsq.exactdn.com\/wp-content\/uploads\/2024\/07\/Sommercamp-der-Grundschule-1.-Woche-2.jpeg?strip=all&amp;w=864 864w\" sizes=\"(max-width: 317px) 100vw, 317px\" \/>\n\t\t<div class=\"figc no-description\">\n\t\t\t<div class=\"figc-inner\">\n\t\t\t\t\t\t\t\t\t\t\t\t\t\t\t<\/div>\n\t\t<\/div>\n\n\t<\/div>\n\n<\/div><div class=\"modula-item effect-pufrobo jtg-filter-all jtg-filter-\" >\n\t<div class=\"modula-item-overlay\"><\/div>\n\n\t<div class=\"modula-item-content\">\n\n\t\t<a data-image-id=\"81915\" role=\"button\" data-elementor-open-lightbox=\"no\" tabindex=\"0\" rel=\"jtg-81911\" data-caption=\"&lt;span class=&quot;modula-caption-description&quot;&gt;&lt;\/span&gt;\" aria-label=\"Bilder in Lightbox \u00f6ffnen\" data-thumb=\"https:\/\/e969z83yjsq.exactdn.com\/wp-content\/uploads\/2024\/07\/Sommercamp-der-Grundschule-1.-Woche-3-317x423.jpeg?strip=all\" class=\"tile-inner modula-item-link\"><\/a><img decoding=\"async\" class=\"pic wp-image-81915\"  data-valign=\"middle\" data-halign=\"center\" alt=\"\" data-full=\"https:\/\/www.dstenerife.eu\/wp-content\/uploads\/2024\/07\/Sommercamp-der-Grundschule-1.-Woche-3.jpeg\" title=\"Sommercamp der Grundschule 1. Woche (3)\" crop=\"\" width=\"317\" height=\"423\" src=\"https:\/\/e969z83yjsq.exactdn.com\/wp-content\/uploads\/2024\/07\/Sommercamp-der-Grundschule-1.-Woche-3-317x423.jpeg?strip=all\" data-src=\"https:\/\/e969z83yjsq.exactdn.com\/wp-content\/uploads\/2024\/07\/Sommercamp-der-Grundschule-1.-Woche-3-317x423.jpeg?strip=all\" data-caption=\"\" srcset=\"https:\/\/e969z83yjsq.exactdn.com\/wp-content\/uploads\/2024\/07\/Sommercamp-der-Grundschule-1.-Woche-3.jpeg?strip=all 1440w, https:\/\/e969z83yjsq.exactdn.com\/wp-content\/uploads\/2024\/07\/Sommercamp-der-Grundschule-1.-Woche-3-317x423.jpeg?strip=all 317w, https:\/\/e969z83yjsq.exactdn.com\/wp-content\/uploads\/2024\/07\/Sommercamp-der-Grundschule-1.-Woche-3-540x720.jpeg?strip=all 540w, https:\/\/e969z83yjsq.exactdn.com\/wp-content\/uploads\/2024\/07\/Sommercamp-der-Grundschule-1.-Woche-3-768x1024.jpeg?strip=all 768w, https:\/\/e969z83yjsq.exactdn.com\/wp-content\/uploads\/2024\/07\/Sommercamp-der-Grundschule-1.-Woche-3-1152x1536.jpeg?strip=all 1152w, https:\/\/e969z83yjsq.exactdn.com\/wp-content\/uploads\/2024\/07\/Sommercamp-der-Grundschule-1.-Woche-3-320x427.jpeg?strip=all 320w, https:\/\/e969z83yjsq.exactdn.com\/wp-content\/uploads\/2024\/07\/Sommercamp-der-Grundschule-1.-Woche-3.jpeg?strip=all&amp;w=864 864w\" sizes=\"(max-width: 317px) 100vw, 317px\" \/>\n\t\t<div class=\"figc no-description\">\n\t\t\t<div class=\"figc-inner\">\n\t\t\t\t\t\t\t\t\t\t\t\t\t\t\t<\/div>\n\t\t<\/div>\n\n\t<\/div>\n\n<\/div><div class=\"modula-item effect-pufrobo jtg-filter-all jtg-filter-\" >\n\t<div class=\"modula-item-overlay\"><\/div>\n\n\t<div class=\"modula-item-content\">\n\n\t\t<a data-image-id=\"81917\" role=\"button\" data-elementor-open-lightbox=\"no\" tabindex=\"0\" rel=\"jtg-81911\" data-caption=\"&lt;span class=&quot;modula-caption-description&quot;&gt;&lt;\/span&gt;\" aria-label=\"Bilder in Lightbox \u00f6ffnen\" data-thumb=\"https:\/\/e969z83yjsq.exactdn.com\/wp-content\/uploads\/2024\/07\/Sommercamp-der-Grundschule-1.-Woche-4-317x423.jpeg?strip=all\" class=\"tile-inner modula-item-link\"><\/a><img decoding=\"async\" class=\"pic wp-image-81917\"  data-valign=\"middle\" data-halign=\"center\" alt=\"\" data-full=\"https:\/\/www.dstenerife.eu\/wp-content\/uploads\/2024\/07\/Sommercamp-der-Grundschule-1.-Woche-4.jpeg\" title=\"Sommercamp der Grundschule 1. Woche (4)\" crop=\"\" width=\"317\" height=\"423\" src=\"https:\/\/e969z83yjsq.exactdn.com\/wp-content\/uploads\/2024\/07\/Sommercamp-der-Grundschule-1.-Woche-4-317x423.jpeg?strip=all\" data-src=\"https:\/\/e969z83yjsq.exactdn.com\/wp-content\/uploads\/2024\/07\/Sommercamp-der-Grundschule-1.-Woche-4-317x423.jpeg?strip=all\" data-caption=\"\" srcset=\"https:\/\/e969z83yjsq.exactdn.com\/wp-content\/uploads\/2024\/07\/Sommercamp-der-Grundschule-1.-Woche-4.jpeg?strip=all 1440w, https:\/\/e969z83yjsq.exactdn.com\/wp-content\/uploads\/2024\/07\/Sommercamp-der-Grundschule-1.-Woche-4-317x423.jpeg?strip=all 317w, https:\/\/e969z83yjsq.exactdn.com\/wp-content\/uploads\/2024\/07\/Sommercamp-der-Grundschule-1.-Woche-4-540x720.jpeg?strip=all 540w, https:\/\/e969z83yjsq.exactdn.com\/wp-content\/uploads\/2024\/07\/Sommercamp-der-Grundschule-1.-Woche-4-768x1024.jpeg?strip=all 768w, https:\/\/e969z83yjsq.exactdn.com\/wp-content\/uploads\/2024\/07\/Sommercamp-der-Grundschule-1.-Woche-4-1152x1536.jpeg?strip=all 1152w, https:\/\/e969z83yjsq.exactdn.com\/wp-content\/uploads\/2024\/07\/Sommercamp-der-Grundschule-1.-Woche-4-320x427.jpeg?strip=all 320w, https:\/\/e969z83yjsq.exactdn.com\/wp-content\/uploads\/2024\/07\/Sommercamp-der-Grundschule-1.-Woche-4.jpeg?strip=all&amp;w=864 864w\" sizes=\"(max-width: 317px) 100vw, 317px\" \/>\n\t\t<div class=\"figc no-description\">\n\t\t\t<div class=\"figc-inner\">\n\t\t\t\t\t\t\t\t\t\t\t\t\t\t\t<\/div>\n\t\t<\/div>\n\n\t<\/div>\n\n<\/div><div class=\"modula-item effect-pufrobo jtg-filter-all jtg-filter-\" >\n\t<div class=\"modula-item-overlay\"><\/div>\n\n\t<div class=\"modula-item-content\">\n\n\t\t<a data-image-id=\"81919\" role=\"button\" data-elementor-open-lightbox=\"no\" tabindex=\"0\" rel=\"jtg-81911\" data-caption=\"&lt;span class=&quot;modula-caption-description&quot;&gt;&lt;\/span&gt;\" aria-label=\"Bilder in Lightbox \u00f6ffnen\" data-thumb=\"https:\/\/e969z83yjsq.exactdn.com\/wp-content\/uploads\/2024\/07\/Sommercamp-der-Grundschule-1.-Woche-5-317x423.jpeg?strip=all\" class=\"tile-inner modula-item-link\"><\/a><img loading=\"lazy\" decoding=\"async\" class=\"pic wp-image-81919\"  data-valign=\"middle\" data-halign=\"center\" alt=\"\" data-full=\"https:\/\/www.dstenerife.eu\/wp-content\/uploads\/2024\/07\/Sommercamp-der-Grundschule-1.-Woche-5.jpeg\" title=\"Sommercamp der Grundschule 1. Woche (5)\" crop=\"\" width=\"317\" height=\"423\" src=\"https:\/\/e969z83yjsq.exactdn.com\/wp-content\/uploads\/2024\/07\/Sommercamp-der-Grundschule-1.-Woche-5-317x423.jpeg?strip=all\" data-src=\"https:\/\/e969z83yjsq.exactdn.com\/wp-content\/uploads\/2024\/07\/Sommercamp-der-Grundschule-1.-Woche-5-317x423.jpeg?strip=all\" data-caption=\"\" srcset=\"https:\/\/e969z83yjsq.exactdn.com\/wp-content\/uploads\/2024\/07\/Sommercamp-der-Grundschule-1.-Woche-5.jpeg?strip=all 1440w, https:\/\/e969z83yjsq.exactdn.com\/wp-content\/uploads\/2024\/07\/Sommercamp-der-Grundschule-1.-Woche-5-317x423.jpeg?strip=all 317w, https:\/\/e969z83yjsq.exactdn.com\/wp-content\/uploads\/2024\/07\/Sommercamp-der-Grundschule-1.-Woche-5-540x720.jpeg?strip=all 540w, https:\/\/e969z83yjsq.exactdn.com\/wp-content\/uploads\/2024\/07\/Sommercamp-der-Grundschule-1.-Woche-5-768x1024.jpeg?strip=all 768w, https:\/\/e969z83yjsq.exactdn.com\/wp-content\/uploads\/2024\/07\/Sommercamp-der-Grundschule-1.-Woche-5-1152x1536.jpeg?strip=all 1152w, https:\/\/e969z83yjsq.exactdn.com\/wp-content\/uploads\/2024\/07\/Sommercamp-der-Grundschule-1.-Woche-5-320x427.jpeg?strip=all 320w, https:\/\/e969z83yjsq.exactdn.com\/wp-content\/uploads\/2024\/07\/Sommercamp-der-Grundschule-1.-Woche-5.jpeg?strip=all&amp;w=864 864w\" sizes=\"(max-width: 317px) 100vw, 317px\" \/>\n\t\t<div class=\"figc no-description\">\n\t\t\t<div class=\"figc-inner\">\n\t\t\t\t\t\t\t\t\t\t\t\t\t\t\t<\/div>\n\t\t<\/div>\n\n\t<\/div>\n\n<\/div><div class=\"modula-item effect-pufrobo jtg-filter-all jtg-filter-\" >\n\t<div class=\"modula-item-overlay\"><\/div>\n\n\t<div class=\"modula-item-content\">\n\n\t\t<a data-image-id=\"81921\" role=\"button\" data-elementor-open-lightbox=\"no\" tabindex=\"0\" rel=\"jtg-81911\" data-caption=\"&lt;span class=&quot;modula-caption-description&quot;&gt;&lt;\/span&gt;\" aria-label=\"Bilder in Lightbox \u00f6ffnen\" data-thumb=\"https:\/\/e969z83yjsq.exactdn.com\/wp-content\/uploads\/2024\/07\/Sommercamp-der-Grundschule-1.-Woche-6-317x423.jpeg?strip=all\" class=\"tile-inner modula-item-link\"><\/a><img loading=\"lazy\" decoding=\"async\" class=\"pic wp-image-81921\"  data-valign=\"middle\" data-halign=\"center\" alt=\"\" data-full=\"https:\/\/www.dstenerife.eu\/wp-content\/uploads\/2024\/07\/Sommercamp-der-Grundschule-1.-Woche-6.jpeg\" title=\"Sommercamp der Grundschule 1. Woche (6)\" crop=\"\" width=\"317\" height=\"423\" src=\"https:\/\/e969z83yjsq.exactdn.com\/wp-content\/uploads\/2024\/07\/Sommercamp-der-Grundschule-1.-Woche-6-317x423.jpeg?strip=all\" data-src=\"https:\/\/e969z83yjsq.exactdn.com\/wp-content\/uploads\/2024\/07\/Sommercamp-der-Grundschule-1.-Woche-6-317x423.jpeg?strip=all\" data-caption=\"\" srcset=\"https:\/\/e969z83yjsq.exactdn.com\/wp-content\/uploads\/2024\/07\/Sommercamp-der-Grundschule-1.-Woche-6.jpeg?strip=all 1440w, https:\/\/e969z83yjsq.exactdn.com\/wp-content\/uploads\/2024\/07\/Sommercamp-der-Grundschule-1.-Woche-6-317x423.jpeg?strip=all 317w, https:\/\/e969z83yjsq.exactdn.com\/wp-content\/uploads\/2024\/07\/Sommercamp-der-Grundschule-1.-Woche-6-540x720.jpeg?strip=all 540w, https:\/\/e969z83yjsq.exactdn.com\/wp-content\/uploads\/2024\/07\/Sommercamp-der-Grundschule-1.-Woche-6-768x1024.jpeg?strip=all 768w, https:\/\/e969z83yjsq.exactdn.com\/wp-content\/uploads\/2024\/07\/Sommercamp-der-Grundschule-1.-Woche-6-1152x1536.jpeg?strip=all 1152w, https:\/\/e969z83yjsq.exactdn.com\/wp-content\/uploads\/2024\/07\/Sommercamp-der-Grundschule-1.-Woche-6-320x427.jpeg?strip=all 320w, https:\/\/e969z83yjsq.exactdn.com\/wp-content\/uploads\/2024\/07\/Sommercamp-der-Grundschule-1.-Woche-6.jpeg?strip=all&amp;w=864 864w\" sizes=\"(max-width: 317px) 100vw, 317px\" \/>\n\t\t<div class=\"figc no-description\">\n\t\t\t<div class=\"figc-inner\">\n\t\t\t\t\t\t\t\t\t\t\t\t\t\t\t<\/div>\n\t\t<\/div>\n\n\t<\/div>\n\n<\/div><div class=\"modula-item effect-pufrobo jtg-filter-all jtg-filter-\" >\n\t<div class=\"modula-item-overlay\"><\/div>\n\n\t<div class=\"modula-item-content\">\n\n\t\t<a data-image-id=\"81923\" role=\"button\" data-elementor-open-lightbox=\"no\" tabindex=\"0\" rel=\"jtg-81911\" data-caption=\"&lt;span class=&quot;modula-caption-description&quot;&gt;&lt;\/span&gt;\" aria-label=\"Bilder in Lightbox \u00f6ffnen\" data-thumb=\"https:\/\/e969z83yjsq.exactdn.com\/wp-content\/uploads\/2024\/07\/Sommercamp-der-Grundschule-1.-Woche-7-317x423.jpeg?strip=all\" class=\"tile-inner modula-item-link\"><\/a><img loading=\"lazy\" decoding=\"async\" class=\"pic wp-image-81923\"  data-valign=\"middle\" data-halign=\"center\" alt=\"\" data-full=\"https:\/\/www.dstenerife.eu\/wp-content\/uploads\/2024\/07\/Sommercamp-der-Grundschule-1.-Woche-7.jpeg\" title=\"Sommercamp der Grundschule 1. Woche (7)\" crop=\"\" width=\"317\" height=\"423\" src=\"https:\/\/e969z83yjsq.exactdn.com\/wp-content\/uploads\/2024\/07\/Sommercamp-der-Grundschule-1.-Woche-7-317x423.jpeg?strip=all\" data-src=\"https:\/\/e969z83yjsq.exactdn.com\/wp-content\/uploads\/2024\/07\/Sommercamp-der-Grundschule-1.-Woche-7-317x423.jpeg?strip=all\" data-caption=\"\" srcset=\"https:\/\/e969z83yjsq.exactdn.com\/wp-content\/uploads\/2024\/07\/Sommercamp-der-Grundschule-1.-Woche-7.jpeg?strip=all 1536w, https:\/\/e969z83yjsq.exactdn.com\/wp-content\/uploads\/2024\/07\/Sommercamp-der-Grundschule-1.-Woche-7-317x423.jpeg?strip=all 317w, https:\/\/e969z83yjsq.exactdn.com\/wp-content\/uploads\/2024\/07\/Sommercamp-der-Grundschule-1.-Woche-7-540x720.jpeg?strip=all 540w, https:\/\/e969z83yjsq.exactdn.com\/wp-content\/uploads\/2024\/07\/Sommercamp-der-Grundschule-1.-Woche-7-768x1024.jpeg?strip=all 768w, https:\/\/e969z83yjsq.exactdn.com\/wp-content\/uploads\/2024\/07\/Sommercamp-der-Grundschule-1.-Woche-7-1152x1536.jpeg?strip=all 1152w, https:\/\/e969z83yjsq.exactdn.com\/wp-content\/uploads\/2024\/07\/Sommercamp-der-Grundschule-1.-Woche-7-320x427.jpeg?strip=all 320w, https:\/\/e969z83yjsq.exactdn.com\/wp-content\/uploads\/2024\/07\/Sommercamp-der-Grundschule-1.-Woche-7.jpeg?strip=all&amp;w=614 614w, https:\/\/e969z83yjsq.exactdn.com\/wp-content\/uploads\/2024\/07\/Sommercamp-der-Grundschule-1.-Woche-7.jpeg?strip=all&amp;w=921 921w, https:\/\/e969z83yjsq.exactdn.com\/wp-content\/uploads\/2024\/07\/Sommercamp-der-Grundschule-1.-Woche-7.jpeg?strip=all&amp;w=1228 1228w\" sizes=\"(max-width: 317px) 100vw, 317px\" \/>\n\t\t<div class=\"figc no-description\">\n\t\t\t<div class=\"figc-inner\">\n\t\t\t\t\t\t\t\t\t\t\t\t\t\t\t<\/div>\n\t\t<\/div>\n\n\t<\/div>\n\n<\/div><div class=\"modula-item effect-pufrobo jtg-filter-all jtg-filter-\" >\n\t<div class=\"modula-item-overlay\"><\/div>\n\n\t<div class=\"modula-item-content\">\n\n\t\t<a data-image-id=\"81925\" role=\"button\" data-elementor-open-lightbox=\"no\" tabindex=\"0\" rel=\"jtg-81911\" data-caption=\"&lt;span class=&quot;modula-caption-description&quot;&gt;&lt;\/span&gt;\" aria-label=\"Bilder in Lightbox \u00f6ffnen\" data-thumb=\"https:\/\/e969z83yjsq.exactdn.com\/wp-content\/uploads\/2024\/07\/Sommercamp-der-Grundschule-1.-Woche-8-317x423.jpeg?strip=all\" class=\"tile-inner modula-item-link\"><\/a><img loading=\"lazy\" decoding=\"async\" class=\"pic wp-image-81925\"  data-valign=\"middle\" data-halign=\"center\" alt=\"\" data-full=\"https:\/\/www.dstenerife.eu\/wp-content\/uploads\/2024\/07\/Sommercamp-der-Grundschule-1.-Woche-8.jpeg\" title=\"Sommercamp der Grundschule 1. Woche (8)\" crop=\"\" width=\"317\" height=\"423\" src=\"https:\/\/e969z83yjsq.exactdn.com\/wp-content\/uploads\/2024\/07\/Sommercamp-der-Grundschule-1.-Woche-8-317x423.jpeg?strip=all\" data-src=\"https:\/\/e969z83yjsq.exactdn.com\/wp-content\/uploads\/2024\/07\/Sommercamp-der-Grundschule-1.-Woche-8-317x423.jpeg?strip=all\" data-caption=\"\" srcset=\"https:\/\/e969z83yjsq.exactdn.com\/wp-content\/uploads\/2024\/07\/Sommercamp-der-Grundschule-1.-Woche-8.jpeg?strip=all 1500w, https:\/\/e969z83yjsq.exactdn.com\/wp-content\/uploads\/2024\/07\/Sommercamp-der-Grundschule-1.-Woche-8-317x423.jpeg?strip=all 317w, https:\/\/e969z83yjsq.exactdn.com\/wp-content\/uploads\/2024\/07\/Sommercamp-der-Grundschule-1.-Woche-8-540x720.jpeg?strip=all 540w, https:\/\/e969z83yjsq.exactdn.com\/wp-content\/uploads\/2024\/07\/Sommercamp-der-Grundschule-1.-Woche-8-768x1024.jpeg?strip=all 768w, https:\/\/e969z83yjsq.exactdn.com\/wp-content\/uploads\/2024\/07\/Sommercamp-der-Grundschule-1.-Woche-8-1152x1536.jpeg?strip=all 1152w, https:\/\/e969z83yjsq.exactdn.com\/wp-content\/uploads\/2024\/07\/Sommercamp-der-Grundschule-1.-Woche-8-320x427.jpeg?strip=all 320w, https:\/\/e969z83yjsq.exactdn.com\/wp-content\/uploads\/2024\/07\/Sommercamp-der-Grundschule-1.-Woche-8.jpeg?strip=all&amp;w=600 600w, https:\/\/e969z83yjsq.exactdn.com\/wp-content\/uploads\/2024\/07\/Sommercamp-der-Grundschule-1.-Woche-8.jpeg?strip=all&amp;w=900 900w\" sizes=\"(max-width: 317px) 100vw, 317px\" \/>\n\t\t<div class=\"figc no-description\">\n\t\t\t<div class=\"figc-inner\">\n\t\t\t\t\t\t\t\t\t\t\t\t\t\t\t<\/div>\n\t\t<\/div>\n\n\t<\/div>\n\n<\/div><div class=\"modula-item effect-pufrobo jtg-filter-all jtg-filter-\" >\n\t<div class=\"modula-item-overlay\"><\/div>\n\n\t<div class=\"modula-item-content\">\n\n\t\t<a data-image-id=\"81927\" role=\"button\" data-elementor-open-lightbox=\"no\" tabindex=\"0\" rel=\"jtg-81911\" data-caption=\"&lt;span class=&quot;modula-caption-description&quot;&gt;&lt;\/span&gt;\" aria-label=\"Bilder in Lightbox \u00f6ffnen\" data-thumb=\"https:\/\/e969z83yjsq.exactdn.com\/wp-content\/uploads\/2024\/07\/Sommercamp-der-Grundschule-1.-Woche-9-317x423.jpeg?strip=all\" class=\"tile-inner modula-item-link\"><\/a><img loading=\"lazy\" decoding=\"async\" class=\"pic wp-image-81927\"  data-valign=\"middle\" data-halign=\"center\" alt=\"\" data-full=\"https:\/\/www.dstenerife.eu\/wp-content\/uploads\/2024\/07\/Sommercamp-der-Grundschule-1.-Woche-9.jpeg\" title=\"Sommercamp der Grundschule 1. Woche (9)\" crop=\"\" width=\"317\" height=\"423\" src=\"https:\/\/e969z83yjsq.exactdn.com\/wp-content\/uploads\/2024\/07\/Sommercamp-der-Grundschule-1.-Woche-9-317x423.jpeg?strip=all\" data-src=\"https:\/\/e969z83yjsq.exactdn.com\/wp-content\/uploads\/2024\/07\/Sommercamp-der-Grundschule-1.-Woche-9-317x423.jpeg?strip=all\" data-caption=\"\" srcset=\"https:\/\/e969z83yjsq.exactdn.com\/wp-content\/uploads\/2024\/07\/Sommercamp-der-Grundschule-1.-Woche-9.jpeg?strip=all 1500w, https:\/\/e969z83yjsq.exactdn.com\/wp-content\/uploads\/2024\/07\/Sommercamp-der-Grundschule-1.-Woche-9-317x423.jpeg?strip=all 317w, https:\/\/e969z83yjsq.exactdn.com\/wp-content\/uploads\/2024\/07\/Sommercamp-der-Grundschule-1.-Woche-9-540x720.jpeg?strip=all 540w, https:\/\/e969z83yjsq.exactdn.com\/wp-content\/uploads\/2024\/07\/Sommercamp-der-Grundschule-1.-Woche-9-768x1024.jpeg?strip=all 768w, https:\/\/e969z83yjsq.exactdn.com\/wp-content\/uploads\/2024\/07\/Sommercamp-der-Grundschule-1.-Woche-9-1152x1536.jpeg?strip=all 1152w, https:\/\/e969z83yjsq.exactdn.com\/wp-content\/uploads\/2024\/07\/Sommercamp-der-Grundschule-1.-Woche-9-320x427.jpeg?strip=all 320w, https:\/\/e969z83yjsq.exactdn.com\/wp-content\/uploads\/2024\/07\/Sommercamp-der-Grundschule-1.-Woche-9.jpeg?strip=all&amp;w=600 600w, https:\/\/e969z83yjsq.exactdn.com\/wp-content\/uploads\/2024\/07\/Sommercamp-der-Grundschule-1.-Woche-9.jpeg?strip=all&amp;w=900 900w\" sizes=\"(max-width: 317px) 100vw, 317px\" \/>\n\t\t<div class=\"figc no-description\">\n\t\t\t<div class=\"figc-inner\">\n\t\t\t\t\t\t\t\t\t\t\t\t\t\t\t<\/div>\n\t\t<\/div>\n\n\t<\/div>\n\n<\/div><div class=\"modula-item effect-pufrobo jtg-filter-all jtg-filter-\" >\n\t<div class=\"modula-item-overlay\"><\/div>\n\n\t<div class=\"modula-item-content\">\n\n\t\t<a data-image-id=\"81929\" role=\"button\" data-elementor-open-lightbox=\"no\" tabindex=\"0\" rel=\"jtg-81911\" data-caption=\"&lt;span class=&quot;modula-caption-description&quot;&gt;&lt;\/span&gt;\" aria-label=\"Bilder in Lightbox \u00f6ffnen\" data-thumb=\"https:\/\/e969z83yjsq.exactdn.com\/wp-content\/uploads\/2024\/07\/Sommercamp-der-Grundschule-1.-Woche-10-317x423.jpeg?strip=all\" class=\"tile-inner modula-item-link\"><\/a><img loading=\"lazy\" decoding=\"async\" class=\"pic wp-image-81929\"  data-valign=\"middle\" data-halign=\"center\" alt=\"\" data-full=\"https:\/\/www.dstenerife.eu\/wp-content\/uploads\/2024\/07\/Sommercamp-der-Grundschule-1.-Woche-10.jpeg\" title=\"Sommercamp der Grundschule 1. Woche (10)\" crop=\"\" width=\"317\" height=\"423\" src=\"https:\/\/e969z83yjsq.exactdn.com\/wp-content\/uploads\/2024\/07\/Sommercamp-der-Grundschule-1.-Woche-10-317x423.jpeg?strip=all\" data-src=\"https:\/\/e969z83yjsq.exactdn.com\/wp-content\/uploads\/2024\/07\/Sommercamp-der-Grundschule-1.-Woche-10-317x423.jpeg?strip=all\" data-caption=\"\" srcset=\"https:\/\/e969z83yjsq.exactdn.com\/wp-content\/uploads\/2024\/07\/Sommercamp-der-Grundschule-1.-Woche-10.jpeg?strip=all 1500w, https:\/\/e969z83yjsq.exactdn.com\/wp-content\/uploads\/2024\/07\/Sommercamp-der-Grundschule-1.-Woche-10-317x423.jpeg?strip=all 317w, https:\/\/e969z83yjsq.exactdn.com\/wp-content\/uploads\/2024\/07\/Sommercamp-der-Grundschule-1.-Woche-10-540x720.jpeg?strip=all 540w, https:\/\/e969z83yjsq.exactdn.com\/wp-content\/uploads\/2024\/07\/Sommercamp-der-Grundschule-1.-Woche-10-768x1024.jpeg?strip=all 768w, https:\/\/e969z83yjsq.exactdn.com\/wp-content\/uploads\/2024\/07\/Sommercamp-der-Grundschule-1.-Woche-10-1152x1536.jpeg?strip=all 1152w, https:\/\/e969z83yjsq.exactdn.com\/wp-content\/uploads\/2024\/07\/Sommercamp-der-Grundschule-1.-Woche-10-320x427.jpeg?strip=all 320w, https:\/\/e969z83yjsq.exactdn.com\/wp-content\/uploads\/2024\/07\/Sommercamp-der-Grundschule-1.-Woche-10.jpeg?strip=all&amp;w=600 600w, https:\/\/e969z83yjsq.exactdn.com\/wp-content\/uploads\/2024\/07\/Sommercamp-der-Grundschule-1.-Woche-10.jpeg?strip=all&amp;w=900 900w\" sizes=\"(max-width: 317px) 100vw, 317px\" \/>\n\t\t<div class=\"figc no-description\">\n\t\t\t<div class=\"figc-inner\">\n\t\t\t\t\t\t\t\t\t\t\t\t\t\t\t<\/div>\n\t\t<\/div>\n\n\t<\/div>\n\n<\/div><div class=\"modula-item effect-pufrobo jtg-filter-all jtg-filter-\" >\n\t<div class=\"modula-item-overlay\"><\/div>\n\n\t<div class=\"modula-item-content\">\n\n\t\t<a data-image-id=\"81931\" role=\"button\" data-elementor-open-lightbox=\"no\" tabindex=\"0\" rel=\"jtg-81911\" data-caption=\"&lt;span class=&quot;modula-caption-description&quot;&gt;&lt;\/span&gt;\" aria-label=\"Bilder in Lightbox \u00f6ffnen\" data-thumb=\"https:\/\/e969z83yjsq.exactdn.com\/wp-content\/uploads\/2024\/07\/Sommercamp-der-Grundschule-1.-Woche-11-317x423.jpeg?strip=all\" class=\"tile-inner modula-item-link\"><\/a><img loading=\"lazy\" decoding=\"async\" class=\"pic wp-image-81931\"  data-valign=\"middle\" data-halign=\"center\" alt=\"\" data-full=\"https:\/\/www.dstenerife.eu\/wp-content\/uploads\/2024\/07\/Sommercamp-der-Grundschule-1.-Woche-11.jpeg\" title=\"Sommercamp der Grundschule 1. Woche (11)\" crop=\"\" width=\"317\" height=\"423\" src=\"https:\/\/e969z83yjsq.exactdn.com\/wp-content\/uploads\/2024\/07\/Sommercamp-der-Grundschule-1.-Woche-11-317x423.jpeg?strip=all\" data-src=\"https:\/\/e969z83yjsq.exactdn.com\/wp-content\/uploads\/2024\/07\/Sommercamp-der-Grundschule-1.-Woche-11-317x423.jpeg?strip=all\" data-caption=\"\" srcset=\"https:\/\/e969z83yjsq.exactdn.com\/wp-content\/uploads\/2024\/07\/Sommercamp-der-Grundschule-1.-Woche-11.jpeg?strip=all 1200w, https:\/\/e969z83yjsq.exactdn.com\/wp-content\/uploads\/2024\/07\/Sommercamp-der-Grundschule-1.-Woche-11-317x423.jpeg?strip=all 317w, https:\/\/e969z83yjsq.exactdn.com\/wp-content\/uploads\/2024\/07\/Sommercamp-der-Grundschule-1.-Woche-11-540x720.jpeg?strip=all 540w, https:\/\/e969z83yjsq.exactdn.com\/wp-content\/uploads\/2024\/07\/Sommercamp-der-Grundschule-1.-Woche-11-768x1024.jpeg?strip=all 768w, https:\/\/e969z83yjsq.exactdn.com\/wp-content\/uploads\/2024\/07\/Sommercamp-der-Grundschule-1.-Woche-11-1152x1536.jpeg?strip=all 1152w, https:\/\/e969z83yjsq.exactdn.com\/wp-content\/uploads\/2024\/07\/Sommercamp-der-Grundschule-1.-Woche-11-320x427.jpeg?strip=all 320w, https:\/\/e969z83yjsq.exactdn.com\/wp-content\/uploads\/2024\/07\/Sommercamp-der-Grundschule-1.-Woche-11.jpeg?strip=all&amp;w=240 240w, https:\/\/e969z83yjsq.exactdn.com\/wp-content\/uploads\/2024\/07\/Sommercamp-der-Grundschule-1.-Woche-11.jpeg?strip=all&amp;w=480 480w, https:\/\/e969z83yjsq.exactdn.com\/wp-content\/uploads\/2024\/07\/Sommercamp-der-Grundschule-1.-Woche-11.jpeg?strip=all&amp;w=960 960w\" sizes=\"(max-width: 317px) 100vw, 317px\" \/>\n\t\t<div class=\"figc no-description\">\n\t\t\t<div class=\"figc-inner\">\n\t\t\t\t\t\t\t\t\t\t\t\t\t\t\t<\/div>\n\t\t<\/div>\n\n\t<\/div>\n\n<\/div><div class=\"modula-item effect-pufrobo jtg-filter-all jtg-filter-\" >\n\t<div class=\"modula-item-overlay\"><\/div>\n\n\t<div class=\"modula-item-content\">\n\n\t\t<a data-image-id=\"81933\" role=\"button\" data-elementor-open-lightbox=\"no\" tabindex=\"0\" rel=\"jtg-81911\" data-caption=\"&lt;span class=&quot;modula-caption-description&quot;&gt;&lt;\/span&gt;\" aria-label=\"Bilder in Lightbox \u00f6ffnen\" data-thumb=\"https:\/\/e969z83yjsq.exactdn.com\/wp-content\/uploads\/2024\/07\/Sommercamp-der-Grundschule-1.-Woche-12-317x423.jpeg?strip=all\" class=\"tile-inner modula-item-link\"><\/a><img loading=\"lazy\" decoding=\"async\" class=\"pic wp-image-81933\"  data-valign=\"middle\" data-halign=\"center\" alt=\"\" data-full=\"https:\/\/www.dstenerife.eu\/wp-content\/uploads\/2024\/07\/Sommercamp-der-Grundschule-1.-Woche-12.jpeg\" title=\"Sommercamp der Grundschule 1. Woche (12)\" crop=\"\" width=\"317\" height=\"423\" src=\"https:\/\/e969z83yjsq.exactdn.com\/wp-content\/uploads\/2024\/07\/Sommercamp-der-Grundschule-1.-Woche-12-317x423.jpeg?strip=all\" data-src=\"https:\/\/e969z83yjsq.exactdn.com\/wp-content\/uploads\/2024\/07\/Sommercamp-der-Grundschule-1.-Woche-12-317x423.jpeg?strip=all\" data-caption=\"\" srcset=\"https:\/\/e969z83yjsq.exactdn.com\/wp-content\/uploads\/2024\/07\/Sommercamp-der-Grundschule-1.-Woche-12.jpeg?strip=all 1200w, https:\/\/e969z83yjsq.exactdn.com\/wp-content\/uploads\/2024\/07\/Sommercamp-der-Grundschule-1.-Woche-12-317x423.jpeg?strip=all 317w, https:\/\/e969z83yjsq.exactdn.com\/wp-content\/uploads\/2024\/07\/Sommercamp-der-Grundschule-1.-Woche-12-540x720.jpeg?strip=all 540w, https:\/\/e969z83yjsq.exactdn.com\/wp-content\/uploads\/2024\/07\/Sommercamp-der-Grundschule-1.-Woche-12-768x1024.jpeg?strip=all 768w, https:\/\/e969z83yjsq.exactdn.com\/wp-content\/uploads\/2024\/07\/Sommercamp-der-Grundschule-1.-Woche-12-1152x1536.jpeg?strip=all 1152w, https:\/\/e969z83yjsq.exactdn.com\/wp-content\/uploads\/2024\/07\/Sommercamp-der-Grundschule-1.-Woche-12-320x427.jpeg?strip=all 320w, https:\/\/e969z83yjsq.exactdn.com\/wp-content\/uploads\/2024\/07\/Sommercamp-der-Grundschule-1.-Woche-12.jpeg?strip=all&amp;w=240 240w, https:\/\/e969z83yjsq.exactdn.com\/wp-content\/uploads\/2024\/07\/Sommercamp-der-Grundschule-1.-Woche-12.jpeg?strip=all&amp;w=480 480w, https:\/\/e969z83yjsq.exactdn.com\/wp-content\/uploads\/2024\/07\/Sommercamp-der-Grundschule-1.-Woche-12.jpeg?strip=all&amp;w=960 960w\" sizes=\"(max-width: 317px) 100vw, 317px\" \/>\n\t\t<div class=\"figc no-description\">\n\t\t\t<div class=\"figc-inner\">\n\t\t\t\t\t\t\t\t\t\t\t\t\t\t\t<\/div>\n\t\t<\/div>\n\n\t<\/div>\n\n<\/div><div class=\"modula-item effect-pufrobo jtg-filter-all jtg-filter-\" >\n\t<div class=\"modula-item-overlay\"><\/div>\n\n\t<div class=\"modula-item-content\">\n\n\t\t<a data-image-id=\"81935\" role=\"button\" data-elementor-open-lightbox=\"no\" tabindex=\"0\" rel=\"jtg-81911\" data-caption=\"&lt;span class=&quot;modula-caption-description&quot;&gt;&lt;\/span&gt;\" aria-label=\"Bilder in Lightbox \u00f6ffnen\" data-thumb=\"https:\/\/e969z83yjsq.exactdn.com\/wp-content\/uploads\/2024\/07\/Sommercamp-der-Grundschule-1.-Woche-13-317x423.jpeg?strip=all\" class=\"tile-inner modula-item-link\"><\/a><img loading=\"lazy\" decoding=\"async\" class=\"pic wp-image-81935\"  data-valign=\"middle\" data-halign=\"center\" alt=\"\" data-full=\"https:\/\/www.dstenerife.eu\/wp-content\/uploads\/2024\/07\/Sommercamp-der-Grundschule-1.-Woche-13.jpeg\" title=\"Sommercamp der Grundschule 1. Woche (13)\" crop=\"\" width=\"317\" height=\"423\" src=\"https:\/\/e969z83yjsq.exactdn.com\/wp-content\/uploads\/2024\/07\/Sommercamp-der-Grundschule-1.-Woche-13-317x423.jpeg?strip=all\" data-src=\"https:\/\/e969z83yjsq.exactdn.com\/wp-content\/uploads\/2024\/07\/Sommercamp-der-Grundschule-1.-Woche-13-317x423.jpeg?strip=all\" data-caption=\"\" srcset=\"https:\/\/e969z83yjsq.exactdn.com\/wp-content\/uploads\/2024\/07\/Sommercamp-der-Grundschule-1.-Woche-13.jpeg?strip=all 1200w, https:\/\/e969z83yjsq.exactdn.com\/wp-content\/uploads\/2024\/07\/Sommercamp-der-Grundschule-1.-Woche-13-317x423.jpeg?strip=all 317w, https:\/\/e969z83yjsq.exactdn.com\/wp-content\/uploads\/2024\/07\/Sommercamp-der-Grundschule-1.-Woche-13-540x720.jpeg?strip=all 540w, https:\/\/e969z83yjsq.exactdn.com\/wp-content\/uploads\/2024\/07\/Sommercamp-der-Grundschule-1.-Woche-13-768x1024.jpeg?strip=all 768w, https:\/\/e969z83yjsq.exactdn.com\/wp-content\/uploads\/2024\/07\/Sommercamp-der-Grundschule-1.-Woche-13-1152x1536.jpeg?strip=all 1152w, https:\/\/e969z83yjsq.exactdn.com\/wp-content\/uploads\/2024\/07\/Sommercamp-der-Grundschule-1.-Woche-13-320x427.jpeg?strip=all 320w, https:\/\/e969z83yjsq.exactdn.com\/wp-content\/uploads\/2024\/07\/Sommercamp-der-Grundschule-1.-Woche-13.jpeg?strip=all&amp;w=240 240w, https:\/\/e969z83yjsq.exactdn.com\/wp-content\/uploads\/2024\/07\/Sommercamp-der-Grundschule-1.-Woche-13.jpeg?strip=all&amp;w=480 480w, https:\/\/e969z83yjsq.exactdn.com\/wp-content\/uploads\/2024\/07\/Sommercamp-der-Grundschule-1.-Woche-13.jpeg?strip=all&amp;w=960 960w\" sizes=\"(max-width: 317px) 100vw, 317px\" \/>\n\t\t<div class=\"figc no-description\">\n\t\t\t<div class=\"figc-inner\">\n\t\t\t\t\t\t\t\t\t\t\t\t\t\t\t<\/div>\n\t\t<\/div>\n\n\t<\/div>\n\n<\/div><div class=\"modula-item effect-pufrobo jtg-filter-all jtg-filter-\" >\n\t<div class=\"modula-item-overlay\"><\/div>\n\n\t<div class=\"modula-item-content\">\n\n\t\t<a data-image-id=\"81937\" role=\"button\" data-elementor-open-lightbox=\"no\" tabindex=\"0\" rel=\"jtg-81911\" data-caption=\"&lt;span class=&quot;modula-caption-description&quot;&gt;&lt;\/span&gt;\" aria-label=\"Bilder in Lightbox \u00f6ffnen\" data-thumb=\"https:\/\/e969z83yjsq.exactdn.com\/wp-content\/uploads\/2024\/07\/Sommercamp-der-Grundschule-1.-Woche-14-317x423.jpeg?strip=all\" class=\"tile-inner modula-item-link\"><\/a><img loading=\"lazy\" decoding=\"async\" class=\"pic wp-image-81937\"  data-valign=\"middle\" data-halign=\"center\" alt=\"\" data-full=\"https:\/\/www.dstenerife.eu\/wp-content\/uploads\/2024\/07\/Sommercamp-der-Grundschule-1.-Woche-14.jpeg\" title=\"Sommercamp der Grundschule 1. Woche (14)\" crop=\"\" width=\"317\" height=\"423\" src=\"https:\/\/e969z83yjsq.exactdn.com\/wp-content\/uploads\/2024\/07\/Sommercamp-der-Grundschule-1.-Woche-14-317x423.jpeg?strip=all\" data-src=\"https:\/\/e969z83yjsq.exactdn.com\/wp-content\/uploads\/2024\/07\/Sommercamp-der-Grundschule-1.-Woche-14-317x423.jpeg?strip=all\" data-caption=\"\" srcset=\"https:\/\/e969z83yjsq.exactdn.com\/wp-content\/uploads\/2024\/07\/Sommercamp-der-Grundschule-1.-Woche-14.jpeg?strip=all 1200w, https:\/\/e969z83yjsq.exactdn.com\/wp-content\/uploads\/2024\/07\/Sommercamp-der-Grundschule-1.-Woche-14-317x423.jpeg?strip=all 317w, https:\/\/e969z83yjsq.exactdn.com\/wp-content\/uploads\/2024\/07\/Sommercamp-der-Grundschule-1.-Woche-14-540x720.jpeg?strip=all 540w, https:\/\/e969z83yjsq.exactdn.com\/wp-content\/uploads\/2024\/07\/Sommercamp-der-Grundschule-1.-Woche-14-768x1024.jpeg?strip=all 768w, https:\/\/e969z83yjsq.exactdn.com\/wp-content\/uploads\/2024\/07\/Sommercamp-der-Grundschule-1.-Woche-14-1152x1536.jpeg?strip=all 1152w, https:\/\/e969z83yjsq.exactdn.com\/wp-content\/uploads\/2024\/07\/Sommercamp-der-Grundschule-1.-Woche-14-320x427.jpeg?strip=all 320w, https:\/\/e969z83yjsq.exactdn.com\/wp-content\/uploads\/2024\/07\/Sommercamp-der-Grundschule-1.-Woche-14.jpeg?strip=all&amp;w=240 240w, https:\/\/e969z83yjsq.exactdn.com\/wp-content\/uploads\/2024\/07\/Sommercamp-der-Grundschule-1.-Woche-14.jpeg?strip=all&amp;w=480 480w, https:\/\/e969z83yjsq.exactdn.com\/wp-content\/uploads\/2024\/07\/Sommercamp-der-Grundschule-1.-Woche-14.jpeg?strip=all&amp;w=960 960w\" sizes=\"(max-width: 317px) 100vw, 317px\" \/>\n\t\t<div class=\"figc no-description\">\n\t\t\t<div class=\"figc-inner\">\n\t\t\t\t\t\t\t\t\t\t\t\t\t\t\t<\/div>\n\t\t<\/div>\n\n\t<\/div>\n\n<\/div><div class=\"modula-item effect-pufrobo jtg-filter-all jtg-filter-\" >\n\t<div class=\"modula-item-overlay\"><\/div>\n\n\t<div class=\"modula-item-content\">\n\n\t\t<a data-image-id=\"81939\" role=\"button\" data-elementor-open-lightbox=\"no\" tabindex=\"0\" rel=\"jtg-81911\" data-caption=\"&lt;span class=&quot;modula-caption-description&quot;&gt;&lt;\/span&gt;\" aria-label=\"Bilder in Lightbox \u00f6ffnen\" data-thumb=\"https:\/\/e969z83yjsq.exactdn.com\/wp-content\/uploads\/2024\/07\/Sommercamp-der-Grundschule-1.-Woche-15-564x423.jpeg?strip=all\" class=\"tile-inner modula-item-link\"><\/a><img loading=\"lazy\" decoding=\"async\" class=\"pic wp-image-81939\"  data-valign=\"middle\" data-halign=\"center\" alt=\"\" data-full=\"https:\/\/www.dstenerife.eu\/wp-content\/uploads\/2024\/07\/Sommercamp-der-Grundschule-1.-Woche-15.jpeg\" title=\"Sommercamp der Grundschule 1. Woche (15)\" crop=\"\" width=\"564\" height=\"423\" src=\"https:\/\/e969z83yjsq.exactdn.com\/wp-content\/uploads\/2024\/07\/Sommercamp-der-Grundschule-1.-Woche-15-564x423.jpeg?strip=all\" data-src=\"https:\/\/e969z83yjsq.exactdn.com\/wp-content\/uploads\/2024\/07\/Sommercamp-der-Grundschule-1.-Woche-15-564x423.jpeg?strip=all\" data-caption=\"\" srcset=\"https:\/\/e969z83yjsq.exactdn.com\/wp-content\/uploads\/2024\/07\/Sommercamp-der-Grundschule-1.-Woche-15.jpeg?strip=all 1600w, https:\/\/e969z83yjsq.exactdn.com\/wp-content\/uploads\/2024\/07\/Sommercamp-der-Grundschule-1.-Woche-15-564x423.jpeg?strip=all 564w, https:\/\/e969z83yjsq.exactdn.com\/wp-content\/uploads\/2024\/07\/Sommercamp-der-Grundschule-1.-Woche-15-960x720.jpeg?strip=all 960w, https:\/\/e969z83yjsq.exactdn.com\/wp-content\/uploads\/2024\/07\/Sommercamp-der-Grundschule-1.-Woche-15-768x576.jpeg?strip=all 768w, https:\/\/e969z83yjsq.exactdn.com\/wp-content\/uploads\/2024\/07\/Sommercamp-der-Grundschule-1.-Woche-15-1536x1152.jpeg?strip=all 1536w, https:\/\/e969z83yjsq.exactdn.com\/wp-content\/uploads\/2024\/07\/Sommercamp-der-Grundschule-1.-Woche-15-320x240.jpeg?strip=all 320w, https:\/\/e969z83yjsq.exactdn.com\/wp-content\/uploads\/2024\/07\/Sommercamp-der-Grundschule-1.-Woche-15.jpeg?strip=all&amp;w=640 640w, https:\/\/e969z83yjsq.exactdn.com\/wp-content\/uploads\/2024\/07\/Sommercamp-der-Grundschule-1.-Woche-15.jpeg?strip=all&amp;w=1280 1280w, https:\/\/e969z83yjsq.exactdn.com\/wp-content\/uploads\/2024\/07\/Sommercamp-der-Grundschule-1.-Woche-15.jpeg?strip=all&amp;w=450 450w\" sizes=\"(max-width: 564px) 100vw, 564px\" \/>\n\t\t<div class=\"figc no-description\">\n\t\t\t<div class=\"figc-inner\">\n\t\t\t\t\t\t\t\t\t\t\t\t\t\t\t<\/div>\n\t\t<\/div>\n\n\t<\/div>\n\n<\/div><div class=\"modula-item effect-pufrobo jtg-filter-all jtg-filter-\" >\n\t<div class=\"modula-item-overlay\"><\/div>\n\n\t<div class=\"modula-item-content\">\n\n\t\t<a data-image-id=\"81941\" role=\"button\" data-elementor-open-lightbox=\"no\" tabindex=\"0\" rel=\"jtg-81911\" data-caption=\"&lt;span class=&quot;modula-caption-description&quot;&gt;&lt;\/span&gt;\" aria-label=\"Bilder in Lightbox \u00f6ffnen\" data-thumb=\"https:\/\/e969z83yjsq.exactdn.com\/wp-content\/uploads\/2024\/07\/Sommercamp-der-Grundschule-1.-Woche-16-564x423.jpeg?strip=all\" class=\"tile-inner modula-item-link\"><\/a><img loading=\"lazy\" decoding=\"async\" class=\"pic wp-image-81941\"  data-valign=\"middle\" data-halign=\"center\" alt=\"\" data-full=\"https:\/\/www.dstenerife.eu\/wp-content\/uploads\/2024\/07\/Sommercamp-der-Grundschule-1.-Woche-16.jpeg\" title=\"Sommercamp der Grundschule 1. Woche (16)\" crop=\"\" width=\"564\" height=\"423\" src=\"https:\/\/e969z83yjsq.exactdn.com\/wp-content\/uploads\/2024\/07\/Sommercamp-der-Grundschule-1.-Woche-16-564x423.jpeg?strip=all\" data-src=\"https:\/\/e969z83yjsq.exactdn.com\/wp-content\/uploads\/2024\/07\/Sommercamp-der-Grundschule-1.-Woche-16-564x423.jpeg?strip=all\" data-caption=\"\" srcset=\"https:\/\/e969z83yjsq.exactdn.com\/wp-content\/uploads\/2024\/07\/Sommercamp-der-Grundschule-1.-Woche-16.jpeg?strip=all 1600w, https:\/\/e969z83yjsq.exactdn.com\/wp-content\/uploads\/2024\/07\/Sommercamp-der-Grundschule-1.-Woche-16-564x423.jpeg?strip=all 564w, https:\/\/e969z83yjsq.exactdn.com\/wp-content\/uploads\/2024\/07\/Sommercamp-der-Grundschule-1.-Woche-16-960x720.jpeg?strip=all 960w, https:\/\/e969z83yjsq.exactdn.com\/wp-content\/uploads\/2024\/07\/Sommercamp-der-Grundschule-1.-Woche-16-768x576.jpeg?strip=all 768w, https:\/\/e969z83yjsq.exactdn.com\/wp-content\/uploads\/2024\/07\/Sommercamp-der-Grundschule-1.-Woche-16-1536x1152.jpeg?strip=all 1536w, https:\/\/e969z83yjsq.exactdn.com\/wp-content\/uploads\/2024\/07\/Sommercamp-der-Grundschule-1.-Woche-16-320x240.jpeg?strip=all 320w, https:\/\/e969z83yjsq.exactdn.com\/wp-content\/uploads\/2024\/07\/Sommercamp-der-Grundschule-1.-Woche-16.jpeg?strip=all&amp;w=640 640w, https:\/\/e969z83yjsq.exactdn.com\/wp-content\/uploads\/2024\/07\/Sommercamp-der-Grundschule-1.-Woche-16.jpeg?strip=all&amp;w=1280 1280w, https:\/\/e969z83yjsq.exactdn.com\/wp-content\/uploads\/2024\/07\/Sommercamp-der-Grundschule-1.-Woche-16.jpeg?strip=all&amp;w=450 450w\" sizes=\"(max-width: 564px) 100vw, 564px\" \/>\n\t\t<div class=\"figc no-description\">\n\t\t\t<div class=\"figc-inner\">\n\t\t\t\t\t\t\t\t\t\t\t\t\t\t\t<\/div>\n\t\t<\/div>\n\n\t<\/div>\n\n<\/div><div class=\"modula-item effect-pufrobo jtg-filter-all jtg-filter-\" >\n\t<div class=\"modula-item-overlay\"><\/div>\n\n\t<div class=\"modula-item-content\">\n\n\t\t<a data-image-id=\"81943\" role=\"button\" data-elementor-open-lightbox=\"no\" tabindex=\"0\" rel=\"jtg-81911\" data-caption=\"&lt;span class=&quot;modula-caption-description&quot;&gt;&lt;\/span&gt;\" aria-label=\"Bilder in Lightbox \u00f6ffnen\" data-thumb=\"https:\/\/e969z83yjsq.exactdn.com\/wp-content\/uploads\/2024\/07\/Sommercamp-der-Grundschule-1.-Woche-17-317x423.jpeg?strip=all\" class=\"tile-inner modula-item-link\"><\/a><img loading=\"lazy\" decoding=\"async\" class=\"pic wp-image-81943\"  data-valign=\"middle\" data-halign=\"center\" alt=\"\" data-full=\"https:\/\/www.dstenerife.eu\/wp-content\/uploads\/2024\/07\/Sommercamp-der-Grundschule-1.-Woche-17.jpeg\" title=\"Sommercamp der Grundschule 1. Woche (17)\" crop=\"\" width=\"317\" height=\"423\" src=\"https:\/\/e969z83yjsq.exactdn.com\/wp-content\/uploads\/2024\/07\/Sommercamp-der-Grundschule-1.-Woche-17-317x423.jpeg?strip=all\" data-src=\"https:\/\/e969z83yjsq.exactdn.com\/wp-content\/uploads\/2024\/07\/Sommercamp-der-Grundschule-1.-Woche-17-317x423.jpeg?strip=all\" data-caption=\"\" srcset=\"https:\/\/e969z83yjsq.exactdn.com\/wp-content\/uploads\/2024\/07\/Sommercamp-der-Grundschule-1.-Woche-17.jpeg?strip=all 1200w, https:\/\/e969z83yjsq.exactdn.com\/wp-content\/uploads\/2024\/07\/Sommercamp-der-Grundschule-1.-Woche-17-317x423.jpeg?strip=all 317w, https:\/\/e969z83yjsq.exactdn.com\/wp-content\/uploads\/2024\/07\/Sommercamp-der-Grundschule-1.-Woche-17-540x720.jpeg?strip=all 540w, https:\/\/e969z83yjsq.exactdn.com\/wp-content\/uploads\/2024\/07\/Sommercamp-der-Grundschule-1.-Woche-17-768x1024.jpeg?strip=all 768w, https:\/\/e969z83yjsq.exactdn.com\/wp-content\/uploads\/2024\/07\/Sommercamp-der-Grundschule-1.-Woche-17-1152x1536.jpeg?strip=all 1152w, https:\/\/e969z83yjsq.exactdn.com\/wp-content\/uploads\/2024\/07\/Sommercamp-der-Grundschule-1.-Woche-17-320x427.jpeg?strip=all 320w, https:\/\/e969z83yjsq.exactdn.com\/wp-content\/uploads\/2024\/07\/Sommercamp-der-Grundschule-1.-Woche-17.jpeg?strip=all&amp;w=240 240w, https:\/\/e969z83yjsq.exactdn.com\/wp-content\/uploads\/2024\/07\/Sommercamp-der-Grundschule-1.-Woche-17.jpeg?strip=all&amp;w=480 480w, https:\/\/e969z83yjsq.exactdn.com\/wp-content\/uploads\/2024\/07\/Sommercamp-der-Grundschule-1.-Woche-17.jpeg?strip=all&amp;w=960 960w\" sizes=\"(max-width: 317px) 100vw, 317px\" \/>\n\t\t<div class=\"figc no-description\">\n\t\t\t<div class=\"figc-inner\">\n\t\t\t\t\t\t\t\t\t\t\t\t\t\t\t<\/div>\n\t\t<\/div>\n\n\t<\/div>\n\n<\/div><div class=\"modula-item effect-pufrobo jtg-filter-all jtg-filter-\" >\n\t<div class=\"modula-item-overlay\"><\/div>\n\n\t<div class=\"modula-item-content\">\n\n\t\t<a data-image-id=\"81945\" role=\"button\" data-elementor-open-lightbox=\"no\" tabindex=\"0\" rel=\"jtg-81911\" data-caption=\"&lt;span class=&quot;modula-caption-description&quot;&gt;&lt;\/span&gt;\" aria-label=\"Bilder in Lightbox \u00f6ffnen\" data-thumb=\"https:\/\/e969z83yjsq.exactdn.com\/wp-content\/uploads\/2024\/07\/Sommercamp-der-Grundschule-1.-Woche-18-317x423.jpeg?strip=all\" class=\"tile-inner modula-item-link\"><\/a><img loading=\"lazy\" decoding=\"async\" class=\"pic wp-image-81945\"  data-valign=\"middle\" data-halign=\"center\" alt=\"\" data-full=\"https:\/\/www.dstenerife.eu\/wp-content\/uploads\/2024\/07\/Sommercamp-der-Grundschule-1.-Woche-18.jpeg\" title=\"Sommercamp der Grundschule 1. Woche (18)\" crop=\"\" width=\"317\" height=\"423\" src=\"https:\/\/e969z83yjsq.exactdn.com\/wp-content\/uploads\/2024\/07\/Sommercamp-der-Grundschule-1.-Woche-18-317x423.jpeg?strip=all\" data-src=\"https:\/\/e969z83yjsq.exactdn.com\/wp-content\/uploads\/2024\/07\/Sommercamp-der-Grundschule-1.-Woche-18-317x423.jpeg?strip=all\" data-caption=\"\" srcset=\"https:\/\/e969z83yjsq.exactdn.com\/wp-content\/uploads\/2024\/07\/Sommercamp-der-Grundschule-1.-Woche-18.jpeg?strip=all 1200w, https:\/\/e969z83yjsq.exactdn.com\/wp-content\/uploads\/2024\/07\/Sommercamp-der-Grundschule-1.-Woche-18-317x423.jpeg?strip=all 317w, https:\/\/e969z83yjsq.exactdn.com\/wp-content\/uploads\/2024\/07\/Sommercamp-der-Grundschule-1.-Woche-18-540x720.jpeg?strip=all 540w, https:\/\/e969z83yjsq.exactdn.com\/wp-content\/uploads\/2024\/07\/Sommercamp-der-Grundschule-1.-Woche-18-768x1024.jpeg?strip=all 768w, https:\/\/e969z83yjsq.exactdn.com\/wp-content\/uploads\/2024\/07\/Sommercamp-der-Grundschule-1.-Woche-18-1152x1536.jpeg?strip=all 1152w, https:\/\/e969z83yjsq.exactdn.com\/wp-content\/uploads\/2024\/07\/Sommercamp-der-Grundschule-1.-Woche-18-320x427.jpeg?strip=all 320w, https:\/\/e969z83yjsq.exactdn.com\/wp-content\/uploads\/2024\/07\/Sommercamp-der-Grundschule-1.-Woche-18.jpeg?strip=all&amp;w=240 240w, https:\/\/e969z83yjsq.exactdn.com\/wp-content\/uploads\/2024\/07\/Sommercamp-der-Grundschule-1.-Woche-18.jpeg?strip=all&amp;w=480 480w, https:\/\/e969z83yjsq.exactdn.com\/wp-content\/uploads\/2024\/07\/Sommercamp-der-Grundschule-1.-Woche-18.jpeg?strip=all&amp;w=960 960w\" sizes=\"(max-width: 317px) 100vw, 317px\" \/>\n\t\t<div class=\"figc no-description\">\n\t\t\t<div class=\"figc-inner\">\n\t\t\t\t\t\t\t\t\t\t\t\t\t\t\t<\/div>\n\t\t<\/div>\n\n\t<\/div>\n\n<\/div><div class=\"modula-item effect-pufrobo jtg-filter-all jtg-filter-\" >\n\t<div class=\"modula-item-overlay\"><\/div>\n\n\t<div class=\"modula-item-content\">\n\n\t\t<a data-image-id=\"81947\" role=\"button\" data-elementor-open-lightbox=\"no\" tabindex=\"0\" rel=\"jtg-81911\" data-caption=\"&lt;span class=&quot;modula-caption-description&quot;&gt;&lt;\/span&gt;\" aria-label=\"Bilder in Lightbox \u00f6ffnen\" data-thumb=\"https:\/\/e969z83yjsq.exactdn.com\/wp-content\/uploads\/2024\/07\/Sommercamp-der-Grundschule-1.-Woche-19-564x423.jpeg?strip=all\" class=\"tile-inner modula-item-link\"><\/a><img loading=\"lazy\" decoding=\"async\" class=\"pic wp-image-81947\"  data-valign=\"middle\" data-halign=\"center\" alt=\"\" data-full=\"https:\/\/www.dstenerife.eu\/wp-content\/uploads\/2024\/07\/Sommercamp-der-Grundschule-1.-Woche-19.jpeg\" title=\"Sommercamp der Grundschule 1. Woche (19)\" crop=\"\" width=\"564\" height=\"423\" src=\"https:\/\/e969z83yjsq.exactdn.com\/wp-content\/uploads\/2024\/07\/Sommercamp-der-Grundschule-1.-Woche-19-564x423.jpeg?strip=all\" data-src=\"https:\/\/e969z83yjsq.exactdn.com\/wp-content\/uploads\/2024\/07\/Sommercamp-der-Grundschule-1.-Woche-19-564x423.jpeg?strip=all\" data-caption=\"\" srcset=\"https:\/\/e969z83yjsq.exactdn.com\/wp-content\/uploads\/2024\/07\/Sommercamp-der-Grundschule-1.-Woche-19.jpeg?strip=all 1600w, https:\/\/e969z83yjsq.exactdn.com\/wp-content\/uploads\/2024\/07\/Sommercamp-der-Grundschule-1.-Woche-19-564x423.jpeg?strip=all 564w, https:\/\/e969z83yjsq.exactdn.com\/wp-content\/uploads\/2024\/07\/Sommercamp-der-Grundschule-1.-Woche-19-960x720.jpeg?strip=all 960w, https:\/\/e969z83yjsq.exactdn.com\/wp-content\/uploads\/2024\/07\/Sommercamp-der-Grundschule-1.-Woche-19-768x576.jpeg?strip=all 768w, https:\/\/e969z83yjsq.exactdn.com\/wp-content\/uploads\/2024\/07\/Sommercamp-der-Grundschule-1.-Woche-19-1536x1152.jpeg?strip=all 1536w, https:\/\/e969z83yjsq.exactdn.com\/wp-content\/uploads\/2024\/07\/Sommercamp-der-Grundschule-1.-Woche-19-320x240.jpeg?strip=all 320w, https:\/\/e969z83yjsq.exactdn.com\/wp-content\/uploads\/2024\/07\/Sommercamp-der-Grundschule-1.-Woche-19.jpeg?strip=all&amp;w=640 640w, https:\/\/e969z83yjsq.exactdn.com\/wp-content\/uploads\/2024\/07\/Sommercamp-der-Grundschule-1.-Woche-19.jpeg?strip=all&amp;w=1280 1280w, https:\/\/e969z83yjsq.exactdn.com\/wp-content\/uploads\/2024\/07\/Sommercamp-der-Grundschule-1.-Woche-19.jpeg?strip=all&amp;w=450 450w\" sizes=\"(max-width: 564px) 100vw, 564px\" \/>\n\t\t<div class=\"figc no-description\">\n\t\t\t<div class=\"figc-inner\">\n\t\t\t\t\t\t\t\t\t\t\t\t\t\t\t<\/div>\n\t\t<\/div>\n\n\t<\/div>\n\n<\/div><div class=\"modula-item effect-pufrobo jtg-filter-all jtg-filter-\" >\n\t<div class=\"modula-item-overlay\"><\/div>\n\n\t<div class=\"modula-item-content\">\n\n\t\t<a data-image-id=\"81949\" role=\"button\" data-elementor-open-lightbox=\"no\" tabindex=\"0\" rel=\"jtg-81911\" data-caption=\"&lt;span class=&quot;modula-caption-description&quot;&gt;&lt;\/span&gt;\" aria-label=\"Bilder in Lightbox \u00f6ffnen\" data-thumb=\"https:\/\/e969z83yjsq.exactdn.com\/wp-content\/uploads\/2024\/07\/Sommercamp-der-Grundschule-1.-Woche-20-564x423.jpeg?strip=all\" class=\"tile-inner modula-item-link\"><\/a><img loading=\"lazy\" decoding=\"async\" class=\"pic wp-image-81949\"  data-valign=\"middle\" data-halign=\"center\" alt=\"\" data-full=\"https:\/\/www.dstenerife.eu\/wp-content\/uploads\/2024\/07\/Sommercamp-der-Grundschule-1.-Woche-20.jpeg\" title=\"Sommercamp der Grundschule 1. Woche (20)\" crop=\"\" width=\"564\" height=\"423\" src=\"https:\/\/e969z83yjsq.exactdn.com\/wp-content\/uploads\/2024\/07\/Sommercamp-der-Grundschule-1.-Woche-20-564x423.jpeg?strip=all\" data-src=\"https:\/\/e969z83yjsq.exactdn.com\/wp-content\/uploads\/2024\/07\/Sommercamp-der-Grundschule-1.-Woche-20-564x423.jpeg?strip=all\" data-caption=\"\" srcset=\"https:\/\/e969z83yjsq.exactdn.com\/wp-content\/uploads\/2024\/07\/Sommercamp-der-Grundschule-1.-Woche-20.jpeg?strip=all 1600w, https:\/\/e969z83yjsq.exactdn.com\/wp-content\/uploads\/2024\/07\/Sommercamp-der-Grundschule-1.-Woche-20-564x423.jpeg?strip=all 564w, https:\/\/e969z83yjsq.exactdn.com\/wp-content\/uploads\/2024\/07\/Sommercamp-der-Grundschule-1.-Woche-20-960x720.jpeg?strip=all 960w, https:\/\/e969z83yjsq.exactdn.com\/wp-content\/uploads\/2024\/07\/Sommercamp-der-Grundschule-1.-Woche-20-768x576.jpeg?strip=all 768w, https:\/\/e969z83yjsq.exactdn.com\/wp-content\/uploads\/2024\/07\/Sommercamp-der-Grundschule-1.-Woche-20-1536x1152.jpeg?strip=all 1536w, https:\/\/e969z83yjsq.exactdn.com\/wp-content\/uploads\/2024\/07\/Sommercamp-der-Grundschule-1.-Woche-20-320x240.jpeg?strip=all 320w, https:\/\/e969z83yjsq.exactdn.com\/wp-content\/uploads\/2024\/07\/Sommercamp-der-Grundschule-1.-Woche-20.jpeg?strip=all&amp;w=640 640w, https:\/\/e969z83yjsq.exactdn.com\/wp-content\/uploads\/2024\/07\/Sommercamp-der-Grundschule-1.-Woche-20.jpeg?strip=all&amp;w=1280 1280w, https:\/\/e969z83yjsq.exactdn.com\/wp-content\/uploads\/2024\/07\/Sommercamp-der-Grundschule-1.-Woche-20.jpeg?strip=all&amp;w=450 450w\" sizes=\"(max-width: 564px) 100vw, 564px\" \/>\n\t\t<div class=\"figc no-description\">\n\t\t\t<div class=\"figc-inner\">\n\t\t\t\t\t\t\t\t\t\t\t\t\t\t\t<\/div>\n\t\t<\/div>\n\n\t<\/div>\n\n<\/div><div class=\"modula-item effect-pufrobo jtg-filter-all jtg-filter-\" >\n\t<div class=\"modula-item-overlay\"><\/div>\n\n\t<div class=\"modula-item-content\">\n\n\t\t<a data-image-id=\"81951\" role=\"button\" data-elementor-open-lightbox=\"no\" tabindex=\"0\" rel=\"jtg-81911\" data-caption=\"&lt;span class=&quot;modula-caption-description&quot;&gt;&lt;\/span&gt;\" aria-label=\"Bilder in Lightbox \u00f6ffnen\" data-thumb=\"https:\/\/e969z83yjsq.exactdn.com\/wp-content\/uploads\/2024\/07\/Sommercamp-der-Grundschule-1.-Woche-21-564x423.jpeg?strip=all\" class=\"tile-inner modula-item-link\"><\/a><img loading=\"lazy\" decoding=\"async\" class=\"pic wp-image-81951\"  data-valign=\"middle\" data-halign=\"center\" alt=\"\" data-full=\"https:\/\/www.dstenerife.eu\/wp-content\/uploads\/2024\/07\/Sommercamp-der-Grundschule-1.-Woche-21.jpeg\" title=\"Sommercamp der Grundschule 1. Woche (21)\" crop=\"\" width=\"564\" height=\"423\" src=\"https:\/\/e969z83yjsq.exactdn.com\/wp-content\/uploads\/2024\/07\/Sommercamp-der-Grundschule-1.-Woche-21-564x423.jpeg?strip=all\" data-src=\"https:\/\/e969z83yjsq.exactdn.com\/wp-content\/uploads\/2024\/07\/Sommercamp-der-Grundschule-1.-Woche-21-564x423.jpeg?strip=all\" data-caption=\"\" srcset=\"https:\/\/e969z83yjsq.exactdn.com\/wp-content\/uploads\/2024\/07\/Sommercamp-der-Grundschule-1.-Woche-21.jpeg?strip=all 1600w, https:\/\/e969z83yjsq.exactdn.com\/wp-content\/uploads\/2024\/07\/Sommercamp-der-Grundschule-1.-Woche-21-564x423.jpeg?strip=all 564w, https:\/\/e969z83yjsq.exactdn.com\/wp-content\/uploads\/2024\/07\/Sommercamp-der-Grundschule-1.-Woche-21-960x720.jpeg?strip=all 960w, https:\/\/e969z83yjsq.exactdn.com\/wp-content\/uploads\/2024\/07\/Sommercamp-der-Grundschule-1.-Woche-21-768x576.jpeg?strip=all 768w, https:\/\/e969z83yjsq.exactdn.com\/wp-content\/uploads\/2024\/07\/Sommercamp-der-Grundschule-1.-Woche-21-1536x1152.jpeg?strip=all 1536w, https:\/\/e969z83yjsq.exactdn.com\/wp-content\/uploads\/2024\/07\/Sommercamp-der-Grundschule-1.-Woche-21-320x240.jpeg?strip=all 320w, https:\/\/e969z83yjsq.exactdn.com\/wp-content\/uploads\/2024\/07\/Sommercamp-der-Grundschule-1.-Woche-21.jpeg?strip=all&amp;w=640 640w, https:\/\/e969z83yjsq.exactdn.com\/wp-content\/uploads\/2024\/07\/Sommercamp-der-Grundschule-1.-Woche-21.jpeg?strip=all&amp;w=1280 1280w, https:\/\/e969z83yjsq.exactdn.com\/wp-content\/uploads\/2024\/07\/Sommercamp-der-Grundschule-1.-Woche-21.jpeg?strip=all&amp;w=450 450w\" sizes=\"(max-width: 564px) 100vw, 564px\" \/>\n\t\t<div class=\"figc no-description\">\n\t\t\t<div class=\"figc-inner\">\n\t\t\t\t\t\t\t\t\t\t\t\t\t\t\t<\/div>\n\t\t<\/div>\n\n\t<\/div>\n\n<\/div><div class=\"modula-item effect-pufrobo jtg-filter-all jtg-filter-\" >\n\t<div class=\"modula-item-overlay\"><\/div>\n\n\t<div class=\"modula-item-content\">\n\n\t\t<a data-image-id=\"81953\" role=\"button\" data-elementor-open-lightbox=\"no\" tabindex=\"0\" rel=\"jtg-81911\" data-caption=\"&lt;span class=&quot;modula-caption-description&quot;&gt;&lt;\/span&gt;\" aria-label=\"Bilder in Lightbox \u00f6ffnen\" data-thumb=\"https:\/\/e969z83yjsq.exactdn.com\/wp-content\/uploads\/2024\/07\/Sommercamp-der-Grundschule-1.-Woche-22-564x423.jpeg?strip=all\" class=\"tile-inner modula-item-link\"><\/a><img loading=\"lazy\" decoding=\"async\" class=\"pic wp-image-81953\"  data-valign=\"middle\" data-halign=\"center\" alt=\"\" data-full=\"https:\/\/www.dstenerife.eu\/wp-content\/uploads\/2024\/07\/Sommercamp-der-Grundschule-1.-Woche-22.jpeg\" title=\"Sommercamp der Grundschule 1. Woche (22)\" crop=\"\" width=\"564\" height=\"423\" src=\"https:\/\/e969z83yjsq.exactdn.com\/wp-content\/uploads\/2024\/07\/Sommercamp-der-Grundschule-1.-Woche-22-564x423.jpeg?strip=all\" data-src=\"https:\/\/e969z83yjsq.exactdn.com\/wp-content\/uploads\/2024\/07\/Sommercamp-der-Grundschule-1.-Woche-22-564x423.jpeg?strip=all\" data-caption=\"\" srcset=\"https:\/\/e969z83yjsq.exactdn.com\/wp-content\/uploads\/2024\/07\/Sommercamp-der-Grundschule-1.-Woche-22.jpeg?strip=all 1600w, https:\/\/e969z83yjsq.exactdn.com\/wp-content\/uploads\/2024\/07\/Sommercamp-der-Grundschule-1.-Woche-22-564x423.jpeg?strip=all 564w, https:\/\/e969z83yjsq.exactdn.com\/wp-content\/uploads\/2024\/07\/Sommercamp-der-Grundschule-1.-Woche-22-960x720.jpeg?strip=all 960w, https:\/\/e969z83yjsq.exactdn.com\/wp-content\/uploads\/2024\/07\/Sommercamp-der-Grundschule-1.-Woche-22-768x576.jpeg?strip=all 768w, https:\/\/e969z83yjsq.exactdn.com\/wp-content\/uploads\/2024\/07\/Sommercamp-der-Grundschule-1.-Woche-22-1536x1152.jpeg?strip=all 1536w, https:\/\/e969z83yjsq.exactdn.com\/wp-content\/uploads\/2024\/07\/Sommercamp-der-Grundschule-1.-Woche-22-320x240.jpeg?strip=all 320w, https:\/\/e969z83yjsq.exactdn.com\/wp-content\/uploads\/2024\/07\/Sommercamp-der-Grundschule-1.-Woche-22.jpeg?strip=all&amp;w=640 640w, https:\/\/e969z83yjsq.exactdn.com\/wp-content\/uploads\/2024\/07\/Sommercamp-der-Grundschule-1.-Woche-22.jpeg?strip=all&amp;w=1280 1280w, https:\/\/e969z83yjsq.exactdn.com\/wp-content\/uploads\/2024\/07\/Sommercamp-der-Grundschule-1.-Woche-22.jpeg?strip=all&amp;w=450 450w\" sizes=\"(max-width: 564px) 100vw, 564px\" \/>\n\t\t<div class=\"figc no-description\">\n\t\t\t<div class=\"figc-inner\">\n\t\t\t\t\t\t\t\t\t\t\t\t\t\t\t<\/div>\n\t\t<\/div>\n\n\t<\/div>\n\n<\/div><div class=\"modula-item effect-pufrobo jtg-filter-all jtg-filter-\" >\n\t<div class=\"modula-item-overlay\"><\/div>\n\n\t<div class=\"modula-item-content\">\n\n\t\t<a data-image-id=\"81955\" role=\"button\" data-elementor-open-lightbox=\"no\" tabindex=\"0\" rel=\"jtg-81911\" data-caption=\"&lt;span class=&quot;modula-caption-description&quot;&gt;&lt;\/span&gt;\" aria-label=\"Bilder in Lightbox \u00f6ffnen\" data-thumb=\"https:\/\/e969z83yjsq.exactdn.com\/wp-content\/uploads\/2024\/07\/Sommercamp-der-Grundschule-1.-Woche-23-564x423.jpeg?strip=all\" class=\"tile-inner modula-item-link\"><\/a><img loading=\"lazy\" decoding=\"async\" class=\"pic wp-image-81955\"  data-valign=\"middle\" data-halign=\"center\" alt=\"\" data-full=\"https:\/\/www.dstenerife.eu\/wp-content\/uploads\/2024\/07\/Sommercamp-der-Grundschule-1.-Woche-23.jpeg\" title=\"Sommercamp der Grundschule 1. Woche (23)\" crop=\"\" width=\"564\" height=\"423\" src=\"https:\/\/e969z83yjsq.exactdn.com\/wp-content\/uploads\/2024\/07\/Sommercamp-der-Grundschule-1.-Woche-23-564x423.jpeg?strip=all\" data-src=\"https:\/\/e969z83yjsq.exactdn.com\/wp-content\/uploads\/2024\/07\/Sommercamp-der-Grundschule-1.-Woche-23-564x423.jpeg?strip=all\" data-caption=\"\" srcset=\"https:\/\/e969z83yjsq.exactdn.com\/wp-content\/uploads\/2024\/07\/Sommercamp-der-Grundschule-1.-Woche-23.jpeg?strip=all 1600w, https:\/\/e969z83yjsq.exactdn.com\/wp-content\/uploads\/2024\/07\/Sommercamp-der-Grundschule-1.-Woche-23-564x423.jpeg?strip=all 564w, https:\/\/e969z83yjsq.exactdn.com\/wp-content\/uploads\/2024\/07\/Sommercamp-der-Grundschule-1.-Woche-23-960x720.jpeg?strip=all 960w, https:\/\/e969z83yjsq.exactdn.com\/wp-content\/uploads\/2024\/07\/Sommercamp-der-Grundschule-1.-Woche-23-768x576.jpeg?strip=all 768w, https:\/\/e969z83yjsq.exactdn.com\/wp-content\/uploads\/2024\/07\/Sommercamp-der-Grundschule-1.-Woche-23-1536x1152.jpeg?strip=all 1536w, https:\/\/e969z83yjsq.exactdn.com\/wp-content\/uploads\/2024\/07\/Sommercamp-der-Grundschule-1.-Woche-23-320x240.jpeg?strip=all 320w, https:\/\/e969z83yjsq.exactdn.com\/wp-content\/uploads\/2024\/07\/Sommercamp-der-Grundschule-1.-Woche-23.jpeg?strip=all&amp;w=640 640w, https:\/\/e969z83yjsq.exactdn.com\/wp-content\/uploads\/2024\/07\/Sommercamp-der-Grundschule-1.-Woche-23.jpeg?strip=all&amp;w=1280 1280w, https:\/\/e969z83yjsq.exactdn.com\/wp-content\/uploads\/2024\/07\/Sommercamp-der-Grundschule-1.-Woche-23.jpeg?strip=all&amp;w=450 450w\" sizes=\"(max-width: 564px) 100vw, 564px\" \/>\n\t\t<div class=\"figc no-description\">\n\t\t\t<div class=\"figc-inner\">\n\t\t\t\t\t\t\t\t\t\t\t\t\t\t\t<\/div>\n\t\t<\/div>\n\n\t<\/div>\n\n<\/div><div class=\"modula-item effect-pufrobo jtg-filter-all jtg-filter-\" >\n\t<div class=\"modula-item-overlay\"><\/div>\n\n\t<div class=\"modula-item-content\">\n\n\t\t<a data-image-id=\"81957\" role=\"button\" data-elementor-open-lightbox=\"no\" tabindex=\"0\" rel=\"jtg-81911\" data-caption=\"&lt;span class=&quot;modula-caption-description&quot;&gt;&lt;\/span&gt;\" aria-label=\"Bilder in Lightbox \u00f6ffnen\" data-thumb=\"https:\/\/e969z83yjsq.exactdn.com\/wp-content\/uploads\/2024\/07\/Sommercamp-der-Grundschule-1.-Woche-24-564x423.jpeg?strip=all\" class=\"tile-inner modula-item-link\"><\/a><img loading=\"lazy\" decoding=\"async\" class=\"pic wp-image-81957\"  data-valign=\"middle\" data-halign=\"center\" alt=\"\" data-full=\"https:\/\/www.dstenerife.eu\/wp-content\/uploads\/2024\/07\/Sommercamp-der-Grundschule-1.-Woche-24.jpeg\" title=\"Sommercamp der Grundschule 1. Woche (24)\" crop=\"\" width=\"564\" height=\"423\" src=\"https:\/\/e969z83yjsq.exactdn.com\/wp-content\/uploads\/2024\/07\/Sommercamp-der-Grundschule-1.-Woche-24-564x423.jpeg?strip=all\" data-src=\"https:\/\/e969z83yjsq.exactdn.com\/wp-content\/uploads\/2024\/07\/Sommercamp-der-Grundschule-1.-Woche-24-564x423.jpeg?strip=all\" data-caption=\"\" srcset=\"https:\/\/e969z83yjsq.exactdn.com\/wp-content\/uploads\/2024\/07\/Sommercamp-der-Grundschule-1.-Woche-24.jpeg?strip=all 1600w, https:\/\/e969z83yjsq.exactdn.com\/wp-content\/uploads\/2024\/07\/Sommercamp-der-Grundschule-1.-Woche-24-564x423.jpeg?strip=all 564w, https:\/\/e969z83yjsq.exactdn.com\/wp-content\/uploads\/2024\/07\/Sommercamp-der-Grundschule-1.-Woche-24-960x720.jpeg?strip=all 960w, https:\/\/e969z83yjsq.exactdn.com\/wp-content\/uploads\/2024\/07\/Sommercamp-der-Grundschule-1.-Woche-24-768x576.jpeg?strip=all 768w, https:\/\/e969z83yjsq.exactdn.com\/wp-content\/uploads\/2024\/07\/Sommercamp-der-Grundschule-1.-Woche-24-1536x1152.jpeg?strip=all 1536w, https:\/\/e969z83yjsq.exactdn.com\/wp-content\/uploads\/2024\/07\/Sommercamp-der-Grundschule-1.-Woche-24-320x240.jpeg?strip=all 320w, https:\/\/e969z83yjsq.exactdn.com\/wp-content\/uploads\/2024\/07\/Sommercamp-der-Grundschule-1.-Woche-24.jpeg?strip=all&amp;w=640 640w, https:\/\/e969z83yjsq.exactdn.com\/wp-content\/uploads\/2024\/07\/Sommercamp-der-Grundschule-1.-Woche-24.jpeg?strip=all&amp;w=1280 1280w, https:\/\/e969z83yjsq.exactdn.com\/wp-content\/uploads\/2024\/07\/Sommercamp-der-Grundschule-1.-Woche-24.jpeg?strip=all&amp;w=450 450w\" sizes=\"(max-width: 564px) 100vw, 564px\" \/>\n\t\t<div class=\"figc no-description\">\n\t\t\t<div class=\"figc-inner\">\n\t\t\t\t\t\t\t\t\t\t\t\t\t\t\t<\/div>\n\t\t<\/div>\n\n\t<\/div>\n\n<\/div><div class=\"modula-item effect-pufrobo jtg-filter-all jtg-filter-\" >\n\t<div class=\"modula-item-overlay\"><\/div>\n\n\t<div class=\"modula-item-content\">\n\n\t\t<a data-image-id=\"81959\" role=\"button\" data-elementor-open-lightbox=\"no\" tabindex=\"0\" rel=\"jtg-81911\" data-caption=\"&lt;span class=&quot;modula-caption-description&quot;&gt;&lt;\/span&gt;\" aria-label=\"Bilder in Lightbox \u00f6ffnen\" data-thumb=\"https:\/\/e969z83yjsq.exactdn.com\/wp-content\/uploads\/2024\/07\/Sommercamp-der-Grundschule-1.-Woche-25-564x423.jpeg?strip=all\" class=\"tile-inner modula-item-link\"><\/a><img loading=\"lazy\" decoding=\"async\" class=\"pic wp-image-81959\"  data-valign=\"middle\" data-halign=\"center\" alt=\"\" data-full=\"https:\/\/www.dstenerife.eu\/wp-content\/uploads\/2024\/07\/Sommercamp-der-Grundschule-1.-Woche-25.jpeg\" title=\"Sommercamp der Grundschule 1. Woche (25)\" crop=\"\" width=\"564\" height=\"423\" src=\"https:\/\/e969z83yjsq.exactdn.com\/wp-content\/uploads\/2024\/07\/Sommercamp-der-Grundschule-1.-Woche-25-564x423.jpeg?strip=all\" data-src=\"https:\/\/e969z83yjsq.exactdn.com\/wp-content\/uploads\/2024\/07\/Sommercamp-der-Grundschule-1.-Woche-25-564x423.jpeg?strip=all\" data-caption=\"\" srcset=\"https:\/\/e969z83yjsq.exactdn.com\/wp-content\/uploads\/2024\/07\/Sommercamp-der-Grundschule-1.-Woche-25.jpeg?strip=all 1600w, https:\/\/e969z83yjsq.exactdn.com\/wp-content\/uploads\/2024\/07\/Sommercamp-der-Grundschule-1.-Woche-25-564x423.jpeg?strip=all 564w, https:\/\/e969z83yjsq.exactdn.com\/wp-content\/uploads\/2024\/07\/Sommercamp-der-Grundschule-1.-Woche-25-960x720.jpeg?strip=all 960w, https:\/\/e969z83yjsq.exactdn.com\/wp-content\/uploads\/2024\/07\/Sommercamp-der-Grundschule-1.-Woche-25-768x576.jpeg?strip=all 768w, https:\/\/e969z83yjsq.exactdn.com\/wp-content\/uploads\/2024\/07\/Sommercamp-der-Grundschule-1.-Woche-25-1536x1152.jpeg?strip=all 1536w, https:\/\/e969z83yjsq.exactdn.com\/wp-content\/uploads\/2024\/07\/Sommercamp-der-Grundschule-1.-Woche-25-320x240.jpeg?strip=all 320w, https:\/\/e969z83yjsq.exactdn.com\/wp-content\/uploads\/2024\/07\/Sommercamp-der-Grundschule-1.-Woche-25.jpeg?strip=all&amp;w=640 640w, https:\/\/e969z83yjsq.exactdn.com\/wp-content\/uploads\/2024\/07\/Sommercamp-der-Grundschule-1.-Woche-25.jpeg?strip=all&amp;w=1280 1280w, https:\/\/e969z83yjsq.exactdn.com\/wp-content\/uploads\/2024\/07\/Sommercamp-der-Grundschule-1.-Woche-25.jpeg?strip=all&amp;w=450 450w\" sizes=\"(max-width: 564px) 100vw, 564px\" \/>\n\t\t<div class=\"figc no-description\">\n\t\t\t<div class=\"figc-inner\">\n\t\t\t\t\t\t\t\t\t\t\t\t\t\t\t<\/div>\n\t\t<\/div>\n\n\t<\/div>\n\n<\/div>\t\t\n\t<\/div>\n\n\t\n\t<div class=\"hidden-items\"><a  class=\"tile-inner modula-hidden-item jtg-filter-all jtg-filter-\" data-full=\"https:\/\/e969z83yjsq.exactdn.com\/wp-content\/uploads\/2024\/07\/Sommercamp-der-Grundschule-1.-Woche-26.jpeg?strip=all\" data-caption=\"&lt;span class=&quot;modula-caption-description&quot;&gt;&lt;\/span&gt;\"><\/a><a  class=\"tile-inner modula-hidden-item jtg-filter-all jtg-filter-\" data-full=\"https:\/\/e969z83yjsq.exactdn.com\/wp-content\/uploads\/2024\/07\/Sommercamp-der-Grundschule-1.-Woche-27.jpeg?strip=all\" data-caption=\"&lt;span class=&quot;modula-caption-description&quot;&gt;&lt;\/span&gt;\"><\/a><a  class=\"tile-inner modula-hidden-item jtg-filter-all jtg-filter-\" data-full=\"https:\/\/e969z83yjsq.exactdn.com\/wp-content\/uploads\/2024\/07\/Sommercamp-der-Grundschule-1.-Woche-28.jpeg?strip=all\" data-caption=\"&lt;span class=&quot;modula-caption-description&quot;&gt;&lt;\/span&gt;\"><\/a><a  class=\"tile-inner modula-hidden-item jtg-filter-all jtg-filter-\" data-full=\"https:\/\/e969z83yjsq.exactdn.com\/wp-content\/uploads\/2024\/07\/Sommercamp-der-Grundschule-1.-Woche-29.jpeg?strip=all\" data-caption=\"&lt;span class=&quot;modula-caption-description&quot;&gt;&lt;\/span&gt;\"><\/a><a  class=\"tile-inner modula-hidden-item jtg-filter-all jtg-filter-\" data-full=\"https:\/\/e969z83yjsq.exactdn.com\/wp-content\/uploads\/2024\/07\/Sommercamp-der-Grundschule-1.-Woche-30.jpeg?strip=all\" data-caption=\"&lt;span class=&quot;modula-caption-description&quot;&gt;&lt;\/span&gt;\"><\/a><a  class=\"tile-inner modula-hidden-item jtg-filter-all jtg-filter-\" data-full=\"https:\/\/e969z83yjsq.exactdn.com\/wp-content\/uploads\/2024\/07\/Sommercamp-der-Grundschule-1.-Woche-31.jpeg?strip=all\" data-caption=\"&lt;span class=&quot;modula-caption-description&quot;&gt;&lt;\/span&gt;\"><\/a><a  class=\"tile-inner modula-hidden-item jtg-filter-all jtg-filter-\" data-full=\"https:\/\/e969z83yjsq.exactdn.com\/wp-content\/uploads\/2024\/07\/Sommercamp-der-Grundschule-1.-Woche-32.jpeg?strip=all\" data-caption=\"&lt;span class=&quot;modula-caption-description&quot;&gt;&lt;\/span&gt;\"><\/a><a  class=\"tile-inner modula-hidden-item jtg-filter-all jtg-filter-\" data-full=\"https:\/\/e969z83yjsq.exactdn.com\/wp-content\/uploads\/2024\/07\/Sommercamp-der-Grundschule-1.-Woche-33.jpeg?strip=all\" data-caption=\"&lt;span class=&quot;modula-caption-description&quot;&gt;&lt;\/span&gt;\"><\/a><a  class=\"tile-inner modula-hidden-item jtg-filter-all jtg-filter-\" data-full=\"https:\/\/e969z83yjsq.exactdn.com\/wp-content\/uploads\/2024\/07\/Sommercamp-der-Grundschule-1.-Woche-34.jpeg?strip=all\" data-caption=\"&lt;span class=&quot;modula-caption-description&quot;&gt;&lt;\/span&gt;\"><\/a><a  class=\"tile-inner modula-hidden-item jtg-filter-all jtg-filter-\" data-full=\"https:\/\/e969z83yjsq.exactdn.com\/wp-content\/uploads\/2024\/07\/Sommercamp-der-Grundschule-1.-Woche-35.jpeg?strip=all\" data-caption=\"&lt;span class=&quot;modula-caption-description&quot;&gt;&lt;\/span&gt;\"><\/a><a  class=\"tile-inner modula-hidden-item jtg-filter-all jtg-filter-\" data-full=\"https:\/\/e969z83yjsq.exactdn.com\/wp-content\/uploads\/2024\/07\/Sommercamp-der-Grundschule-1.-Woche-36.jpeg?strip=all\" data-caption=\"&lt;span class=&quot;modula-caption-description&quot;&gt;&lt;\/span&gt;\"><\/a><a  class=\"tile-inner modula-hidden-item jtg-filter-all jtg-filter-\" data-full=\"https:\/\/e969z83yjsq.exactdn.com\/wp-content\/uploads\/2024\/07\/Sommercamp-der-Grundschule-1.-Woche-37.jpeg?strip=all\" data-caption=\"&lt;span class=&quot;modula-caption-description&quot;&gt;&lt;\/span&gt;\"><\/a><a  class=\"tile-inner modula-hidden-item jtg-filter-all jtg-filter-\" data-full=\"https:\/\/e969z83yjsq.exactdn.com\/wp-content\/uploads\/2024\/07\/Sommercamp-der-Grundschule-1.-Woche-1.jpeg?strip=all\" data-caption=\"&lt;span class=&quot;modula-caption-description&quot;&gt;&lt;\/span&gt;\"><\/a><\/div>\n\t<script type=\"application\/ld+json\">\n\t{\n\t\t\"@context\": \"http:\/\/schema.org\",\n\t\t\"@type\"   : \"ImageGallery\",\n\t\t\"id\"      : \"https:\/\/www.dstenerife.eu\/de\/sommercamp-der-grundschule-1-woche\/\",\n\t\t\"url\"     : \"https:\/\/www.dstenerife.eu\/de\/sommercamp-der-grundschule-1-woche\/\"\n\t}\n\n\t<\/script>\n\n\t\n<\/div>\n\n","protected":false},"excerpt":{"rendered":"<p>Die erste Sommercamp Woche war spitze! Die Kinder haben verschiedene sportliche Aktivit\u00e4ten wie Frisbee, Fu\u00dfball, Basketball, [&hellip;]<\/p>\n","protected":false},"author":17,"featured_media":81939,"comment_status":"closed","ping_status":"closed","sticky":false,"template":"","format":"standard","meta":{"site-sidebar-layout":"default","site-content-layout":"","ast-site-content-layout":"default","site-content-style":"default","site-sidebar-style":"default","ast-global-header-display":"","ast-banner-title-visibility":"","ast-main-header-display":"","ast-hfb-above-header-display":"","ast-hfb-below-header-display":"","ast-hfb-mobile-header-display":"","site-post-title":"","ast-breadcrumbs-content":"","ast-featured-img":"","footer-sml-layout":"","ast-disable-related-posts":"","theme-transparent-header-meta":"default","adv-header-id-meta":"","stick-header-meta":"default","header-above-stick-meta":"","header-main-stick-meta":"","header-below-stick-meta":"","astra-migrate-meta-layouts":"set","ast-page-background-enabled":"default","ast-page-background-meta":{"desktop":{"background-color":"","background-image":"","background-repeat":"repeat","background-position":"center center","background-size":"auto","background-attachment":"scroll","background-type":"","background-media":"","overlay-type":"","overlay-color":"","overlay-opacity":"","overlay-gradient":""},"tablet":{"background-color":"","background-image":"","background-repeat":"repeat","background-position":"center center","background-size":"auto","background-attachment":"scroll","background-type":"","background-media":"","overlay-type":"","overlay-color":"","overlay-opacity":"","overlay-gradient":""},"mobile":{"background-color":"","background-image":"","background-repeat":"repeat","background-position":"center center","background-size":"auto","background-attachment":"scroll","background-type":"","background-media":"","overlay-type":"","overlay-color":"","overlay-opacity":"","overlay-gradient":""}},"ast-content-background-meta":{"desktop":{"background-color":"var(--ast-global-color-5)","background-image":"","background-repeat":"repeat","background-position":"center center","background-size":"auto","background-attachment":"scroll","background-type":"","background-media":"","overlay-type":"","overlay-color":"","overlay-opacity":"","overlay-gradient":""},"tablet":{"background-color":"var(--ast-global-color-5)","background-image":"","background-repeat":"repeat","background-position":"center center","background-size":"auto","background-attachment":"scroll","background-type":"","background-media":"","overlay-type":"","overlay-color":"","overlay-opacity":"","overlay-gradient":""},"mobile":{"background-color":"var(--ast-global-color-5)","background-image":"","background-repeat":"repeat","background-position":"center center","background-size":"auto","background-attachment":"scroll","background-type":"","background-media":"","overlay-type":"","overlay-color":"","overlay-opacity":"","overlay-gradient":""}},"_jet_sm_ready_style":"","_jet_sm_style":"","_jet_sm_controls_values":"","_jet_sm_fonts_collection":"","_jet_sm_fonts_links":"","footnotes":""},"categories":[127],"tags":[],"schlagwortedst":[],"class_list":["post-81912","post","type-post","status-publish","format-standard","has-post-thumbnail","hentry","category-grundschule"],"_links":{"self":[{"href":"https:\/\/www.dstenerife.eu\/de\/wp-json\/wp\/v2\/posts\/81912","targetHints":{"allow":["GET"]}}],"collection":[{"href":"https:\/\/www.dstenerife.eu\/de\/wp-json\/wp\/v2\/posts"}],"about":[{"href":"https:\/\/www.dstenerife.eu\/de\/wp-json\/wp\/v2\/types\/post"}],"author":[{"embeddable":true,"href":"https:\/\/www.dstenerife.eu\/de\/wp-json\/wp\/v2\/users\/17"}],"replies":[{"embeddable":true,"href":"https:\/\/www.dstenerife.eu\/de\/wp-json\/wp\/v2\/comments?post=81912"}],"version-history":[{"count":1,"href":"https:\/\/www.dstenerife.eu\/de\/wp-json\/wp\/v2\/posts\/81912\/revisions"}],"predecessor-version":[{"id":81987,"href":"https:\/\/www.dstenerife.eu\/de\/wp-json\/wp\/v2\/posts\/81912\/revisions\/81987"}],"wp:featuredmedia":[{"embeddable":true,"href":"https:\/\/www.dstenerife.eu\/de\/wp-json\/wp\/v2\/media\/81939"}],"wp:attachment":[{"href":"https:\/\/www.dstenerife.eu\/de\/wp-json\/wp\/v2\/media?parent=81912"}],"wp:term":[{"taxonomy":"category","embeddable":true,"href":"https:\/\/www.dstenerife.eu\/de\/wp-json\/wp\/v2\/categories?post=81912"},{"taxonomy":"post_tag","embeddable":true,"href":"https:\/\/www.dstenerife.eu\/de\/wp-json\/wp\/v2\/tags?post=81912"},{"taxonomy":"schlagwortedst","embeddable":true,"href":"https:\/\/www.dstenerife.eu\/de\/wp-json\/wp\/v2\/schlagwortedst?post=81912"}],"curies":[{"name":"wp","href":"https:\/\/api.w.org\/{rel}","templated":true}]}}