{"id":83297,"date":"2024-07-15T22:40:37","date_gmt":"2024-07-15T21:40:37","guid":{"rendered":"https:\/\/www.dstenerife.eu\/?p=83297"},"modified":"2024-07-21T16:04:41","modified_gmt":"2024-07-21T15:04:41","slug":"sommercamp-der-grundschule-2-woche","status":"publish","type":"post","link":"https:\/\/www.dstenerife.eu\/de\/sommercamp-der-grundschule-2-woche\/","title":{"rendered":"Sommercamp der Grundschule 2. Woche"},"content":{"rendered":"<p>Die zweite Sommercamp-Woche war auch toll!<br \/>\nWir haben mit einer Verkehrsaktivit\u00e4t angefangen, in der alle Kinder Fahrrad oder Roller gefahren sind, dank des Vereins \u201cCronotropo Vial\u201d und dem \u201cClub ciclista Viclass\u201d. Au\u00dferdem haben wir diese Woche auch coole Kicker gebastelt, mit denen wir auch gespielt haben. Unsere<br \/>\nKrankenschwester brachte uns diese Woche Vieles \u00fcber erste Hilfe bei. Nat\u00fcrlich haben wir wieder am Nachmittag Kino mit Popcorn gehabt, Wasserparty mit Wasserrutsche Brettspiele, H\u00fcpfburg und Schaumkanone. Wir freuen uns auf n\u00e4chste Woche! <\/p>\n<div  id=\"jtg-83306\" class=\"modula modula-gallery modula-creative-gallery\" data-config=\"{&quot;height&quot;:550,&quot;tabletHeight&quot;:450,&quot;mobileHeight&quot;:450,&quot;desktopHeight&quot;:550,&quot;enableTwitter&quot;:false,&quot;enableWhatsapp&quot;:false,&quot;enableFacebook&quot;:false,&quot;enablePinterest&quot;:false,&quot;enableLinkedin&quot;:false,&quot;enableEmail&quot;:false,&quot;randomFactor&quot;:0.5,&quot;type&quot;:&quot;creative-gallery&quot;,&quot;columns&quot;:12,&quot;gutter&quot;:10,&quot;mobileGutter&quot;:10,&quot;tabletGutter&quot;:10,&quot;desktopGutter&quot;:10,&quot;enableResponsive&quot;:&quot;0&quot;,&quot;tabletColumns&quot;:2,&quot;mobileColumns&quot;:1,&quot;lazyLoad&quot;:0,&quot;lightboxOpts&quot;:{&quot;animated&quot;:true,&quot;Thumbs&quot;:{&quot;type&quot;:&quot;modern&quot;,&quot;showOnStart&quot;:false,&quot;position&quot;:&quot;left&quot;},&quot;Toolbar&quot;:{&quot;display&quot;:{&quot;right&quot;:[&quot;zoomIn&quot;,&quot;zoomOut&quot;,&quot;thumbs&quot;,&quot;close&quot;],&quot;left&quot;:[&quot;infobar&quot;]},&quot;enabled&quot;:true},&quot;Carousel&quot;:{&quot;Panzoom&quot;:{&quot;touch&quot;:true},&quot;infinite&quot;:true,&quot;transition&quot;:&quot;slide&quot;},&quot;keyboard&quot;:{&quot;Escape&quot;:&quot;close&quot;,&quot;Delete&quot;:&quot;close&quot;,&quot;Backspace&quot;:&quot;close&quot;,&quot;PageUp&quot;:&quot;next&quot;,&quot;PageDown&quot;:&quot;prev&quot;,&quot;ArrowUp&quot;:&quot;prev&quot;,&quot;ArrowDown&quot;:&quot;next&quot;,&quot;ArrowRight&quot;:&quot;next&quot;,&quot;ArrowLeft&quot;:&quot;prev&quot;},&quot;touch&quot;:false,&quot;backdropClick&quot;:false,&quot;l10n&quot;:{&quot;CLOSE&quot;:&quot;Schlie\\u00dfen&quot;,&quot;NEXT&quot;:&quot;Weiter&quot;,&quot;PREV&quot;:&quot;Zur\\u00fcck&quot;,&quot;Error&quot;:&quot;Der angeforderte Inhalt kann nicht geladen werden. Bitte versuche es sp\\u00e4ter noch einmal.&quot;,&quot;PLAY_START&quot;:&quot;Slideshow starten&quot;,&quot;PLAY_STOP&quot;:&quot;Slideshow anhalten&quot;,&quot;FULL_SCREEN&quot;:&quot;Vollbild&quot;,&quot;THUMBS&quot;:&quot;Vorschaubilder&quot;,&quot;DOWNLOAD&quot;:&quot;Download&quot;,&quot;SHARE&quot;:&quot;Teilen&quot;,&quot;ZOOM&quot;:&quot;Vergr\\u00f6\\u00dfern&quot;,&quot;EMAIL&quot;:&quot;Hier ist der Link zum Bild: %%image_link%% und hier ist der Link zur Galerie: %%gallery_link%%&quot;,&quot;MODAL&quot;:&quot;Du kannst diesen Modal-Inhalt mit der ESC-Taste schlie\\u00dfen&quot;,&quot;ERROR&quot;:&quot;Es ist ein Fehler aufgetreten. Bitte versuche es sp\\u00e4ter noch einmal&quot;,&quot;IMAGE_ERROR&quot;:&quot;Bild nicht gefunden&quot;,&quot;ELEMENT_NOT_FOUND&quot;:&quot;HTML-Element nicht gefunden&quot;,&quot;AJAX_NOT_FOUND&quot;:&quot;Fehler beim Laden von AJAX: Nicht gefunden&quot;,&quot;AJAX_FORBIDDEN&quot;:&quot;Fehler beim Laden von AJAX: Zugriff verweigert&quot;,&quot;IFRAME_ERROR&quot;:&quot;Fehler beim Laden der Seite&quot;,&quot;TOGGLE_ZOOM&quot;:&quot;Zoomstufe umschalten&quot;,&quot;TOGGLE_THUMBS&quot;:&quot;Miniaturansichten ein-\\\/ausblenden&quot;,&quot;TOGGLE_SLIDESHOW&quot;:&quot;Diashow ein-\\\/ausschalten&quot;,&quot;TOGGLE_FULLSCREEN&quot;:&quot;Vollbildmodus umschalten&quot;},&quot;Images&quot;:{&quot;Panzoom&quot;:{&quot;maxScale&quot;:2}},&quot;toolbar&quot;:true,&quot;wheel&quot;:false,&quot;animationEffect&quot;:&quot;false&quot;,&quot;Html&quot;:{&quot;videoAutoplay&quot;:0,&quot;videoTpl&quot;:&quot;&lt;video class=\\&quot;fancybox__html5video modula_html5_video\\&quot; controls playsinline controlsList controlsList=\\&quot;nodownload\\&quot; poster=\\&quot;{{poster}}\\&quot; src=\\&quot;{{src}}\\&quot; type=\\&quot;{{format}}\\&quot; &gt;  Sorry, your browser doesn&#039;t support embedded videos, &lt;a href=\\&quot;{{src}}\\&quot;&gt; download &lt;\\\/a&gt; and watch with your favorite video player! &lt;\\\/video&gt;&quot;,&quot;vimeo&quot;:{&quot;autopause&quot;:0}},&quot;Fullscreen&quot;:{&quot;autoStart&quot;:true},&quot;mainClass&quot;:&quot;modula-fancybox-container modula-lightbox-jtg-83306&quot;},&quot;inView&quot;:false,&quot;email_subject&quot;:&quot;Check out this awesome image !!&quot;,&quot;email_message&quot;:&quot;Here is the link to the image : %%image_link%% and this is the link to the gallery : %%gallery_link%%&quot;,&quot;lightbox&quot;:&quot;fancybox&quot;,&quot;filterClick&quot;:&quot;0&quot;,&quot;dropdownFilters&quot;:&quot;0&quot;,&quot;defaultActiveFilter&quot;:&quot;all&quot;,&quot;initLightbox&quot;:&quot;modula_pro_init_lightbox&quot;,&quot;haveFilters&quot;:0,&quot;lightbox_devices&quot;:&quot;both&quot;,&quot;mobileDoubleClick&quot;:1,&quot;options&quot;:{&quot;lightbox&quot;:&quot;fancybox&quot;},&quot;enableSlideshow&quot;:&quot;0&quot;,&quot;enableAutoplay&quot;:&quot;0&quot;,&quot;slideshowSpeed&quot;:&quot;5000&quot;,&quot;pauseOnHover&quot;:&quot;0&quot;}\">\n\n\t\n\t<div  class=\"modula-items\">\n\t\t<div class=\"modula-item effect-pufrobo jtg-filter-all jtg-filter-\" >\n\t<div class=\"modula-item-overlay\"><\/div>\n\n\t<div class=\"modula-item-content\">\n\n\t\t<a data-image-id=\"83289\" role=\"button\" data-elementor-open-lightbox=\"no\" tabindex=\"0\" rel=\"jtg-83306\" data-caption=\"\" aria-label=\"Bilder in Lightbox \u00f6ffnen\" data-thumb=\"https:\/\/e969z83yjsq.exactdn.com\/wp-content\/uploads\/2024\/07\/Sommercamp-der-Grundschule-2.-Woche-14-564x423.jpeg?strip=all\" class=\"tile-inner modula-item-link\"><\/a><img fetchpriority=\"high\" decoding=\"async\" class=\"pic wp-image-83289\"  data-valign=\"middle\" data-halign=\"center\" alt=\"\" data-full=\"https:\/\/www.dstenerife.eu\/wp-content\/uploads\/2024\/07\/Sommercamp-der-Grundschule-2.-Woche-14.jpeg\" title=\"Sommercamp der Grundschule 2. Woche (14)\" crop=\"\" width=\"564\" height=\"423\" src=\"https:\/\/e969z83yjsq.exactdn.com\/wp-content\/uploads\/2024\/07\/Sommercamp-der-Grundschule-2.-Woche-14-564x423.jpeg?strip=all\" data-src=\"https:\/\/e969z83yjsq.exactdn.com\/wp-content\/uploads\/2024\/07\/Sommercamp-der-Grundschule-2.-Woche-14-564x423.jpeg?strip=all\" data-caption=\"\" srcset=\"https:\/\/e969z83yjsq.exactdn.com\/wp-content\/uploads\/2024\/07\/Sommercamp-der-Grundschule-2.-Woche-14.jpeg?strip=all 1600w, https:\/\/e969z83yjsq.exactdn.com\/wp-content\/uploads\/2024\/07\/Sommercamp-der-Grundschule-2.-Woche-14-564x423.jpeg?strip=all 564w, https:\/\/e969z83yjsq.exactdn.com\/wp-content\/uploads\/2024\/07\/Sommercamp-der-Grundschule-2.-Woche-14-960x720.jpeg?strip=all 960w, https:\/\/e969z83yjsq.exactdn.com\/wp-content\/uploads\/2024\/07\/Sommercamp-der-Grundschule-2.-Woche-14-768x576.jpeg?strip=all 768w, https:\/\/e969z83yjsq.exactdn.com\/wp-content\/uploads\/2024\/07\/Sommercamp-der-Grundschule-2.-Woche-14-1536x1152.jpeg?strip=all 1536w, https:\/\/e969z83yjsq.exactdn.com\/wp-content\/uploads\/2024\/07\/Sommercamp-der-Grundschule-2.-Woche-14-320x240.jpeg?strip=all 320w, https:\/\/e969z83yjsq.exactdn.com\/wp-content\/uploads\/2024\/07\/Sommercamp-der-Grundschule-2.-Woche-14.jpeg?strip=all&amp;w=640 640w, https:\/\/e969z83yjsq.exactdn.com\/wp-content\/uploads\/2024\/07\/Sommercamp-der-Grundschule-2.-Woche-14.jpeg?strip=all&amp;w=1280 1280w, https:\/\/e969z83yjsq.exactdn.com\/wp-content\/uploads\/2024\/07\/Sommercamp-der-Grundschule-2.-Woche-14.jpeg?strip=all&amp;w=450 450w\" sizes=\"(max-width: 564px) 100vw, 564px\" \/>\n\t\t<div class=\"figc no-description\">\n\t\t\t<div class=\"figc-inner\">\n\t\t\t\t\t\t\t\t\t\t\t\t\t\t\t<\/div>\n\t\t<\/div>\n\n\t<\/div>\n\n<\/div><div class=\"modula-item effect-pufrobo jtg-filter-all jtg-filter-\" >\n\t<div class=\"modula-item-overlay\"><\/div>\n\n\t<div class=\"modula-item-content\">\n\n\t\t<a data-image-id=\"83269\" role=\"button\" data-elementor-open-lightbox=\"no\" tabindex=\"0\" rel=\"jtg-83306\" data-caption=\"\" aria-label=\"Bilder in Lightbox \u00f6ffnen\" data-thumb=\"https:\/\/e969z83yjsq.exactdn.com\/wp-content\/uploads\/2024\/07\/Sommercamp-der-Grundschule-2.-Woche-4-239x423.jpeg?strip=all\" class=\"tile-inner modula-item-link\"><\/a><img decoding=\"async\" class=\"pic wp-image-83269\"  data-valign=\"middle\" data-halign=\"center\" alt=\"\" data-full=\"https:\/\/www.dstenerife.eu\/wp-content\/uploads\/2024\/07\/Sommercamp-der-Grundschule-2.-Woche-4.jpeg\" title=\"oplus_34\" crop=\"\" width=\"239\" height=\"423\" src=\"https:\/\/e969z83yjsq.exactdn.com\/wp-content\/uploads\/2024\/07\/Sommercamp-der-Grundschule-2.-Woche-4-239x423.jpeg?strip=all\" data-src=\"https:\/\/e969z83yjsq.exactdn.com\/wp-content\/uploads\/2024\/07\/Sommercamp-der-Grundschule-2.-Woche-4-239x423.jpeg?strip=all\" data-caption=\"oplus_34\" srcset=\"https:\/\/e969z83yjsq.exactdn.com\/wp-content\/uploads\/2024\/07\/Sommercamp-der-Grundschule-2.-Woche-4.jpeg?strip=all 1083w, https:\/\/e969z83yjsq.exactdn.com\/wp-content\/uploads\/2024\/07\/Sommercamp-der-Grundschule-2.-Woche-4-239x423.jpeg?strip=all 239w, https:\/\/e969z83yjsq.exactdn.com\/wp-content\/uploads\/2024\/07\/Sommercamp-der-Grundschule-2.-Woche-4-406x720.jpeg?strip=all 406w, https:\/\/e969z83yjsq.exactdn.com\/wp-content\/uploads\/2024\/07\/Sommercamp-der-Grundschule-2.-Woche-4-768x1362.jpeg?strip=all 768w, https:\/\/e969z83yjsq.exactdn.com\/wp-content\/uploads\/2024\/07\/Sommercamp-der-Grundschule-2.-Woche-4-866x1536.jpeg?strip=all 866w, https:\/\/e969z83yjsq.exactdn.com\/wp-content\/uploads\/2024\/07\/Sommercamp-der-Grundschule-2.-Woche-4-320x567.jpeg?strip=all 320w, https:\/\/e969z83yjsq.exactdn.com\/wp-content\/uploads\/2024\/07\/Sommercamp-der-Grundschule-2.-Woche-4.jpeg?strip=all&amp;w=649 649w\" sizes=\"(max-width: 239px) 100vw, 239px\" \/>\n\t\t<div class=\"figc\">\n\t\t\t<div class=\"figc-inner\">\n\t\t\t\t\t\t\t\t\t\t\t\t\t\t\t<\/div>\n\t\t<\/div>\n\n\t<\/div>\n\n<\/div><div class=\"modula-item effect-pufrobo jtg-filter-all jtg-filter-\" >\n\t<div class=\"modula-item-overlay\"><\/div>\n\n\t<div class=\"modula-item-content\">\n\n\t\t<a data-image-id=\"83267\" role=\"button\" data-elementor-open-lightbox=\"no\" tabindex=\"0\" rel=\"jtg-83306\" data-caption=\"\" aria-label=\"Bilder in Lightbox \u00f6ffnen\" data-thumb=\"https:\/\/e969z83yjsq.exactdn.com\/wp-content\/uploads\/2024\/07\/Sommercamp-der-Grundschule-2.-Woche-3-750x423.jpeg?strip=all\" class=\"tile-inner modula-item-link\"><\/a><img decoding=\"async\" class=\"pic wp-image-83267\"  data-valign=\"middle\" data-halign=\"center\" alt=\"\" data-full=\"https:\/\/www.dstenerife.eu\/wp-content\/uploads\/2024\/07\/Sommercamp-der-Grundschule-2.-Woche-3.jpeg\" title=\"oplus_2\" crop=\"\" width=\"750\" height=\"423\" src=\"https:\/\/e969z83yjsq.exactdn.com\/wp-content\/uploads\/2024\/07\/Sommercamp-der-Grundschule-2.-Woche-3-750x423.jpeg?strip=all\" data-src=\"https:\/\/e969z83yjsq.exactdn.com\/wp-content\/uploads\/2024\/07\/Sommercamp-der-Grundschule-2.-Woche-3-750x423.jpeg?strip=all\" data-caption=\"oplus_2\" srcset=\"https:\/\/e969z83yjsq.exactdn.com\/wp-content\/uploads\/2024\/07\/Sommercamp-der-Grundschule-2.-Woche-3.jpeg?strip=all 1920w, https:\/\/e969z83yjsq.exactdn.com\/wp-content\/uploads\/2024\/07\/Sommercamp-der-Grundschule-2.-Woche-3-750x423.jpeg?strip=all 750w, https:\/\/e969z83yjsq.exactdn.com\/wp-content\/uploads\/2024\/07\/Sommercamp-der-Grundschule-2.-Woche-3-1276x720.jpeg?strip=all 1276w, https:\/\/e969z83yjsq.exactdn.com\/wp-content\/uploads\/2024\/07\/Sommercamp-der-Grundschule-2.-Woche-3-768x433.jpeg?strip=all 768w, https:\/\/e969z83yjsq.exactdn.com\/wp-content\/uploads\/2024\/07\/Sommercamp-der-Grundschule-2.-Woche-3-1536x866.jpeg?strip=all 1536w, https:\/\/e969z83yjsq.exactdn.com\/wp-content\/uploads\/2024\/07\/Sommercamp-der-Grundschule-2.-Woche-3-320x181.jpeg?strip=all 320w, https:\/\/e969z83yjsq.exactdn.com\/wp-content\/uploads\/2024\/07\/Sommercamp-der-Grundschule-2.-Woche-3-752x423.jpeg?strip=all 752w, https:\/\/e969z83yjsq.exactdn.com\/wp-content\/uploads\/2024\/07\/Sommercamp-der-Grundschule-2.-Woche-3.jpeg?strip=all&amp;w=384 384w, https:\/\/e969z83yjsq.exactdn.com\/wp-content\/uploads\/2024\/07\/Sommercamp-der-Grundschule-2.-Woche-3.jpeg?strip=all&amp;w=1152 1152w, https:\/\/e969z83yjsq.exactdn.com\/wp-content\/uploads\/2024\/07\/Sommercamp-der-Grundschule-2.-Woche-3.jpeg?strip=all&amp;w=450 450w\" sizes=\"(max-width: 750px) 100vw, 750px\" \/>\n\t\t<div class=\"figc\">\n\t\t\t<div class=\"figc-inner\">\n\t\t\t\t\t\t\t\t\t\t\t\t\t\t\t<\/div>\n\t\t<\/div>\n\n\t<\/div>\n\n<\/div><div class=\"modula-item effect-pufrobo jtg-filter-all jtg-filter-\" >\n\t<div class=\"modula-item-overlay\"><\/div>\n\n\t<div class=\"modula-item-content\">\n\n\t\t<a data-image-id=\"83265\" role=\"button\" data-elementor-open-lightbox=\"no\" tabindex=\"0\" rel=\"jtg-83306\" data-caption=\"\" aria-label=\"Bilder in Lightbox \u00f6ffnen\" data-thumb=\"https:\/\/e969z83yjsq.exactdn.com\/wp-content\/uploads\/2024\/07\/Sommercamp-der-Grundschule-2.-Woche-2-239x423.jpeg?strip=all\" class=\"tile-inner modula-item-link\"><\/a><img loading=\"lazy\" decoding=\"async\" class=\"pic wp-image-83265\"  data-valign=\"middle\" data-halign=\"center\" alt=\"\" data-full=\"https:\/\/www.dstenerife.eu\/wp-content\/uploads\/2024\/07\/Sommercamp-der-Grundschule-2.-Woche-2.jpeg\" title=\"oplus_34\" crop=\"\" width=\"239\" height=\"423\" src=\"https:\/\/e969z83yjsq.exactdn.com\/wp-content\/uploads\/2024\/07\/Sommercamp-der-Grundschule-2.-Woche-2-239x423.jpeg?strip=all\" data-src=\"https:\/\/e969z83yjsq.exactdn.com\/wp-content\/uploads\/2024\/07\/Sommercamp-der-Grundschule-2.-Woche-2-239x423.jpeg?strip=all\" data-caption=\"oplus_34\" srcset=\"https:\/\/e969z83yjsq.exactdn.com\/wp-content\/uploads\/2024\/07\/Sommercamp-der-Grundschule-2.-Woche-2.jpeg?strip=all 1083w, https:\/\/e969z83yjsq.exactdn.com\/wp-content\/uploads\/2024\/07\/Sommercamp-der-Grundschule-2.-Woche-2-239x423.jpeg?strip=all 239w, https:\/\/e969z83yjsq.exactdn.com\/wp-content\/uploads\/2024\/07\/Sommercamp-der-Grundschule-2.-Woche-2-406x720.jpeg?strip=all 406w, https:\/\/e969z83yjsq.exactdn.com\/wp-content\/uploads\/2024\/07\/Sommercamp-der-Grundschule-2.-Woche-2-768x1362.jpeg?strip=all 768w, https:\/\/e969z83yjsq.exactdn.com\/wp-content\/uploads\/2024\/07\/Sommercamp-der-Grundschule-2.-Woche-2-866x1536.jpeg?strip=all 866w, https:\/\/e969z83yjsq.exactdn.com\/wp-content\/uploads\/2024\/07\/Sommercamp-der-Grundschule-2.-Woche-2-320x567.jpeg?strip=all 320w, https:\/\/e969z83yjsq.exactdn.com\/wp-content\/uploads\/2024\/07\/Sommercamp-der-Grundschule-2.-Woche-2.jpeg?strip=all&amp;w=649 649w\" sizes=\"(max-width: 239px) 100vw, 239px\" \/>\n\t\t<div class=\"figc\">\n\t\t\t<div class=\"figc-inner\">\n\t\t\t\t\t\t\t\t\t\t\t\t\t\t\t<\/div>\n\t\t<\/div>\n\n\t<\/div>\n\n<\/div><div class=\"modula-item effect-pufrobo jtg-filter-all jtg-filter-\" >\n\t<div class=\"modula-item-overlay\"><\/div>\n\n\t<div class=\"modula-item-content\">\n\n\t\t<a data-image-id=\"83263\" role=\"button\" data-elementor-open-lightbox=\"no\" tabindex=\"0\" rel=\"jtg-83306\" data-caption=\"\" aria-label=\"Bilder in Lightbox \u00f6ffnen\" data-thumb=\"https:\/\/e969z83yjsq.exactdn.com\/wp-content\/uploads\/2024\/07\/Sommercamp-der-Grundschule-2.-Woche-1-239x423.jpeg?strip=all\" class=\"tile-inner modula-item-link\"><\/a><img loading=\"lazy\" decoding=\"async\" class=\"pic wp-image-83263\"  data-valign=\"middle\" data-halign=\"center\" alt=\"\" data-full=\"https:\/\/www.dstenerife.eu\/wp-content\/uploads\/2024\/07\/Sommercamp-der-Grundschule-2.-Woche-1.jpeg\" title=\"oplus_34\" crop=\"\" width=\"239\" height=\"423\" src=\"https:\/\/e969z83yjsq.exactdn.com\/wp-content\/uploads\/2024\/07\/Sommercamp-der-Grundschule-2.-Woche-1-239x423.jpeg?strip=all\" data-src=\"https:\/\/e969z83yjsq.exactdn.com\/wp-content\/uploads\/2024\/07\/Sommercamp-der-Grundschule-2.-Woche-1-239x423.jpeg?strip=all\" data-caption=\"oplus_34\" srcset=\"https:\/\/e969z83yjsq.exactdn.com\/wp-content\/uploads\/2024\/07\/Sommercamp-der-Grundschule-2.-Woche-1.jpeg?strip=all 1083w, https:\/\/e969z83yjsq.exactdn.com\/wp-content\/uploads\/2024\/07\/Sommercamp-der-Grundschule-2.-Woche-1-239x423.jpeg?strip=all 239w, https:\/\/e969z83yjsq.exactdn.com\/wp-content\/uploads\/2024\/07\/Sommercamp-der-Grundschule-2.-Woche-1-406x720.jpeg?strip=all 406w, https:\/\/e969z83yjsq.exactdn.com\/wp-content\/uploads\/2024\/07\/Sommercamp-der-Grundschule-2.-Woche-1-768x1362.jpeg?strip=all 768w, https:\/\/e969z83yjsq.exactdn.com\/wp-content\/uploads\/2024\/07\/Sommercamp-der-Grundschule-2.-Woche-1-866x1536.jpeg?strip=all 866w, https:\/\/e969z83yjsq.exactdn.com\/wp-content\/uploads\/2024\/07\/Sommercamp-der-Grundschule-2.-Woche-1-320x567.jpeg?strip=all 320w, https:\/\/e969z83yjsq.exactdn.com\/wp-content\/uploads\/2024\/07\/Sommercamp-der-Grundschule-2.-Woche-1.jpeg?strip=all&amp;w=649 649w\" sizes=\"(max-width: 239px) 100vw, 239px\" \/>\n\t\t<div class=\"figc\">\n\t\t\t<div class=\"figc-inner\">\n\t\t\t\t\t\t\t\t\t\t\t\t\t\t\t<\/div>\n\t\t<\/div>\n\n\t<\/div>\n\n<\/div><div class=\"modula-item effect-pufrobo jtg-filter-all jtg-filter-\" >\n\t<div class=\"modula-item-overlay\"><\/div>\n\n\t<div class=\"modula-item-content\">\n\n\t\t<a data-image-id=\"83271\" role=\"button\" data-elementor-open-lightbox=\"no\" tabindex=\"0\" rel=\"jtg-83306\" data-caption=\"\" aria-label=\"Bilder in Lightbox \u00f6ffnen\" data-thumb=\"https:\/\/e969z83yjsq.exactdn.com\/wp-content\/uploads\/2024\/07\/Sommercamp-der-Grundschule-2.-Woche-5-239x423.jpeg?strip=all\" class=\"tile-inner modula-item-link\"><\/a><img loading=\"lazy\" decoding=\"async\" class=\"pic wp-image-83271\"  data-valign=\"middle\" data-halign=\"center\" alt=\"\" data-full=\"https:\/\/www.dstenerife.eu\/wp-content\/uploads\/2024\/07\/Sommercamp-der-Grundschule-2.-Woche-5.jpeg\" title=\"oplus_34\" crop=\"\" width=\"239\" height=\"423\" src=\"https:\/\/e969z83yjsq.exactdn.com\/wp-content\/uploads\/2024\/07\/Sommercamp-der-Grundschule-2.-Woche-5-239x423.jpeg?strip=all\" data-src=\"https:\/\/e969z83yjsq.exactdn.com\/wp-content\/uploads\/2024\/07\/Sommercamp-der-Grundschule-2.-Woche-5-239x423.jpeg?strip=all\" data-caption=\"oplus_34\" srcset=\"https:\/\/e969z83yjsq.exactdn.com\/wp-content\/uploads\/2024\/07\/Sommercamp-der-Grundschule-2.-Woche-5.jpeg?strip=all 1083w, https:\/\/e969z83yjsq.exactdn.com\/wp-content\/uploads\/2024\/07\/Sommercamp-der-Grundschule-2.-Woche-5-239x423.jpeg?strip=all 239w, https:\/\/e969z83yjsq.exactdn.com\/wp-content\/uploads\/2024\/07\/Sommercamp-der-Grundschule-2.-Woche-5-406x720.jpeg?strip=all 406w, https:\/\/e969z83yjsq.exactdn.com\/wp-content\/uploads\/2024\/07\/Sommercamp-der-Grundschule-2.-Woche-5-768x1362.jpeg?strip=all 768w, https:\/\/e969z83yjsq.exactdn.com\/wp-content\/uploads\/2024\/07\/Sommercamp-der-Grundschule-2.-Woche-5-866x1536.jpeg?strip=all 866w, https:\/\/e969z83yjsq.exactdn.com\/wp-content\/uploads\/2024\/07\/Sommercamp-der-Grundschule-2.-Woche-5-320x567.jpeg?strip=all 320w, https:\/\/e969z83yjsq.exactdn.com\/wp-content\/uploads\/2024\/07\/Sommercamp-der-Grundschule-2.-Woche-5.jpeg?strip=all&amp;w=649 649w\" sizes=\"(max-width: 239px) 100vw, 239px\" \/>\n\t\t<div class=\"figc\">\n\t\t\t<div class=\"figc-inner\">\n\t\t\t\t\t\t\t\t\t\t\t\t\t\t\t<\/div>\n\t\t<\/div>\n\n\t<\/div>\n\n<\/div><div class=\"modula-item effect-pufrobo jtg-filter-all jtg-filter-\" >\n\t<div class=\"modula-item-overlay\"><\/div>\n\n\t<div class=\"modula-item-content\">\n\n\t\t<a data-image-id=\"83287\" role=\"button\" data-elementor-open-lightbox=\"no\" tabindex=\"0\" rel=\"jtg-83306\" data-caption=\"\" aria-label=\"Bilder in Lightbox \u00f6ffnen\" data-thumb=\"https:\/\/e969z83yjsq.exactdn.com\/wp-content\/uploads\/2024\/07\/Sommercamp-der-Grundschule-2.-Woche-13-564x423.jpeg?strip=all\" class=\"tile-inner modula-item-link\"><\/a><img loading=\"lazy\" decoding=\"async\" class=\"pic wp-image-83287\"  data-valign=\"middle\" data-halign=\"center\" alt=\"\" data-full=\"https:\/\/www.dstenerife.eu\/wp-content\/uploads\/2024\/07\/Sommercamp-der-Grundschule-2.-Woche-13.jpeg\" title=\"Sommercamp der Grundschule 2. Woche (13)\" crop=\"\" width=\"564\" height=\"423\" src=\"https:\/\/e969z83yjsq.exactdn.com\/wp-content\/uploads\/2024\/07\/Sommercamp-der-Grundschule-2.-Woche-13-564x423.jpeg?strip=all\" data-src=\"https:\/\/e969z83yjsq.exactdn.com\/wp-content\/uploads\/2024\/07\/Sommercamp-der-Grundschule-2.-Woche-13-564x423.jpeg?strip=all\" data-caption=\"\" srcset=\"https:\/\/e969z83yjsq.exactdn.com\/wp-content\/uploads\/2024\/07\/Sommercamp-der-Grundschule-2.-Woche-13.jpeg?strip=all 1600w, https:\/\/e969z83yjsq.exactdn.com\/wp-content\/uploads\/2024\/07\/Sommercamp-der-Grundschule-2.-Woche-13-564x423.jpeg?strip=all 564w, https:\/\/e969z83yjsq.exactdn.com\/wp-content\/uploads\/2024\/07\/Sommercamp-der-Grundschule-2.-Woche-13-960x720.jpeg?strip=all 960w, https:\/\/e969z83yjsq.exactdn.com\/wp-content\/uploads\/2024\/07\/Sommercamp-der-Grundschule-2.-Woche-13-768x576.jpeg?strip=all 768w, https:\/\/e969z83yjsq.exactdn.com\/wp-content\/uploads\/2024\/07\/Sommercamp-der-Grundschule-2.-Woche-13-1536x1152.jpeg?strip=all 1536w, https:\/\/e969z83yjsq.exactdn.com\/wp-content\/uploads\/2024\/07\/Sommercamp-der-Grundschule-2.-Woche-13-320x240.jpeg?strip=all 320w, https:\/\/e969z83yjsq.exactdn.com\/wp-content\/uploads\/2024\/07\/Sommercamp-der-Grundschule-2.-Woche-13.jpeg?strip=all&amp;w=640 640w, https:\/\/e969z83yjsq.exactdn.com\/wp-content\/uploads\/2024\/07\/Sommercamp-der-Grundschule-2.-Woche-13.jpeg?strip=all&amp;w=1280 1280w, https:\/\/e969z83yjsq.exactdn.com\/wp-content\/uploads\/2024\/07\/Sommercamp-der-Grundschule-2.-Woche-13.jpeg?strip=all&amp;w=450 450w\" sizes=\"(max-width: 564px) 100vw, 564px\" \/>\n\t\t<div class=\"figc no-description\">\n\t\t\t<div class=\"figc-inner\">\n\t\t\t\t\t\t\t\t\t\t\t\t\t\t\t<\/div>\n\t\t<\/div>\n\n\t<\/div>\n\n<\/div><div class=\"modula-item effect-pufrobo jtg-filter-all jtg-filter-\" >\n\t<div class=\"modula-item-overlay\"><\/div>\n\n\t<div class=\"modula-item-content\">\n\n\t\t<a data-image-id=\"83285\" role=\"button\" data-elementor-open-lightbox=\"no\" tabindex=\"0\" rel=\"jtg-83306\" data-caption=\"\" aria-label=\"Bilder in Lightbox \u00f6ffnen\" data-thumb=\"https:\/\/e969z83yjsq.exactdn.com\/wp-content\/uploads\/2024\/07\/Sommercamp-der-Grundschule-2.-Woche-12-752x322.jpeg?strip=all\" class=\"tile-inner modula-item-link\"><\/a><img loading=\"lazy\" decoding=\"async\" class=\"pic wp-image-83285\"  data-valign=\"middle\" data-halign=\"center\" alt=\"\" data-full=\"https:\/\/www.dstenerife.eu\/wp-content\/uploads\/2024\/07\/Sommercamp-der-Grundschule-2.-Woche-12.jpeg\" title=\"Sommercamp der Grundschule 2. Woche (12)\" crop=\"\" width=\"752\" height=\"322\" src=\"https:\/\/e969z83yjsq.exactdn.com\/wp-content\/uploads\/2024\/07\/Sommercamp-der-Grundschule-2.-Woche-12-752x322.jpeg?strip=all\" data-src=\"https:\/\/e969z83yjsq.exactdn.com\/wp-content\/uploads\/2024\/07\/Sommercamp-der-Grundschule-2.-Woche-12-752x322.jpeg?strip=all\" data-caption=\"\" srcset=\"https:\/\/e969z83yjsq.exactdn.com\/wp-content\/uploads\/2024\/07\/Sommercamp-der-Grundschule-2.-Woche-12.jpeg?strip=all 875w, https:\/\/e969z83yjsq.exactdn.com\/wp-content\/uploads\/2024\/07\/Sommercamp-der-Grundschule-2.-Woche-12-752x322.jpeg?strip=all 752w, https:\/\/e969z83yjsq.exactdn.com\/wp-content\/uploads\/2024\/07\/Sommercamp-der-Grundschule-2.-Woche-12-768x329.jpeg?strip=all 768w, https:\/\/e969z83yjsq.exactdn.com\/wp-content\/uploads\/2024\/07\/Sommercamp-der-Grundschule-2.-Woche-12-320x137.jpeg?strip=all 320w, https:\/\/e969z83yjsq.exactdn.com\/wp-content\/uploads\/2024\/07\/Sommercamp-der-Grundschule-2.-Woche-12.jpeg?strip=all&amp;w=175 175w, https:\/\/e969z83yjsq.exactdn.com\/wp-content\/uploads\/2024\/07\/Sommercamp-der-Grundschule-2.-Woche-12.jpeg?strip=all&amp;w=525 525w, https:\/\/e969z83yjsq.exactdn.com\/wp-content\/uploads\/2024\/07\/Sommercamp-der-Grundschule-2.-Woche-12.jpeg?strip=all&amp;w=700 700w, https:\/\/e969z83yjsq.exactdn.com\/wp-content\/uploads\/2024\/07\/Sommercamp-der-Grundschule-2.-Woche-12.jpeg?strip=all&amp;w=450 450w\" sizes=\"(max-width: 752px) 100vw, 752px\" \/>\n\t\t<div class=\"figc no-description\">\n\t\t\t<div class=\"figc-inner\">\n\t\t\t\t\t\t\t\t\t\t\t\t\t\t\t<\/div>\n\t\t<\/div>\n\n\t<\/div>\n\n<\/div><div class=\"modula-item effect-pufrobo jtg-filter-all jtg-filter-\" >\n\t<div class=\"modula-item-overlay\"><\/div>\n\n\t<div class=\"modula-item-content\">\n\n\t\t<a data-image-id=\"83283\" role=\"button\" data-elementor-open-lightbox=\"no\" tabindex=\"0\" rel=\"jtg-83306\" data-caption=\"\" aria-label=\"Bilder in Lightbox \u00f6ffnen\" data-thumb=\"https:\/\/e969z83yjsq.exactdn.com\/wp-content\/uploads\/2024\/07\/Sommercamp-der-Grundschule-2.-Woche-11-564x423.jpeg?strip=all\" class=\"tile-inner modula-item-link\"><\/a><img loading=\"lazy\" decoding=\"async\" class=\"pic wp-image-83283\"  data-valign=\"middle\" data-halign=\"center\" alt=\"\" data-full=\"https:\/\/www.dstenerife.eu\/wp-content\/uploads\/2024\/07\/Sommercamp-der-Grundschule-2.-Woche-11.jpeg\" title=\"Sommercamp der Grundschule 2. Woche (11)\" crop=\"\" width=\"564\" height=\"423\" src=\"https:\/\/e969z83yjsq.exactdn.com\/wp-content\/uploads\/2024\/07\/Sommercamp-der-Grundschule-2.-Woche-11-564x423.jpeg?strip=all\" data-src=\"https:\/\/e969z83yjsq.exactdn.com\/wp-content\/uploads\/2024\/07\/Sommercamp-der-Grundschule-2.-Woche-11-564x423.jpeg?strip=all\" data-caption=\"\" srcset=\"https:\/\/e969z83yjsq.exactdn.com\/wp-content\/uploads\/2024\/07\/Sommercamp-der-Grundschule-2.-Woche-11.jpeg?strip=all 1600w, https:\/\/e969z83yjsq.exactdn.com\/wp-content\/uploads\/2024\/07\/Sommercamp-der-Grundschule-2.-Woche-11-564x423.jpeg?strip=all 564w, https:\/\/e969z83yjsq.exactdn.com\/wp-content\/uploads\/2024\/07\/Sommercamp-der-Grundschule-2.-Woche-11-960x720.jpeg?strip=all 960w, https:\/\/e969z83yjsq.exactdn.com\/wp-content\/uploads\/2024\/07\/Sommercamp-der-Grundschule-2.-Woche-11-768x576.jpeg?strip=all 768w, https:\/\/e969z83yjsq.exactdn.com\/wp-content\/uploads\/2024\/07\/Sommercamp-der-Grundschule-2.-Woche-11-1536x1152.jpeg?strip=all 1536w, https:\/\/e969z83yjsq.exactdn.com\/wp-content\/uploads\/2024\/07\/Sommercamp-der-Grundschule-2.-Woche-11-320x240.jpeg?strip=all 320w, https:\/\/e969z83yjsq.exactdn.com\/wp-content\/uploads\/2024\/07\/Sommercamp-der-Grundschule-2.-Woche-11.jpeg?strip=all&amp;w=640 640w, https:\/\/e969z83yjsq.exactdn.com\/wp-content\/uploads\/2024\/07\/Sommercamp-der-Grundschule-2.-Woche-11.jpeg?strip=all&amp;w=1280 1280w, https:\/\/e969z83yjsq.exactdn.com\/wp-content\/uploads\/2024\/07\/Sommercamp-der-Grundschule-2.-Woche-11.jpeg?strip=all&amp;w=450 450w\" sizes=\"(max-width: 564px) 100vw, 564px\" \/>\n\t\t<div class=\"figc no-description\">\n\t\t\t<div class=\"figc-inner\">\n\t\t\t\t\t\t\t\t\t\t\t\t\t\t\t<\/div>\n\t\t<\/div>\n\n\t<\/div>\n\n<\/div><div class=\"modula-item effect-pufrobo jtg-filter-all jtg-filter-\" >\n\t<div class=\"modula-item-overlay\"><\/div>\n\n\t<div class=\"modula-item-content\">\n\n\t\t<a data-image-id=\"83281\" role=\"button\" data-elementor-open-lightbox=\"no\" tabindex=\"0\" rel=\"jtg-83306\" data-caption=\"\" aria-label=\"Bilder in Lightbox \u00f6ffnen\" data-thumb=\"https:\/\/e969z83yjsq.exactdn.com\/wp-content\/uploads\/2024\/07\/Sommercamp-der-Grundschule-2.-Woche-10-750x423.jpeg?strip=all\" class=\"tile-inner modula-item-link\"><\/a><img loading=\"lazy\" decoding=\"async\" class=\"pic wp-image-83281\"  data-valign=\"middle\" data-halign=\"center\" alt=\"\" data-full=\"https:\/\/www.dstenerife.eu\/wp-content\/uploads\/2024\/07\/Sommercamp-der-Grundschule-2.-Woche-10.jpeg\" title=\"oplus_2\" crop=\"\" width=\"750\" height=\"423\" src=\"https:\/\/e969z83yjsq.exactdn.com\/wp-content\/uploads\/2024\/07\/Sommercamp-der-Grundschule-2.-Woche-10-750x423.jpeg?strip=all\" data-src=\"https:\/\/e969z83yjsq.exactdn.com\/wp-content\/uploads\/2024\/07\/Sommercamp-der-Grundschule-2.-Woche-10-750x423.jpeg?strip=all\" data-caption=\"oplus_2\" srcset=\"https:\/\/e969z83yjsq.exactdn.com\/wp-content\/uploads\/2024\/07\/Sommercamp-der-Grundschule-2.-Woche-10.jpeg?strip=all 1920w, https:\/\/e969z83yjsq.exactdn.com\/wp-content\/uploads\/2024\/07\/Sommercamp-der-Grundschule-2.-Woche-10-750x423.jpeg?strip=all 750w, https:\/\/e969z83yjsq.exactdn.com\/wp-content\/uploads\/2024\/07\/Sommercamp-der-Grundschule-2.-Woche-10-1276x720.jpeg?strip=all 1276w, https:\/\/e969z83yjsq.exactdn.com\/wp-content\/uploads\/2024\/07\/Sommercamp-der-Grundschule-2.-Woche-10-768x433.jpeg?strip=all 768w, https:\/\/e969z83yjsq.exactdn.com\/wp-content\/uploads\/2024\/07\/Sommercamp-der-Grundschule-2.-Woche-10-1536x866.jpeg?strip=all 1536w, https:\/\/e969z83yjsq.exactdn.com\/wp-content\/uploads\/2024\/07\/Sommercamp-der-Grundschule-2.-Woche-10-320x181.jpeg?strip=all 320w, https:\/\/e969z83yjsq.exactdn.com\/wp-content\/uploads\/2024\/07\/Sommercamp-der-Grundschule-2.-Woche-10.jpeg?strip=all&amp;w=384 384w, https:\/\/e969z83yjsq.exactdn.com\/wp-content\/uploads\/2024\/07\/Sommercamp-der-Grundschule-2.-Woche-10.jpeg?strip=all&amp;w=1152 1152w, https:\/\/e969z83yjsq.exactdn.com\/wp-content\/uploads\/2024\/07\/Sommercamp-der-Grundschule-2.-Woche-10.jpeg?strip=all&amp;w=450 450w\" sizes=\"(max-width: 750px) 100vw, 750px\" \/>\n\t\t<div class=\"figc\">\n\t\t\t<div class=\"figc-inner\">\n\t\t\t\t\t\t\t\t\t\t\t\t\t\t\t<\/div>\n\t\t<\/div>\n\n\t<\/div>\n\n<\/div><div class=\"modula-item effect-pufrobo jtg-filter-all jtg-filter-\" >\n\t<div class=\"modula-item-overlay\"><\/div>\n\n\t<div class=\"modula-item-content\">\n\n\t\t<a data-image-id=\"83275\" role=\"button\" data-elementor-open-lightbox=\"no\" tabindex=\"0\" rel=\"jtg-83306\" data-caption=\"\" aria-label=\"Bilder in Lightbox \u00f6ffnen\" data-thumb=\"https:\/\/e969z83yjsq.exactdn.com\/wp-content\/uploads\/2024\/07\/Sommercamp-der-Grundschule-2.-Woche-7-239x423.jpeg?strip=all\" class=\"tile-inner modula-item-link\"><\/a><img loading=\"lazy\" decoding=\"async\" class=\"pic wp-image-83275\"  data-valign=\"middle\" data-halign=\"center\" alt=\"\" data-full=\"https:\/\/www.dstenerife.eu\/wp-content\/uploads\/2024\/07\/Sommercamp-der-Grundschule-2.-Woche-7.jpeg\" title=\"oplus_34\" crop=\"\" width=\"239\" height=\"423\" src=\"https:\/\/e969z83yjsq.exactdn.com\/wp-content\/uploads\/2024\/07\/Sommercamp-der-Grundschule-2.-Woche-7-239x423.jpeg?strip=all\" data-src=\"https:\/\/e969z83yjsq.exactdn.com\/wp-content\/uploads\/2024\/07\/Sommercamp-der-Grundschule-2.-Woche-7-239x423.jpeg?strip=all\" data-caption=\"oplus_34\" srcset=\"https:\/\/e969z83yjsq.exactdn.com\/wp-content\/uploads\/2024\/07\/Sommercamp-der-Grundschule-2.-Woche-7.jpeg?strip=all 1083w, https:\/\/e969z83yjsq.exactdn.com\/wp-content\/uploads\/2024\/07\/Sommercamp-der-Grundschule-2.-Woche-7-239x423.jpeg?strip=all 239w, https:\/\/e969z83yjsq.exactdn.com\/wp-content\/uploads\/2024\/07\/Sommercamp-der-Grundschule-2.-Woche-7-406x720.jpeg?strip=all 406w, https:\/\/e969z83yjsq.exactdn.com\/wp-content\/uploads\/2024\/07\/Sommercamp-der-Grundschule-2.-Woche-7-768x1362.jpeg?strip=all 768w, https:\/\/e969z83yjsq.exactdn.com\/wp-content\/uploads\/2024\/07\/Sommercamp-der-Grundschule-2.-Woche-7-866x1536.jpeg?strip=all 866w, https:\/\/e969z83yjsq.exactdn.com\/wp-content\/uploads\/2024\/07\/Sommercamp-der-Grundschule-2.-Woche-7-320x567.jpeg?strip=all 320w, https:\/\/e969z83yjsq.exactdn.com\/wp-content\/uploads\/2024\/07\/Sommercamp-der-Grundschule-2.-Woche-7.jpeg?strip=all&amp;w=649 649w\" sizes=\"(max-width: 239px) 100vw, 239px\" \/>\n\t\t<div class=\"figc\">\n\t\t\t<div class=\"figc-inner\">\n\t\t\t\t\t\t\t\t\t\t\t\t\t\t\t<\/div>\n\t\t<\/div>\n\n\t<\/div>\n\n<\/div>\t\t\n\t<\/div>\n\n\t\n\t\n\t<script type=\"application\/ld+json\">\n\t{\n\t\t\"@context\": \"http:\/\/schema.org\",\n\t\t\"@type\"   : \"ImageGallery\",\n\t\t\"id\"      : \"https:\/\/www.dstenerife.eu\/de\/sommercamp-der-grundschule-2-woche\/\",\n\t\t\"url\"     : \"https:\/\/www.dstenerife.eu\/de\/sommercamp-der-grundschule-2-woche\/\"\n\t}\n\n\t<\/script>\n\n\t\n<\/div>\n\n","protected":false},"excerpt":{"rendered":"<p>Die zweite Sommercamp-Woche war auch toll! Wir haben mit einer Verkehrsaktivit\u00e4t angefangen, in der alle Kinder [&hellip;]<\/p>\n","protected":false},"author":17,"featured_media":83267,"comment_status":"closed","ping_status":"closed","sticky":false,"template":"","format":"standard","meta":{"site-sidebar-layout":"default","site-content-layout":"","ast-site-content-layout":"default","site-content-style":"default","site-sidebar-style":"default","ast-global-header-display":"","ast-banner-title-visibility":"","ast-main-header-display":"","ast-hfb-above-header-display":"","ast-hfb-below-header-display":"","ast-hfb-mobile-header-display":"","site-post-title":"","ast-breadcrumbs-content":"","ast-featured-img":"","footer-sml-layout":"","ast-disable-related-posts":"","theme-transparent-header-meta":"default","adv-header-id-meta":"","stick-header-meta":"default","header-above-stick-meta":"","header-main-stick-meta":"","header-below-stick-meta":"","astra-migrate-meta-layouts":"set","ast-page-background-enabled":"default","ast-page-background-meta":{"desktop":{"background-color":"","background-image":"","background-repeat":"repeat","background-position":"center center","background-size":"auto","background-attachment":"scroll","background-type":"","background-media":"","overlay-type":"","overlay-color":"","overlay-opacity":"","overlay-gradient":""},"tablet":{"background-color":"","background-image":"","background-repeat":"repeat","background-position":"center center","background-size":"auto","background-attachment":"scroll","background-type":"","background-media":"","overlay-type":"","overlay-color":"","overlay-opacity":"","overlay-gradient":""},"mobile":{"background-color":"","background-image":"","background-repeat":"repeat","background-position":"center center","background-size":"auto","background-attachment":"scroll","background-type":"","background-media":"","overlay-type":"","overlay-color":"","overlay-opacity":"","overlay-gradient":""}},"ast-content-background-meta":{"desktop":{"background-color":"var(--ast-global-color-5)","background-image":"","background-repeat":"repeat","background-position":"center center","background-size":"auto","background-attachment":"scroll","background-type":"","background-media":"","overlay-type":"","overlay-color":"","overlay-opacity":"","overlay-gradient":""},"tablet":{"background-color":"var(--ast-global-color-5)","background-image":"","background-repeat":"repeat","background-position":"center center","background-size":"auto","background-attachment":"scroll","background-type":"","background-media":"","overlay-type":"","overlay-color":"","overlay-opacity":"","overlay-gradient":""},"mobile":{"background-color":"var(--ast-global-color-5)","background-image":"","background-repeat":"repeat","background-position":"center center","background-size":"auto","background-attachment":"scroll","background-type":"","background-media":"","overlay-type":"","overlay-color":"","overlay-opacity":"","overlay-gradient":""}},"_jet_sm_ready_style":"","_jet_sm_style":"","_jet_sm_controls_values":"","_jet_sm_fonts_collection":"","_jet_sm_fonts_links":"","footnotes":""},"categories":[127],"tags":[],"schlagwortedst":[],"class_list":["post-83297","post","type-post","status-publish","format-standard","has-post-thumbnail","hentry","category-grundschule"],"_links":{"self":[{"href":"https:\/\/www.dstenerife.eu\/de\/wp-json\/wp\/v2\/posts\/83297","targetHints":{"allow":["GET"]}}],"collection":[{"href":"https:\/\/www.dstenerife.eu\/de\/wp-json\/wp\/v2\/posts"}],"about":[{"href":"https:\/\/www.dstenerife.eu\/de\/wp-json\/wp\/v2\/types\/post"}],"author":[{"embeddable":true,"href":"https:\/\/www.dstenerife.eu\/de\/wp-json\/wp\/v2\/users\/17"}],"replies":[{"embeddable":true,"href":"https:\/\/www.dstenerife.eu\/de\/wp-json\/wp\/v2\/comments?post=83297"}],"version-history":[{"count":2,"href":"https:\/\/www.dstenerife.eu\/de\/wp-json\/wp\/v2\/posts\/83297\/revisions"}],"predecessor-version":[{"id":83307,"href":"https:\/\/www.dstenerife.eu\/de\/wp-json\/wp\/v2\/posts\/83297\/revisions\/83307"}],"wp:featuredmedia":[{"embeddable":true,"href":"https:\/\/www.dstenerife.eu\/de\/wp-json\/wp\/v2\/media\/83267"}],"wp:attachment":[{"href":"https:\/\/www.dstenerife.eu\/de\/wp-json\/wp\/v2\/media?parent=83297"}],"wp:term":[{"taxonomy":"category","embeddable":true,"href":"https:\/\/www.dstenerife.eu\/de\/wp-json\/wp\/v2\/categories?post=83297"},{"taxonomy":"post_tag","embeddable":true,"href":"https:\/\/www.dstenerife.eu\/de\/wp-json\/wp\/v2\/tags?post=83297"},{"taxonomy":"schlagwortedst","embeddable":true,"href":"https:\/\/www.dstenerife.eu\/de\/wp-json\/wp\/v2\/schlagwortedst?post=83297"}],"curies":[{"name":"wp","href":"https:\/\/api.w.org\/{rel}","templated":true}]}}