{"id":90597,"date":"2025-02-12T16:02:57","date_gmt":"2025-02-12T16:02:57","guid":{"rendered":"https:\/\/www.dstenerife.eu\/?p=90597"},"modified":"2025-02-12T16:06:51","modified_gmt":"2025-02-12T16:06:51","slug":"konzert-am-19-februar-um-1830-uhr-in-der-aula","status":"publish","type":"post","link":"https:\/\/www.dstenerife.eu\/de\/konzert-am-19-februar-um-1830-uhr-in-der-aula\/","title":{"rendered":"Konzert am 19. Februar um 18:30 Uhr in der Aula"},"content":{"rendered":"<p>Liebe Schulgemeinschaft!<\/p>\n<p>Hiermit m\u00f6chten wir Sie an unser Konzert am <strong>19. Februar um 18:30 Uhr in der Aula der Schule<\/strong>\u00a0erinnern und laden Sie ganz herzlich zu diesem besonderen Event ein. Beim Konzert haben wir f\u00fcr Sie ein abwechslungsreiches Programm zusammengestellt:<\/p>\n<ul>\n<li><strong>Bl\u00e4serklasse 5, Bl\u00e4serklasse 6 und Bl\u00e4serklasse 7<\/strong><\/li>\n<li><strong>die Bandita und der Chor<\/strong><\/li>\n<li><strong>zwei Solistinnen des Wettbewerbs &#8222;Jugend musiziert&#8220;<\/strong><\/li>\n<\/ul>\n<p>Wir freuen uns sehr auf Ihr Kommen und auf einen musikalischen Abend mit Ihnen!<\/p>\n<p><a href=\"https:\/\/e969z83yjsq.exactdn.com\/wp-content\/uploads\/2025\/02\/Concierto-Feb-25-2.jpg?strip=all&w=2560\"><img fetchpriority=\"high\" decoding=\"async\" class=\"aligncenter wp-image-90598 size-large\" src=\"https:\/\/e969z83yjsq.exactdn.com\/wp-content\/uploads\/2025\/02\/Concierto-Feb-25-2-509x720.jpg?strip=all\" alt=\"\" width=\"509\" height=\"720\" srcset=\"https:\/\/e969z83yjsq.exactdn.com\/wp-content\/uploads\/2025\/02\/Concierto-Feb-25-2-509x720.jpg?strip=all 509w, https:\/\/e969z83yjsq.exactdn.com\/wp-content\/uploads\/2025\/02\/Concierto-Feb-25-2-299x423.jpg?strip=all 299w, https:\/\/e969z83yjsq.exactdn.com\/wp-content\/uploads\/2025\/02\/Concierto-Feb-25-2-768x1087.jpg?strip=all 768w, https:\/\/e969z83yjsq.exactdn.com\/wp-content\/uploads\/2025\/02\/Concierto-Feb-25-2-1086x1536.jpg?strip=all 1086w, https:\/\/e969z83yjsq.exactdn.com\/wp-content\/uploads\/2025\/02\/Concierto-Feb-25-2-320x453.jpg?strip=all 320w, https:\/\/e969z83yjsq.exactdn.com\/wp-content\/uploads\/2025\/02\/Concierto-Feb-25-2.jpg?strip=all 1357w, https:\/\/e969z83yjsq.exactdn.com\/wp-content\/uploads\/2025\/02\/Concierto-Feb-25-2.jpg?strip=all&amp;w=450 450w\" sizes=\"(max-width: 509px) 100vw, 509px\" \/><\/a><div  id=\"jtg-90603\" class=\"modula modula-gallery modula-custom-grid\" data-config=\"{&quot;height&quot;:550,&quot;tabletHeight&quot;:450,&quot;mobileHeight&quot;:450,&quot;desktopHeight&quot;:550,&quot;enableTwitter&quot;:false,&quot;enableWhatsapp&quot;:false,&quot;enableFacebook&quot;:false,&quot;enablePinterest&quot;:false,&quot;enableLinkedin&quot;:false,&quot;enableEmail&quot;:false,&quot;randomFactor&quot;:0.5,&quot;type&quot;:&quot;custom-grid&quot;,&quot;columns&quot;:12,&quot;gutter&quot;:10,&quot;mobileGutter&quot;:10,&quot;tabletGutter&quot;:10,&quot;desktopGutter&quot;:10,&quot;enableResponsive&quot;:&quot;0&quot;,&quot;tabletColumns&quot;:2,&quot;mobileColumns&quot;:1,&quot;lazyLoad&quot;:0,&quot;lightboxOpts&quot;:{&quot;animated&quot;:true,&quot;Thumbs&quot;:{&quot;type&quot;:&quot;modern&quot;,&quot;showOnStart&quot;:false,&quot;position&quot;:&quot;left&quot;},&quot;Toolbar&quot;:{&quot;display&quot;:{&quot;right&quot;:[&quot;zoomIn&quot;,&quot;zoomOut&quot;,&quot;thumbs&quot;,&quot;close&quot;],&quot;left&quot;:[&quot;infobar&quot;]},&quot;enabled&quot;:true},&quot;Carousel&quot;:{&quot;Panzoom&quot;:{&quot;touch&quot;:true},&quot;infinite&quot;:true,&quot;transition&quot;:&quot;slide&quot;},&quot;keyboard&quot;:{&quot;Escape&quot;:&quot;close&quot;,&quot;Delete&quot;:&quot;close&quot;,&quot;Backspace&quot;:&quot;close&quot;,&quot;PageUp&quot;:&quot;next&quot;,&quot;PageDown&quot;:&quot;prev&quot;,&quot;ArrowUp&quot;:&quot;prev&quot;,&quot;ArrowDown&quot;:&quot;next&quot;,&quot;ArrowRight&quot;:&quot;next&quot;,&quot;ArrowLeft&quot;:&quot;prev&quot;},&quot;touch&quot;:false,&quot;backdropClick&quot;:false,&quot;l10n&quot;:{&quot;CLOSE&quot;:&quot;Schlie\\u00dfen&quot;,&quot;NEXT&quot;:&quot;Weiter&quot;,&quot;PREV&quot;:&quot;Zur\\u00fcck&quot;,&quot;Error&quot;:&quot;Der angeforderte Inhalt kann nicht geladen werden. Bitte versuche es sp\\u00e4ter noch einmal.&quot;,&quot;PLAY_START&quot;:&quot;Slideshow starten&quot;,&quot;PLAY_STOP&quot;:&quot;Slideshow anhalten&quot;,&quot;FULL_SCREEN&quot;:&quot;Vollbild&quot;,&quot;THUMBS&quot;:&quot;Vorschaubilder&quot;,&quot;DOWNLOAD&quot;:&quot;Download&quot;,&quot;SHARE&quot;:&quot;Teilen&quot;,&quot;ZOOM&quot;:&quot;Vergr\\u00f6\\u00dfern&quot;,&quot;EMAIL&quot;:&quot;Hier ist der Link zum Bild: %%image_link%% und hier ist der Link zur Galerie: %%gallery_link%%&quot;,&quot;MODAL&quot;:&quot;Du kannst diesen Modal-Inhalt mit der ESC-Taste schlie\\u00dfen&quot;,&quot;ERROR&quot;:&quot;Es ist ein Fehler aufgetreten. Bitte versuche es sp\\u00e4ter noch einmal&quot;,&quot;IMAGE_ERROR&quot;:&quot;Bild nicht gefunden&quot;,&quot;ELEMENT_NOT_FOUND&quot;:&quot;HTML-Element nicht gefunden&quot;,&quot;AJAX_NOT_FOUND&quot;:&quot;Fehler beim Laden von AJAX: Nicht gefunden&quot;,&quot;AJAX_FORBIDDEN&quot;:&quot;Fehler beim Laden von AJAX: Zugriff verweigert&quot;,&quot;IFRAME_ERROR&quot;:&quot;Fehler beim Laden der Seite&quot;,&quot;TOGGLE_ZOOM&quot;:&quot;Zoomstufe umschalten&quot;,&quot;TOGGLE_THUMBS&quot;:&quot;Miniaturansichten ein-\\\/ausblenden&quot;,&quot;TOGGLE_SLIDESHOW&quot;:&quot;Diashow ein-\\\/ausschalten&quot;,&quot;TOGGLE_FULLSCREEN&quot;:&quot;Vollbildmodus umschalten&quot;},&quot;Images&quot;:{&quot;Panzoom&quot;:{&quot;maxScale&quot;:2}},&quot;toolbar&quot;:true,&quot;wheel&quot;:false,&quot;animationEffect&quot;:&quot;false&quot;,&quot;Html&quot;:{&quot;videoAutoplay&quot;:0,&quot;videoTpl&quot;:&quot;&lt;video class=\\&quot;fancybox__html5video modula_html5_video\\&quot; controls playsinline controlsList controlsList=\\&quot;nodownload\\&quot; poster=\\&quot;{{poster}}\\&quot; src=\\&quot;{{src}}\\&quot; type=\\&quot;{{format}}\\&quot; &gt;  Sorry, your browser doesn&#039;t support embedded videos, &lt;a href=\\&quot;{{src}}\\&quot;&gt; download &lt;\\\/a&gt; and watch with your favorite video player! &lt;\\\/video&gt;&quot;,&quot;vimeo&quot;:{&quot;autopause&quot;:0}},&quot;Fullscreen&quot;:{&quot;autoStart&quot;:true},&quot;mainClass&quot;:&quot;modula-fancybox-container modula-lightbox-jtg-90603&quot;},&quot;inView&quot;:false,&quot;email_subject&quot;:&quot;Check out this awesome image !!&quot;,&quot;email_message&quot;:&quot;Here is the link to the image : %%image_link%% and this is the link to the gallery : %%gallery_link%%&quot;,&quot;lightbox&quot;:&quot;fancybox&quot;,&quot;filterClick&quot;:&quot;0&quot;,&quot;dropdownFilters&quot;:&quot;0&quot;,&quot;defaultActiveFilter&quot;:&quot;all&quot;,&quot;initLightbox&quot;:&quot;modula_pro_init_lightbox&quot;,&quot;haveFilters&quot;:0,&quot;lightbox_devices&quot;:&quot;both&quot;,&quot;mobileDoubleClick&quot;:1,&quot;options&quot;:{&quot;lightbox&quot;:&quot;fancybox&quot;},&quot;enableSlideshow&quot;:&quot;0&quot;,&quot;enableAutoplay&quot;:&quot;0&quot;,&quot;slideshowSpeed&quot;:5000,&quot;pauseOnHover&quot;:&quot;0&quot;}\">\n\n\t\n\t<div  class=\"modula-items\">\n\t\t<div class=\"modula-item effect-pufrobo jtg-filter-all jtg-filter-\" data-width=\"4\" data-height=\"3\" >\n\t<div class=\"modula-item-overlay\"><\/div>\n\n\t<div class=\"modula-item-content\">\n\n\t\t<a data-image-id=\"90604\" role=\"button\" data-elementor-open-lightbox=\"no\" tabindex=\"0\" rel=\"jtg-90603\" data-caption=\"\" aria-label=\"Bilder in Lightbox \u00f6ffnen\" data-thumb=\"https:\/\/e969z83yjsq.exactdn.com\/wp-content\/uploads\/2025\/02\/cocierto-3-1080x720.jpg?strip=all\" class=\"tile-inner modula-item-link\"><\/a><img decoding=\"async\" class=\"pic wp-image-90604\"  data-valign=\"middle\" data-halign=\"center\" alt=\"\" data-full=\"https:\/\/www.dstenerife.eu\/wp-content\/uploads\/2025\/02\/cocierto-3.jpg\" title=\"cocierto-3\" crop=\"\" width=\"1080\" height=\"720\" src=\"https:\/\/e969z83yjsq.exactdn.com\/wp-content\/uploads\/2025\/02\/cocierto-3-1080x720.jpg?strip=all\" data-src=\"https:\/\/e969z83yjsq.exactdn.com\/wp-content\/uploads\/2025\/02\/cocierto-3-1080x720.jpg?strip=all\" data-caption=\"\" srcset=\"https:\/\/e969z83yjsq.exactdn.com\/wp-content\/uploads\/2025\/02\/cocierto-3.jpg?strip=all 1920w, https:\/\/e969z83yjsq.exactdn.com\/wp-content\/uploads\/2025\/02\/cocierto-3-635x423.jpg?strip=all 635w, https:\/\/e969z83yjsq.exactdn.com\/wp-content\/uploads\/2025\/02\/cocierto-3-1080x720.jpg?strip=all 1080w, https:\/\/e969z83yjsq.exactdn.com\/wp-content\/uploads\/2025\/02\/cocierto-3-768x512.jpg?strip=all 768w, https:\/\/e969z83yjsq.exactdn.com\/wp-content\/uploads\/2025\/02\/cocierto-3-1536x1024.jpg?strip=all 1536w, https:\/\/e969z83yjsq.exactdn.com\/wp-content\/uploads\/2025\/02\/cocierto-3-375x250.jpg?strip=all 375w, https:\/\/e969z83yjsq.exactdn.com\/wp-content\/uploads\/2025\/02\/cocierto-3-320x213.jpg?strip=all 320w, https:\/\/e969z83yjsq.exactdn.com\/wp-content\/uploads\/2025\/02\/cocierto-3.jpg?strip=all&amp;w=1152 1152w, https:\/\/e969z83yjsq.exactdn.com\/wp-content\/uploads\/2025\/02\/cocierto-3.jpg?strip=all&amp;w=450 450w\" sizes=\"(max-width: 1080px) 100vw, 1080px\" \/>\n\t\t<div class=\"figc no-description\">\n\t\t\t<div class=\"figc-inner\">\n\t\t\t\t\t\t\t\t\t\t\t\t\t\t\t<\/div>\n\t\t<\/div>\n\n\t<\/div>\n\n<\/div><div class=\"modula-item effect-pufrobo jtg-filter-all jtg-filter-\" data-width=\"4\" data-height=\"3\" >\n\t<div class=\"modula-item-overlay\"><\/div>\n\n\t<div class=\"modula-item-content\">\n\n\t\t<a data-image-id=\"90606\" role=\"button\" data-elementor-open-lightbox=\"no\" tabindex=\"0\" rel=\"jtg-90603\" data-caption=\"\" aria-label=\"Bilder in Lightbox \u00f6ffnen\" data-thumb=\"https:\/\/e969z83yjsq.exactdn.com\/wp-content\/uploads\/2025\/02\/cocierto-4-1080x720.jpg?strip=all\" class=\"tile-inner modula-item-link\"><\/a><img decoding=\"async\" class=\"pic wp-image-90606\"  data-valign=\"middle\" data-halign=\"center\" alt=\"\" data-full=\"https:\/\/www.dstenerife.eu\/wp-content\/uploads\/2025\/02\/cocierto-4.jpg\" title=\"cocierto-4\" crop=\"\" width=\"1080\" height=\"720\" src=\"https:\/\/e969z83yjsq.exactdn.com\/wp-content\/uploads\/2025\/02\/cocierto-4-1080x720.jpg?strip=all\" data-src=\"https:\/\/e969z83yjsq.exactdn.com\/wp-content\/uploads\/2025\/02\/cocierto-4-1080x720.jpg?strip=all\" data-caption=\"\" srcset=\"https:\/\/e969z83yjsq.exactdn.com\/wp-content\/uploads\/2025\/02\/cocierto-4.jpg?strip=all 1920w, https:\/\/e969z83yjsq.exactdn.com\/wp-content\/uploads\/2025\/02\/cocierto-4-635x423.jpg?strip=all 635w, https:\/\/e969z83yjsq.exactdn.com\/wp-content\/uploads\/2025\/02\/cocierto-4-1080x720.jpg?strip=all 1080w, https:\/\/e969z83yjsq.exactdn.com\/wp-content\/uploads\/2025\/02\/cocierto-4-768x512.jpg?strip=all 768w, https:\/\/e969z83yjsq.exactdn.com\/wp-content\/uploads\/2025\/02\/cocierto-4-1536x1024.jpg?strip=all 1536w, https:\/\/e969z83yjsq.exactdn.com\/wp-content\/uploads\/2025\/02\/cocierto-4-375x250.jpg?strip=all 375w, https:\/\/e969z83yjsq.exactdn.com\/wp-content\/uploads\/2025\/02\/cocierto-4-320x213.jpg?strip=all 320w, https:\/\/e969z83yjsq.exactdn.com\/wp-content\/uploads\/2025\/02\/cocierto-4.jpg?strip=all&amp;w=1152 1152w, https:\/\/e969z83yjsq.exactdn.com\/wp-content\/uploads\/2025\/02\/cocierto-4.jpg?strip=all&amp;w=450 450w\" sizes=\"(max-width: 1080px) 100vw, 1080px\" \/>\n\t\t<div class=\"figc no-description\">\n\t\t\t<div class=\"figc-inner\">\n\t\t\t\t\t\t\t\t\t\t\t\t\t\t\t<\/div>\n\t\t<\/div>\n\n\t<\/div>\n\n<\/div><div class=\"modula-item effect-pufrobo jtg-filter-all jtg-filter-\" data-width=\"4\" data-height=\"3\" >\n\t<div class=\"modula-item-overlay\"><\/div>\n\n\t<div class=\"modula-item-content\">\n\n\t\t<a data-image-id=\"90608\" role=\"button\" data-elementor-open-lightbox=\"no\" tabindex=\"0\" rel=\"jtg-90603\" data-caption=\"\" aria-label=\"Bilder in Lightbox \u00f6ffnen\" data-thumb=\"https:\/\/e969z83yjsq.exactdn.com\/wp-content\/uploads\/2025\/02\/cocierto-5-1080x720.jpg?strip=all\" class=\"tile-inner modula-item-link\"><\/a><img loading=\"lazy\" decoding=\"async\" class=\"pic wp-image-90608\"  data-valign=\"middle\" data-halign=\"center\" alt=\"\" data-full=\"https:\/\/www.dstenerife.eu\/wp-content\/uploads\/2025\/02\/cocierto-5.jpg\" title=\"cocierto-5\" crop=\"\" width=\"1080\" height=\"720\" src=\"https:\/\/e969z83yjsq.exactdn.com\/wp-content\/uploads\/2025\/02\/cocierto-5-1080x720.jpg?strip=all\" data-src=\"https:\/\/e969z83yjsq.exactdn.com\/wp-content\/uploads\/2025\/02\/cocierto-5-1080x720.jpg?strip=all\" data-caption=\"\" srcset=\"https:\/\/e969z83yjsq.exactdn.com\/wp-content\/uploads\/2025\/02\/cocierto-5.jpg?strip=all 1920w, https:\/\/e969z83yjsq.exactdn.com\/wp-content\/uploads\/2025\/02\/cocierto-5-635x423.jpg?strip=all 635w, https:\/\/e969z83yjsq.exactdn.com\/wp-content\/uploads\/2025\/02\/cocierto-5-1080x720.jpg?strip=all 1080w, https:\/\/e969z83yjsq.exactdn.com\/wp-content\/uploads\/2025\/02\/cocierto-5-768x512.jpg?strip=all 768w, https:\/\/e969z83yjsq.exactdn.com\/wp-content\/uploads\/2025\/02\/cocierto-5-1536x1024.jpg?strip=all 1536w, https:\/\/e969z83yjsq.exactdn.com\/wp-content\/uploads\/2025\/02\/cocierto-5-375x250.jpg?strip=all 375w, https:\/\/e969z83yjsq.exactdn.com\/wp-content\/uploads\/2025\/02\/cocierto-5-320x213.jpg?strip=all 320w, https:\/\/e969z83yjsq.exactdn.com\/wp-content\/uploads\/2025\/02\/cocierto-5.jpg?strip=all&amp;w=1152 1152w, https:\/\/e969z83yjsq.exactdn.com\/wp-content\/uploads\/2025\/02\/cocierto-5.jpg?strip=all&amp;w=450 450w\" sizes=\"(max-width: 1080px) 100vw, 1080px\" \/>\n\t\t<div class=\"figc no-description\">\n\t\t\t<div class=\"figc-inner\">\n\t\t\t\t\t\t\t\t\t\t\t\t\t\t\t<\/div>\n\t\t<\/div>\n\n\t<\/div>\n\n<\/div>\t\t\n\t<\/div>\n\n\t\n\t\n\t<script type=\"application\/ld+json\">\n\t{\n\t\t\"@context\": \"http:\/\/schema.org\",\n\t\t\"@type\"   : \"ImageGallery\",\n\t\t\"id\"      : \"https:\/\/www.dstenerife.eu\/de\/konzert-am-19-februar-um-1830-uhr-in-der-aula\/\",\n\t\t\"url\"     : \"https:\/\/www.dstenerife.eu\/de\/konzert-am-19-februar-um-1830-uhr-in-der-aula\/\"\n\t}\n\n\t<\/script>\n\n\t\n<\/div>\n<\/p>\n","protected":false},"excerpt":{"rendered":"<p>Liebe Schulgemeinschaft! Hiermit m\u00f6chten wir Sie an unser Konzert am 19. Februar um 18:30 Uhr in [&hellip;]<\/p>\n","protected":false},"author":15,"featured_media":90600,"comment_status":"closed","ping_status":"closed","sticky":false,"template":"","format":"standard","meta":{"site-sidebar-layout":"default","site-content-layout":"","ast-site-content-layout":"default","site-content-style":"default","site-sidebar-style":"default","ast-global-header-display":"","ast-banner-title-visibility":"","ast-main-header-display":"","ast-hfb-above-header-display":"","ast-hfb-below-header-display":"","ast-hfb-mobile-header-display":"","site-post-title":"","ast-breadcrumbs-content":"","ast-featured-img":"","footer-sml-layout":"","ast-disable-related-posts":"","theme-transparent-header-meta":"default","adv-header-id-meta":"","stick-header-meta":"default","header-above-stick-meta":"","header-main-stick-meta":"","header-below-stick-meta":"","astra-migrate-meta-layouts":"set","ast-page-background-enabled":"default","ast-page-background-meta":{"desktop":{"background-color":"","background-image":"","background-repeat":"repeat","background-position":"center center","background-size":"auto","background-attachment":"scroll","background-type":"","background-media":"","overlay-type":"","overlay-color":"","overlay-opacity":"","overlay-gradient":""},"tablet":{"background-color":"","background-image":"","background-repeat":"repeat","background-position":"center center","background-size":"auto","background-attachment":"scroll","background-type":"","background-media":"","overlay-type":"","overlay-color":"","overlay-opacity":"","overlay-gradient":""},"mobile":{"background-color":"","background-image":"","background-repeat":"repeat","background-position":"center center","background-size":"auto","background-attachment":"scroll","background-type":"","background-media":"","overlay-type":"","overlay-color":"","overlay-opacity":"","overlay-gradient":""}},"ast-content-background-meta":{"desktop":{"background-color":"var(--ast-global-color-5)","background-image":"","background-repeat":"repeat","background-position":"center center","background-size":"auto","background-attachment":"scroll","background-type":"","background-media":"","overlay-type":"","overlay-color":"","overlay-opacity":"","overlay-gradient":""},"tablet":{"background-color":"var(--ast-global-color-5)","background-image":"","background-repeat":"repeat","background-position":"center center","background-size":"auto","background-attachment":"scroll","background-type":"","background-media":"","overlay-type":"","overlay-color":"","overlay-opacity":"","overlay-gradient":""},"mobile":{"background-color":"var(--ast-global-color-5)","background-image":"","background-repeat":"repeat","background-position":"center center","background-size":"auto","background-attachment":"scroll","background-type":"","background-media":"","overlay-type":"","overlay-color":"","overlay-opacity":"","overlay-gradient":""}},"_jet_sm_ready_style":"","_jet_sm_style":"","_jet_sm_controls_values":"","_jet_sm_fonts_collection":"","_jet_sm_fonts_links":"","footnotes":""},"categories":[1],"tags":[],"schlagwortedst":[],"class_list":["post-90597","post","type-post","status-publish","format-standard","has-post-thumbnail","hentry","category-schule"],"_links":{"self":[{"href":"https:\/\/www.dstenerife.eu\/de\/wp-json\/wp\/v2\/posts\/90597","targetHints":{"allow":["GET"]}}],"collection":[{"href":"https:\/\/www.dstenerife.eu\/de\/wp-json\/wp\/v2\/posts"}],"about":[{"href":"https:\/\/www.dstenerife.eu\/de\/wp-json\/wp\/v2\/types\/post"}],"author":[{"embeddable":true,"href":"https:\/\/www.dstenerife.eu\/de\/wp-json\/wp\/v2\/users\/15"}],"replies":[{"embeddable":true,"href":"https:\/\/www.dstenerife.eu\/de\/wp-json\/wp\/v2\/comments?post=90597"}],"version-history":[{"count":2,"href":"https:\/\/www.dstenerife.eu\/de\/wp-json\/wp\/v2\/posts\/90597\/revisions"}],"predecessor-version":[{"id":90610,"href":"https:\/\/www.dstenerife.eu\/de\/wp-json\/wp\/v2\/posts\/90597\/revisions\/90610"}],"wp:featuredmedia":[{"embeddable":true,"href":"https:\/\/www.dstenerife.eu\/de\/wp-json\/wp\/v2\/media\/90600"}],"wp:attachment":[{"href":"https:\/\/www.dstenerife.eu\/de\/wp-json\/wp\/v2\/media?parent=90597"}],"wp:term":[{"taxonomy":"category","embeddable":true,"href":"https:\/\/www.dstenerife.eu\/de\/wp-json\/wp\/v2\/categories?post=90597"},{"taxonomy":"post_tag","embeddable":true,"href":"https:\/\/www.dstenerife.eu\/de\/wp-json\/wp\/v2\/tags?post=90597"},{"taxonomy":"schlagwortedst","embeddable":true,"href":"https:\/\/www.dstenerife.eu\/de\/wp-json\/wp\/v2\/schlagwortedst?post=90597"}],"curies":[{"name":"wp","href":"https:\/\/api.w.org\/{rel}","templated":true}]}}