{"id":107635,"date":"2026-04-26T08:25:36","date_gmt":"2026-04-26T07:25:36","guid":{"rendered":"https:\/\/www.dstenerife.eu\/?p=107635"},"modified":"2026-04-26T08:27:35","modified_gmt":"2026-04-26T07:27:35","slug":"clases-10-visita-guiada-por-san-cristobal-de-la-laguna","status":"publish","type":"post","link":"https:\/\/www.dstenerife.eu\/es\/clases-10-visita-guiada-por-san-cristobal-de-la-laguna\/","title":{"rendered":"Clases 10:  visita guiada por San Crist\u00f3bal de La Laguna"},"content":{"rendered":"<p>El mi\u00e9rcoles 22 de abril hemos acompa\u00f1ado a las clases 10 en una visita guiada por San Crist\u00f3bal de La Laguna, titulada \u00abLa Laguna ilustrada\u00bb enmarcada dentro de los contenidos de la asignatura de Historia.<\/p>\n<p>Durante el recorrido, descubrimos algunos de los lugares m\u00e1s emblem\u00e1ticos vinculados a la Ilustraci\u00f3n en la ciudad, como el Palacio de Nava y Grim\u00f3n, el Museo Lercaro, la Real Sociedad Econ\u00f3mica de Amigos del Pa\u00eds de Tenerife, el Instituto de Canarias o la Plaza de la Junta Suprema.<\/p>\n<p>Una experiencia enriquecedora que ha permitido al alumnado conocer de cerca la historia, el pensamiento ilustrado, el patrimonio cultural de nuestro entorno y su vigencia en la actualidad.<\/p>\n<p><a href=\"https:\/\/e969z83yjsq.exactdn.com\/wp-content\/uploads\/2026\/04\/SekLaguna_01_24x18.jpg?strip=all&w=2560\"><img fetchpriority=\"high\" decoding=\"async\" class=\"aligncenter size-large wp-image-107631\" src=\"https:\/\/e969z83yjsq.exactdn.com\/wp-content\/uploads\/2026\/04\/SekLaguna_01_24x18-960x720.jpg?strip=all\" alt=\"\" width=\"960\" height=\"720\" srcset=\"https:\/\/e969z83yjsq.exactdn.com\/wp-content\/uploads\/2026\/04\/SekLaguna_01_24x18-960x720.jpg?strip=all 960w, https:\/\/e969z83yjsq.exactdn.com\/wp-content\/uploads\/2026\/04\/SekLaguna_01_24x18-564x423.jpg?strip=all 564w, https:\/\/e969z83yjsq.exactdn.com\/wp-content\/uploads\/2026\/04\/SekLaguna_01_24x18-768x576.jpg?strip=all 768w, https:\/\/e969z83yjsq.exactdn.com\/wp-content\/uploads\/2026\/04\/SekLaguna_01_24x18-320x240.jpg?strip=all 320w, https:\/\/e969z83yjsq.exactdn.com\/wp-content\/uploads\/2026\/04\/SekLaguna_01_24x18.jpg?strip=all 1440w, https:\/\/e969z83yjsq.exactdn.com\/wp-content\/uploads\/2026\/04\/SekLaguna_01_24x18.jpg?strip=all&amp;w=864 864w, https:\/\/e969z83yjsq.exactdn.com\/wp-content\/uploads\/2026\/04\/SekLaguna_01_24x18.jpg?strip=all&amp;w=1152 1152w, https:\/\/e969z83yjsq.exactdn.com\/wp-content\/uploads\/2026\/04\/SekLaguna_01_24x18.jpg?strip=all&amp;w=450 450w\" sizes=\"(max-width: 960px) 100vw, 960px\" \/><\/a><\/p>\n","protected":false},"excerpt":{"rendered":"<p>El mi\u00e9rcoles 22 de abril hemos acompa\u00f1ado a las clases 10 en una visita guiada por [&hellip;]<\/p>\n","protected":false},"author":15,"featured_media":107633,"comment_status":"closed","ping_status":"closed","sticky":false,"template":"","format":"standard","meta":{"site-sidebar-layout":"default","site-content-layout":"","ast-site-content-layout":"default","site-content-style":"default","site-sidebar-style":"default","ast-global-header-display":"","ast-banner-title-visibility":"","ast-main-header-display":"","ast-hfb-above-header-display":"","ast-hfb-below-header-display":"","ast-hfb-mobile-header-display":"","site-post-title":"","ast-breadcrumbs-content":"","ast-featured-img":"","footer-sml-layout":"","ast-disable-related-posts":"","theme-transparent-header-meta":"default","adv-header-id-meta":"","stick-header-meta":"default","header-above-stick-meta":"","header-main-stick-meta":"","header-below-stick-meta":"","astra-migrate-meta-layouts":"set","ast-page-background-enabled":"default","ast-page-background-meta":{"desktop":{"background-color":"","background-image":"","background-repeat":"repeat","background-position":"center center","background-size":"auto","background-attachment":"scroll","background-type":"","background-media":"","overlay-type":"","overlay-color":"","overlay-opacity":"","overlay-gradient":""},"tablet":{"background-color":"","background-image":"","background-repeat":"repeat","background-position":"center center","background-size":"auto","background-attachment":"scroll","background-type":"","background-media":"","overlay-type":"","overlay-color":"","overlay-opacity":"","overlay-gradient":""},"mobile":{"background-color":"","background-image":"","background-repeat":"repeat","background-position":"center center","background-size":"auto","background-attachment":"scroll","background-type":"","background-media":"","overlay-type":"","overlay-color":"","overlay-opacity":"","overlay-gradient":""}},"ast-content-background-meta":{"desktop":{"background-color":"var(--ast-global-color-5)","background-image":"","background-repeat":"repeat","background-position":"center center","background-size":"auto","background-attachment":"scroll","background-type":"","background-media":"","overlay-type":"","overlay-color":"","overlay-opacity":"","overlay-gradient":""},"tablet":{"background-color":"var(--ast-global-color-5)","background-image":"","background-repeat":"repeat","background-position":"center center","background-size":"auto","background-attachment":"scroll","background-type":"","background-media":"","overlay-type":"","overlay-color":"","overlay-opacity":"","overlay-gradient":""},"mobile":{"background-color":"var(--ast-global-color-5)","background-image":"","background-repeat":"repeat","background-position":"center center","background-size":"auto","background-attachment":"scroll","background-type":"","background-media":"","overlay-type":"","overlay-color":"","overlay-opacity":"","overlay-gradient":""}},"_jet_sm_ready_style":"","_jet_sm_style":"","_jet_sm_controls_values":"","_jet_sm_fonts_collection":"","_jet_sm_fonts_links":"","footnotes":""},"categories":[28,133],"tags":[],"schlagwortedst":[],"class_list":["post-107635","post","type-post","status-publish","format-standard","has-post-thumbnail","hentry","category-colegio","category-secundaria-es"],"_links":{"self":[{"href":"https:\/\/www.dstenerife.eu\/es\/wp-json\/wp\/v2\/posts\/107635","targetHints":{"allow":["GET"]}}],"collection":[{"href":"https:\/\/www.dstenerife.eu\/es\/wp-json\/wp\/v2\/posts"}],"about":[{"href":"https:\/\/www.dstenerife.eu\/es\/wp-json\/wp\/v2\/types\/post"}],"author":[{"embeddable":true,"href":"https:\/\/www.dstenerife.eu\/es\/wp-json\/wp\/v2\/users\/15"}],"replies":[{"embeddable":true,"href":"https:\/\/www.dstenerife.eu\/es\/wp-json\/wp\/v2\/comments?post=107635"}],"version-history":[{"count":1,"href":"https:\/\/www.dstenerife.eu\/es\/wp-json\/wp\/v2\/posts\/107635\/revisions"}],"predecessor-version":[{"id":107636,"href":"https:\/\/www.dstenerife.eu\/es\/wp-json\/wp\/v2\/posts\/107635\/revisions\/107636"}],"wp:featuredmedia":[{"embeddable":true,"href":"https:\/\/www.dstenerife.eu\/es\/wp-json\/wp\/v2\/media\/107633"}],"wp:attachment":[{"href":"https:\/\/www.dstenerife.eu\/es\/wp-json\/wp\/v2\/media?parent=107635"}],"wp:term":[{"taxonomy":"category","embeddable":true,"href":"https:\/\/www.dstenerife.eu\/es\/wp-json\/wp\/v2\/categories?post=107635"},{"taxonomy":"post_tag","embeddable":true,"href":"https:\/\/www.dstenerife.eu\/es\/wp-json\/wp\/v2\/tags?post=107635"},{"taxonomy":"schlagwortedst","embeddable":true,"href":"https:\/\/www.dstenerife.eu\/es\/wp-json\/wp\/v2\/schlagwortedst?post=107635"}],"curies":[{"name":"wp","href":"https:\/\/api.w.org\/{rel}","templated":true}]}}