{"id":107697,"date":"2026-04-27T12:50:33","date_gmt":"2026-04-27T11:50:33","guid":{"rendered":"https:\/\/www.dstenerife.eu\/?p=107697"},"modified":"2026-04-27T13:01:22","modified_gmt":"2026-04-27T12:01:22","slug":"sensibilizacion-que-conmueve-encuentro-con-un-tema-delicado","status":"publish","type":"post","link":"https:\/\/www.dstenerife.eu\/es\/sensibilizacion-que-conmueve-encuentro-con-un-tema-delicado\/","title":{"rendered":"Sensibilizaci\u00f3n que conmueve: encuentro con un tema delicado"},"content":{"rendered":"<p>El pasado lunes tuvo lugar en nuestro sal\u00f3n de actos un proyecto escolar muy especial sobre la mutilaci\u00f3n genital femenina. Alrededor de 200 alumnas y alumnos de los cursos 9 a 12 participaron para reflexionar y trabajar sobre este tema tan importante y dif\u00edcil. El proyecto fue organizado por los representantes de alumnos junto con la organizaci\u00f3n Nala e.V. (<a href=\"https:\/\/www.nala-fgm.de\/projekte\">https:\/\/www.nala-fgm.de\/projekte<\/a>), que lucha a nivel mundial contra la mutilaci\u00f3n genital femenina y trabaja por la protecci\u00f3n y el futuro de las ni\u00f1as afectadas, especialmente a trav\u00e9s de la educaci\u00f3n y la financiaci\u00f3n de escuelas de\u00a0ni\u00f1as en pa\u00edses como Burkina Faso.<\/p>\n<p>Una parte muy destacada del evento fue la lectura de fragmentos de la autobiograf\u00eda \u00abNacida en la gran lluvia\u00bb de Fadumo Korn, quien es superviviente de esta pr\u00e1ctica y fundadora de la organizaci\u00f3n. Su presencia online y el intercambio directo con el alumnado hicieron que el proyecto fuera especialmente impactante y\u00a0gener\u00f3\u00a0una profunda reflexi\u00f3n.<\/p>\n<p>A partir de esta experiencia ha surgido el deseo de seguir apoyando el trabajo de Nala e.V. La organizaci\u00f3n depende de donaciones para continuar con sus proyectos de sensibilizaci\u00f3n y educaci\u00f3n. Si\u00a0deseas\u00a0apoyar esta causa, puedes\u00a0hacerlo aqu\u00ed:\u00a0<a href=\"https:\/\/www.paypal.com\/donate\/?hosted_button_id=EKHD373TKJFZQ\">https:\/\/www.paypal.com\/donate\/?hosted_button_id=EKHD373TKJFZQ<\/a> .Cada contribuci\u00f3n ayuda a proteger a las ni\u00f1as, promover la educaci\u00f3n y enviar un mensaje claro por un futuro sin violencia.<\/p>\n<p>Los representantes del alumnado<\/p>\n<p>Leonie D\u00fcllmann, Emilio P\u00e1ez Morera und Beatriz Reigosa D\u00e9niz<\/p>\n<a href=\"https:\/\/www.dstenerife.eu\/wp-content\/uploads\/2026\/04\/Bild-Maedchenbeschneidung.pdf\" class=\"pdfemb-viewer\" style=\"\" data-width=\"max\" data-height=\"max\" data-toolbar=\"top\" data-toolbar-fixed=\"on\">Bild M\u00e4dchenbeschneidung<\/a>\n","protected":false},"excerpt":{"rendered":"<p>El pasado lunes tuvo lugar en nuestro sal\u00f3n de actos un proyecto escolar muy especial sobre [&hellip;]<\/p>\n","protected":false},"author":17,"featured_media":107698,"comment_status":"closed","ping_status":"closed","sticky":false,"template":"","format":"standard","meta":{"site-sidebar-layout":"default","site-content-layout":"","ast-site-content-layout":"default","site-content-style":"default","site-sidebar-style":"default","ast-global-header-display":"","ast-banner-title-visibility":"","ast-main-header-display":"","ast-hfb-above-header-display":"","ast-hfb-below-header-display":"","ast-hfb-mobile-header-display":"","site-post-title":"","ast-breadcrumbs-content":"","ast-featured-img":"","footer-sml-layout":"","ast-disable-related-posts":"","theme-transparent-header-meta":"default","adv-header-id-meta":"","stick-header-meta":"default","header-above-stick-meta":"","header-main-stick-meta":"","header-below-stick-meta":"","astra-migrate-meta-layouts":"set","ast-page-background-enabled":"default","ast-page-background-meta":{"desktop":{"background-color":"","background-image":"","background-repeat":"repeat","background-position":"center center","background-size":"auto","background-attachment":"scroll","background-type":"","background-media":"","overlay-type":"","overlay-color":"","overlay-opacity":"","overlay-gradient":""},"tablet":{"background-color":"","background-image":"","background-repeat":"repeat","background-position":"center center","background-size":"auto","background-attachment":"scroll","background-type":"","background-media":"","overlay-type":"","overlay-color":"","overlay-opacity":"","overlay-gradient":""},"mobile":{"background-color":"","background-image":"","background-repeat":"repeat","background-position":"center center","background-size":"auto","background-attachment":"scroll","background-type":"","background-media":"","overlay-type":"","overlay-color":"","overlay-opacity":"","overlay-gradient":""}},"ast-content-background-meta":{"desktop":{"background-color":"var(--ast-global-color-5)","background-image":"","background-repeat":"repeat","background-position":"center center","background-size":"auto","background-attachment":"scroll","background-type":"","background-media":"","overlay-type":"","overlay-color":"","overlay-opacity":"","overlay-gradient":""},"tablet":{"background-color":"var(--ast-global-color-5)","background-image":"","background-repeat":"repeat","background-position":"center center","background-size":"auto","background-attachment":"scroll","background-type":"","background-media":"","overlay-type":"","overlay-color":"","overlay-opacity":"","overlay-gradient":""},"mobile":{"background-color":"var(--ast-global-color-5)","background-image":"","background-repeat":"repeat","background-position":"center center","background-size":"auto","background-attachment":"scroll","background-type":"","background-media":"","overlay-type":"","overlay-color":"","overlay-opacity":"","overlay-gradient":""}},"_jet_sm_ready_style":"","_jet_sm_style":"","_jet_sm_controls_values":"","_jet_sm_fonts_collection":"","_jet_sm_fonts_links":"","footnotes":""},"categories":[28,133],"tags":[],"schlagwortedst":[],"class_list":["post-107697","post","type-post","status-publish","format-standard","has-post-thumbnail","hentry","category-colegio","category-secundaria-es"],"_links":{"self":[{"href":"https:\/\/www.dstenerife.eu\/es\/wp-json\/wp\/v2\/posts\/107697","targetHints":{"allow":["GET"]}}],"collection":[{"href":"https:\/\/www.dstenerife.eu\/es\/wp-json\/wp\/v2\/posts"}],"about":[{"href":"https:\/\/www.dstenerife.eu\/es\/wp-json\/wp\/v2\/types\/post"}],"author":[{"embeddable":true,"href":"https:\/\/www.dstenerife.eu\/es\/wp-json\/wp\/v2\/users\/17"}],"replies":[{"embeddable":true,"href":"https:\/\/www.dstenerife.eu\/es\/wp-json\/wp\/v2\/comments?post=107697"}],"version-history":[{"count":1,"href":"https:\/\/www.dstenerife.eu\/es\/wp-json\/wp\/v2\/posts\/107697\/revisions"}],"predecessor-version":[{"id":107700,"href":"https:\/\/www.dstenerife.eu\/es\/wp-json\/wp\/v2\/posts\/107697\/revisions\/107700"}],"wp:featuredmedia":[{"embeddable":true,"href":"https:\/\/www.dstenerife.eu\/es\/wp-json\/wp\/v2\/media\/107698"}],"wp:attachment":[{"href":"https:\/\/www.dstenerife.eu\/es\/wp-json\/wp\/v2\/media?parent=107697"}],"wp:term":[{"taxonomy":"category","embeddable":true,"href":"https:\/\/www.dstenerife.eu\/es\/wp-json\/wp\/v2\/categories?post=107697"},{"taxonomy":"post_tag","embeddable":true,"href":"https:\/\/www.dstenerife.eu\/es\/wp-json\/wp\/v2\/tags?post=107697"},{"taxonomy":"schlagwortedst","embeddable":true,"href":"https:\/\/www.dstenerife.eu\/es\/wp-json\/wp\/v2\/schlagwortedst?post=107697"}],"curies":[{"name":"wp","href":"https:\/\/api.w.org\/{rel}","templated":true}]}}