{"id":19679,"date":"2018-10-07T10:07:45","date_gmt":"2018-10-07T10:07:45","guid":{"rendered":"https:\/\/kopie.dst.deutsche-schule.eu\/?p=19679\/"},"modified":"2018-10-07T10:07:45","modified_gmt":"2018-10-07T10:07:45","slug":"testimonio-del-muro-de-berlin-en-la-clase","status":"publish","type":"post","link":"https:\/\/www.dstenerife.eu\/es\/testimonio-del-muro-de-berlin-en-la-clase\/","title":{"rendered":"Testimonio del muro de Berl\u00edn en la clase"},"content":{"rendered":"<p>El pasado cuatro de octubre, un d\u00eda despu\u00e9s del D\u00eda de la Unidad Alemana,<br \/>\nnosotros, la clase 9c del Colegio Alem\u00e1n Santa Cruz de Tenerife, recibimos la visita<br \/>\nde la se\u00f1ora y el se\u00f1or Heucke. Ambos fueron testigos de la construcci\u00f3n del muro<br \/>\nde Berl\u00edn, por lo que vivieron ese momento hist\u00f3rico.<br \/>\nLa semana anterior hab\u00edamos trabajado mucho sobre el tema \u201cmuro\u201d y<br \/>\n\u201creunificaci\u00f3n\u201d, tanto en las clases de alem\u00e1n como de historia. Para recordar el D\u00eda<br \/>\nde la Unidad Alemana, construimos, con la ayuda de nuestra profesora la se\u00f1ora<br \/>\nNoss, un muro simb\u00f3lico en la entrada del colegio. Nos encant\u00f3 que nos visitaran<br \/>\ntestigos de la \u00e9poca.<br \/>\nLa se\u00f1ora Heucke ten\u00eda 18 a\u00f1os cuando se construy\u00f3 el muro. Ella viv\u00eda en Berl\u00edn<br \/>\ndel Oeste, pero su familia tambi\u00e9n ten\u00eda una peque\u00f1a casa en el Este, donde viv\u00eda<br \/>\nsu abuela. La vida de la se\u00f1ora Heucke y de su familia cambi\u00f3 mucho cuando, de<br \/>\nrepente, se construy\u00f3 un muro que separ\u00f3 ambas partes de Berl\u00edn durante m\u00e1s de<br \/>\n28 a\u00f1os.<br \/>\nNos interes\u00f3 mucho que los se\u00f1ores Heucke nos contaran sus historias personales y<br \/>\nrespondieran a nuestras preguntas. Lo agradecemos de coraz\u00f3n.<\/p>\n","protected":false},"excerpt":{"rendered":"<p>El pasado cuatro de octubre, un d\u00eda despu\u00e9s del D\u00eda de la Unidad Alemana, nosotros, la [&hellip;]<\/p>\n","protected":false},"author":10,"featured_media":19677,"comment_status":"closed","ping_status":"closed","sticky":false,"template":"","format":"standard","meta":{"site-sidebar-layout":"default","site-content-layout":"","ast-site-content-layout":"default","site-content-style":"default","site-sidebar-style":"default","ast-global-header-display":"","ast-banner-title-visibility":"","ast-main-header-display":"","ast-hfb-above-header-display":"","ast-hfb-below-header-display":"","ast-hfb-mobile-header-display":"","site-post-title":"","ast-breadcrumbs-content":"","ast-featured-img":"","footer-sml-layout":"","ast-disable-related-posts":"","theme-transparent-header-meta":"","adv-header-id-meta":"","stick-header-meta":"","header-above-stick-meta":"","header-main-stick-meta":"","header-below-stick-meta":"","astra-migrate-meta-layouts":"default","ast-page-background-enabled":"default","ast-page-background-meta":{"desktop":{"background-color":"","background-image":"","background-repeat":"repeat","background-position":"center center","background-size":"auto","background-attachment":"scroll","background-type":"","background-media":"","overlay-type":"","overlay-color":"","overlay-opacity":"","overlay-gradient":""},"tablet":{"background-color":"","background-image":"","background-repeat":"repeat","background-position":"center center","background-size":"auto","background-attachment":"scroll","background-type":"","background-media":"","overlay-type":"","overlay-color":"","overlay-opacity":"","overlay-gradient":""},"mobile":{"background-color":"","background-image":"","background-repeat":"repeat","background-position":"center center","background-size":"auto","background-attachment":"scroll","background-type":"","background-media":"","overlay-type":"","overlay-color":"","overlay-opacity":"","overlay-gradient":""}},"ast-content-background-meta":{"desktop":{"background-color":"var(--ast-global-color-5)","background-image":"","background-repeat":"repeat","background-position":"center center","background-size":"auto","background-attachment":"scroll","background-type":"","background-media":"","overlay-type":"","overlay-color":"","overlay-opacity":"","overlay-gradient":""},"tablet":{"background-color":"var(--ast-global-color-5)","background-image":"","background-repeat":"repeat","background-position":"center center","background-size":"auto","background-attachment":"scroll","background-type":"","background-media":"","overlay-type":"","overlay-color":"","overlay-opacity":"","overlay-gradient":""},"mobile":{"background-color":"var(--ast-global-color-5)","background-image":"","background-repeat":"repeat","background-position":"center center","background-size":"auto","background-attachment":"scroll","background-type":"","background-media":"","overlay-type":"","overlay-color":"","overlay-opacity":"","overlay-gradient":""}},"_jet_sm_ready_style":"","_jet_sm_style":"","_jet_sm_controls_values":"","_jet_sm_fonts_collection":"","_jet_sm_fonts_links":"","footnotes":""},"categories":[28],"tags":[],"schlagwortedst":[],"class_list":["post-19679","post","type-post","status-publish","format-standard","has-post-thumbnail","hentry","category-colegio"],"_links":{"self":[{"href":"https:\/\/www.dstenerife.eu\/es\/wp-json\/wp\/v2\/posts\/19679","targetHints":{"allow":["GET"]}}],"collection":[{"href":"https:\/\/www.dstenerife.eu\/es\/wp-json\/wp\/v2\/posts"}],"about":[{"href":"https:\/\/www.dstenerife.eu\/es\/wp-json\/wp\/v2\/types\/post"}],"author":[{"embeddable":true,"href":"https:\/\/www.dstenerife.eu\/es\/wp-json\/wp\/v2\/users\/10"}],"replies":[{"embeddable":true,"href":"https:\/\/www.dstenerife.eu\/es\/wp-json\/wp\/v2\/comments?post=19679"}],"version-history":[{"count":0,"href":"https:\/\/www.dstenerife.eu\/es\/wp-json\/wp\/v2\/posts\/19679\/revisions"}],"wp:featuredmedia":[{"embeddable":true,"href":"https:\/\/www.dstenerife.eu\/es\/wp-json\/wp\/v2\/media\/19677"}],"wp:attachment":[{"href":"https:\/\/www.dstenerife.eu\/es\/wp-json\/wp\/v2\/media?parent=19679"}],"wp:term":[{"taxonomy":"category","embeddable":true,"href":"https:\/\/www.dstenerife.eu\/es\/wp-json\/wp\/v2\/categories?post=19679"},{"taxonomy":"post_tag","embeddable":true,"href":"https:\/\/www.dstenerife.eu\/es\/wp-json\/wp\/v2\/tags?post=19679"},{"taxonomy":"schlagwortedst","embeddable":true,"href":"https:\/\/www.dstenerife.eu\/es\/wp-json\/wp\/v2\/schlagwortedst?post=19679"}],"curies":[{"name":"wp","href":"https:\/\/api.w.org\/{rel}","templated":true}]}}