{"id":23619,"date":"2019-06-26T18:56:27","date_gmt":"2019-06-26T18:56:27","guid":{"rendered":"https:\/\/kopie.dst.deutsche-schule.eu\/?p=23619\/"},"modified":"2019-06-26T18:56:27","modified_gmt":"2019-06-26T18:56:27","slug":"la-pequena-oruga-glotona","status":"publish","type":"post","link":"https:\/\/www.dstenerife.eu\/es\/la-pequena-oruga-glotona\/","title":{"rendered":"La peque\u00f1a oruga glotona"},"content":{"rendered":"<p><img fetchpriority=\"high\" decoding=\"async\" class=\"alignnone size-medium wp-image-24128\" src=\"https:\/\/e969z83yjsq.exactdn.com\/wp-content\/uploads\/2019\/06\/IMG_7189-1140x760.jpg?strip=all\" alt=\"\" width=\"1140\" height=\"760\" srcset=\"https:\/\/e969z83yjsq.exactdn.com\/wp-content\/uploads\/2019\/06\/IMG_7189-1140x760.jpg?strip=all 1140w, https:\/\/e969z83yjsq.exactdn.com\/wp-content\/uploads\/2019\/06\/IMG_7189-640x427.jpg?strip=all 640w, https:\/\/e969z83yjsq.exactdn.com\/wp-content\/uploads\/2019\/06\/IMG_7189-180x120.jpg?strip=all 180w, https:\/\/e969z83yjsq.exactdn.com\/wp-content\/uploads\/2019\/06\/IMG_7189-768x512.jpg?strip=all 768w, https:\/\/e969z83yjsq.exactdn.com\/wp-content\/uploads\/2019\/06\/IMG_7189-1536x1024.jpg?strip=all 1536w, https:\/\/e969z83yjsq.exactdn.com\/wp-content\/uploads\/2019\/06\/IMG_7189-2048x1365.jpg?strip=all 2048w, https:\/\/e969z83yjsq.exactdn.com\/wp-content\/uploads\/2019\/06\/IMG_7189-450x300.jpg?strip=all 450w, https:\/\/e969z83yjsq.exactdn.com\/wp-content\/uploads\/2019\/06\/IMG_7189-scaled.jpg?strip=all&amp;w=512 512w, https:\/\/e969z83yjsq.exactdn.com\/wp-content\/uploads\/2019\/06\/IMG_7189-scaled.jpg?strip=all&amp;w=1024 1024w, https:\/\/e969z83yjsq.exactdn.com\/wp-content\/uploads\/2019\/06\/IMG_7189-scaled.jpg?strip=all 2560w\" sizes=\"(max-width: 1140px) 100vw, 1140px\" \/>\u00abLa peque\u00f1a oruga glotona\u00bb ha sido un proyecto con una duraci\u00f3n de tres semanas, en el que se acerc\u00f3 a los ni\u00f1os la evoluci\u00f3n de la oruga a mariposa. El proyecto gira en torno a la historia de \u00abla peque\u00f1a oruga glotona\u00bb de Eric Carle. La peque\u00f1a oruga come diferentes frutas como manzanas, fresas, ciruelas y naranjas.<\/p>\n<p>Finalmente, se construye un capullo del que tras unos d\u00edas sale transformada en mariposa. Los ni\u00f1os de la Kikri pudieron vivir muy de cerca la evoluci\u00f3n, ya que preparamos un terrario con seis orugas. Las mariposas recibieron nombres por parte de los ni\u00f1os y, posteriormente, fueron dejadas en libertad en la naturaleza. Finalmente, rodamos <a href=\"https:\/\/youtu.be\/7-ApveMBNIo\">una pel\u00edcula con los ni\u00f1os<\/a> sobre la oruga glotona, donde \u00e9stos eran los protagonistas.<\/p>\n","protected":false},"excerpt":{"rendered":"<p>\u00abLa peque\u00f1a oruga glotona\u00bb ha sido un proyecto con una duraci\u00f3n de tres semanas, en el [&hellip;]<\/p>\n","protected":false},"author":10,"featured_media":0,"comment_status":"closed","ping_status":"closed","sticky":false,"template":"","format":"standard","meta":{"site-sidebar-layout":"default","site-content-layout":"","ast-site-content-layout":"default","site-content-style":"default","site-sidebar-style":"default","ast-global-header-display":"","ast-banner-title-visibility":"","ast-main-header-display":"","ast-hfb-above-header-display":"","ast-hfb-below-header-display":"","ast-hfb-mobile-header-display":"","site-post-title":"","ast-breadcrumbs-content":"","ast-featured-img":"","footer-sml-layout":"","ast-disable-related-posts":"","theme-transparent-header-meta":"","adv-header-id-meta":"","stick-header-meta":"","header-above-stick-meta":"","header-main-stick-meta":"","header-below-stick-meta":"","astra-migrate-meta-layouts":"default","ast-page-background-enabled":"default","ast-page-background-meta":{"desktop":{"background-color":"","background-image":"","background-repeat":"repeat","background-position":"center center","background-size":"auto","background-attachment":"scroll","background-type":"","background-media":"","overlay-type":"","overlay-color":"","overlay-opacity":"","overlay-gradient":""},"tablet":{"background-color":"","background-image":"","background-repeat":"repeat","background-position":"center center","background-size":"auto","background-attachment":"scroll","background-type":"","background-media":"","overlay-type":"","overlay-color":"","overlay-opacity":"","overlay-gradient":""},"mobile":{"background-color":"","background-image":"","background-repeat":"repeat","background-position":"center center","background-size":"auto","background-attachment":"scroll","background-type":"","background-media":"","overlay-type":"","overlay-color":"","overlay-opacity":"","overlay-gradient":""}},"ast-content-background-meta":{"desktop":{"background-color":"var(--ast-global-color-5)","background-image":"","background-repeat":"repeat","background-position":"center center","background-size":"auto","background-attachment":"scroll","background-type":"","background-media":"","overlay-type":"","overlay-color":"","overlay-opacity":"","overlay-gradient":""},"tablet":{"background-color":"var(--ast-global-color-5)","background-image":"","background-repeat":"repeat","background-position":"center center","background-size":"auto","background-attachment":"scroll","background-type":"","background-media":"","overlay-type":"","overlay-color":"","overlay-opacity":"","overlay-gradient":""},"mobile":{"background-color":"var(--ast-global-color-5)","background-image":"","background-repeat":"repeat","background-position":"center center","background-size":"auto","background-attachment":"scroll","background-type":"","background-media":"","overlay-type":"","overlay-color":"","overlay-opacity":"","overlay-gradient":""}},"_jet_sm_ready_style":"","_jet_sm_style":"","_jet_sm_controls_values":"","_jet_sm_fonts_collection":"","_jet_sm_fonts_links":"","footnotes":""},"categories":[28],"tags":[],"schlagwortedst":[],"class_list":["post-23619","post","type-post","status-publish","format-standard","hentry","category-colegio"],"_links":{"self":[{"href":"https:\/\/www.dstenerife.eu\/es\/wp-json\/wp\/v2\/posts\/23619","targetHints":{"allow":["GET"]}}],"collection":[{"href":"https:\/\/www.dstenerife.eu\/es\/wp-json\/wp\/v2\/posts"}],"about":[{"href":"https:\/\/www.dstenerife.eu\/es\/wp-json\/wp\/v2\/types\/post"}],"author":[{"embeddable":true,"href":"https:\/\/www.dstenerife.eu\/es\/wp-json\/wp\/v2\/users\/10"}],"replies":[{"embeddable":true,"href":"https:\/\/www.dstenerife.eu\/es\/wp-json\/wp\/v2\/comments?post=23619"}],"version-history":[{"count":0,"href":"https:\/\/www.dstenerife.eu\/es\/wp-json\/wp\/v2\/posts\/23619\/revisions"}],"wp:attachment":[{"href":"https:\/\/www.dstenerife.eu\/es\/wp-json\/wp\/v2\/media?parent=23619"}],"wp:term":[{"taxonomy":"category","embeddable":true,"href":"https:\/\/www.dstenerife.eu\/es\/wp-json\/wp\/v2\/categories?post=23619"},{"taxonomy":"post_tag","embeddable":true,"href":"https:\/\/www.dstenerife.eu\/es\/wp-json\/wp\/v2\/tags?post=23619"},{"taxonomy":"schlagwortedst","embeddable":true,"href":"https:\/\/www.dstenerife.eu\/es\/wp-json\/wp\/v2\/schlagwortedst?post=23619"}],"curies":[{"name":"wp","href":"https:\/\/api.w.org\/{rel}","templated":true}]}}