{"id":29289,"date":"2020-05-07T07:47:01","date_gmt":"2020-05-07T07:47:01","guid":{"rendered":"https:\/\/kopie.dst.deutsche-schule.eu\/?p=29289"},"modified":"2020-05-07T07:47:01","modified_gmt":"2020-05-07T07:47:01","slug":"mayo-cientifico-2020-virtual","status":"publish","type":"post","link":"https:\/\/www.dstenerife.eu\/es\/mayo-cientifico-2020-virtual\/","title":{"rendered":"MAYO CIENT\u00cdFICO 2020 &#8211; virtual &#8211;"},"content":{"rendered":"<p style=\"text-align: justify;\">La Consejer\u00eda de Econom\u00eda, Conocimiento y Empleo del Gobierno de Canarias, a trav\u00e9s de la Agencia Canaria de Investigaci\u00f3n, Innovaci\u00f3n y Sociedad de la Informaci\u00f3n, invita a los escolares de Canarias a participar en <a href=\"https:\/\/www.cienciacanaria.es\/actividades\/acercate-a-la-ciencia\/1137-mayo-cientifico-virtual\">esta nueva versi\u00f3n de Mayo Cient\u00edfico 2020.<\/a><\/p>\n<p style=\"text-align: justify;\">Atendiendo a la evoluci\u00f3n de esta crisis sanitaria originada por el coronavirus Covid-19, y en un ejercicio de responsabilidad por evitar posibles contagios, Mayo Cient\u00edfico 2020 llega a los hogares de Canarias con una nueva edici\u00f3n especial en formato virtual. Re\u00fane actividades l\u00fadicas, divertidas y muy participativas que abarcan desde charlas de Educaci\u00f3n Digital a talleres de programaci\u00f3n y dise\u00f1o orientados a la impresi\u00f3n 3D, rob\u00f3tica virtual, matem\u00e1ticas, f\u00edsicas, entre otros.<\/p>\n<p style=\"text-align: justify;\">Un programa de actividades gratuitas a realizar durante el mes de mayo, con contenidos adaptados a alumnado de Infantil, Primaria y ESO y que tambi\u00e9n pueden disfrutar en familia. Las actividades dirigidas al p\u00fablico m\u00e1s infantil ser\u00e1n a base de juegos y manualidades, que pueden hacer desde casa y con materiales a su alcance.<\/p>\n<p style=\"text-align: justify;\">A trav\u00e9s de recursos online, adultos y ni\u00f1@s realizar\u00e1n actividades para el aprendizaje de ciencia y tecnolog\u00eda que incluyan una combinaci\u00f3n de experimentos sencillos con materiales de uso com\u00fan en casa e iniciaci\u00f3n al pensamiento computacional en la plataforma SCRATCH. Podr\u00e1n experimentar juntos creando un Laboratorio STEAM en casa. Los escolares, con edades entre 14 y 18 a\u00f1os, con inter\u00e9s en las IT que deseen estar al d\u00eda en los conceptos y pr\u00e1cticas m\u00e1s innovadores del momento podr\u00e1n realizar talleres en REALIDAD EXTENDIDA, REALIDAD VIRTUAL y REALIDAD AUMENTADA, donde podr\u00e1n aprender a desarrollar proyectos en programaci\u00f3n WEBVR de CREACI\u00d3N UN MUNDO VIRTUAL 3D o proyectos en programaci\u00f3n WEB para Realidad Aumentada.<\/p>\n","protected":false},"excerpt":{"rendered":"<p>La Consejer\u00eda de Econom\u00eda, Conocimiento y Empleo del Gobierno de Canarias, a trav\u00e9s de la Agencia [&hellip;]<\/p>\n","protected":false},"author":13,"featured_media":29290,"comment_status":"closed","ping_status":"closed","sticky":false,"template":"","format":"standard","meta":{"site-sidebar-layout":"default","site-content-layout":"","ast-site-content-layout":"default","site-content-style":"default","site-sidebar-style":"default","ast-global-header-display":"","ast-banner-title-visibility":"","ast-main-header-display":"","ast-hfb-above-header-display":"","ast-hfb-below-header-display":"","ast-hfb-mobile-header-display":"","site-post-title":"","ast-breadcrumbs-content":"","ast-featured-img":"","footer-sml-layout":"","ast-disable-related-posts":"","theme-transparent-header-meta":"","adv-header-id-meta":"","stick-header-meta":"","header-above-stick-meta":"","header-main-stick-meta":"","header-below-stick-meta":"","astra-migrate-meta-layouts":"default","ast-page-background-enabled":"default","ast-page-background-meta":{"desktop":{"background-color":"","background-image":"","background-repeat":"repeat","background-position":"center center","background-size":"auto","background-attachment":"scroll","background-type":"","background-media":"","overlay-type":"","overlay-color":"","overlay-opacity":"","overlay-gradient":""},"tablet":{"background-color":"","background-image":"","background-repeat":"repeat","background-position":"center center","background-size":"auto","background-attachment":"scroll","background-type":"","background-media":"","overlay-type":"","overlay-color":"","overlay-opacity":"","overlay-gradient":""},"mobile":{"background-color":"","background-image":"","background-repeat":"repeat","background-position":"center center","background-size":"auto","background-attachment":"scroll","background-type":"","background-media":"","overlay-type":"","overlay-color":"","overlay-opacity":"","overlay-gradient":""}},"ast-content-background-meta":{"desktop":{"background-color":"var(--ast-global-color-5)","background-image":"","background-repeat":"repeat","background-position":"center center","background-size":"auto","background-attachment":"scroll","background-type":"","background-media":"","overlay-type":"","overlay-color":"","overlay-opacity":"","overlay-gradient":""},"tablet":{"background-color":"var(--ast-global-color-5)","background-image":"","background-repeat":"repeat","background-position":"center center","background-size":"auto","background-attachment":"scroll","background-type":"","background-media":"","overlay-type":"","overlay-color":"","overlay-opacity":"","overlay-gradient":""},"mobile":{"background-color":"var(--ast-global-color-5)","background-image":"","background-repeat":"repeat","background-position":"center center","background-size":"auto","background-attachment":"scroll","background-type":"","background-media":"","overlay-type":"","overlay-color":"","overlay-opacity":"","overlay-gradient":""}},"_jet_sm_ready_style":"","_jet_sm_style":"","_jet_sm_controls_values":"","_jet_sm_fonts_collection":"","_jet_sm_fonts_links":"","footnotes":""},"categories":[28],"tags":[],"schlagwortedst":[],"class_list":["post-29289","post","type-post","status-publish","format-standard","has-post-thumbnail","hentry","category-colegio"],"_links":{"self":[{"href":"https:\/\/www.dstenerife.eu\/es\/wp-json\/wp\/v2\/posts\/29289","targetHints":{"allow":["GET"]}}],"collection":[{"href":"https:\/\/www.dstenerife.eu\/es\/wp-json\/wp\/v2\/posts"}],"about":[{"href":"https:\/\/www.dstenerife.eu\/es\/wp-json\/wp\/v2\/types\/post"}],"author":[{"embeddable":true,"href":"https:\/\/www.dstenerife.eu\/es\/wp-json\/wp\/v2\/users\/13"}],"replies":[{"embeddable":true,"href":"https:\/\/www.dstenerife.eu\/es\/wp-json\/wp\/v2\/comments?post=29289"}],"version-history":[{"count":0,"href":"https:\/\/www.dstenerife.eu\/es\/wp-json\/wp\/v2\/posts\/29289\/revisions"}],"wp:featuredmedia":[{"embeddable":true,"href":"https:\/\/www.dstenerife.eu\/es\/wp-json\/wp\/v2\/media\/29290"}],"wp:attachment":[{"href":"https:\/\/www.dstenerife.eu\/es\/wp-json\/wp\/v2\/media?parent=29289"}],"wp:term":[{"taxonomy":"category","embeddable":true,"href":"https:\/\/www.dstenerife.eu\/es\/wp-json\/wp\/v2\/categories?post=29289"},{"taxonomy":"post_tag","embeddable":true,"href":"https:\/\/www.dstenerife.eu\/es\/wp-json\/wp\/v2\/tags?post=29289"},{"taxonomy":"schlagwortedst","embeddable":true,"href":"https:\/\/www.dstenerife.eu\/es\/wp-json\/wp\/v2\/schlagwortedst?post=29289"}],"curies":[{"name":"wp","href":"https:\/\/api.w.org\/{rel}","templated":true}]}}