{"id":41687,"date":"2021-06-03T08:14:07","date_gmt":"2021-06-03T08:14:07","guid":{"rendered":"https:\/\/kopie.dst.deutsche-schule.eu\/?p=41687"},"modified":"2021-06-03T08:33:22","modified_gmt":"2021-06-03T08:33:22","slug":"kiga-tag-der-kanaren-2021","status":"publish","type":"post","link":"https:\/\/www.dstenerife.eu\/es\/kiga-tag-der-kanaren-2021\/","title":{"rendered":"Kindergarten: D\u00eda de Canarias 2021"},"content":{"rendered":"<p>El viernes d\u00eda 28 de mayo el Kindergarten celebr\u00f3 el D\u00eda de Canarias. Cada clase se hab\u00eda preparado de manera especial para este d\u00eda. Los ni\u00f1os y las ni\u00f1as han aprendido sobre su isla Tenerife y las dem\u00e1s islas canarias y sobre las tradiciones que tenemos aqu\u00ed. Han aprendido canciones y bailes canarios, escuchado m\u00fasica tradicional canaria y trabajado el tema de forma creativa.<\/p>\n<p>El d\u00eda 28 de mayo, los ni\u00f1os acudieron al Kindergarten y a Kikri con mucha ilusi\u00f3n, el traje de mago y una comida t\u00edpica canaria como desayuno.<\/p>\n<div  id=\"jtg-41705\" class=\"modula modula-gallery modula-creative-gallery\" data-config=\"{&quot;height&quot;:800,&quot;tabletHeight&quot;:800,&quot;mobileHeight&quot;:800,&quot;desktopHeight&quot;:800,&quot;enableTwitter&quot;:false,&quot;enableWhatsapp&quot;:false,&quot;enableFacebook&quot;:false,&quot;enablePinterest&quot;:false,&quot;enableLinkedin&quot;:false,&quot;enableEmail&quot;:false,&quot;randomFactor&quot;:0.5,&quot;type&quot;:&quot;creative-gallery&quot;,&quot;columns&quot;:12,&quot;gutter&quot;:10,&quot;mobileGutter&quot;:10,&quot;tabletGutter&quot;:10,&quot;desktopGutter&quot;:10,&quot;enableResponsive&quot;:&quot;0&quot;,&quot;tabletColumns&quot;:&quot;&quot;,&quot;mobileColumns&quot;:&quot;&quot;,&quot;lazyLoad&quot;:0,&quot;lightboxOpts&quot;:{&quot;animated&quot;:true,&quot;Thumbs&quot;:{&quot;type&quot;:&quot;modern&quot;,&quot;showOnStart&quot;:false},&quot;Toolbar&quot;:{&quot;display&quot;:{&quot;right&quot;:[&quot;close&quot;],&quot;left&quot;:[&quot;infobar&quot;]},&quot;enabled&quot;:true},&quot;Carousel&quot;:{&quot;Panzoom&quot;:{&quot;touch&quot;:false},&quot;infinite&quot;:false,&quot;transition&quot;:&quot;fade&quot;},&quot;keyboard&quot;:{&quot;Escape&quot;:&quot;close&quot;,&quot;Delete&quot;:&quot;close&quot;,&quot;Backspace&quot;:&quot;close&quot;,&quot;PageUp&quot;:&quot;next&quot;,&quot;PageDown&quot;:&quot;prev&quot;,&quot;ArrowUp&quot;:&quot;prev&quot;,&quot;ArrowDown&quot;:&quot;next&quot;,&quot;ArrowRight&quot;:&quot;next&quot;,&quot;ArrowLeft&quot;:&quot;prev&quot;},&quot;touch&quot;:false,&quot;backdropClick&quot;:false,&quot;l10n&quot;:{&quot;CLOSE&quot;:&quot;Cerrar&quot;,&quot;NEXT&quot;:&quot;Siguiente&quot;,&quot;PREV&quot;:&quot;Anterior&quot;,&quot;Error&quot;:&quot;No se ha podido cargar el contenido solicitado. Por favor, int\\u00e9ntalo de nuevo m\\u00e1s tarde.&quot;,&quot;PLAY_START&quot;:&quot;Empezar la presentaci\\u00f3n&quot;,&quot;PLAY_STOP&quot;:&quot;Pausar la presentaci\\u00f3n&quot;,&quot;FULL_SCREEN&quot;:&quot;Pantalla completa&quot;,&quot;THUMBS&quot;:&quot;Miniaturas&quot;,&quot;DOWNLOAD&quot;:&quot;Descargar&quot;,&quot;SHARE&quot;:&quot;Compartir&quot;,&quot;ZOOM&quot;:&quot;Zoom&quot;,&quot;EMAIL&quot;:&quot;Here is the link to the image : %%image_link%% and this is the link to the gallery : %%gallery_link%%&quot;,&quot;MODAL&quot;:&quot;Puedes cerrar este contenido emergente con la tecla ESC&quot;,&quot;ERROR&quot;:&quot;Algo ha ido mal, pro favor, prueba de nuevo m\\u00e1s tarde&quot;,&quot;IMAGE_ERROR&quot;:&quot;Imagen no encontrada&quot;,&quot;ELEMENT_NOT_FOUND&quot;:&quot;No se ha encontrado el elemento HTML&quot;,&quot;AJAX_NOT_FOUND&quot;:&quot;Error al cargar AJAX: No encontrado&quot;,&quot;AJAX_FORBIDDEN&quot;:&quot;Error al cargar AJAX: Prohibido&quot;,&quot;IFRAME_ERROR&quot;:&quot;Error al cargar la p\\u00e1gina&quot;,&quot;TOGGLE_ZOOM&quot;:&quot;Alternar nivel de ampliar\\\/acercar&quot;,&quot;TOGGLE_THUMBS&quot;:&quot;Alternar miniaturas&quot;,&quot;TOGGLE_SLIDESHOW&quot;:&quot;Alternar diapositiva&quot;,&quot;TOGGLE_FULLSCREEN&quot;:&quot;Cambiar al modo de pantalla completa&quot;},&quot;Images&quot;:{&quot;Panzoom&quot;:{&quot;maxScale&quot;:2}},&quot;toolbar&quot;:true,&quot;wheel&quot;:false,&quot;animationEffect&quot;:&quot;false&quot;,&quot;animationDuration&quot;:366,&quot;transitionEffect&quot;:&quot;false&quot;,&quot;Html&quot;:{&quot;videoAutoplay&quot;:0,&quot;videoTpl&quot;:&quot;&lt;video class=\\&quot;fancybox__html5video modula_html5_video\\&quot; controls playsinline controlsList controlsList=\\&quot;nodownload\\&quot; poster=\\&quot;{{poster}}\\&quot; src=\\&quot;{{src}}\\&quot; type=\\&quot;{{format}}\\&quot; &gt;  Sorry, your browser doesn&#039;t support embedded videos, &lt;a href=\\&quot;{{src}}\\&quot;&gt; download &lt;\\\/a&gt; and watch with your favorite video player! &lt;\\\/video&gt;&quot;,&quot;vimeo&quot;:{&quot;autopause&quot;:0}},&quot;Fullscreen&quot;:{&quot;autoStart&quot;:true},&quot;mainClass&quot;:&quot;modula-fancybox-container modula-lightbox-jtg-41705&quot;},&quot;inView&quot;:false,&quot;email_subject&quot;:&quot;Check out this awesome image !!&quot;,&quot;email_message&quot;:&quot;Here is the link to the image : %%image_link%% and this is the link to the gallery : %%gallery_link%%&quot;,&quot;lightbox&quot;:&quot;fancybox&quot;,&quot;filterClick&quot;:&quot;0&quot;,&quot;dropdownFilters&quot;:&quot;0&quot;,&quot;defaultActiveFilter&quot;:&quot;all&quot;,&quot;initLightbox&quot;:&quot;modula_pro_init_lightbox&quot;,&quot;haveFilters&quot;:0,&quot;lightbox_devices&quot;:&quot;both&quot;,&quot;options&quot;:{&quot;lightbox&quot;:&quot;fancybox&quot;},&quot;enableSlideshow&quot;:&quot;0&quot;,&quot;enableAutoplay&quot;:&quot;0&quot;,&quot;slideshowSpeed&quot;:&quot;5000&quot;,&quot;pauseOnHover&quot;:&quot;0&quot;}\">\n\n\t\n\t<div  class=\"modula-items\">\n\t\t<div class=\"modula-item effect-pufrobo jtg-filter-all jtg-filter-\" >\n\t<div class=\"modula-item-overlay\"><\/div>\n\n\t<div class=\"modula-item-content\">\n\n\t\t<a data-image-id=\"41706\" role=\"button\" data-elementor-open-lightbox=\"no\" tabindex=\"0\" rel=\"jtg-41705\" data-caption=\"&lt;span class=&quot;modula-caption-description&quot;&gt;&lt;\/span&gt;\" aria-label=\"Abrir la imagen en una caja de luz\" data-thumb=\"https:\/\/e969z83yjsq.exactdn.com\/wp-content\/uploads\/2021\/06\/Dia_de_canarias_kiga_0-564x423.jpeg?strip=all\" class=\"tile-inner modula-item-link\"><\/a><img fetchpriority=\"high\" decoding=\"async\" class=\"pic wp-image-41706\"  data-valign=\"middle\" data-halign=\"center\" alt=\"\" data-full=\"https:\/\/www.dstenerife.eu\/wp-content\/uploads\/2021\/06\/Dia_de_canarias_kiga_0.jpeg\" title=\"Dia_de_canarias_kiga_0\" crop=\"\" width=\"564\" height=\"423\" src=\"https:\/\/e969z83yjsq.exactdn.com\/wp-content\/uploads\/2021\/06\/Dia_de_canarias_kiga_0-564x423.jpeg?strip=all\" data-src=\"https:\/\/e969z83yjsq.exactdn.com\/wp-content\/uploads\/2021\/06\/Dia_de_canarias_kiga_0-564x423.jpeg?strip=all\" data-caption=\"\" srcset=\"https:\/\/e969z83yjsq.exactdn.com\/wp-content\/uploads\/2021\/06\/Dia_de_canarias_kiga_0.jpeg?strip=all 1920w, https:\/\/e969z83yjsq.exactdn.com\/wp-content\/uploads\/2021\/06\/Dia_de_canarias_kiga_0-564x423.jpeg?strip=all 564w, https:\/\/e969z83yjsq.exactdn.com\/wp-content\/uploads\/2021\/06\/Dia_de_canarias_kiga_0-960x720.jpeg?strip=all 960w, https:\/\/e969z83yjsq.exactdn.com\/wp-content\/uploads\/2021\/06\/Dia_de_canarias_kiga_0-768x576.jpeg?strip=all 768w, https:\/\/e969z83yjsq.exactdn.com\/wp-content\/uploads\/2021\/06\/Dia_de_canarias_kiga_0-1536x1152.jpeg?strip=all 1536w, https:\/\/e969z83yjsq.exactdn.com\/wp-content\/uploads\/2021\/06\/Dia_de_canarias_kiga_0-320x240.jpeg?strip=all 320w, https:\/\/e969z83yjsq.exactdn.com\/wp-content\/uploads\/2021\/06\/Dia_de_canarias_kiga_0.jpeg?strip=all&amp;w=384 384w, https:\/\/e969z83yjsq.exactdn.com\/wp-content\/uploads\/2021\/06\/Dia_de_canarias_kiga_0.jpeg?strip=all&amp;w=1152 1152w, https:\/\/e969z83yjsq.exactdn.com\/wp-content\/uploads\/2021\/06\/Dia_de_canarias_kiga_0.jpeg?strip=all&amp;w=450 450w\" sizes=\"(max-width: 564px) 100vw, 564px\" \/>\n\t\t<div class=\"figc no-description\">\n\t\t\t<div class=\"figc-inner\">\n\t\t\t\t\t\t\t\t\t\t\t\t\t\t\t<\/div>\n\t\t<\/div>\n\n\t<\/div>\n\n<\/div><div class=\"modula-item effect-pufrobo jtg-filter-all jtg-filter-\" >\n\t<div class=\"modula-item-overlay\"><\/div>\n\n\t<div class=\"modula-item-content\">\n\n\t\t<a data-image-id=\"41708\" role=\"button\" data-elementor-open-lightbox=\"no\" tabindex=\"0\" rel=\"jtg-41705\" data-caption=\"&lt;span class=&quot;modula-caption-description&quot;&gt;&lt;\/span&gt;\" aria-label=\"Abrir la imagen en una caja de luz\" data-thumb=\"https:\/\/e969z83yjsq.exactdn.com\/wp-content\/uploads\/2021\/06\/Dia_de_canarias_kiga_1-1-564x423.jpeg?strip=all\" class=\"tile-inner modula-item-link\"><\/a><img decoding=\"async\" class=\"pic wp-image-41708\"  data-valign=\"middle\" data-halign=\"center\" alt=\"\" data-full=\"https:\/\/www.dstenerife.eu\/wp-content\/uploads\/2021\/06\/Dia_de_canarias_kiga_1-1.jpeg\" title=\"Dia_de_canarias_kiga_1 (1)\" crop=\"\" width=\"564\" height=\"423\" src=\"https:\/\/e969z83yjsq.exactdn.com\/wp-content\/uploads\/2021\/06\/Dia_de_canarias_kiga_1-1-564x423.jpeg?strip=all\" data-src=\"https:\/\/e969z83yjsq.exactdn.com\/wp-content\/uploads\/2021\/06\/Dia_de_canarias_kiga_1-1-564x423.jpeg?strip=all\" data-caption=\"\" srcset=\"https:\/\/e969z83yjsq.exactdn.com\/wp-content\/uploads\/2021\/06\/Dia_de_canarias_kiga_1-1.jpeg?strip=all 1280w, https:\/\/e969z83yjsq.exactdn.com\/wp-content\/uploads\/2021\/06\/Dia_de_canarias_kiga_1-1-564x423.jpeg?strip=all 564w, https:\/\/e969z83yjsq.exactdn.com\/wp-content\/uploads\/2021\/06\/Dia_de_canarias_kiga_1-1-960x720.jpeg?strip=all 960w, https:\/\/e969z83yjsq.exactdn.com\/wp-content\/uploads\/2021\/06\/Dia_de_canarias_kiga_1-1-768x576.jpeg?strip=all 768w, https:\/\/e969z83yjsq.exactdn.com\/wp-content\/uploads\/2021\/06\/Dia_de_canarias_kiga_1-1-320x240.jpeg?strip=all 320w, https:\/\/e969z83yjsq.exactdn.com\/wp-content\/uploads\/2021\/06\/Dia_de_canarias_kiga_1-1.jpeg?strip=all&amp;w=256 256w, https:\/\/e969z83yjsq.exactdn.com\/wp-content\/uploads\/2021\/06\/Dia_de_canarias_kiga_1-1.jpeg?strip=all&amp;w=512 512w, https:\/\/e969z83yjsq.exactdn.com\/wp-content\/uploads\/2021\/06\/Dia_de_canarias_kiga_1-1.jpeg?strip=all&amp;w=1024 1024w, https:\/\/e969z83yjsq.exactdn.com\/wp-content\/uploads\/2021\/06\/Dia_de_canarias_kiga_1-1.jpeg?strip=all&amp;w=450 450w\" sizes=\"(max-width: 564px) 100vw, 564px\" \/>\n\t\t<div class=\"figc no-description\">\n\t\t\t<div class=\"figc-inner\">\n\t\t\t\t\t\t\t\t\t\t\t\t\t\t\t<\/div>\n\t\t<\/div>\n\n\t<\/div>\n\n<\/div><div class=\"modula-item effect-pufrobo jtg-filter-all jtg-filter-\" >\n\t<div class=\"modula-item-overlay\"><\/div>\n\n\t<div class=\"modula-item-content\">\n\n\t\t<a data-image-id=\"41710\" role=\"button\" data-elementor-open-lightbox=\"no\" tabindex=\"0\" rel=\"jtg-41705\" data-caption=\"&lt;span class=&quot;modula-caption-description&quot;&gt;&lt;\/span&gt;\" aria-label=\"Abrir la imagen en una caja de luz\" data-thumb=\"https:\/\/e969z83yjsq.exactdn.com\/wp-content\/uploads\/2021\/06\/Dia_de_canarias_kiga_1-2-564x423.jpeg?strip=all\" class=\"tile-inner modula-item-link\"><\/a><img decoding=\"async\" class=\"pic wp-image-41710\"  data-valign=\"middle\" data-halign=\"center\" alt=\"\" data-full=\"https:\/\/www.dstenerife.eu\/wp-content\/uploads\/2021\/06\/Dia_de_canarias_kiga_1-2.jpeg\" title=\"Dia_de_canarias_kiga_1 (2)\" crop=\"\" width=\"564\" height=\"423\" src=\"https:\/\/e969z83yjsq.exactdn.com\/wp-content\/uploads\/2021\/06\/Dia_de_canarias_kiga_1-2-564x423.jpeg?strip=all\" data-src=\"https:\/\/e969z83yjsq.exactdn.com\/wp-content\/uploads\/2021\/06\/Dia_de_canarias_kiga_1-2-564x423.jpeg?strip=all\" data-caption=\"\" srcset=\"https:\/\/e969z83yjsq.exactdn.com\/wp-content\/uploads\/2021\/06\/Dia_de_canarias_kiga_1-2.jpeg?strip=all 1280w, https:\/\/e969z83yjsq.exactdn.com\/wp-content\/uploads\/2021\/06\/Dia_de_canarias_kiga_1-2-564x423.jpeg?strip=all 564w, https:\/\/e969z83yjsq.exactdn.com\/wp-content\/uploads\/2021\/06\/Dia_de_canarias_kiga_1-2-960x720.jpeg?strip=all 960w, https:\/\/e969z83yjsq.exactdn.com\/wp-content\/uploads\/2021\/06\/Dia_de_canarias_kiga_1-2-768x576.jpeg?strip=all 768w, https:\/\/e969z83yjsq.exactdn.com\/wp-content\/uploads\/2021\/06\/Dia_de_canarias_kiga_1-2-320x240.jpeg?strip=all 320w, https:\/\/e969z83yjsq.exactdn.com\/wp-content\/uploads\/2021\/06\/Dia_de_canarias_kiga_1-2.jpeg?strip=all&amp;w=256 256w, https:\/\/e969z83yjsq.exactdn.com\/wp-content\/uploads\/2021\/06\/Dia_de_canarias_kiga_1-2.jpeg?strip=all&amp;w=512 512w, https:\/\/e969z83yjsq.exactdn.com\/wp-content\/uploads\/2021\/06\/Dia_de_canarias_kiga_1-2.jpeg?strip=all&amp;w=1024 1024w, https:\/\/e969z83yjsq.exactdn.com\/wp-content\/uploads\/2021\/06\/Dia_de_canarias_kiga_1-2.jpeg?strip=all&amp;w=450 450w\" sizes=\"(max-width: 564px) 100vw, 564px\" \/>\n\t\t<div class=\"figc no-description\">\n\t\t\t<div class=\"figc-inner\">\n\t\t\t\t\t\t\t\t\t\t\t\t\t\t\t<\/div>\n\t\t<\/div>\n\n\t<\/div>\n\n<\/div><div class=\"modula-item effect-pufrobo jtg-filter-all jtg-filter-\" >\n\t<div class=\"modula-item-overlay\"><\/div>\n\n\t<div class=\"modula-item-content\">\n\n\t\t<a data-image-id=\"41712\" role=\"button\" data-elementor-open-lightbox=\"no\" tabindex=\"0\" rel=\"jtg-41705\" data-caption=\"&lt;span class=&quot;modula-caption-description&quot;&gt;&lt;\/span&gt;\" aria-label=\"Abrir la imagen en una caja de luz\" data-thumb=\"https:\/\/e969z83yjsq.exactdn.com\/wp-content\/uploads\/2021\/06\/Dia_de_canarias_kiga_1-317x423.jpeg?strip=all\" class=\"tile-inner modula-item-link\"><\/a><img loading=\"lazy\" decoding=\"async\" class=\"pic wp-image-41712\"  data-valign=\"middle\" data-halign=\"center\" alt=\"\" data-full=\"https:\/\/www.dstenerife.eu\/wp-content\/uploads\/2021\/06\/Dia_de_canarias_kiga_1.jpeg\" title=\"Dia_de_canarias_kiga_1\" crop=\"\" width=\"317\" height=\"423\" src=\"https:\/\/e969z83yjsq.exactdn.com\/wp-content\/uploads\/2021\/06\/Dia_de_canarias_kiga_1-317x423.jpeg?strip=all\" data-src=\"https:\/\/e969z83yjsq.exactdn.com\/wp-content\/uploads\/2021\/06\/Dia_de_canarias_kiga_1-317x423.jpeg?strip=all\" data-caption=\"\" srcset=\"https:\/\/e969z83yjsq.exactdn.com\/wp-content\/uploads\/2021\/06\/Dia_de_canarias_kiga_1-rotated.jpeg?strip=all 960w, https:\/\/e969z83yjsq.exactdn.com\/wp-content\/uploads\/2021\/06\/Dia_de_canarias_kiga_1-317x423.jpeg?strip=all 317w, https:\/\/e969z83yjsq.exactdn.com\/wp-content\/uploads\/2021\/06\/Dia_de_canarias_kiga_1-540x720.jpeg?strip=all 540w, https:\/\/e969z83yjsq.exactdn.com\/wp-content\/uploads\/2021\/06\/Dia_de_canarias_kiga_1-768x1024.jpeg?strip=all 768w, https:\/\/e969z83yjsq.exactdn.com\/wp-content\/uploads\/2021\/06\/Dia_de_canarias_kiga_1-320x427.jpeg?strip=all 320w, https:\/\/e969z83yjsq.exactdn.com\/wp-content\/uploads\/2021\/06\/Dia_de_canarias_kiga_1-rotated.jpeg?strip=all&amp;w=192 192w, https:\/\/e969z83yjsq.exactdn.com\/wp-content\/uploads\/2021\/06\/Dia_de_canarias_kiga_1-rotated.jpeg?strip=all&amp;w=384 384w\" sizes=\"(max-width: 317px) 100vw, 317px\" \/>\n\t\t<div class=\"figc no-description\">\n\t\t\t<div class=\"figc-inner\">\n\t\t\t\t\t\t\t\t\t\t\t\t\t\t\t<\/div>\n\t\t<\/div>\n\n\t<\/div>\n\n<\/div><div class=\"modula-item effect-pufrobo jtg-filter-all jtg-filter-\" >\n\t<div class=\"modula-item-overlay\"><\/div>\n\n\t<div class=\"modula-item-content\">\n\n\t\t<a data-image-id=\"41714\" role=\"button\" data-elementor-open-lightbox=\"no\" tabindex=\"0\" rel=\"jtg-41705\" data-caption=\"&lt;span class=&quot;modula-caption-description&quot;&gt;&lt;\/span&gt;\" aria-label=\"Abrir la imagen en una caja de luz\" data-thumb=\"https:\/\/e969z83yjsq.exactdn.com\/wp-content\/uploads\/2021\/06\/Dia_de_canarias_kiga_2-317x423.jpeg?strip=all\" class=\"tile-inner modula-item-link\"><\/a><img loading=\"lazy\" decoding=\"async\" class=\"pic wp-image-41714\"  data-valign=\"middle\" data-halign=\"center\" alt=\"\" data-full=\"https:\/\/www.dstenerife.eu\/wp-content\/uploads\/2021\/06\/Dia_de_canarias_kiga_2.jpeg\" title=\"Dia_de_canarias_kiga_2\" crop=\"\" width=\"317\" height=\"423\" src=\"https:\/\/e969z83yjsq.exactdn.com\/wp-content\/uploads\/2021\/06\/Dia_de_canarias_kiga_2-317x423.jpeg?strip=all\" data-src=\"https:\/\/e969z83yjsq.exactdn.com\/wp-content\/uploads\/2021\/06\/Dia_de_canarias_kiga_2-317x423.jpeg?strip=all\" data-caption=\"\" srcset=\"https:\/\/e969z83yjsq.exactdn.com\/wp-content\/uploads\/2021\/06\/Dia_de_canarias_kiga_2-rotated.jpeg?strip=all 960w, https:\/\/e969z83yjsq.exactdn.com\/wp-content\/uploads\/2021\/06\/Dia_de_canarias_kiga_2-317x423.jpeg?strip=all 317w, https:\/\/e969z83yjsq.exactdn.com\/wp-content\/uploads\/2021\/06\/Dia_de_canarias_kiga_2-540x720.jpeg?strip=all 540w, https:\/\/e969z83yjsq.exactdn.com\/wp-content\/uploads\/2021\/06\/Dia_de_canarias_kiga_2-768x1024.jpeg?strip=all 768w, https:\/\/e969z83yjsq.exactdn.com\/wp-content\/uploads\/2021\/06\/Dia_de_canarias_kiga_2-320x427.jpeg?strip=all 320w, https:\/\/e969z83yjsq.exactdn.com\/wp-content\/uploads\/2021\/06\/Dia_de_canarias_kiga_2-rotated.jpeg?strip=all&amp;w=192 192w, https:\/\/e969z83yjsq.exactdn.com\/wp-content\/uploads\/2021\/06\/Dia_de_canarias_kiga_2-rotated.jpeg?strip=all&amp;w=384 384w\" sizes=\"(max-width: 317px) 100vw, 317px\" \/>\n\t\t<div class=\"figc no-description\">\n\t\t\t<div class=\"figc-inner\">\n\t\t\t\t\t\t\t\t\t\t\t\t\t\t\t<\/div>\n\t\t<\/div>\n\n\t<\/div>\n\n<\/div><div class=\"modula-item effect-pufrobo jtg-filter-all jtg-filter-\" >\n\t<div class=\"modula-item-overlay\"><\/div>\n\n\t<div class=\"modula-item-content\">\n\n\t\t<a data-image-id=\"41716\" role=\"button\" data-elementor-open-lightbox=\"no\" tabindex=\"0\" rel=\"jtg-41705\" data-caption=\"&lt;span class=&quot;modula-caption-description&quot;&gt;&lt;\/span&gt;\" aria-label=\"Abrir la imagen en una caja de luz\" data-thumb=\"https:\/\/e969z83yjsq.exactdn.com\/wp-content\/uploads\/2021\/06\/Dia_de_canarias_kiga_3-1-564x423.jpeg?strip=all\" class=\"tile-inner modula-item-link\"><\/a><img loading=\"lazy\" decoding=\"async\" class=\"pic wp-image-41716\"  data-valign=\"middle\" data-halign=\"center\" alt=\"\" data-full=\"https:\/\/www.dstenerife.eu\/wp-content\/uploads\/2021\/06\/Dia_de_canarias_kiga_3-1.jpeg\" title=\"Dia_de_canarias_kiga_3 (1)\" crop=\"\" width=\"564\" height=\"423\" src=\"https:\/\/e969z83yjsq.exactdn.com\/wp-content\/uploads\/2021\/06\/Dia_de_canarias_kiga_3-1-564x423.jpeg?strip=all\" data-src=\"https:\/\/e969z83yjsq.exactdn.com\/wp-content\/uploads\/2021\/06\/Dia_de_canarias_kiga_3-1-564x423.jpeg?strip=all\" data-caption=\"\" srcset=\"https:\/\/e969z83yjsq.exactdn.com\/wp-content\/uploads\/2021\/06\/Dia_de_canarias_kiga_3-1.jpeg?strip=all 1920w, https:\/\/e969z83yjsq.exactdn.com\/wp-content\/uploads\/2021\/06\/Dia_de_canarias_kiga_3-1-564x423.jpeg?strip=all 564w, https:\/\/e969z83yjsq.exactdn.com\/wp-content\/uploads\/2021\/06\/Dia_de_canarias_kiga_3-1-960x720.jpeg?strip=all 960w, https:\/\/e969z83yjsq.exactdn.com\/wp-content\/uploads\/2021\/06\/Dia_de_canarias_kiga_3-1-768x576.jpeg?strip=all 768w, https:\/\/e969z83yjsq.exactdn.com\/wp-content\/uploads\/2021\/06\/Dia_de_canarias_kiga_3-1-1536x1152.jpeg?strip=all 1536w, https:\/\/e969z83yjsq.exactdn.com\/wp-content\/uploads\/2021\/06\/Dia_de_canarias_kiga_3-1-320x240.jpeg?strip=all 320w, https:\/\/e969z83yjsq.exactdn.com\/wp-content\/uploads\/2021\/06\/Dia_de_canarias_kiga_3-1.jpeg?strip=all&amp;w=384 384w, https:\/\/e969z83yjsq.exactdn.com\/wp-content\/uploads\/2021\/06\/Dia_de_canarias_kiga_3-1.jpeg?strip=all&amp;w=1152 1152w, https:\/\/e969z83yjsq.exactdn.com\/wp-content\/uploads\/2021\/06\/Dia_de_canarias_kiga_3-1.jpeg?strip=all&amp;w=450 450w\" sizes=\"(max-width: 564px) 100vw, 564px\" \/>\n\t\t<div class=\"figc no-description\">\n\t\t\t<div class=\"figc-inner\">\n\t\t\t\t\t\t\t\t\t\t\t\t\t\t\t<\/div>\n\t\t<\/div>\n\n\t<\/div>\n\n<\/div><div class=\"modula-item effect-pufrobo jtg-filter-all jtg-filter-\" >\n\t<div class=\"modula-item-overlay\"><\/div>\n\n\t<div class=\"modula-item-content\">\n\n\t\t<a data-image-id=\"41718\" role=\"button\" data-elementor-open-lightbox=\"no\" tabindex=\"0\" rel=\"jtg-41705\" data-caption=\"&lt;span class=&quot;modula-caption-description&quot;&gt;&lt;\/span&gt;\" aria-label=\"Abrir la imagen en una caja de luz\" data-thumb=\"https:\/\/e969z83yjsq.exactdn.com\/wp-content\/uploads\/2021\/06\/Dia_de_canarias_kiga_3-564x423.jpeg?strip=all\" class=\"tile-inner modula-item-link\"><\/a><img loading=\"lazy\" decoding=\"async\" class=\"pic wp-image-41718\"  data-valign=\"middle\" data-halign=\"center\" alt=\"\" data-full=\"https:\/\/www.dstenerife.eu\/wp-content\/uploads\/2021\/06\/Dia_de_canarias_kiga_3.jpeg\" title=\"Dia_de_canarias_kiga_3\" crop=\"\" width=\"564\" height=\"423\" src=\"https:\/\/e969z83yjsq.exactdn.com\/wp-content\/uploads\/2021\/06\/Dia_de_canarias_kiga_3-564x423.jpeg?strip=all\" data-src=\"https:\/\/e969z83yjsq.exactdn.com\/wp-content\/uploads\/2021\/06\/Dia_de_canarias_kiga_3-564x423.jpeg?strip=all\" data-caption=\"\" srcset=\"https:\/\/e969z83yjsq.exactdn.com\/wp-content\/uploads\/2021\/06\/Dia_de_canarias_kiga_3.jpeg?strip=all 1280w, https:\/\/e969z83yjsq.exactdn.com\/wp-content\/uploads\/2021\/06\/Dia_de_canarias_kiga_3-564x423.jpeg?strip=all 564w, https:\/\/e969z83yjsq.exactdn.com\/wp-content\/uploads\/2021\/06\/Dia_de_canarias_kiga_3-960x720.jpeg?strip=all 960w, https:\/\/e969z83yjsq.exactdn.com\/wp-content\/uploads\/2021\/06\/Dia_de_canarias_kiga_3-768x576.jpeg?strip=all 768w, https:\/\/e969z83yjsq.exactdn.com\/wp-content\/uploads\/2021\/06\/Dia_de_canarias_kiga_3-320x240.jpeg?strip=all 320w, https:\/\/e969z83yjsq.exactdn.com\/wp-content\/uploads\/2021\/06\/Dia_de_canarias_kiga_3.jpeg?strip=all&amp;w=256 256w, https:\/\/e969z83yjsq.exactdn.com\/wp-content\/uploads\/2021\/06\/Dia_de_canarias_kiga_3.jpeg?strip=all&amp;w=512 512w, https:\/\/e969z83yjsq.exactdn.com\/wp-content\/uploads\/2021\/06\/Dia_de_canarias_kiga_3.jpeg?strip=all&amp;w=1024 1024w, https:\/\/e969z83yjsq.exactdn.com\/wp-content\/uploads\/2021\/06\/Dia_de_canarias_kiga_3.jpeg?strip=all&amp;w=450 450w\" sizes=\"(max-width: 564px) 100vw, 564px\" \/>\n\t\t<div class=\"figc no-description\">\n\t\t\t<div class=\"figc-inner\">\n\t\t\t\t\t\t\t\t\t\t\t\t\t\t\t<\/div>\n\t\t<\/div>\n\n\t<\/div>\n\n<\/div><div class=\"modula-item effect-pufrobo jtg-filter-all jtg-filter-\" >\n\t<div class=\"modula-item-overlay\"><\/div>\n\n\t<div class=\"modula-item-content\">\n\n\t\t<a data-image-id=\"41720\" role=\"button\" data-elementor-open-lightbox=\"no\" tabindex=\"0\" rel=\"jtg-41705\" data-caption=\"&lt;span class=&quot;modula-caption-description&quot;&gt;&lt;\/span&gt;\" aria-label=\"Abrir la imagen en una caja de luz\" data-thumb=\"https:\/\/e969z83yjsq.exactdn.com\/wp-content\/uploads\/2021\/06\/Dia_de_canarias_kiga_5-564x423.jpeg?strip=all\" class=\"tile-inner modula-item-link\"><\/a><img loading=\"lazy\" decoding=\"async\" class=\"pic wp-image-41720\"  data-valign=\"middle\" data-halign=\"center\" alt=\"\" data-full=\"https:\/\/www.dstenerife.eu\/wp-content\/uploads\/2021\/06\/Dia_de_canarias_kiga_5.jpeg\" title=\"Dia_de_canarias_kiga_5\" crop=\"\" width=\"564\" height=\"423\" src=\"https:\/\/e969z83yjsq.exactdn.com\/wp-content\/uploads\/2021\/06\/Dia_de_canarias_kiga_5-564x423.jpeg?strip=all\" data-src=\"https:\/\/e969z83yjsq.exactdn.com\/wp-content\/uploads\/2021\/06\/Dia_de_canarias_kiga_5-564x423.jpeg?strip=all\" data-caption=\"\" srcset=\"https:\/\/e969z83yjsq.exactdn.com\/wp-content\/uploads\/2021\/06\/Dia_de_canarias_kiga_5.jpeg?strip=all 1920w, https:\/\/e969z83yjsq.exactdn.com\/wp-content\/uploads\/2021\/06\/Dia_de_canarias_kiga_5-564x423.jpeg?strip=all 564w, https:\/\/e969z83yjsq.exactdn.com\/wp-content\/uploads\/2021\/06\/Dia_de_canarias_kiga_5-960x720.jpeg?strip=all 960w, https:\/\/e969z83yjsq.exactdn.com\/wp-content\/uploads\/2021\/06\/Dia_de_canarias_kiga_5-768x576.jpeg?strip=all 768w, https:\/\/e969z83yjsq.exactdn.com\/wp-content\/uploads\/2021\/06\/Dia_de_canarias_kiga_5-1536x1152.jpeg?strip=all 1536w, https:\/\/e969z83yjsq.exactdn.com\/wp-content\/uploads\/2021\/06\/Dia_de_canarias_kiga_5-320x240.jpeg?strip=all 320w, https:\/\/e969z83yjsq.exactdn.com\/wp-content\/uploads\/2021\/06\/Dia_de_canarias_kiga_5.jpeg?strip=all&amp;w=384 384w, https:\/\/e969z83yjsq.exactdn.com\/wp-content\/uploads\/2021\/06\/Dia_de_canarias_kiga_5.jpeg?strip=all&amp;w=1152 1152w, https:\/\/e969z83yjsq.exactdn.com\/wp-content\/uploads\/2021\/06\/Dia_de_canarias_kiga_5.jpeg?strip=all&amp;w=450 450w\" sizes=\"(max-width: 564px) 100vw, 564px\" \/>\n\t\t<div class=\"figc no-description\">\n\t\t\t<div class=\"figc-inner\">\n\t\t\t\t\t\t\t\t\t\t\t\t\t\t\t<\/div>\n\t\t<\/div>\n\n\t<\/div>\n\n<\/div><div class=\"modula-item effect-pufrobo jtg-filter-all jtg-filter-\" >\n\t<div class=\"modula-item-overlay\"><\/div>\n\n\t<div class=\"modula-item-content\">\n\n\t\t<a data-image-id=\"41722\" role=\"button\" data-elementor-open-lightbox=\"no\" tabindex=\"0\" rel=\"jtg-41705\" data-caption=\"&lt;span class=&quot;modula-caption-description&quot;&gt;&lt;\/span&gt;\" aria-label=\"Abrir la imagen en una caja de luz\" data-thumb=\"https:\/\/e969z83yjsq.exactdn.com\/wp-content\/uploads\/2021\/06\/Dia_de_canarias_kiga_6-564x423.jpeg?strip=all\" class=\"tile-inner modula-item-link\"><\/a><img loading=\"lazy\" decoding=\"async\" class=\"pic wp-image-41722\"  data-valign=\"middle\" data-halign=\"center\" alt=\"\" data-full=\"https:\/\/www.dstenerife.eu\/wp-content\/uploads\/2021\/06\/Dia_de_canarias_kiga_6.jpeg\" title=\"Dia_de_canarias_kiga_6\" crop=\"\" width=\"564\" height=\"423\" src=\"https:\/\/e969z83yjsq.exactdn.com\/wp-content\/uploads\/2021\/06\/Dia_de_canarias_kiga_6-564x423.jpeg?strip=all\" data-src=\"https:\/\/e969z83yjsq.exactdn.com\/wp-content\/uploads\/2021\/06\/Dia_de_canarias_kiga_6-564x423.jpeg?strip=all\" data-caption=\"\" srcset=\"https:\/\/e969z83yjsq.exactdn.com\/wp-content\/uploads\/2021\/06\/Dia_de_canarias_kiga_6.jpeg?strip=all 1920w, https:\/\/e969z83yjsq.exactdn.com\/wp-content\/uploads\/2021\/06\/Dia_de_canarias_kiga_6-564x423.jpeg?strip=all 564w, https:\/\/e969z83yjsq.exactdn.com\/wp-content\/uploads\/2021\/06\/Dia_de_canarias_kiga_6-960x720.jpeg?strip=all 960w, https:\/\/e969z83yjsq.exactdn.com\/wp-content\/uploads\/2021\/06\/Dia_de_canarias_kiga_6-768x576.jpeg?strip=all 768w, https:\/\/e969z83yjsq.exactdn.com\/wp-content\/uploads\/2021\/06\/Dia_de_canarias_kiga_6-1536x1152.jpeg?strip=all 1536w, https:\/\/e969z83yjsq.exactdn.com\/wp-content\/uploads\/2021\/06\/Dia_de_canarias_kiga_6-320x240.jpeg?strip=all 320w, https:\/\/e969z83yjsq.exactdn.com\/wp-content\/uploads\/2021\/06\/Dia_de_canarias_kiga_6.jpeg?strip=all&amp;w=384 384w, https:\/\/e969z83yjsq.exactdn.com\/wp-content\/uploads\/2021\/06\/Dia_de_canarias_kiga_6.jpeg?strip=all&amp;w=1152 1152w, https:\/\/e969z83yjsq.exactdn.com\/wp-content\/uploads\/2021\/06\/Dia_de_canarias_kiga_6.jpeg?strip=all&amp;w=450 450w\" sizes=\"(max-width: 564px) 100vw, 564px\" \/>\n\t\t<div class=\"figc no-description\">\n\t\t\t<div class=\"figc-inner\">\n\t\t\t\t\t\t\t\t\t\t\t\t\t\t\t<\/div>\n\t\t<\/div>\n\n\t<\/div>\n\n<\/div><div class=\"modula-item effect-pufrobo jtg-filter-all jtg-filter-\" >\n\t<div class=\"modula-item-overlay\"><\/div>\n\n\t<div class=\"modula-item-content\">\n\n\t\t<a data-image-id=\"41724\" role=\"button\" data-elementor-open-lightbox=\"no\" tabindex=\"0\" rel=\"jtg-41705\" data-caption=\"&lt;span class=&quot;modula-caption-description&quot;&gt;&lt;\/span&gt;\" aria-label=\"Abrir la imagen en una caja de luz\" data-thumb=\"https:\/\/e969z83yjsq.exactdn.com\/wp-content\/uploads\/2021\/06\/Dia_de_canarias_kiga_7-1-564x423.jpeg?strip=all\" class=\"tile-inner modula-item-link\"><\/a><img loading=\"lazy\" decoding=\"async\" class=\"pic wp-image-41724\"  data-valign=\"middle\" data-halign=\"center\" alt=\"\" data-full=\"https:\/\/www.dstenerife.eu\/wp-content\/uploads\/2021\/06\/Dia_de_canarias_kiga_7-1.jpeg\" title=\"Dia_de_canarias_kiga_7 (1)\" crop=\"\" width=\"564\" height=\"423\" src=\"https:\/\/e969z83yjsq.exactdn.com\/wp-content\/uploads\/2021\/06\/Dia_de_canarias_kiga_7-1-564x423.jpeg?strip=all\" data-src=\"https:\/\/e969z83yjsq.exactdn.com\/wp-content\/uploads\/2021\/06\/Dia_de_canarias_kiga_7-1-564x423.jpeg?strip=all\" data-caption=\"\" srcset=\"https:\/\/e969z83yjsq.exactdn.com\/wp-content\/uploads\/2021\/06\/Dia_de_canarias_kiga_7-1.jpeg?strip=all 1920w, https:\/\/e969z83yjsq.exactdn.com\/wp-content\/uploads\/2021\/06\/Dia_de_canarias_kiga_7-1-564x423.jpeg?strip=all 564w, https:\/\/e969z83yjsq.exactdn.com\/wp-content\/uploads\/2021\/06\/Dia_de_canarias_kiga_7-1-960x720.jpeg?strip=all 960w, https:\/\/e969z83yjsq.exactdn.com\/wp-content\/uploads\/2021\/06\/Dia_de_canarias_kiga_7-1-768x576.jpeg?strip=all 768w, https:\/\/e969z83yjsq.exactdn.com\/wp-content\/uploads\/2021\/06\/Dia_de_canarias_kiga_7-1-1536x1152.jpeg?strip=all 1536w, https:\/\/e969z83yjsq.exactdn.com\/wp-content\/uploads\/2021\/06\/Dia_de_canarias_kiga_7-1-320x240.jpeg?strip=all 320w, https:\/\/e969z83yjsq.exactdn.com\/wp-content\/uploads\/2021\/06\/Dia_de_canarias_kiga_7-1.jpeg?strip=all&amp;w=384 384w, https:\/\/e969z83yjsq.exactdn.com\/wp-content\/uploads\/2021\/06\/Dia_de_canarias_kiga_7-1.jpeg?strip=all&amp;w=1152 1152w, https:\/\/e969z83yjsq.exactdn.com\/wp-content\/uploads\/2021\/06\/Dia_de_canarias_kiga_7-1.jpeg?strip=all&amp;w=450 450w\" sizes=\"(max-width: 564px) 100vw, 564px\" \/>\n\t\t<div class=\"figc no-description\">\n\t\t\t<div class=\"figc-inner\">\n\t\t\t\t\t\t\t\t\t\t\t\t\t\t\t<\/div>\n\t\t<\/div>\n\n\t<\/div>\n\n<\/div><div class=\"modula-item effect-pufrobo jtg-filter-all jtg-filter-\" >\n\t<div class=\"modula-item-overlay\"><\/div>\n\n\t<div class=\"modula-item-content\">\n\n\t\t<a data-image-id=\"41726\" role=\"button\" data-elementor-open-lightbox=\"no\" tabindex=\"0\" rel=\"jtg-41705\" data-caption=\"&lt;span class=&quot;modula-caption-description&quot;&gt;&lt;\/span&gt;\" aria-label=\"Abrir la imagen en una caja de luz\" data-thumb=\"https:\/\/e969z83yjsq.exactdn.com\/wp-content\/uploads\/2021\/06\/Dia_de_canarias_kiga_7-564x423.jpeg?strip=all\" class=\"tile-inner modula-item-link\"><\/a><img loading=\"lazy\" decoding=\"async\" class=\"pic wp-image-41726\"  data-valign=\"middle\" data-halign=\"center\" alt=\"\" data-full=\"https:\/\/www.dstenerife.eu\/wp-content\/uploads\/2021\/06\/Dia_de_canarias_kiga_7.jpeg\" title=\"Dia_de_canarias_kiga_7\" crop=\"\" width=\"564\" height=\"423\" src=\"https:\/\/e969z83yjsq.exactdn.com\/wp-content\/uploads\/2021\/06\/Dia_de_canarias_kiga_7-564x423.jpeg?strip=all\" data-src=\"https:\/\/e969z83yjsq.exactdn.com\/wp-content\/uploads\/2021\/06\/Dia_de_canarias_kiga_7-564x423.jpeg?strip=all\" data-caption=\"\" srcset=\"https:\/\/e969z83yjsq.exactdn.com\/wp-content\/uploads\/2021\/06\/Dia_de_canarias_kiga_7.jpeg?strip=all 1280w, https:\/\/e969z83yjsq.exactdn.com\/wp-content\/uploads\/2021\/06\/Dia_de_canarias_kiga_7-564x423.jpeg?strip=all 564w, https:\/\/e969z83yjsq.exactdn.com\/wp-content\/uploads\/2021\/06\/Dia_de_canarias_kiga_7-960x720.jpeg?strip=all 960w, https:\/\/e969z83yjsq.exactdn.com\/wp-content\/uploads\/2021\/06\/Dia_de_canarias_kiga_7-768x576.jpeg?strip=all 768w, https:\/\/e969z83yjsq.exactdn.com\/wp-content\/uploads\/2021\/06\/Dia_de_canarias_kiga_7-320x240.jpeg?strip=all 320w, https:\/\/e969z83yjsq.exactdn.com\/wp-content\/uploads\/2021\/06\/Dia_de_canarias_kiga_7.jpeg?strip=all&amp;w=256 256w, https:\/\/e969z83yjsq.exactdn.com\/wp-content\/uploads\/2021\/06\/Dia_de_canarias_kiga_7.jpeg?strip=all&amp;w=512 512w, https:\/\/e969z83yjsq.exactdn.com\/wp-content\/uploads\/2021\/06\/Dia_de_canarias_kiga_7.jpeg?strip=all&amp;w=1024 1024w, https:\/\/e969z83yjsq.exactdn.com\/wp-content\/uploads\/2021\/06\/Dia_de_canarias_kiga_7.jpeg?strip=all&amp;w=450 450w\" sizes=\"(max-width: 564px) 100vw, 564px\" \/>\n\t\t<div class=\"figc no-description\">\n\t\t\t<div class=\"figc-inner\">\n\t\t\t\t\t\t\t\t\t\t\t\t\t\t\t<\/div>\n\t\t<\/div>\n\n\t<\/div>\n\n<\/div><div class=\"modula-item effect-pufrobo jtg-filter-all jtg-filter-\" >\n\t<div class=\"modula-item-overlay\"><\/div>\n\n\t<div class=\"modula-item-content\">\n\n\t\t<a data-image-id=\"41728\" role=\"button\" data-elementor-open-lightbox=\"no\" tabindex=\"0\" rel=\"jtg-41705\" data-caption=\"&lt;span class=&quot;modula-caption-description&quot;&gt;&lt;\/span&gt;\" aria-label=\"Abrir la imagen en una caja de luz\" data-thumb=\"https:\/\/e969z83yjsq.exactdn.com\/wp-content\/uploads\/2021\/06\/Dia_de_canarias_kiga_8-564x423.jpeg?strip=all\" class=\"tile-inner modula-item-link\"><\/a><img loading=\"lazy\" decoding=\"async\" class=\"pic wp-image-41728\"  data-valign=\"middle\" data-halign=\"center\" alt=\"\" data-full=\"https:\/\/www.dstenerife.eu\/wp-content\/uploads\/2021\/06\/Dia_de_canarias_kiga_8.jpeg\" title=\"Dia_de_canarias_kiga_8\" crop=\"\" width=\"564\" height=\"423\" src=\"https:\/\/e969z83yjsq.exactdn.com\/wp-content\/uploads\/2021\/06\/Dia_de_canarias_kiga_8-564x423.jpeg?strip=all\" data-src=\"https:\/\/e969z83yjsq.exactdn.com\/wp-content\/uploads\/2021\/06\/Dia_de_canarias_kiga_8-564x423.jpeg?strip=all\" data-caption=\"\" srcset=\"https:\/\/e969z83yjsq.exactdn.com\/wp-content\/uploads\/2021\/06\/Dia_de_canarias_kiga_8.jpeg?strip=all 1280w, https:\/\/e969z83yjsq.exactdn.com\/wp-content\/uploads\/2021\/06\/Dia_de_canarias_kiga_8-564x423.jpeg?strip=all 564w, https:\/\/e969z83yjsq.exactdn.com\/wp-content\/uploads\/2021\/06\/Dia_de_canarias_kiga_8-960x720.jpeg?strip=all 960w, https:\/\/e969z83yjsq.exactdn.com\/wp-content\/uploads\/2021\/06\/Dia_de_canarias_kiga_8-768x576.jpeg?strip=all 768w, https:\/\/e969z83yjsq.exactdn.com\/wp-content\/uploads\/2021\/06\/Dia_de_canarias_kiga_8-320x240.jpeg?strip=all 320w, https:\/\/e969z83yjsq.exactdn.com\/wp-content\/uploads\/2021\/06\/Dia_de_canarias_kiga_8.jpeg?strip=all&amp;w=256 256w, https:\/\/e969z83yjsq.exactdn.com\/wp-content\/uploads\/2021\/06\/Dia_de_canarias_kiga_8.jpeg?strip=all&amp;w=512 512w, https:\/\/e969z83yjsq.exactdn.com\/wp-content\/uploads\/2021\/06\/Dia_de_canarias_kiga_8.jpeg?strip=all&amp;w=1024 1024w, https:\/\/e969z83yjsq.exactdn.com\/wp-content\/uploads\/2021\/06\/Dia_de_canarias_kiga_8.jpeg?strip=all&amp;w=450 450w\" sizes=\"(max-width: 564px) 100vw, 564px\" \/>\n\t\t<div class=\"figc no-description\">\n\t\t\t<div class=\"figc-inner\">\n\t\t\t\t\t\t\t\t\t\t\t\t\t\t\t<\/div>\n\t\t<\/div>\n\n\t<\/div>\n\n<\/div><div class=\"modula-item effect-pufrobo jtg-filter-all jtg-filter-\" >\n\t<div class=\"modula-item-overlay\"><\/div>\n\n\t<div class=\"modula-item-content\">\n\n\t\t<a data-image-id=\"41730\" role=\"button\" data-elementor-open-lightbox=\"no\" tabindex=\"0\" rel=\"jtg-41705\" data-caption=\"&lt;span class=&quot;modula-caption-description&quot;&gt;&lt;\/span&gt;\" aria-label=\"Abrir la imagen en una caja de luz\" data-thumb=\"https:\/\/e969z83yjsq.exactdn.com\/wp-content\/uploads\/2021\/06\/Dia_de_canarias_kiga_9-564x423.jpeg?strip=all\" class=\"tile-inner modula-item-link\"><\/a><img loading=\"lazy\" decoding=\"async\" class=\"pic wp-image-41730\"  data-valign=\"middle\" data-halign=\"center\" alt=\"\" data-full=\"https:\/\/www.dstenerife.eu\/wp-content\/uploads\/2021\/06\/Dia_de_canarias_kiga_9.jpeg\" title=\"Dia_de_canarias_kiga_9\" crop=\"\" width=\"564\" height=\"423\" src=\"https:\/\/e969z83yjsq.exactdn.com\/wp-content\/uploads\/2021\/06\/Dia_de_canarias_kiga_9-564x423.jpeg?strip=all\" data-src=\"https:\/\/e969z83yjsq.exactdn.com\/wp-content\/uploads\/2021\/06\/Dia_de_canarias_kiga_9-564x423.jpeg?strip=all\" data-caption=\"\" srcset=\"https:\/\/e969z83yjsq.exactdn.com\/wp-content\/uploads\/2021\/06\/Dia_de_canarias_kiga_9.jpeg?strip=all 1280w, https:\/\/e969z83yjsq.exactdn.com\/wp-content\/uploads\/2021\/06\/Dia_de_canarias_kiga_9-564x423.jpeg?strip=all 564w, https:\/\/e969z83yjsq.exactdn.com\/wp-content\/uploads\/2021\/06\/Dia_de_canarias_kiga_9-960x720.jpeg?strip=all 960w, https:\/\/e969z83yjsq.exactdn.com\/wp-content\/uploads\/2021\/06\/Dia_de_canarias_kiga_9-768x576.jpeg?strip=all 768w, https:\/\/e969z83yjsq.exactdn.com\/wp-content\/uploads\/2021\/06\/Dia_de_canarias_kiga_9-320x240.jpeg?strip=all 320w, https:\/\/e969z83yjsq.exactdn.com\/wp-content\/uploads\/2021\/06\/Dia_de_canarias_kiga_9.jpeg?strip=all&amp;w=256 256w, https:\/\/e969z83yjsq.exactdn.com\/wp-content\/uploads\/2021\/06\/Dia_de_canarias_kiga_9.jpeg?strip=all&amp;w=512 512w, https:\/\/e969z83yjsq.exactdn.com\/wp-content\/uploads\/2021\/06\/Dia_de_canarias_kiga_9.jpeg?strip=all&amp;w=1024 1024w, https:\/\/e969z83yjsq.exactdn.com\/wp-content\/uploads\/2021\/06\/Dia_de_canarias_kiga_9.jpeg?strip=all&amp;w=450 450w\" sizes=\"(max-width: 564px) 100vw, 564px\" \/>\n\t\t<div class=\"figc no-description\">\n\t\t\t<div class=\"figc-inner\">\n\t\t\t\t\t\t\t\t\t\t\t\t\t\t\t<\/div>\n\t\t<\/div>\n\n\t<\/div>\n\n<\/div><div class=\"modula-item effect-pufrobo jtg-filter-all jtg-filter-\" >\n\t<div class=\"modula-item-overlay\"><\/div>\n\n\t<div class=\"modula-item-content\">\n\n\t\t<a data-image-id=\"41732\" role=\"button\" data-elementor-open-lightbox=\"no\" tabindex=\"0\" rel=\"jtg-41705\" data-caption=\"&lt;span class=&quot;modula-caption-description&quot;&gt;&lt;\/span&gt;\" aria-label=\"Abrir la imagen en una caja de luz\" data-thumb=\"https:\/\/e969z83yjsq.exactdn.com\/wp-content\/uploads\/2021\/06\/Dia_de_canarias_kiga_10-1-564x423.jpeg?strip=all\" class=\"tile-inner modula-item-link\"><\/a><img loading=\"lazy\" decoding=\"async\" class=\"pic wp-image-41732\"  data-valign=\"middle\" data-halign=\"center\" alt=\"\" data-full=\"https:\/\/www.dstenerife.eu\/wp-content\/uploads\/2021\/06\/Dia_de_canarias_kiga_10-1.jpeg\" title=\"Dia_de_canarias_kiga_10 (1)\" crop=\"\" width=\"564\" height=\"423\" src=\"https:\/\/e969z83yjsq.exactdn.com\/wp-content\/uploads\/2021\/06\/Dia_de_canarias_kiga_10-1-564x423.jpeg?strip=all\" data-src=\"https:\/\/e969z83yjsq.exactdn.com\/wp-content\/uploads\/2021\/06\/Dia_de_canarias_kiga_10-1-564x423.jpeg?strip=all\" data-caption=\"\" srcset=\"https:\/\/e969z83yjsq.exactdn.com\/wp-content\/uploads\/2021\/06\/Dia_de_canarias_kiga_10-1.jpeg?strip=all 1280w, https:\/\/e969z83yjsq.exactdn.com\/wp-content\/uploads\/2021\/06\/Dia_de_canarias_kiga_10-1-564x423.jpeg?strip=all 564w, https:\/\/e969z83yjsq.exactdn.com\/wp-content\/uploads\/2021\/06\/Dia_de_canarias_kiga_10-1-960x720.jpeg?strip=all 960w, https:\/\/e969z83yjsq.exactdn.com\/wp-content\/uploads\/2021\/06\/Dia_de_canarias_kiga_10-1-768x576.jpeg?strip=all 768w, https:\/\/e969z83yjsq.exactdn.com\/wp-content\/uploads\/2021\/06\/Dia_de_canarias_kiga_10-1-320x240.jpeg?strip=all 320w, https:\/\/e969z83yjsq.exactdn.com\/wp-content\/uploads\/2021\/06\/Dia_de_canarias_kiga_10-1.jpeg?strip=all&amp;w=256 256w, https:\/\/e969z83yjsq.exactdn.com\/wp-content\/uploads\/2021\/06\/Dia_de_canarias_kiga_10-1.jpeg?strip=all&amp;w=512 512w, https:\/\/e969z83yjsq.exactdn.com\/wp-content\/uploads\/2021\/06\/Dia_de_canarias_kiga_10-1.jpeg?strip=all&amp;w=1024 1024w, https:\/\/e969z83yjsq.exactdn.com\/wp-content\/uploads\/2021\/06\/Dia_de_canarias_kiga_10-1.jpeg?strip=all&amp;w=450 450w\" sizes=\"(max-width: 564px) 100vw, 564px\" \/>\n\t\t<div class=\"figc no-description\">\n\t\t\t<div class=\"figc-inner\">\n\t\t\t\t\t\t\t\t\t\t\t\t\t\t\t<\/div>\n\t\t<\/div>\n\n\t<\/div>\n\n<\/div><div class=\"modula-item effect-pufrobo jtg-filter-all jtg-filter-\" >\n\t<div class=\"modula-item-overlay\"><\/div>\n\n\t<div class=\"modula-item-content\">\n\n\t\t<a data-image-id=\"41734\" role=\"button\" data-elementor-open-lightbox=\"no\" tabindex=\"0\" rel=\"jtg-41705\" data-caption=\"&lt;span class=&quot;modula-caption-description&quot;&gt;&lt;\/span&gt;\" aria-label=\"Abrir la imagen en una caja de luz\" data-thumb=\"https:\/\/e969z83yjsq.exactdn.com\/wp-content\/uploads\/2021\/06\/Dia_de_canarias_kiga_10-2-564x423.jpeg?strip=all\" class=\"tile-inner modula-item-link\"><\/a><img loading=\"lazy\" decoding=\"async\" class=\"pic wp-image-41734\"  data-valign=\"middle\" data-halign=\"center\" alt=\"\" data-full=\"https:\/\/www.dstenerife.eu\/wp-content\/uploads\/2021\/06\/Dia_de_canarias_kiga_10-2.jpeg\" title=\"Dia_de_canarias_kiga_10 (2)\" crop=\"\" width=\"564\" height=\"423\" src=\"https:\/\/e969z83yjsq.exactdn.com\/wp-content\/uploads\/2021\/06\/Dia_de_canarias_kiga_10-2-564x423.jpeg?strip=all\" data-src=\"https:\/\/e969z83yjsq.exactdn.com\/wp-content\/uploads\/2021\/06\/Dia_de_canarias_kiga_10-2-564x423.jpeg?strip=all\" data-caption=\"\" srcset=\"https:\/\/e969z83yjsq.exactdn.com\/wp-content\/uploads\/2021\/06\/Dia_de_canarias_kiga_10-2.jpeg?strip=all 1920w, https:\/\/e969z83yjsq.exactdn.com\/wp-content\/uploads\/2021\/06\/Dia_de_canarias_kiga_10-2-564x423.jpeg?strip=all 564w, https:\/\/e969z83yjsq.exactdn.com\/wp-content\/uploads\/2021\/06\/Dia_de_canarias_kiga_10-2-960x720.jpeg?strip=all 960w, https:\/\/e969z83yjsq.exactdn.com\/wp-content\/uploads\/2021\/06\/Dia_de_canarias_kiga_10-2-768x576.jpeg?strip=all 768w, https:\/\/e969z83yjsq.exactdn.com\/wp-content\/uploads\/2021\/06\/Dia_de_canarias_kiga_10-2-1536x1152.jpeg?strip=all 1536w, https:\/\/e969z83yjsq.exactdn.com\/wp-content\/uploads\/2021\/06\/Dia_de_canarias_kiga_10-2-320x240.jpeg?strip=all 320w, https:\/\/e969z83yjsq.exactdn.com\/wp-content\/uploads\/2021\/06\/Dia_de_canarias_kiga_10-2.jpeg?strip=all&amp;w=384 384w, https:\/\/e969z83yjsq.exactdn.com\/wp-content\/uploads\/2021\/06\/Dia_de_canarias_kiga_10-2.jpeg?strip=all&amp;w=1152 1152w, https:\/\/e969z83yjsq.exactdn.com\/wp-content\/uploads\/2021\/06\/Dia_de_canarias_kiga_10-2.jpeg?strip=all&amp;w=450 450w\" sizes=\"(max-width: 564px) 100vw, 564px\" \/>\n\t\t<div class=\"figc no-description\">\n\t\t\t<div class=\"figc-inner\">\n\t\t\t\t\t\t\t\t\t\t\t\t\t\t\t<\/div>\n\t\t<\/div>\n\n\t<\/div>\n\n<\/div><div class=\"modula-item effect-pufrobo jtg-filter-all jtg-filter-\" >\n\t<div class=\"modula-item-overlay\"><\/div>\n\n\t<div class=\"modula-item-content\">\n\n\t\t<a data-image-id=\"41736\" role=\"button\" data-elementor-open-lightbox=\"no\" tabindex=\"0\" rel=\"jtg-41705\" data-caption=\"&lt;span class=&quot;modula-caption-description&quot;&gt;&lt;\/span&gt;\" aria-label=\"Abrir la imagen en una caja de luz\" data-thumb=\"https:\/\/e969z83yjsq.exactdn.com\/wp-content\/uploads\/2021\/06\/Dia_de_canarias_kiga_10-564x423.jpeg?strip=all\" class=\"tile-inner modula-item-link\"><\/a><img loading=\"lazy\" decoding=\"async\" class=\"pic wp-image-41736\"  data-valign=\"middle\" data-halign=\"center\" alt=\"\" data-full=\"https:\/\/www.dstenerife.eu\/wp-content\/uploads\/2021\/06\/Dia_de_canarias_kiga_10.jpeg\" title=\"Dia_de_canarias_kiga_10\" crop=\"\" width=\"564\" height=\"423\" src=\"https:\/\/e969z83yjsq.exactdn.com\/wp-content\/uploads\/2021\/06\/Dia_de_canarias_kiga_10-564x423.jpeg?strip=all\" data-src=\"https:\/\/e969z83yjsq.exactdn.com\/wp-content\/uploads\/2021\/06\/Dia_de_canarias_kiga_10-564x423.jpeg?strip=all\" data-caption=\"\" srcset=\"https:\/\/e969z83yjsq.exactdn.com\/wp-content\/uploads\/2021\/06\/Dia_de_canarias_kiga_10.jpeg?strip=all 1280w, https:\/\/e969z83yjsq.exactdn.com\/wp-content\/uploads\/2021\/06\/Dia_de_canarias_kiga_10-564x423.jpeg?strip=all 564w, https:\/\/e969z83yjsq.exactdn.com\/wp-content\/uploads\/2021\/06\/Dia_de_canarias_kiga_10-960x720.jpeg?strip=all 960w, https:\/\/e969z83yjsq.exactdn.com\/wp-content\/uploads\/2021\/06\/Dia_de_canarias_kiga_10-768x576.jpeg?strip=all 768w, https:\/\/e969z83yjsq.exactdn.com\/wp-content\/uploads\/2021\/06\/Dia_de_canarias_kiga_10-320x240.jpeg?strip=all 320w, https:\/\/e969z83yjsq.exactdn.com\/wp-content\/uploads\/2021\/06\/Dia_de_canarias_kiga_10.jpeg?strip=all&amp;w=256 256w, https:\/\/e969z83yjsq.exactdn.com\/wp-content\/uploads\/2021\/06\/Dia_de_canarias_kiga_10.jpeg?strip=all&amp;w=512 512w, https:\/\/e969z83yjsq.exactdn.com\/wp-content\/uploads\/2021\/06\/Dia_de_canarias_kiga_10.jpeg?strip=all&amp;w=1024 1024w, https:\/\/e969z83yjsq.exactdn.com\/wp-content\/uploads\/2021\/06\/Dia_de_canarias_kiga_10.jpeg?strip=all&amp;w=450 450w\" sizes=\"(max-width: 564px) 100vw, 564px\" \/>\n\t\t<div class=\"figc no-description\">\n\t\t\t<div class=\"figc-inner\">\n\t\t\t\t\t\t\t\t\t\t\t\t\t\t\t<\/div>\n\t\t<\/div>\n\n\t<\/div>\n\n<\/div><div class=\"modula-item effect-pufrobo jtg-filter-all jtg-filter-\" >\n\t<div class=\"modula-item-overlay\"><\/div>\n\n\t<div class=\"modula-item-content\">\n\n\t\t<a data-image-id=\"41738\" role=\"button\" data-elementor-open-lightbox=\"no\" tabindex=\"0\" rel=\"jtg-41705\" data-caption=\"&lt;span class=&quot;modula-caption-description&quot;&gt;&lt;\/span&gt;\" aria-label=\"Abrir la imagen en una caja de luz\" data-thumb=\"https:\/\/e969z83yjsq.exactdn.com\/wp-content\/uploads\/2021\/06\/Dia_de_canarias_kiga_11-564x423.jpeg?strip=all\" class=\"tile-inner modula-item-link\"><\/a><img loading=\"lazy\" decoding=\"async\" class=\"pic wp-image-41738\"  data-valign=\"middle\" data-halign=\"center\" alt=\"\" data-full=\"https:\/\/www.dstenerife.eu\/wp-content\/uploads\/2021\/06\/Dia_de_canarias_kiga_11.jpeg\" title=\"Dia_de_canarias_kiga_11\" crop=\"\" width=\"564\" height=\"423\" src=\"https:\/\/e969z83yjsq.exactdn.com\/wp-content\/uploads\/2021\/06\/Dia_de_canarias_kiga_11-564x423.jpeg?strip=all\" data-src=\"https:\/\/e969z83yjsq.exactdn.com\/wp-content\/uploads\/2021\/06\/Dia_de_canarias_kiga_11-564x423.jpeg?strip=all\" data-caption=\"\" srcset=\"https:\/\/e969z83yjsq.exactdn.com\/wp-content\/uploads\/2021\/06\/Dia_de_canarias_kiga_11.jpeg?strip=all 1280w, https:\/\/e969z83yjsq.exactdn.com\/wp-content\/uploads\/2021\/06\/Dia_de_canarias_kiga_11-564x423.jpeg?strip=all 564w, https:\/\/e969z83yjsq.exactdn.com\/wp-content\/uploads\/2021\/06\/Dia_de_canarias_kiga_11-960x720.jpeg?strip=all 960w, https:\/\/e969z83yjsq.exactdn.com\/wp-content\/uploads\/2021\/06\/Dia_de_canarias_kiga_11-768x576.jpeg?strip=all 768w, https:\/\/e969z83yjsq.exactdn.com\/wp-content\/uploads\/2021\/06\/Dia_de_canarias_kiga_11-320x240.jpeg?strip=all 320w, https:\/\/e969z83yjsq.exactdn.com\/wp-content\/uploads\/2021\/06\/Dia_de_canarias_kiga_11.jpeg?strip=all&amp;w=256 256w, https:\/\/e969z83yjsq.exactdn.com\/wp-content\/uploads\/2021\/06\/Dia_de_canarias_kiga_11.jpeg?strip=all&amp;w=512 512w, https:\/\/e969z83yjsq.exactdn.com\/wp-content\/uploads\/2021\/06\/Dia_de_canarias_kiga_11.jpeg?strip=all&amp;w=1024 1024w, https:\/\/e969z83yjsq.exactdn.com\/wp-content\/uploads\/2021\/06\/Dia_de_canarias_kiga_11.jpeg?strip=all&amp;w=450 450w\" sizes=\"(max-width: 564px) 100vw, 564px\" \/>\n\t\t<div class=\"figc no-description\">\n\t\t\t<div class=\"figc-inner\">\n\t\t\t\t\t\t\t\t\t\t\t\t\t\t\t<\/div>\n\t\t<\/div>\n\n\t<\/div>\n\n<\/div><div class=\"modula-item effect-pufrobo jtg-filter-all jtg-filter-\" >\n\t<div class=\"modula-item-overlay\"><\/div>\n\n\t<div class=\"modula-item-content\">\n\n\t\t<a data-image-id=\"41740\" role=\"button\" data-elementor-open-lightbox=\"no\" tabindex=\"0\" rel=\"jtg-41705\" data-caption=\"&lt;span class=&quot;modula-caption-description&quot;&gt;&lt;\/span&gt;\" aria-label=\"Abrir la imagen en una caja de luz\" data-thumb=\"https:\/\/e969z83yjsq.exactdn.com\/wp-content\/uploads\/2021\/06\/Dia_de_canarias_kiga_12-564x423.jpeg?strip=all\" class=\"tile-inner modula-item-link\"><\/a><img loading=\"lazy\" decoding=\"async\" class=\"pic wp-image-41740\"  data-valign=\"middle\" data-halign=\"center\" alt=\"\" data-full=\"https:\/\/www.dstenerife.eu\/wp-content\/uploads\/2021\/06\/Dia_de_canarias_kiga_12.jpeg\" title=\"Dia_de_canarias_kiga_12\" crop=\"\" width=\"564\" height=\"423\" src=\"https:\/\/e969z83yjsq.exactdn.com\/wp-content\/uploads\/2021\/06\/Dia_de_canarias_kiga_12-564x423.jpeg?strip=all\" data-src=\"https:\/\/e969z83yjsq.exactdn.com\/wp-content\/uploads\/2021\/06\/Dia_de_canarias_kiga_12-564x423.jpeg?strip=all\" data-caption=\"\" srcset=\"https:\/\/e969z83yjsq.exactdn.com\/wp-content\/uploads\/2021\/06\/Dia_de_canarias_kiga_12.jpeg?strip=all 1920w, https:\/\/e969z83yjsq.exactdn.com\/wp-content\/uploads\/2021\/06\/Dia_de_canarias_kiga_12-564x423.jpeg?strip=all 564w, https:\/\/e969z83yjsq.exactdn.com\/wp-content\/uploads\/2021\/06\/Dia_de_canarias_kiga_12-960x720.jpeg?strip=all 960w, https:\/\/e969z83yjsq.exactdn.com\/wp-content\/uploads\/2021\/06\/Dia_de_canarias_kiga_12-768x576.jpeg?strip=all 768w, https:\/\/e969z83yjsq.exactdn.com\/wp-content\/uploads\/2021\/06\/Dia_de_canarias_kiga_12-1536x1152.jpeg?strip=all 1536w, https:\/\/e969z83yjsq.exactdn.com\/wp-content\/uploads\/2021\/06\/Dia_de_canarias_kiga_12-320x240.jpeg?strip=all 320w, https:\/\/e969z83yjsq.exactdn.com\/wp-content\/uploads\/2021\/06\/Dia_de_canarias_kiga_12.jpeg?strip=all&amp;w=384 384w, https:\/\/e969z83yjsq.exactdn.com\/wp-content\/uploads\/2021\/06\/Dia_de_canarias_kiga_12.jpeg?strip=all&amp;w=1152 1152w, https:\/\/e969z83yjsq.exactdn.com\/wp-content\/uploads\/2021\/06\/Dia_de_canarias_kiga_12.jpeg?strip=all&amp;w=450 450w\" sizes=\"(max-width: 564px) 100vw, 564px\" \/>\n\t\t<div class=\"figc no-description\">\n\t\t\t<div class=\"figc-inner\">\n\t\t\t\t\t\t\t\t\t\t\t\t\t\t\t<\/div>\n\t\t<\/div>\n\n\t<\/div>\n\n<\/div><div class=\"modula-item effect-pufrobo jtg-filter-all jtg-filter-\" >\n\t<div class=\"modula-item-overlay\"><\/div>\n\n\t<div class=\"modula-item-content\">\n\n\t\t<a data-image-id=\"41742\" role=\"button\" data-elementor-open-lightbox=\"no\" tabindex=\"0\" rel=\"jtg-41705\" data-caption=\"&lt;span class=&quot;modula-caption-description&quot;&gt;&lt;\/span&gt;\" aria-label=\"Abrir la imagen en una caja de luz\" data-thumb=\"https:\/\/e969z83yjsq.exactdn.com\/wp-content\/uploads\/2021\/06\/Dia_de_canarias_kiga_13-564x423.jpeg?strip=all\" class=\"tile-inner modula-item-link\"><\/a><img loading=\"lazy\" decoding=\"async\" class=\"pic wp-image-41742\"  data-valign=\"middle\" data-halign=\"center\" alt=\"\" data-full=\"https:\/\/www.dstenerife.eu\/wp-content\/uploads\/2021\/06\/Dia_de_canarias_kiga_13.jpeg\" title=\"Dia_de_canarias_kiga_13\" crop=\"\" width=\"564\" height=\"423\" src=\"https:\/\/e969z83yjsq.exactdn.com\/wp-content\/uploads\/2021\/06\/Dia_de_canarias_kiga_13-564x423.jpeg?strip=all\" data-src=\"https:\/\/e969z83yjsq.exactdn.com\/wp-content\/uploads\/2021\/06\/Dia_de_canarias_kiga_13-564x423.jpeg?strip=all\" data-caption=\"\" srcset=\"https:\/\/e969z83yjsq.exactdn.com\/wp-content\/uploads\/2021\/06\/Dia_de_canarias_kiga_13.jpeg?strip=all 1280w, https:\/\/e969z83yjsq.exactdn.com\/wp-content\/uploads\/2021\/06\/Dia_de_canarias_kiga_13-564x423.jpeg?strip=all 564w, https:\/\/e969z83yjsq.exactdn.com\/wp-content\/uploads\/2021\/06\/Dia_de_canarias_kiga_13-960x720.jpeg?strip=all 960w, https:\/\/e969z83yjsq.exactdn.com\/wp-content\/uploads\/2021\/06\/Dia_de_canarias_kiga_13-768x576.jpeg?strip=all 768w, https:\/\/e969z83yjsq.exactdn.com\/wp-content\/uploads\/2021\/06\/Dia_de_canarias_kiga_13-320x240.jpeg?strip=all 320w, https:\/\/e969z83yjsq.exactdn.com\/wp-content\/uploads\/2021\/06\/Dia_de_canarias_kiga_13.jpeg?strip=all&amp;w=256 256w, https:\/\/e969z83yjsq.exactdn.com\/wp-content\/uploads\/2021\/06\/Dia_de_canarias_kiga_13.jpeg?strip=all&amp;w=512 512w, https:\/\/e969z83yjsq.exactdn.com\/wp-content\/uploads\/2021\/06\/Dia_de_canarias_kiga_13.jpeg?strip=all&amp;w=1024 1024w, https:\/\/e969z83yjsq.exactdn.com\/wp-content\/uploads\/2021\/06\/Dia_de_canarias_kiga_13.jpeg?strip=all&amp;w=450 450w\" sizes=\"(max-width: 564px) 100vw, 564px\" \/>\n\t\t<div class=\"figc no-description\">\n\t\t\t<div class=\"figc-inner\">\n\t\t\t\t\t\t\t\t\t\t\t\t\t\t\t<\/div>\n\t\t<\/div>\n\n\t<\/div>\n\n<\/div><div class=\"modula-item effect-pufrobo jtg-filter-all jtg-filter-\" >\n\t<div class=\"modula-item-overlay\"><\/div>\n\n\t<div class=\"modula-item-content\">\n\n\t\t<a data-image-id=\"41744\" role=\"button\" data-elementor-open-lightbox=\"no\" tabindex=\"0\" rel=\"jtg-41705\" data-caption=\"&lt;span class=&quot;modula-caption-description&quot;&gt;&lt;\/span&gt;\" aria-label=\"Abrir la imagen en una caja de luz\" data-thumb=\"https:\/\/e969z83yjsq.exactdn.com\/wp-content\/uploads\/2021\/06\/Dia_de_canarias_kiga_14-564x423.jpeg?strip=all\" class=\"tile-inner modula-item-link\"><\/a><img loading=\"lazy\" decoding=\"async\" class=\"pic wp-image-41744\"  data-valign=\"middle\" data-halign=\"center\" alt=\"\" data-full=\"https:\/\/www.dstenerife.eu\/wp-content\/uploads\/2021\/06\/Dia_de_canarias_kiga_14.jpeg\" title=\"Dia_de_canarias_kiga_14\" crop=\"\" width=\"564\" height=\"423\" src=\"https:\/\/e969z83yjsq.exactdn.com\/wp-content\/uploads\/2021\/06\/Dia_de_canarias_kiga_14-564x423.jpeg?strip=all\" data-src=\"https:\/\/e969z83yjsq.exactdn.com\/wp-content\/uploads\/2021\/06\/Dia_de_canarias_kiga_14-564x423.jpeg?strip=all\" data-caption=\"\" srcset=\"https:\/\/e969z83yjsq.exactdn.com\/wp-content\/uploads\/2021\/06\/Dia_de_canarias_kiga_14.jpeg?strip=all 1280w, https:\/\/e969z83yjsq.exactdn.com\/wp-content\/uploads\/2021\/06\/Dia_de_canarias_kiga_14-564x423.jpeg?strip=all 564w, https:\/\/e969z83yjsq.exactdn.com\/wp-content\/uploads\/2021\/06\/Dia_de_canarias_kiga_14-960x720.jpeg?strip=all 960w, https:\/\/e969z83yjsq.exactdn.com\/wp-content\/uploads\/2021\/06\/Dia_de_canarias_kiga_14-768x576.jpeg?strip=all 768w, https:\/\/e969z83yjsq.exactdn.com\/wp-content\/uploads\/2021\/06\/Dia_de_canarias_kiga_14-320x240.jpeg?strip=all 320w, https:\/\/e969z83yjsq.exactdn.com\/wp-content\/uploads\/2021\/06\/Dia_de_canarias_kiga_14.jpeg?strip=all&amp;w=256 256w, https:\/\/e969z83yjsq.exactdn.com\/wp-content\/uploads\/2021\/06\/Dia_de_canarias_kiga_14.jpeg?strip=all&amp;w=512 512w, https:\/\/e969z83yjsq.exactdn.com\/wp-content\/uploads\/2021\/06\/Dia_de_canarias_kiga_14.jpeg?strip=all&amp;w=1024 1024w, https:\/\/e969z83yjsq.exactdn.com\/wp-content\/uploads\/2021\/06\/Dia_de_canarias_kiga_14.jpeg?strip=all&amp;w=450 450w\" sizes=\"(max-width: 564px) 100vw, 564px\" \/>\n\t\t<div class=\"figc no-description\">\n\t\t\t<div class=\"figc-inner\">\n\t\t\t\t\t\t\t\t\t\t\t\t\t\t\t<\/div>\n\t\t<\/div>\n\n\t<\/div>\n\n<\/div><div class=\"modula-item effect-pufrobo jtg-filter-all jtg-filter-\" >\n\t<div class=\"modula-item-overlay\"><\/div>\n\n\t<div class=\"modula-item-content\">\n\n\t\t<a data-image-id=\"41746\" role=\"button\" data-elementor-open-lightbox=\"no\" tabindex=\"0\" rel=\"jtg-41705\" data-caption=\"&lt;span class=&quot;modula-caption-description&quot;&gt;&lt;\/span&gt;\" aria-label=\"Abrir la imagen en una caja de luz\" data-thumb=\"https:\/\/e969z83yjsq.exactdn.com\/wp-content\/uploads\/2021\/06\/Dia_de_canarias_kiga_15-564x423.jpeg?strip=all\" class=\"tile-inner modula-item-link\"><\/a><img loading=\"lazy\" decoding=\"async\" class=\"pic wp-image-41746\"  data-valign=\"middle\" data-halign=\"center\" alt=\"\" data-full=\"https:\/\/www.dstenerife.eu\/wp-content\/uploads\/2021\/06\/Dia_de_canarias_kiga_15.jpeg\" title=\"Dia_de_canarias_kiga_15\" crop=\"\" width=\"564\" height=\"423\" src=\"https:\/\/e969z83yjsq.exactdn.com\/wp-content\/uploads\/2021\/06\/Dia_de_canarias_kiga_15-564x423.jpeg?strip=all\" data-src=\"https:\/\/e969z83yjsq.exactdn.com\/wp-content\/uploads\/2021\/06\/Dia_de_canarias_kiga_15-564x423.jpeg?strip=all\" data-caption=\"\" srcset=\"https:\/\/e969z83yjsq.exactdn.com\/wp-content\/uploads\/2021\/06\/Dia_de_canarias_kiga_15.jpeg?strip=all 1920w, https:\/\/e969z83yjsq.exactdn.com\/wp-content\/uploads\/2021\/06\/Dia_de_canarias_kiga_15-564x423.jpeg?strip=all 564w, https:\/\/e969z83yjsq.exactdn.com\/wp-content\/uploads\/2021\/06\/Dia_de_canarias_kiga_15-960x720.jpeg?strip=all 960w, https:\/\/e969z83yjsq.exactdn.com\/wp-content\/uploads\/2021\/06\/Dia_de_canarias_kiga_15-768x576.jpeg?strip=all 768w, https:\/\/e969z83yjsq.exactdn.com\/wp-content\/uploads\/2021\/06\/Dia_de_canarias_kiga_15-1536x1152.jpeg?strip=all 1536w, https:\/\/e969z83yjsq.exactdn.com\/wp-content\/uploads\/2021\/06\/Dia_de_canarias_kiga_15-320x240.jpeg?strip=all 320w, https:\/\/e969z83yjsq.exactdn.com\/wp-content\/uploads\/2021\/06\/Dia_de_canarias_kiga_15.jpeg?strip=all&amp;w=384 384w, https:\/\/e969z83yjsq.exactdn.com\/wp-content\/uploads\/2021\/06\/Dia_de_canarias_kiga_15.jpeg?strip=all&amp;w=1152 1152w, https:\/\/e969z83yjsq.exactdn.com\/wp-content\/uploads\/2021\/06\/Dia_de_canarias_kiga_15.jpeg?strip=all&amp;w=450 450w\" sizes=\"(max-width: 564px) 100vw, 564px\" \/>\n\t\t<div class=\"figc no-description\">\n\t\t\t<div class=\"figc-inner\">\n\t\t\t\t\t\t\t\t\t\t\t\t\t\t\t<\/div>\n\t\t<\/div>\n\n\t<\/div>\n\n<\/div><div class=\"modula-item effect-pufrobo jtg-filter-all jtg-filter-\" >\n\t<div class=\"modula-item-overlay\"><\/div>\n\n\t<div class=\"modula-item-content\">\n\n\t\t<a data-image-id=\"41748\" role=\"button\" data-elementor-open-lightbox=\"no\" tabindex=\"0\" rel=\"jtg-41705\" data-caption=\"&lt;span class=&quot;modula-caption-description&quot;&gt;&lt;\/span&gt;\" aria-label=\"Abrir la imagen en una caja de luz\" data-thumb=\"https:\/\/e969z83yjsq.exactdn.com\/wp-content\/uploads\/2021\/06\/Dia_de_canarias_kiga_16-1-564x423.jpeg?strip=all\" class=\"tile-inner modula-item-link\"><\/a><img loading=\"lazy\" decoding=\"async\" class=\"pic wp-image-41748\"  data-valign=\"middle\" data-halign=\"center\" alt=\"\" data-full=\"https:\/\/www.dstenerife.eu\/wp-content\/uploads\/2021\/06\/Dia_de_canarias_kiga_16-1.jpeg\" title=\"Dia_de_canarias_kiga_16 (1)\" crop=\"\" width=\"564\" height=\"423\" src=\"https:\/\/e969z83yjsq.exactdn.com\/wp-content\/uploads\/2021\/06\/Dia_de_canarias_kiga_16-1-564x423.jpeg?strip=all\" data-src=\"https:\/\/e969z83yjsq.exactdn.com\/wp-content\/uploads\/2021\/06\/Dia_de_canarias_kiga_16-1-564x423.jpeg?strip=all\" data-caption=\"\" srcset=\"https:\/\/e969z83yjsq.exactdn.com\/wp-content\/uploads\/2021\/06\/Dia_de_canarias_kiga_16-1.jpeg?strip=all 1280w, https:\/\/e969z83yjsq.exactdn.com\/wp-content\/uploads\/2021\/06\/Dia_de_canarias_kiga_16-1-564x423.jpeg?strip=all 564w, https:\/\/e969z83yjsq.exactdn.com\/wp-content\/uploads\/2021\/06\/Dia_de_canarias_kiga_16-1-960x720.jpeg?strip=all 960w, https:\/\/e969z83yjsq.exactdn.com\/wp-content\/uploads\/2021\/06\/Dia_de_canarias_kiga_16-1-768x576.jpeg?strip=all 768w, https:\/\/e969z83yjsq.exactdn.com\/wp-content\/uploads\/2021\/06\/Dia_de_canarias_kiga_16-1-320x240.jpeg?strip=all 320w, https:\/\/e969z83yjsq.exactdn.com\/wp-content\/uploads\/2021\/06\/Dia_de_canarias_kiga_16-1.jpeg?strip=all&amp;w=256 256w, https:\/\/e969z83yjsq.exactdn.com\/wp-content\/uploads\/2021\/06\/Dia_de_canarias_kiga_16-1.jpeg?strip=all&amp;w=512 512w, https:\/\/e969z83yjsq.exactdn.com\/wp-content\/uploads\/2021\/06\/Dia_de_canarias_kiga_16-1.jpeg?strip=all&amp;w=1024 1024w, https:\/\/e969z83yjsq.exactdn.com\/wp-content\/uploads\/2021\/06\/Dia_de_canarias_kiga_16-1.jpeg?strip=all&amp;w=450 450w\" sizes=\"(max-width: 564px) 100vw, 564px\" \/>\n\t\t<div class=\"figc no-description\">\n\t\t\t<div class=\"figc-inner\">\n\t\t\t\t\t\t\t\t\t\t\t\t\t\t\t<\/div>\n\t\t<\/div>\n\n\t<\/div>\n\n<\/div><div class=\"modula-item effect-pufrobo jtg-filter-all jtg-filter-\" >\n\t<div class=\"modula-item-overlay\"><\/div>\n\n\t<div class=\"modula-item-content\">\n\n\t\t<a data-image-id=\"41750\" role=\"button\" data-elementor-open-lightbox=\"no\" tabindex=\"0\" rel=\"jtg-41705\" data-caption=\"&lt;span class=&quot;modula-caption-description&quot;&gt;&lt;\/span&gt;\" aria-label=\"Abrir la imagen en una caja de luz\" data-thumb=\"https:\/\/e969z83yjsq.exactdn.com\/wp-content\/uploads\/2021\/06\/Dia_de_canarias_kiga_16-2-564x423.jpeg?strip=all\" class=\"tile-inner modula-item-link\"><\/a><img loading=\"lazy\" decoding=\"async\" class=\"pic wp-image-41750\"  data-valign=\"middle\" data-halign=\"center\" alt=\"\" data-full=\"https:\/\/www.dstenerife.eu\/wp-content\/uploads\/2021\/06\/Dia_de_canarias_kiga_16-2.jpeg\" title=\"Dia_de_canarias_kiga_16 (2)\" crop=\"\" width=\"564\" height=\"423\" src=\"https:\/\/e969z83yjsq.exactdn.com\/wp-content\/uploads\/2021\/06\/Dia_de_canarias_kiga_16-2-564x423.jpeg?strip=all\" data-src=\"https:\/\/e969z83yjsq.exactdn.com\/wp-content\/uploads\/2021\/06\/Dia_de_canarias_kiga_16-2-564x423.jpeg?strip=all\" data-caption=\"\" srcset=\"https:\/\/e969z83yjsq.exactdn.com\/wp-content\/uploads\/2021\/06\/Dia_de_canarias_kiga_16-2.jpeg?strip=all 1920w, https:\/\/e969z83yjsq.exactdn.com\/wp-content\/uploads\/2021\/06\/Dia_de_canarias_kiga_16-2-564x423.jpeg?strip=all 564w, https:\/\/e969z83yjsq.exactdn.com\/wp-content\/uploads\/2021\/06\/Dia_de_canarias_kiga_16-2-960x720.jpeg?strip=all 960w, https:\/\/e969z83yjsq.exactdn.com\/wp-content\/uploads\/2021\/06\/Dia_de_canarias_kiga_16-2-768x576.jpeg?strip=all 768w, https:\/\/e969z83yjsq.exactdn.com\/wp-content\/uploads\/2021\/06\/Dia_de_canarias_kiga_16-2-1536x1152.jpeg?strip=all 1536w, https:\/\/e969z83yjsq.exactdn.com\/wp-content\/uploads\/2021\/06\/Dia_de_canarias_kiga_16-2-320x240.jpeg?strip=all 320w, https:\/\/e969z83yjsq.exactdn.com\/wp-content\/uploads\/2021\/06\/Dia_de_canarias_kiga_16-2.jpeg?strip=all&amp;w=384 384w, https:\/\/e969z83yjsq.exactdn.com\/wp-content\/uploads\/2021\/06\/Dia_de_canarias_kiga_16-2.jpeg?strip=all&amp;w=1152 1152w, https:\/\/e969z83yjsq.exactdn.com\/wp-content\/uploads\/2021\/06\/Dia_de_canarias_kiga_16-2.jpeg?strip=all&amp;w=450 450w\" sizes=\"(max-width: 564px) 100vw, 564px\" \/>\n\t\t<div class=\"figc no-description\">\n\t\t\t<div class=\"figc-inner\">\n\t\t\t\t\t\t\t\t\t\t\t\t\t\t\t<\/div>\n\t\t<\/div>\n\n\t<\/div>\n\n<\/div><div class=\"modula-item effect-pufrobo jtg-filter-all jtg-filter-\" >\n\t<div class=\"modula-item-overlay\"><\/div>\n\n\t<div class=\"modula-item-content\">\n\n\t\t<a data-image-id=\"41752\" role=\"button\" data-elementor-open-lightbox=\"no\" tabindex=\"0\" rel=\"jtg-41705\" data-caption=\"&lt;span class=&quot;modula-caption-description&quot;&gt;&lt;\/span&gt;\" aria-label=\"Abrir la imagen en una caja de luz\" data-thumb=\"https:\/\/e969z83yjsq.exactdn.com\/wp-content\/uploads\/2021\/06\/Dia_de_canarias_kiga_16-564x423.jpeg?strip=all\" class=\"tile-inner modula-item-link\"><\/a><img loading=\"lazy\" decoding=\"async\" class=\"pic wp-image-41752\"  data-valign=\"middle\" data-halign=\"center\" alt=\"\" data-full=\"https:\/\/www.dstenerife.eu\/wp-content\/uploads\/2021\/06\/Dia_de_canarias_kiga_16.jpeg\" title=\"Dia_de_canarias_kiga_16\" crop=\"\" width=\"564\" height=\"423\" src=\"https:\/\/e969z83yjsq.exactdn.com\/wp-content\/uploads\/2021\/06\/Dia_de_canarias_kiga_16-564x423.jpeg?strip=all\" data-src=\"https:\/\/e969z83yjsq.exactdn.com\/wp-content\/uploads\/2021\/06\/Dia_de_canarias_kiga_16-564x423.jpeg?strip=all\" data-caption=\"\" srcset=\"https:\/\/e969z83yjsq.exactdn.com\/wp-content\/uploads\/2021\/06\/Dia_de_canarias_kiga_16.jpeg?strip=all 1280w, https:\/\/e969z83yjsq.exactdn.com\/wp-content\/uploads\/2021\/06\/Dia_de_canarias_kiga_16-564x423.jpeg?strip=all 564w, https:\/\/e969z83yjsq.exactdn.com\/wp-content\/uploads\/2021\/06\/Dia_de_canarias_kiga_16-960x720.jpeg?strip=all 960w, https:\/\/e969z83yjsq.exactdn.com\/wp-content\/uploads\/2021\/06\/Dia_de_canarias_kiga_16-768x576.jpeg?strip=all 768w, https:\/\/e969z83yjsq.exactdn.com\/wp-content\/uploads\/2021\/06\/Dia_de_canarias_kiga_16-320x240.jpeg?strip=all 320w, https:\/\/e969z83yjsq.exactdn.com\/wp-content\/uploads\/2021\/06\/Dia_de_canarias_kiga_16.jpeg?strip=all&amp;w=256 256w, https:\/\/e969z83yjsq.exactdn.com\/wp-content\/uploads\/2021\/06\/Dia_de_canarias_kiga_16.jpeg?strip=all&amp;w=512 512w, https:\/\/e969z83yjsq.exactdn.com\/wp-content\/uploads\/2021\/06\/Dia_de_canarias_kiga_16.jpeg?strip=all&amp;w=1024 1024w, https:\/\/e969z83yjsq.exactdn.com\/wp-content\/uploads\/2021\/06\/Dia_de_canarias_kiga_16.jpeg?strip=all&amp;w=450 450w\" sizes=\"(max-width: 564px) 100vw, 564px\" \/>\n\t\t<div class=\"figc no-description\">\n\t\t\t<div class=\"figc-inner\">\n\t\t\t\t\t\t\t\t\t\t\t\t\t\t\t<\/div>\n\t\t<\/div>\n\n\t<\/div>\n\n<\/div><div class=\"modula-item effect-pufrobo jtg-filter-all jtg-filter-\" >\n\t<div class=\"modula-item-overlay\"><\/div>\n\n\t<div class=\"modula-item-content\">\n\n\t\t<a data-image-id=\"41754\" role=\"button\" data-elementor-open-lightbox=\"no\" tabindex=\"0\" rel=\"jtg-41705\" data-caption=\"&lt;span class=&quot;modula-caption-description&quot;&gt;&lt;\/span&gt;\" aria-label=\"Abrir la imagen en una caja de luz\" data-thumb=\"https:\/\/e969z83yjsq.exactdn.com\/wp-content\/uploads\/2021\/06\/Dia_de_canarias_kiga_17-564x423.jpeg?strip=all\" class=\"tile-inner modula-item-link\"><\/a><img loading=\"lazy\" decoding=\"async\" class=\"pic wp-image-41754\"  data-valign=\"middle\" data-halign=\"center\" alt=\"\" data-full=\"https:\/\/www.dstenerife.eu\/wp-content\/uploads\/2021\/06\/Dia_de_canarias_kiga_17.jpeg\" title=\"Dia_de_canarias_kiga_17\" crop=\"\" width=\"564\" height=\"423\" src=\"https:\/\/e969z83yjsq.exactdn.com\/wp-content\/uploads\/2021\/06\/Dia_de_canarias_kiga_17-564x423.jpeg?strip=all\" data-src=\"https:\/\/e969z83yjsq.exactdn.com\/wp-content\/uploads\/2021\/06\/Dia_de_canarias_kiga_17-564x423.jpeg?strip=all\" data-caption=\"\" srcset=\"https:\/\/e969z83yjsq.exactdn.com\/wp-content\/uploads\/2021\/06\/Dia_de_canarias_kiga_17.jpeg?strip=all 1280w, https:\/\/e969z83yjsq.exactdn.com\/wp-content\/uploads\/2021\/06\/Dia_de_canarias_kiga_17-564x423.jpeg?strip=all 564w, https:\/\/e969z83yjsq.exactdn.com\/wp-content\/uploads\/2021\/06\/Dia_de_canarias_kiga_17-960x720.jpeg?strip=all 960w, https:\/\/e969z83yjsq.exactdn.com\/wp-content\/uploads\/2021\/06\/Dia_de_canarias_kiga_17-768x576.jpeg?strip=all 768w, https:\/\/e969z83yjsq.exactdn.com\/wp-content\/uploads\/2021\/06\/Dia_de_canarias_kiga_17-320x240.jpeg?strip=all 320w, https:\/\/e969z83yjsq.exactdn.com\/wp-content\/uploads\/2021\/06\/Dia_de_canarias_kiga_17.jpeg?strip=all&amp;w=256 256w, https:\/\/e969z83yjsq.exactdn.com\/wp-content\/uploads\/2021\/06\/Dia_de_canarias_kiga_17.jpeg?strip=all&amp;w=512 512w, https:\/\/e969z83yjsq.exactdn.com\/wp-content\/uploads\/2021\/06\/Dia_de_canarias_kiga_17.jpeg?strip=all&amp;w=1024 1024w, https:\/\/e969z83yjsq.exactdn.com\/wp-content\/uploads\/2021\/06\/Dia_de_canarias_kiga_17.jpeg?strip=all&amp;w=450 450w\" sizes=\"(max-width: 564px) 100vw, 564px\" \/>\n\t\t<div class=\"figc no-description\">\n\t\t\t<div class=\"figc-inner\">\n\t\t\t\t\t\t\t\t\t\t\t\t\t\t\t<\/div>\n\t\t<\/div>\n\n\t<\/div>\n\n<\/div><div class=\"modula-item effect-pufrobo jtg-filter-all jtg-filter-\" >\n\t<div class=\"modula-item-overlay\"><\/div>\n\n\t<div class=\"modula-item-content\">\n\n\t\t<a data-image-id=\"41756\" role=\"button\" data-elementor-open-lightbox=\"no\" tabindex=\"0\" rel=\"jtg-41705\" data-caption=\"&lt;span class=&quot;modula-caption-description&quot;&gt;&lt;\/span&gt;\" aria-label=\"Abrir la imagen en una caja de luz\" data-thumb=\"https:\/\/e969z83yjsq.exactdn.com\/wp-content\/uploads\/2021\/06\/Dia_de_canarias_kiga_18-1-564x423.jpeg?strip=all\" class=\"tile-inner modula-item-link\"><\/a><img loading=\"lazy\" decoding=\"async\" class=\"pic wp-image-41756\"  data-valign=\"middle\" data-halign=\"center\" alt=\"\" data-full=\"https:\/\/www.dstenerife.eu\/wp-content\/uploads\/2021\/06\/Dia_de_canarias_kiga_18-1.jpeg\" title=\"Dia_de_canarias_kiga_18 (1)\" crop=\"\" width=\"564\" height=\"423\" src=\"https:\/\/e969z83yjsq.exactdn.com\/wp-content\/uploads\/2021\/06\/Dia_de_canarias_kiga_18-1-564x423.jpeg?strip=all\" data-src=\"https:\/\/e969z83yjsq.exactdn.com\/wp-content\/uploads\/2021\/06\/Dia_de_canarias_kiga_18-1-564x423.jpeg?strip=all\" data-caption=\"\" srcset=\"https:\/\/e969z83yjsq.exactdn.com\/wp-content\/uploads\/2021\/06\/Dia_de_canarias_kiga_18-1.jpeg?strip=all 1920w, https:\/\/e969z83yjsq.exactdn.com\/wp-content\/uploads\/2021\/06\/Dia_de_canarias_kiga_18-1-564x423.jpeg?strip=all 564w, https:\/\/e969z83yjsq.exactdn.com\/wp-content\/uploads\/2021\/06\/Dia_de_canarias_kiga_18-1-960x720.jpeg?strip=all 960w, https:\/\/e969z83yjsq.exactdn.com\/wp-content\/uploads\/2021\/06\/Dia_de_canarias_kiga_18-1-768x576.jpeg?strip=all 768w, https:\/\/e969z83yjsq.exactdn.com\/wp-content\/uploads\/2021\/06\/Dia_de_canarias_kiga_18-1-1536x1152.jpeg?strip=all 1536w, https:\/\/e969z83yjsq.exactdn.com\/wp-content\/uploads\/2021\/06\/Dia_de_canarias_kiga_18-1-320x240.jpeg?strip=all 320w, https:\/\/e969z83yjsq.exactdn.com\/wp-content\/uploads\/2021\/06\/Dia_de_canarias_kiga_18-1.jpeg?strip=all&amp;w=384 384w, https:\/\/e969z83yjsq.exactdn.com\/wp-content\/uploads\/2021\/06\/Dia_de_canarias_kiga_18-1.jpeg?strip=all&amp;w=1152 1152w, https:\/\/e969z83yjsq.exactdn.com\/wp-content\/uploads\/2021\/06\/Dia_de_canarias_kiga_18-1.jpeg?strip=all&amp;w=450 450w\" sizes=\"(max-width: 564px) 100vw, 564px\" \/>\n\t\t<div class=\"figc no-description\">\n\t\t\t<div class=\"figc-inner\">\n\t\t\t\t\t\t\t\t\t\t\t\t\t\t\t<\/div>\n\t\t<\/div>\n\n\t<\/div>\n\n<\/div><div class=\"modula-item effect-pufrobo jtg-filter-all jtg-filter-\" >\n\t<div class=\"modula-item-overlay\"><\/div>\n\n\t<div class=\"modula-item-content\">\n\n\t\t<a data-image-id=\"41758\" role=\"button\" data-elementor-open-lightbox=\"no\" tabindex=\"0\" rel=\"jtg-41705\" data-caption=\"&lt;span class=&quot;modula-caption-description&quot;&gt;&lt;\/span&gt;\" aria-label=\"Abrir la imagen en una caja de luz\" data-thumb=\"https:\/\/e969z83yjsq.exactdn.com\/wp-content\/uploads\/2021\/06\/Dia_de_canarias_kiga_18-564x423.jpeg?strip=all\" class=\"tile-inner modula-item-link\"><\/a><img loading=\"lazy\" decoding=\"async\" class=\"pic wp-image-41758\"  data-valign=\"middle\" data-halign=\"center\" alt=\"\" data-full=\"https:\/\/www.dstenerife.eu\/wp-content\/uploads\/2021\/06\/Dia_de_canarias_kiga_18.jpeg\" title=\"Dia_de_canarias_kiga_18\" crop=\"\" width=\"564\" height=\"423\" src=\"https:\/\/e969z83yjsq.exactdn.com\/wp-content\/uploads\/2021\/06\/Dia_de_canarias_kiga_18-564x423.jpeg?strip=all\" data-src=\"https:\/\/e969z83yjsq.exactdn.com\/wp-content\/uploads\/2021\/06\/Dia_de_canarias_kiga_18-564x423.jpeg?strip=all\" data-caption=\"\" srcset=\"https:\/\/e969z83yjsq.exactdn.com\/wp-content\/uploads\/2021\/06\/Dia_de_canarias_kiga_18.jpeg?strip=all 1280w, https:\/\/e969z83yjsq.exactdn.com\/wp-content\/uploads\/2021\/06\/Dia_de_canarias_kiga_18-564x423.jpeg?strip=all 564w, https:\/\/e969z83yjsq.exactdn.com\/wp-content\/uploads\/2021\/06\/Dia_de_canarias_kiga_18-960x720.jpeg?strip=all 960w, https:\/\/e969z83yjsq.exactdn.com\/wp-content\/uploads\/2021\/06\/Dia_de_canarias_kiga_18-768x576.jpeg?strip=all 768w, https:\/\/e969z83yjsq.exactdn.com\/wp-content\/uploads\/2021\/06\/Dia_de_canarias_kiga_18-320x240.jpeg?strip=all 320w, https:\/\/e969z83yjsq.exactdn.com\/wp-content\/uploads\/2021\/06\/Dia_de_canarias_kiga_18.jpeg?strip=all&amp;w=256 256w, https:\/\/e969z83yjsq.exactdn.com\/wp-content\/uploads\/2021\/06\/Dia_de_canarias_kiga_18.jpeg?strip=all&amp;w=512 512w, https:\/\/e969z83yjsq.exactdn.com\/wp-content\/uploads\/2021\/06\/Dia_de_canarias_kiga_18.jpeg?strip=all&amp;w=1024 1024w, https:\/\/e969z83yjsq.exactdn.com\/wp-content\/uploads\/2021\/06\/Dia_de_canarias_kiga_18.jpeg?strip=all&amp;w=450 450w\" sizes=\"(max-width: 564px) 100vw, 564px\" \/>\n\t\t<div class=\"figc no-description\">\n\t\t\t<div class=\"figc-inner\">\n\t\t\t\t\t\t\t\t\t\t\t\t\t\t\t<\/div>\n\t\t<\/div>\n\n\t<\/div>\n\n<\/div><div class=\"modula-item effect-pufrobo jtg-filter-all jtg-filter-\" >\n\t<div class=\"modula-item-overlay\"><\/div>\n\n\t<div class=\"modula-item-content\">\n\n\t\t<a data-image-id=\"41760\" role=\"button\" data-elementor-open-lightbox=\"no\" tabindex=\"0\" rel=\"jtg-41705\" data-caption=\"&lt;span class=&quot;modula-caption-description&quot;&gt;&lt;\/span&gt;\" aria-label=\"Abrir la imagen en una caja de luz\" data-thumb=\"https:\/\/e969z83yjsq.exactdn.com\/wp-content\/uploads\/2021\/06\/Dia_de_canarias_kiga_20-564x423.jpeg?strip=all\" class=\"tile-inner modula-item-link\"><\/a><img loading=\"lazy\" decoding=\"async\" class=\"pic wp-image-41760\"  data-valign=\"middle\" data-halign=\"center\" alt=\"\" data-full=\"https:\/\/www.dstenerife.eu\/wp-content\/uploads\/2021\/06\/Dia_de_canarias_kiga_20.jpeg\" title=\"Dia_de_canarias_kiga_20\" crop=\"\" width=\"564\" height=\"423\" src=\"https:\/\/e969z83yjsq.exactdn.com\/wp-content\/uploads\/2021\/06\/Dia_de_canarias_kiga_20-564x423.jpeg?strip=all\" data-src=\"https:\/\/e969z83yjsq.exactdn.com\/wp-content\/uploads\/2021\/06\/Dia_de_canarias_kiga_20-564x423.jpeg?strip=all\" data-caption=\"\" srcset=\"https:\/\/e969z83yjsq.exactdn.com\/wp-content\/uploads\/2021\/06\/Dia_de_canarias_kiga_20.jpeg?strip=all 1920w, https:\/\/e969z83yjsq.exactdn.com\/wp-content\/uploads\/2021\/06\/Dia_de_canarias_kiga_20-564x423.jpeg?strip=all 564w, https:\/\/e969z83yjsq.exactdn.com\/wp-content\/uploads\/2021\/06\/Dia_de_canarias_kiga_20-960x720.jpeg?strip=all 960w, https:\/\/e969z83yjsq.exactdn.com\/wp-content\/uploads\/2021\/06\/Dia_de_canarias_kiga_20-768x576.jpeg?strip=all 768w, https:\/\/e969z83yjsq.exactdn.com\/wp-content\/uploads\/2021\/06\/Dia_de_canarias_kiga_20-1536x1152.jpeg?strip=all 1536w, https:\/\/e969z83yjsq.exactdn.com\/wp-content\/uploads\/2021\/06\/Dia_de_canarias_kiga_20-320x240.jpeg?strip=all 320w, https:\/\/e969z83yjsq.exactdn.com\/wp-content\/uploads\/2021\/06\/Dia_de_canarias_kiga_20.jpeg?strip=all&amp;w=384 384w, https:\/\/e969z83yjsq.exactdn.com\/wp-content\/uploads\/2021\/06\/Dia_de_canarias_kiga_20.jpeg?strip=all&amp;w=1152 1152w, https:\/\/e969z83yjsq.exactdn.com\/wp-content\/uploads\/2021\/06\/Dia_de_canarias_kiga_20.jpeg?strip=all&amp;w=450 450w\" sizes=\"(max-width: 564px) 100vw, 564px\" \/>\n\t\t<div class=\"figc no-description\">\n\t\t\t<div class=\"figc-inner\">\n\t\t\t\t\t\t\t\t\t\t\t\t\t\t\t<\/div>\n\t\t<\/div>\n\n\t<\/div>\n\n<\/div><div class=\"modula-item effect-pufrobo jtg-filter-all jtg-filter-\" >\n\t<div class=\"modula-item-overlay\"><\/div>\n\n\t<div class=\"modula-item-content\">\n\n\t\t<a data-image-id=\"41762\" role=\"button\" data-elementor-open-lightbox=\"no\" tabindex=\"0\" rel=\"jtg-41705\" data-caption=\"&lt;span class=&quot;modula-caption-description&quot;&gt;&lt;\/span&gt;\" aria-label=\"Abrir la imagen en una caja de luz\" data-thumb=\"https:\/\/e969z83yjsq.exactdn.com\/wp-content\/uploads\/2021\/06\/Dia_de_canarias_kiga_23-564x423.jpeg?strip=all\" class=\"tile-inner modula-item-link\"><\/a><img loading=\"lazy\" decoding=\"async\" class=\"pic wp-image-41762\"  data-valign=\"middle\" data-halign=\"center\" alt=\"\" data-full=\"https:\/\/www.dstenerife.eu\/wp-content\/uploads\/2021\/06\/Dia_de_canarias_kiga_23.jpeg\" title=\"Dia_de_canarias_kiga_23\" crop=\"\" width=\"564\" height=\"423\" src=\"https:\/\/e969z83yjsq.exactdn.com\/wp-content\/uploads\/2021\/06\/Dia_de_canarias_kiga_23-564x423.jpeg?strip=all\" data-src=\"https:\/\/e969z83yjsq.exactdn.com\/wp-content\/uploads\/2021\/06\/Dia_de_canarias_kiga_23-564x423.jpeg?strip=all\" data-caption=\"\" srcset=\"https:\/\/e969z83yjsq.exactdn.com\/wp-content\/uploads\/2021\/06\/Dia_de_canarias_kiga_23.jpeg?strip=all 1920w, https:\/\/e969z83yjsq.exactdn.com\/wp-content\/uploads\/2021\/06\/Dia_de_canarias_kiga_23-564x423.jpeg?strip=all 564w, https:\/\/e969z83yjsq.exactdn.com\/wp-content\/uploads\/2021\/06\/Dia_de_canarias_kiga_23-960x720.jpeg?strip=all 960w, https:\/\/e969z83yjsq.exactdn.com\/wp-content\/uploads\/2021\/06\/Dia_de_canarias_kiga_23-768x576.jpeg?strip=all 768w, https:\/\/e969z83yjsq.exactdn.com\/wp-content\/uploads\/2021\/06\/Dia_de_canarias_kiga_23-1536x1152.jpeg?strip=all 1536w, https:\/\/e969z83yjsq.exactdn.com\/wp-content\/uploads\/2021\/06\/Dia_de_canarias_kiga_23-320x240.jpeg?strip=all 320w, https:\/\/e969z83yjsq.exactdn.com\/wp-content\/uploads\/2021\/06\/Dia_de_canarias_kiga_23.jpeg?strip=all&amp;w=384 384w, https:\/\/e969z83yjsq.exactdn.com\/wp-content\/uploads\/2021\/06\/Dia_de_canarias_kiga_23.jpeg?strip=all&amp;w=1152 1152w, https:\/\/e969z83yjsq.exactdn.com\/wp-content\/uploads\/2021\/06\/Dia_de_canarias_kiga_23.jpeg?strip=all&amp;w=450 450w\" sizes=\"(max-width: 564px) 100vw, 564px\" \/>\n\t\t<div class=\"figc no-description\">\n\t\t\t<div class=\"figc-inner\">\n\t\t\t\t\t\t\t\t\t\t\t\t\t\t\t<\/div>\n\t\t<\/div>\n\n\t<\/div>\n\n<\/div><div class=\"modula-item effect-pufrobo jtg-filter-all jtg-filter-\" >\n\t<div class=\"modula-item-overlay\"><\/div>\n\n\t<div class=\"modula-item-content\">\n\n\t\t<a data-image-id=\"41764\" role=\"button\" data-elementor-open-lightbox=\"no\" tabindex=\"0\" rel=\"jtg-41705\" data-caption=\"&lt;span class=&quot;modula-caption-description&quot;&gt;&lt;\/span&gt;\" aria-label=\"Abrir la imagen en una caja de luz\" data-thumb=\"https:\/\/e969z83yjsq.exactdn.com\/wp-content\/uploads\/2021\/06\/Dia_de_canarias_kiga_25-564x423.jpeg?strip=all\" class=\"tile-inner modula-item-link\"><\/a><img loading=\"lazy\" decoding=\"async\" class=\"pic wp-image-41764\"  data-valign=\"middle\" data-halign=\"center\" alt=\"\" data-full=\"https:\/\/www.dstenerife.eu\/wp-content\/uploads\/2021\/06\/Dia_de_canarias_kiga_25.jpeg\" title=\"Dia_de_canarias_kiga_25\" crop=\"\" width=\"564\" height=\"423\" src=\"https:\/\/e969z83yjsq.exactdn.com\/wp-content\/uploads\/2021\/06\/Dia_de_canarias_kiga_25-564x423.jpeg?strip=all\" data-src=\"https:\/\/e969z83yjsq.exactdn.com\/wp-content\/uploads\/2021\/06\/Dia_de_canarias_kiga_25-564x423.jpeg?strip=all\" data-caption=\"\" srcset=\"https:\/\/e969z83yjsq.exactdn.com\/wp-content\/uploads\/2021\/06\/Dia_de_canarias_kiga_25.jpeg?strip=all 1920w, https:\/\/e969z83yjsq.exactdn.com\/wp-content\/uploads\/2021\/06\/Dia_de_canarias_kiga_25-564x423.jpeg?strip=all 564w, https:\/\/e969z83yjsq.exactdn.com\/wp-content\/uploads\/2021\/06\/Dia_de_canarias_kiga_25-960x720.jpeg?strip=all 960w, https:\/\/e969z83yjsq.exactdn.com\/wp-content\/uploads\/2021\/06\/Dia_de_canarias_kiga_25-768x576.jpeg?strip=all 768w, https:\/\/e969z83yjsq.exactdn.com\/wp-content\/uploads\/2021\/06\/Dia_de_canarias_kiga_25-1536x1152.jpeg?strip=all 1536w, https:\/\/e969z83yjsq.exactdn.com\/wp-content\/uploads\/2021\/06\/Dia_de_canarias_kiga_25-320x240.jpeg?strip=all 320w, https:\/\/e969z83yjsq.exactdn.com\/wp-content\/uploads\/2021\/06\/Dia_de_canarias_kiga_25.jpeg?strip=all&amp;w=384 384w, https:\/\/e969z83yjsq.exactdn.com\/wp-content\/uploads\/2021\/06\/Dia_de_canarias_kiga_25.jpeg?strip=all&amp;w=1152 1152w, https:\/\/e969z83yjsq.exactdn.com\/wp-content\/uploads\/2021\/06\/Dia_de_canarias_kiga_25.jpeg?strip=all&amp;w=450 450w\" sizes=\"(max-width: 564px) 100vw, 564px\" \/>\n\t\t<div class=\"figc no-description\">\n\t\t\t<div class=\"figc-inner\">\n\t\t\t\t\t\t\t\t\t\t\t\t\t\t\t<\/div>\n\t\t<\/div>\n\n\t<\/div>\n\n<\/div><div class=\"modula-item effect-pufrobo jtg-filter-all jtg-filter-\" >\n\t<div class=\"modula-item-overlay\"><\/div>\n\n\t<div class=\"modula-item-content\">\n\n\t\t<a data-image-id=\"41766\" role=\"button\" data-elementor-open-lightbox=\"no\" tabindex=\"0\" rel=\"jtg-41705\" data-caption=\"&lt;span class=&quot;modula-caption-description&quot;&gt;OLYMPUS DIGITAL CAMERA&lt;\/span&gt;\" aria-label=\"Abrir la imagen en una caja de luz\" data-thumb=\"https:\/\/e969z83yjsq.exactdn.com\/wp-content\/uploads\/2021\/06\/dia-de-canarias-564x423.jpg?strip=all\" class=\"tile-inner modula-item-link\"><\/a><img loading=\"lazy\" decoding=\"async\" class=\"pic wp-image-41766\"  data-valign=\"middle\" data-halign=\"center\" alt=\"\" data-full=\"https:\/\/www.dstenerife.eu\/wp-content\/uploads\/2021\/06\/dia-de-canarias.jpg\" title=\"OLYMPUS DIGITAL CAMERA\" crop=\"\" width=\"564\" height=\"423\" src=\"https:\/\/e969z83yjsq.exactdn.com\/wp-content\/uploads\/2021\/06\/dia-de-canarias-564x423.jpg?strip=all\" data-src=\"https:\/\/e969z83yjsq.exactdn.com\/wp-content\/uploads\/2021\/06\/dia-de-canarias-564x423.jpg?strip=all\" data-caption=\"OLYMPUS DIGITAL CAMERA\" srcset=\"https:\/\/e969z83yjsq.exactdn.com\/wp-content\/uploads\/2021\/06\/dia-de-canarias.jpg?strip=all 1920w, https:\/\/e969z83yjsq.exactdn.com\/wp-content\/uploads\/2021\/06\/dia-de-canarias-564x423.jpg?strip=all 564w, https:\/\/e969z83yjsq.exactdn.com\/wp-content\/uploads\/2021\/06\/dia-de-canarias-960x720.jpg?strip=all 960w, https:\/\/e969z83yjsq.exactdn.com\/wp-content\/uploads\/2021\/06\/dia-de-canarias-768x576.jpg?strip=all 768w, https:\/\/e969z83yjsq.exactdn.com\/wp-content\/uploads\/2021\/06\/dia-de-canarias-1536x1152.jpg?strip=all 1536w, https:\/\/e969z83yjsq.exactdn.com\/wp-content\/uploads\/2021\/06\/dia-de-canarias-320x240.jpg?strip=all 320w, https:\/\/e969z83yjsq.exactdn.com\/wp-content\/uploads\/2021\/06\/dia-de-canarias.jpg?strip=all&amp;w=384 384w, https:\/\/e969z83yjsq.exactdn.com\/wp-content\/uploads\/2021\/06\/dia-de-canarias.jpg?strip=all&amp;w=1152 1152w, https:\/\/e969z83yjsq.exactdn.com\/wp-content\/uploads\/2021\/06\/dia-de-canarias.jpg?strip=all&amp;w=450 450w\" sizes=\"(max-width: 564px) 100vw, 564px\" \/>\n\t\t<div class=\"figc\">\n\t\t\t<div class=\"figc-inner\">\n\t\t\t\t\t\t\t\t\t\t\t\t\t\t\t<\/div>\n\t\t<\/div>\n\n\t<\/div>\n\n<\/div>\t\t\n\t<\/div>\n\n\t\n\t\n\t<script type=\"application\/ld+json\">\n\t{\n\t\t\"@context\": \"http:\/\/schema.org\",\n\t\t\"@type\"   : \"ImageGallery\",\n\t\t\"id\"      : \"https:\/\/www.dstenerife.eu\/es\/kiga-tag-der-kanaren-2021\/\",\n\t\t\"url\"     : \"https:\/\/www.dstenerife.eu\/es\/kiga-tag-der-kanaren-2021\/\"\n\t}\n\n\t<\/script>\n\n\t\n<\/div>\n\n<div style=\"width: 320px;\" class=\"wp-video\"><video class=\"wp-video-shortcode\" id=\"video-41687-1\" width=\"320\" height=\"568\" preload=\"metadata\" controls=\"controls\"><source type=\"video\/mp4\" src=\"https:\/\/www.dstenerife.eu\/wp-content\/uploads\/2021\/06\/Dia-de-canarias-kiga1_1.mp4?_=1\" \/><a href=\"https:\/\/www.dstenerife.eu\/wp-content\/uploads\/2021\/06\/Dia-de-canarias-kiga1_1.mp4\">https:\/\/www.dstenerife.eu\/wp-content\/uploads\/2021\/06\/Dia-de-canarias-kiga1_1.mp4<\/a><\/video><\/div>\n<div style=\"width: 320px;\" class=\"wp-video\"><video class=\"wp-video-shortcode\" id=\"video-41687-2\" width=\"320\" height=\"568\" preload=\"metadata\" controls=\"controls\"><source type=\"video\/mp4\" src=\"https:\/\/www.dstenerife.eu\/wp-content\/uploads\/2021\/06\/Dia-de-canarias-kiga2_1.mp4?_=2\" \/><a href=\"https:\/\/www.dstenerife.eu\/wp-content\/uploads\/2021\/06\/Dia-de-canarias-kiga2_1.mp4\">https:\/\/www.dstenerife.eu\/wp-content\/uploads\/2021\/06\/Dia-de-canarias-kiga2_1.mp4<\/a><\/video><\/div>\n","protected":false},"excerpt":{"rendered":"<p>El viernes d\u00eda 28 de mayo el Kindergarten celebr\u00f3 el D\u00eda de Canarias. Cada clase se [&hellip;]<\/p>\n","protected":false},"author":15,"featured_media":41688,"comment_status":"closed","ping_status":"closed","sticky":false,"template":"","format":"standard","meta":{"site-sidebar-layout":"default","site-content-layout":"default","ast-site-content-layout":"default","site-content-style":"default","site-sidebar-style":"default","ast-global-header-display":"","ast-banner-title-visibility":"","ast-main-header-display":"","ast-hfb-above-header-display":"","ast-hfb-below-header-display":"","ast-hfb-mobile-header-display":"","site-post-title":"","ast-breadcrumbs-content":"","ast-featured-img":"","footer-sml-layout":"","ast-disable-related-posts":"","theme-transparent-header-meta":"default","adv-header-id-meta":"","stick-header-meta":"default","header-above-stick-meta":"","header-main-stick-meta":"","header-below-stick-meta":"","astra-migrate-meta-layouts":"default","ast-page-background-enabled":"default","ast-page-background-meta":{"desktop":{"background-color":"","background-image":"","background-repeat":"repeat","background-position":"center center","background-size":"auto","background-attachment":"scroll","background-type":"","background-media":"","overlay-type":"","overlay-color":"","overlay-opacity":"","overlay-gradient":""},"tablet":{"background-color":"","background-image":"","background-repeat":"repeat","background-position":"center center","background-size":"auto","background-attachment":"scroll","background-type":"","background-media":"","overlay-type":"","overlay-color":"","overlay-opacity":"","overlay-gradient":""},"mobile":{"background-color":"","background-image":"","background-repeat":"repeat","background-position":"center center","background-size":"auto","background-attachment":"scroll","background-type":"","background-media":"","overlay-type":"","overlay-color":"","overlay-opacity":"","overlay-gradient":""}},"ast-content-background-meta":{"desktop":{"background-color":"var(--ast-global-color-5)","background-image":"","background-repeat":"repeat","background-position":"center center","background-size":"auto","background-attachment":"scroll","background-type":"","background-media":"","overlay-type":"","overlay-color":"","overlay-opacity":"","overlay-gradient":""},"tablet":{"background-color":"var(--ast-global-color-5)","background-image":"","background-repeat":"repeat","background-position":"center center","background-size":"auto","background-attachment":"scroll","background-type":"","background-media":"","overlay-type":"","overlay-color":"","overlay-opacity":"","overlay-gradient":""},"mobile":{"background-color":"var(--ast-global-color-5)","background-image":"","background-repeat":"repeat","background-position":"center center","background-size":"auto","background-attachment":"scroll","background-type":"","background-media":"","overlay-type":"","overlay-color":"","overlay-opacity":"","overlay-gradient":""}},"_jet_sm_ready_style":"","_jet_sm_style":"","_jet_sm_controls_values":"","_jet_sm_fonts_collection":"","_jet_sm_fonts_links":"","footnotes":""},"categories":[132],"tags":[],"schlagwortedst":[],"class_list":["post-41687","post","type-post","status-publish","format-standard","has-post-thumbnail","hentry","category-infantil-es"],"_links":{"self":[{"href":"https:\/\/www.dstenerife.eu\/es\/wp-json\/wp\/v2\/posts\/41687","targetHints":{"allow":["GET"]}}],"collection":[{"href":"https:\/\/www.dstenerife.eu\/es\/wp-json\/wp\/v2\/posts"}],"about":[{"href":"https:\/\/www.dstenerife.eu\/es\/wp-json\/wp\/v2\/types\/post"}],"author":[{"embeddable":true,"href":"https:\/\/www.dstenerife.eu\/es\/wp-json\/wp\/v2\/users\/15"}],"replies":[{"embeddable":true,"href":"https:\/\/www.dstenerife.eu\/es\/wp-json\/wp\/v2\/comments?post=41687"}],"version-history":[{"count":0,"href":"https:\/\/www.dstenerife.eu\/es\/wp-json\/wp\/v2\/posts\/41687\/revisions"}],"wp:featuredmedia":[{"embeddable":true,"href":"https:\/\/www.dstenerife.eu\/es\/wp-json\/wp\/v2\/media\/41688"}],"wp:attachment":[{"href":"https:\/\/www.dstenerife.eu\/es\/wp-json\/wp\/v2\/media?parent=41687"}],"wp:term":[{"taxonomy":"category","embeddable":true,"href":"https:\/\/www.dstenerife.eu\/es\/wp-json\/wp\/v2\/categories?post=41687"},{"taxonomy":"post_tag","embeddable":true,"href":"https:\/\/www.dstenerife.eu\/es\/wp-json\/wp\/v2\/tags?post=41687"},{"taxonomy":"schlagwortedst","embeddable":true,"href":"https:\/\/www.dstenerife.eu\/es\/wp-json\/wp\/v2\/schlagwortedst?post=41687"}],"curies":[{"name":"wp","href":"https:\/\/api.w.org\/{rel}","templated":true}]}}