{"id":42700,"date":"2021-06-11T03:23:36","date_gmt":"2021-06-11T03:23:36","guid":{"rendered":"https:\/\/kopie.dst.deutsche-schule.eu\/?p=42700"},"modified":"2021-06-17T03:24:48","modified_gmt":"2021-06-17T03:24:48","slug":"olivia-esta-en-nuestros-corazones","status":"publish","type":"post","link":"https:\/\/www.dstenerife.eu\/es\/olivia-esta-en-nuestros-corazones\/","title":{"rendered":"Olivia est\u00e1 en nuestros corazones"},"content":{"rendered":"<p>Toda la comunidad escolar del Colegio Alem\u00e1n Santa Cruz de Tenerife est\u00e1 de luto por el fallecimiento de Olivia. Nuestros pensamientos est\u00e1n, de todo coraz\u00f3n, con la ni\u00f1a, su madre y sus seres queridos. Ante esta dolorosa p\u00e9rdida queremos expresar nuestro m\u00e1s sentido p\u00e9same.<\/p>\n<p>El colegio le ofrecer\u00e1 en los siguientes d\u00edas a los alumnos varias posibilidades de expresar sus emociones y su tristeza. Entre ellas se mantendr\u00e1 un minuto de silencio el viernes 11 de junio a las 12.00 horas.<\/p>\n<p>Recordamos a Olivia con amor. Siempre estar\u00e1 en nuestros corazones.<\/p>\n<p><img fetchpriority=\"high\" decoding=\"async\" class=\"aligncenter size-full wp-image-42698\" src=\"https:\/\/e969z83yjsq.exactdn.com\/wp-content\/uploads\/2021\/06\/Olivia-Zimmermann.jpg?strip=all\" alt=\"\" width=\"300\" height=\"400\" srcset=\"https:\/\/e969z83yjsq.exactdn.com\/wp-content\/uploads\/2021\/06\/Olivia-Zimmermann.jpg?strip=all 300w, https:\/\/e969z83yjsq.exactdn.com\/wp-content\/uploads\/2021\/06\/Olivia-Zimmermann.jpg?strip=all&amp;w=60 60w, https:\/\/e969z83yjsq.exactdn.com\/wp-content\/uploads\/2021\/06\/Olivia-Zimmermann.jpg?strip=all&amp;w=120 120w, https:\/\/e969z83yjsq.exactdn.com\/wp-content\/uploads\/2021\/06\/Olivia-Zimmermann.jpg?strip=all&amp;w=180 180w, https:\/\/e969z83yjsq.exactdn.com\/wp-content\/uploads\/2021\/06\/Olivia-Zimmermann.jpg?strip=all&amp;w=240 240w\" sizes=\"(max-width: 300px) 100vw, 300px\" \/><\/p>\n","protected":false},"excerpt":{"rendered":"<p>Toda la comunidad escolar del Colegio Alem\u00e1n Santa Cruz de Tenerife est\u00e1 de luto por el [&hellip;]<\/p>\n","protected":false},"author":15,"featured_media":42696,"comment_status":"closed","ping_status":"closed","sticky":false,"template":"","format":"standard","meta":{"site-sidebar-layout":"default","site-content-layout":"default","ast-site-content-layout":"default","site-content-style":"default","site-sidebar-style":"default","ast-global-header-display":"","ast-banner-title-visibility":"","ast-main-header-display":"","ast-hfb-above-header-display":"","ast-hfb-below-header-display":"","ast-hfb-mobile-header-display":"","site-post-title":"","ast-breadcrumbs-content":"","ast-featured-img":"","footer-sml-layout":"","ast-disable-related-posts":"","theme-transparent-header-meta":"default","adv-header-id-meta":"","stick-header-meta":"default","header-above-stick-meta":"","header-main-stick-meta":"","header-below-stick-meta":"","astra-migrate-meta-layouts":"default","ast-page-background-enabled":"default","ast-page-background-meta":{"desktop":{"background-color":"","background-image":"","background-repeat":"repeat","background-position":"center center","background-size":"auto","background-attachment":"scroll","background-type":"","background-media":"","overlay-type":"","overlay-color":"","overlay-opacity":"","overlay-gradient":""},"tablet":{"background-color":"","background-image":"","background-repeat":"repeat","background-position":"center center","background-size":"auto","background-attachment":"scroll","background-type":"","background-media":"","overlay-type":"","overlay-color":"","overlay-opacity":"","overlay-gradient":""},"mobile":{"background-color":"","background-image":"","background-repeat":"repeat","background-position":"center center","background-size":"auto","background-attachment":"scroll","background-type":"","background-media":"","overlay-type":"","overlay-color":"","overlay-opacity":"","overlay-gradient":""}},"ast-content-background-meta":{"desktop":{"background-color":"var(--ast-global-color-5)","background-image":"","background-repeat":"repeat","background-position":"center center","background-size":"auto","background-attachment":"scroll","background-type":"","background-media":"","overlay-type":"","overlay-color":"","overlay-opacity":"","overlay-gradient":""},"tablet":{"background-color":"var(--ast-global-color-5)","background-image":"","background-repeat":"repeat","background-position":"center center","background-size":"auto","background-attachment":"scroll","background-type":"","background-media":"","overlay-type":"","overlay-color":"","overlay-opacity":"","overlay-gradient":""},"mobile":{"background-color":"var(--ast-global-color-5)","background-image":"","background-repeat":"repeat","background-position":"center center","background-size":"auto","background-attachment":"scroll","background-type":"","background-media":"","overlay-type":"","overlay-color":"","overlay-opacity":"","overlay-gradient":""}},"_jet_sm_ready_style":"","_jet_sm_style":"","_jet_sm_controls_values":"","_jet_sm_fonts_collection":"","_jet_sm_fonts_links":"","footnotes":""},"categories":[28,131],"tags":[],"schlagwortedst":[],"class_list":["post-42700","post","type-post","status-publish","format-standard","has-post-thumbnail","hentry","category-colegio","category-primaria"],"_links":{"self":[{"href":"https:\/\/www.dstenerife.eu\/es\/wp-json\/wp\/v2\/posts\/42700","targetHints":{"allow":["GET"]}}],"collection":[{"href":"https:\/\/www.dstenerife.eu\/es\/wp-json\/wp\/v2\/posts"}],"about":[{"href":"https:\/\/www.dstenerife.eu\/es\/wp-json\/wp\/v2\/types\/post"}],"author":[{"embeddable":true,"href":"https:\/\/www.dstenerife.eu\/es\/wp-json\/wp\/v2\/users\/15"}],"replies":[{"embeddable":true,"href":"https:\/\/www.dstenerife.eu\/es\/wp-json\/wp\/v2\/comments?post=42700"}],"version-history":[{"count":0,"href":"https:\/\/www.dstenerife.eu\/es\/wp-json\/wp\/v2\/posts\/42700\/revisions"}],"wp:featuredmedia":[{"embeddable":true,"href":"https:\/\/www.dstenerife.eu\/es\/wp-json\/wp\/v2\/media\/42696"}],"wp:attachment":[{"href":"https:\/\/www.dstenerife.eu\/es\/wp-json\/wp\/v2\/media?parent=42700"}],"wp:term":[{"taxonomy":"category","embeddable":true,"href":"https:\/\/www.dstenerife.eu\/es\/wp-json\/wp\/v2\/categories?post=42700"},{"taxonomy":"post_tag","embeddable":true,"href":"https:\/\/www.dstenerife.eu\/es\/wp-json\/wp\/v2\/tags?post=42700"},{"taxonomy":"schlagwortedst","embeddable":true,"href":"https:\/\/www.dstenerife.eu\/es\/wp-json\/wp\/v2\/schlagwortedst?post=42700"}],"curies":[{"name":"wp","href":"https:\/\/api.w.org\/{rel}","templated":true}]}}