{"id":46371,"date":"2021-10-07T09:59:53","date_gmt":"2021-10-07T09:59:53","guid":{"rendered":"https:\/\/www.dstenerife.eu\/?p=46371"},"modified":"2021-10-07T10:03:46","modified_gmt":"2021-10-07T10:03:46","slug":"elecciones-junior-2021","status":"publish","type":"post","link":"https:\/\/www.dstenerife.eu\/es\/elecciones-junior-2021\/","title":{"rendered":"Elecciones \u00abjunior\u00bb 2021"},"content":{"rendered":"<h2 id=\"m_1710405128129915019338317EditableDivID--xx--yy--42\">En democracia participamos todos<\/h2>\n<div id=\"m_1710405128129915019338317EditableDivID--xx--yy--42\"><\/div>\n<div id=\"m_1710405128129915019338317EditableDivID--xx--yy--42\" style=\"text-align: justify;\">\n<div id=\"m_1710405128129915019338317EditableDivID--xx--yy--42\">La semana pasada, los estudiantes de los cursos 10 a 12 pudimos emitir nuestro voto y participar as\u00ed en las <em>elecciones junior<\/em> paralelas a las elecciones al Bundestag de 2021. Las <em>elecciones junior<\/em> son un proyecto de educaci\u00f3n pol\u00edtica en Alemania que permite a casi un mill\u00f3n de estudiantes de diferentes centros participar en unas elecciones reales. En las semanas previas a las elecciones de los j\u00f3venes, hemos estado aprendiendo sobre los antecedentes de las elecciones, la democracia y las campa\u00f1as. Aprendimos sobre los procesos de una democracia: c\u00f3mo se estructura el Estado alem\u00e1n y c\u00f3mo compiten los diferentes partidos en la campa\u00f1a electoral. De este modo, pudimos formarnos una opini\u00f3n profunda sobre cuestiones pol\u00edticas y, finalmente, emitir nuestro voto en unas elecciones simuladas. En el transcurso de las elecciones de los j\u00f3venes, no solo hemos aprendido sobre la democracia, sino que hemos participado plenamente en ella. Por supuesto, con la responsabilidad que conlleva. Y el domingo, todos esperamos con gran emoci\u00f3n el resultado global de las elecciones de los j\u00f3venes, que se public\u00f3 en la noche del domingo electoral.<\/div>\n<\/div>\n<div id=\"m_1710405128129915019338317EditableDivID--xx--yy--42\"><\/div>\n<div id=\"m_1710405128129915019338317EditableDivID--xx--yy--42\">\u00a0Pablo F., 12c<\/div>\n","protected":false},"excerpt":{"rendered":"<p>En democracia participamos todos La semana pasada, los estudiantes de los cursos 10 a 12 pudimos [&hellip;]<\/p>\n","protected":false},"author":13,"featured_media":46369,"comment_status":"closed","ping_status":"closed","sticky":false,"template":"","format":"standard","meta":{"site-sidebar-layout":"default","site-content-layout":"default","ast-site-content-layout":"default","site-content-style":"default","site-sidebar-style":"default","ast-global-header-display":"","ast-banner-title-visibility":"","ast-main-header-display":"","ast-hfb-above-header-display":"","ast-hfb-below-header-display":"","ast-hfb-mobile-header-display":"","site-post-title":"","ast-breadcrumbs-content":"","ast-featured-img":"","footer-sml-layout":"","ast-disable-related-posts":"","theme-transparent-header-meta":"default","adv-header-id-meta":"","stick-header-meta":"default","header-above-stick-meta":"","header-main-stick-meta":"","header-below-stick-meta":"","astra-migrate-meta-layouts":"default","ast-page-background-enabled":"default","ast-page-background-meta":{"desktop":{"background-color":"","background-image":"","background-repeat":"repeat","background-position":"center center","background-size":"auto","background-attachment":"scroll","background-type":"","background-media":"","overlay-type":"","overlay-color":"","overlay-opacity":"","overlay-gradient":""},"tablet":{"background-color":"","background-image":"","background-repeat":"repeat","background-position":"center center","background-size":"auto","background-attachment":"scroll","background-type":"","background-media":"","overlay-type":"","overlay-color":"","overlay-opacity":"","overlay-gradient":""},"mobile":{"background-color":"","background-image":"","background-repeat":"repeat","background-position":"center center","background-size":"auto","background-attachment":"scroll","background-type":"","background-media":"","overlay-type":"","overlay-color":"","overlay-opacity":"","overlay-gradient":""}},"ast-content-background-meta":{"desktop":{"background-color":"var(--ast-global-color-5)","background-image":"","background-repeat":"repeat","background-position":"center center","background-size":"auto","background-attachment":"scroll","background-type":"","background-media":"","overlay-type":"","overlay-color":"","overlay-opacity":"","overlay-gradient":""},"tablet":{"background-color":"var(--ast-global-color-5)","background-image":"","background-repeat":"repeat","background-position":"center center","background-size":"auto","background-attachment":"scroll","background-type":"","background-media":"","overlay-type":"","overlay-color":"","overlay-opacity":"","overlay-gradient":""},"mobile":{"background-color":"var(--ast-global-color-5)","background-image":"","background-repeat":"repeat","background-position":"center center","background-size":"auto","background-attachment":"scroll","background-type":"","background-media":"","overlay-type":"","overlay-color":"","overlay-opacity":"","overlay-gradient":""}},"_jet_sm_ready_style":"","_jet_sm_style":"","_jet_sm_controls_values":"","_jet_sm_fonts_collection":"","_jet_sm_fonts_links":"","footnotes":""},"categories":[133],"tags":[],"schlagwortedst":[],"class_list":["post-46371","post","type-post","status-publish","format-standard","has-post-thumbnail","hentry","category-secundaria-es"],"_links":{"self":[{"href":"https:\/\/www.dstenerife.eu\/es\/wp-json\/wp\/v2\/posts\/46371","targetHints":{"allow":["GET"]}}],"collection":[{"href":"https:\/\/www.dstenerife.eu\/es\/wp-json\/wp\/v2\/posts"}],"about":[{"href":"https:\/\/www.dstenerife.eu\/es\/wp-json\/wp\/v2\/types\/post"}],"author":[{"embeddable":true,"href":"https:\/\/www.dstenerife.eu\/es\/wp-json\/wp\/v2\/users\/13"}],"replies":[{"embeddable":true,"href":"https:\/\/www.dstenerife.eu\/es\/wp-json\/wp\/v2\/comments?post=46371"}],"version-history":[{"count":3,"href":"https:\/\/www.dstenerife.eu\/es\/wp-json\/wp\/v2\/posts\/46371\/revisions"}],"predecessor-version":[{"id":46374,"href":"https:\/\/www.dstenerife.eu\/es\/wp-json\/wp\/v2\/posts\/46371\/revisions\/46374"}],"wp:featuredmedia":[{"embeddable":true,"href":"https:\/\/www.dstenerife.eu\/es\/wp-json\/wp\/v2\/media\/46369"}],"wp:attachment":[{"href":"https:\/\/www.dstenerife.eu\/es\/wp-json\/wp\/v2\/media?parent=46371"}],"wp:term":[{"taxonomy":"category","embeddable":true,"href":"https:\/\/www.dstenerife.eu\/es\/wp-json\/wp\/v2\/categories?post=46371"},{"taxonomy":"post_tag","embeddable":true,"href":"https:\/\/www.dstenerife.eu\/es\/wp-json\/wp\/v2\/tags?post=46371"},{"taxonomy":"schlagwortedst","embeddable":true,"href":"https:\/\/www.dstenerife.eu\/es\/wp-json\/wp\/v2\/schlagwortedst?post=46371"}],"curies":[{"name":"wp","href":"https:\/\/api.w.org\/{rel}","templated":true}]}}