{"id":48049,"date":"2021-12-07T21:00:26","date_gmt":"2021-12-07T21:00:26","guid":{"rendered":"https:\/\/www.dstenerife.eu\/?p=48049"},"modified":"2021-12-07T21:02:47","modified_gmt":"2021-12-07T21:02:47","slug":"una-puerta-violeta","status":"publish","type":"post","link":"https:\/\/www.dstenerife.eu\/es\/una-puerta-violeta\/","title":{"rendered":"Una puerta violeta"},"content":{"rendered":"<div style=\"text-align: justify;\">\u00a0 \u00a0 El alumnado de la clase\u00a0 5 y 6 ha dedicado algunas sesiones del pasado jueves, d\u00eda 25 de noviembre, para trabajar el tema de la \u201cViolencia de G\u00e9nero\u201d. Hemos partido del an\u00e1lisis de la letra de la canci\u00f3n titulada <em>Una puerta violeta<\/em>, escrita por Rozal\u00e9n.\u00a0 A trav\u00e9s del an\u00e1lisis de su letra, los alumnos y alumnas han iniciado un debate sobre las situaciones cotidianas en las que podemos detectar violencia.\u00a0 Si bien hemos partido de la realidad actual de nuestro pa\u00eds, reflejada en las cifras de violencia de g\u00e9nero que se han registrado hasta la fecha, hemos dado un mayor peso al an\u00e1lisis de situaciones cotidianas donde la violencia hace acto de presencia. Las hemos denunciado y hemos buscado herramientas para tratar de corregirlas o \u00a0evitarlas.<\/div>\n<div><\/div>\n<div style=\"text-align: justify;\">\u00a0 \u00a0 Las conclusiones derivadas del debate generado en el aula nos han llevado a defender la frase \u201cEducaci\u00f3n contra la violencia de g\u00e9nero\u201d, pues nuestro alumnado ha concluido que si conseguimos aprender a detectar y frenar situaciones violentas en nuestra ni\u00f1ez y juventud, conseguiremos que este tipo de conductas se reduzcan o desaparezcan en nuestra edad adulta.<\/div>\n<div><\/div>\n<div style=\"text-align: justify;\">\u00a0 \u00a0 Por otro lado, y a modo de apoyo, hemos decidido pintar una \u201cpuerta morada en la pared\u201d. Tal y como nos cuenta Rozal\u00e9n en su letra, tras una situaci\u00f3n de sufrimiento y dolor, la \u00a0protagonista de su historia \u00a0encontr\u00f3 \u201cuna puerta violeta\u201d en la pared a trav\u00e9s de la cual pudo encontrar paz y libertad. En nombre de todas aquellas mujeres y hombres que sufren violencia de g\u00e9nero, el alumnado ha querido grabar mensajes en dichas puertas con la esperanza de que sirvan de motivaci\u00f3n para cualquier lector o lectora que necesite ese empuj\u00f3n necesario para liberarse y ser feliz.<\/div>\n","protected":false},"excerpt":{"rendered":"<p>\u00a0 \u00a0 El alumnado de la clase\u00a0 5 y 6 ha dedicado algunas sesiones del pasado [&hellip;]<\/p>\n","protected":false},"author":13,"featured_media":48046,"comment_status":"closed","ping_status":"closed","sticky":false,"template":"","format":"standard","meta":{"site-sidebar-layout":"default","site-content-layout":"default","ast-site-content-layout":"default","site-content-style":"default","site-sidebar-style":"default","ast-global-header-display":"","ast-banner-title-visibility":"","ast-main-header-display":"","ast-hfb-above-header-display":"","ast-hfb-below-header-display":"","ast-hfb-mobile-header-display":"","site-post-title":"","ast-breadcrumbs-content":"","ast-featured-img":"","footer-sml-layout":"","ast-disable-related-posts":"","theme-transparent-header-meta":"default","adv-header-id-meta":"","stick-header-meta":"default","header-above-stick-meta":"","header-main-stick-meta":"","header-below-stick-meta":"","astra-migrate-meta-layouts":"default","ast-page-background-enabled":"default","ast-page-background-meta":{"desktop":{"background-color":"","background-image":"","background-repeat":"repeat","background-position":"center center","background-size":"auto","background-attachment":"scroll","background-type":"","background-media":"","overlay-type":"","overlay-color":"","overlay-opacity":"","overlay-gradient":""},"tablet":{"background-color":"","background-image":"","background-repeat":"repeat","background-position":"center center","background-size":"auto","background-attachment":"scroll","background-type":"","background-media":"","overlay-type":"","overlay-color":"","overlay-opacity":"","overlay-gradient":""},"mobile":{"background-color":"","background-image":"","background-repeat":"repeat","background-position":"center center","background-size":"auto","background-attachment":"scroll","background-type":"","background-media":"","overlay-type":"","overlay-color":"","overlay-opacity":"","overlay-gradient":""}},"ast-content-background-meta":{"desktop":{"background-color":"var(--ast-global-color-5)","background-image":"","background-repeat":"repeat","background-position":"center center","background-size":"auto","background-attachment":"scroll","background-type":"","background-media":"","overlay-type":"","overlay-color":"","overlay-opacity":"","overlay-gradient":""},"tablet":{"background-color":"var(--ast-global-color-5)","background-image":"","background-repeat":"repeat","background-position":"center center","background-size":"auto","background-attachment":"scroll","background-type":"","background-media":"","overlay-type":"","overlay-color":"","overlay-opacity":"","overlay-gradient":""},"mobile":{"background-color":"var(--ast-global-color-5)","background-image":"","background-repeat":"repeat","background-position":"center center","background-size":"auto","background-attachment":"scroll","background-type":"","background-media":"","overlay-type":"","overlay-color":"","overlay-opacity":"","overlay-gradient":""}},"_jet_sm_ready_style":"","_jet_sm_style":"","_jet_sm_controls_values":"","_jet_sm_fonts_collection":"","_jet_sm_fonts_links":"","footnotes":""},"categories":[133],"tags":[],"schlagwortedst":[],"class_list":["post-48049","post","type-post","status-publish","format-standard","has-post-thumbnail","hentry","category-secundaria-es"],"_links":{"self":[{"href":"https:\/\/www.dstenerife.eu\/es\/wp-json\/wp\/v2\/posts\/48049","targetHints":{"allow":["GET"]}}],"collection":[{"href":"https:\/\/www.dstenerife.eu\/es\/wp-json\/wp\/v2\/posts"}],"about":[{"href":"https:\/\/www.dstenerife.eu\/es\/wp-json\/wp\/v2\/types\/post"}],"author":[{"embeddable":true,"href":"https:\/\/www.dstenerife.eu\/es\/wp-json\/wp\/v2\/users\/13"}],"replies":[{"embeddable":true,"href":"https:\/\/www.dstenerife.eu\/es\/wp-json\/wp\/v2\/comments?post=48049"}],"version-history":[{"count":3,"href":"https:\/\/www.dstenerife.eu\/es\/wp-json\/wp\/v2\/posts\/48049\/revisions"}],"predecessor-version":[{"id":48052,"href":"https:\/\/www.dstenerife.eu\/es\/wp-json\/wp\/v2\/posts\/48049\/revisions\/48052"}],"wp:featuredmedia":[{"embeddable":true,"href":"https:\/\/www.dstenerife.eu\/es\/wp-json\/wp\/v2\/media\/48046"}],"wp:attachment":[{"href":"https:\/\/www.dstenerife.eu\/es\/wp-json\/wp\/v2\/media?parent=48049"}],"wp:term":[{"taxonomy":"category","embeddable":true,"href":"https:\/\/www.dstenerife.eu\/es\/wp-json\/wp\/v2\/categories?post=48049"},{"taxonomy":"post_tag","embeddable":true,"href":"https:\/\/www.dstenerife.eu\/es\/wp-json\/wp\/v2\/tags?post=48049"},{"taxonomy":"schlagwortedst","embeddable":true,"href":"https:\/\/www.dstenerife.eu\/es\/wp-json\/wp\/v2\/schlagwortedst?post=48049"}],"curies":[{"name":"wp","href":"https:\/\/api.w.org\/{rel}","templated":true}]}}