{"id":55486,"date":"2022-06-01T12:41:21","date_gmt":"2022-06-01T11:41:21","guid":{"rendered":"https:\/\/www.dstenerife.eu\/?p=55486"},"modified":"2022-07-04T12:50:48","modified_gmt":"2022-07-04T11:50:48","slug":"los-relatos-del-concurso-ii","status":"publish","type":"post","link":"https:\/\/www.dstenerife.eu\/es\/los-relatos-del-concurso-ii\/","title":{"rendered":"Los relatos del concurso II"},"content":{"rendered":"<p>El seminario de Espa\u00f1ol del Colegio Alem\u00e1n Santa Cruz de Tenerife hab\u00eda organizado para el d\u00eda del libro su segundo concurso de relatos para todos los alumnos de las clases 3 a 11.<\/p>\n<p>Los ganadores ya han recibido sus premios, pero ahora, a final de curso, queremos volver a felicitar a todos los alumnos cuyos relatos fueron seleccionados en la primera fase por sus profesores y presentados ante el jurado. \u00a1Felicidades a todos!<\/p>\n<p>Aqu\u00ed se encuentran algunos relatos seleccionados de la primera fase:<\/p>\n<p><a href=\"https:\/\/www.dstenerife.eu\/wp-content\/uploads\/2022\/07\/Rebeca-Herrero-Hidalgo_Un-bosque-magico_Ganadora-del-relato-corto-3A.pdf\" class=\"pdfemb-viewer\" style=\"\" data-width=\"max\" data-height=\"max\" data-toolbar=\"top\" data-toolbar-fixed=\"on\">Rebeca Herrero Hidalgo_Un bosque m\u00e1gico_Ganadora del relato corto 3A<\/a> <a href=\"https:\/\/www.dstenerife.eu\/wp-content\/uploads\/2022\/07\/Alejandro-Garcia-Padron-Morales_El-Valle-de-Azkaban_Ganador-del-concurso-de-relatos-3A.pdf\" class=\"pdfemb-viewer\" style=\"\" data-width=\"max\" data-height=\"max\" data-toolbar=\"top\" data-toolbar-fixed=\"on\">Alejandro Garc\u00eda - Padr\u00f3n Morales_El Valle de Azkaban_Ganador del concurso de relatos 3A<\/a> <a href=\"https:\/\/www.dstenerife.eu\/wp-content\/uploads\/2022\/07\/4B_-Miguel-Viyella-Gonzalez_-El-puente-de-la-paz.pdf\" class=\"pdfemb-viewer\" style=\"\" data-width=\"max\" data-height=\"max\" data-toolbar=\"top\" data-toolbar-fixed=\"on\">4B_ Miguel Viyella Gonz\u00e1lez_ El puente de la paz<\/a> <a href=\"https:\/\/www.dstenerife.eu\/wp-content\/uploads\/2022\/07\/4B_-Adan-Ferrer-Hernandez_-El-puente-maldito.pdf\" class=\"pdfemb-viewer\" style=\"\" data-width=\"max\" data-height=\"max\" data-toolbar=\"top\" data-toolbar-fixed=\"on\">4B_ Ad\u00e1n Ferrer Hern\u00e1ndez_ El puente maldito<\/a> <a href=\"https:\/\/www.dstenerife.eu\/wp-content\/uploads\/2022\/07\/4A-Hugo-Mendez-Bencomo-Garcia.pdf\" class=\"pdfemb-viewer\" style=\"\" data-width=\"max\" data-height=\"max\" data-toolbar=\"top\" data-toolbar-fixed=\"on\">4A Hugo M\u00e9ndez Bencomo Garc\u00eda<\/a> <a href=\"https:\/\/www.dstenerife.eu\/wp-content\/uploads\/2022\/07\/4A-Adrian-Alvarez-Abad.pdf\" class=\"pdfemb-viewer\" style=\"\" data-width=\"max\" data-height=\"max\" data-toolbar=\"top\" data-toolbar-fixed=\"on\">4A Adri\u00e1n \u00c1lvarez Abad<\/a> <a href=\"https:\/\/www.dstenerife.eu\/wp-content\/uploads\/2022\/07\/3B-Camilo-Bel-Jover-El-agujero-misterioso.pdf\" class=\"pdfemb-viewer\" style=\"\" data-width=\"max\" data-height=\"max\" data-toolbar=\"top\" data-toolbar-fixed=\"on\">3B-Camilo Bel Jover-El agujero misterioso<\/a> <a href=\"https:\/\/www.dstenerife.eu\/wp-content\/uploads\/2022\/07\/3B-Alma-Sampedro-Cuenca-El-libro-magico.pdf\" class=\"pdfemb-viewer\" style=\"\" data-width=\"max\" data-height=\"max\" data-toolbar=\"top\" data-toolbar-fixed=\"on\">3B-Alma Sampedro Cuenca-El libro m\u00e1gico<\/a> <a href=\"https:\/\/www.dstenerife.eu\/wp-content\/uploads\/2022\/07\/10A-Lucas-Guimera-El-sindrome-del-pescador.pdf\" class=\"pdfemb-viewer\" style=\"\" data-width=\"max\" data-height=\"max\" data-toolbar=\"top\" data-toolbar-fixed=\"on\">10A Lucas Guimer\u00e1 - El s\u00edndrome del pescador<\/a> <a href=\"https:\/\/www.dstenerife.eu\/wp-content\/uploads\/2022\/07\/9B-Nadia-Garcia-Atrapados.pdf\" class=\"pdfemb-viewer\" style=\"\" data-width=\"max\" data-height=\"max\" data-toolbar=\"top\" data-toolbar-fixed=\"on\">9B Nadia Garc\u00eda - Atrapados<\/a> <a href=\"https:\/\/www.dstenerife.eu\/wp-content\/uploads\/2022\/07\/9B-Carola-Brito-El-corazon-de-Melody.pdf\" class=\"pdfemb-viewer\" style=\"\" data-width=\"max\" data-height=\"max\" data-toolbar=\"top\" data-toolbar-fixed=\"on\">9B Carola Brito - El coraz\u00f3n de Melody<\/a> <a href=\"https:\/\/www.dstenerife.eu\/wp-content\/uploads\/2022\/07\/9A-Ivan-Rodriguez-Hay-un-rio-debajo-del-puente.pdf\" class=\"pdfemb-viewer\" style=\"\" data-width=\"max\" data-height=\"max\" data-toolbar=\"top\" data-toolbar-fixed=\"on\">9A Iv\u00e1n Rodr\u00edguez - Hay un r\u00edo debajo del puente<\/a> <a href=\"https:\/\/www.dstenerife.eu\/wp-content\/uploads\/2022\/07\/8b-Relato-de-Sofia-Christ.pdf\" class=\"pdfemb-viewer\" style=\"\" data-width=\"max\" data-height=\"max\" data-toolbar=\"top\" data-toolbar-fixed=\"on\">8b Relato de Sof\u00eda Christ<\/a> <a href=\"https:\/\/www.dstenerife.eu\/wp-content\/uploads\/2022\/07\/8b-Relato-de-Martina-Lanis-Pesutic.pdf\" class=\"pdfemb-viewer\" style=\"\" data-width=\"max\" data-height=\"max\" data-toolbar=\"top\" data-toolbar-fixed=\"on\">8b Relato de Martina Lanis Pesutic<\/a> <a href=\"https:\/\/www.dstenerife.eu\/wp-content\/uploads\/2022\/07\/8a-Relato-de-Ines-de-las-Casas.pdf\" class=\"pdfemb-viewer\" style=\"\" data-width=\"max\" data-height=\"max\" data-toolbar=\"top\" data-toolbar-fixed=\"on\">8a Relato de In\u00e9s de las Casas<\/a> <a href=\"https:\/\/www.dstenerife.eu\/wp-content\/uploads\/2022\/07\/7A-Miriam-Gonza\u0301lez-Di\u0301az-Edicio\u0301n-ilimitada.pdf\" class=\"pdfemb-viewer\" style=\"\" data-width=\"max\" data-height=\"max\" data-toolbar=\"top\" data-toolbar-fixed=\"on\">7A Miriam Gonza\u0301lez Di\u0301az - Edicio\u0301n ilimitada<\/a> <a href=\"https:\/\/www.dstenerife.eu\/wp-content\/uploads\/2022\/07\/7A-Beatriz-Reigosa-De\u0301niz-Siempre-se-sigue-adelante.pdf\" class=\"pdfemb-viewer\" style=\"\" data-width=\"max\" data-height=\"max\" data-toolbar=\"top\" data-toolbar-fixed=\"on\">7A Beatriz Reigosa De\u0301niz - Siempre se sigue adelante<\/a> <a href=\"https:\/\/www.dstenerife.eu\/wp-content\/uploads\/2022\/07\/6A-Bruno-Tavio-Werth-1.pdf\" class=\"pdfemb-viewer\" style=\"\" data-width=\"max\" data-height=\"max\" data-toolbar=\"top\" data-toolbar-fixed=\"on\">6A Bruno Tav\u00edo Werth<\/a> <a href=\"https:\/\/www.dstenerife.eu\/wp-content\/uploads\/2022\/07\/6-A-Aroa-Herranz-Majano-1.pdf\" class=\"pdfemb-viewer\" style=\"\" data-width=\"max\" data-height=\"max\" data-toolbar=\"top\" data-toolbar-fixed=\"on\">6 A Aroa Herranz Majano<\/a> <a href=\"https:\/\/www.dstenerife.eu\/wp-content\/uploads\/2022\/07\/5B-Monica-Rodriguez-Samimi-Fard-1.pdf\" class=\"pdfemb-viewer\" style=\"\" data-width=\"max\" data-height=\"max\" data-toolbar=\"top\" data-toolbar-fixed=\"on\">5B M\u00f3nica Rodr\u00edguez Samimi-Fard<\/a> <a href=\"https:\/\/www.dstenerife.eu\/wp-content\/uploads\/2022\/07\/5B-Laura-Perdomo-Hernandez-1.pdf\" class=\"pdfemb-viewer\" style=\"\" data-width=\"max\" data-height=\"max\" data-toolbar=\"top\" data-toolbar-fixed=\"on\">5B Laura Perdomo Hern\u00e1ndez<\/a><\/p>\n<p>&nbsp;<\/p>\n","protected":false},"excerpt":{"rendered":"<p>El seminario de Espa\u00f1ol del Colegio Alem\u00e1n Santa Cruz de Tenerife hab\u00eda organizado para el d\u00eda [&hellip;]<\/p>\n","protected":false},"author":13,"featured_media":55485,"comment_status":"closed","ping_status":"closed","sticky":false,"template":"","format":"standard","meta":{"site-sidebar-layout":"default","site-content-layout":"default","ast-site-content-layout":"default","site-content-style":"default","site-sidebar-style":"default","ast-global-header-display":"","ast-banner-title-visibility":"","ast-main-header-display":"","ast-hfb-above-header-display":"","ast-hfb-below-header-display":"","ast-hfb-mobile-header-display":"","site-post-title":"","ast-breadcrumbs-content":"","ast-featured-img":"","footer-sml-layout":"","ast-disable-related-posts":"","theme-transparent-header-meta":"default","adv-header-id-meta":"","stick-header-meta":"default","header-above-stick-meta":"","header-main-stick-meta":"","header-below-stick-meta":"","astra-migrate-meta-layouts":"default","ast-page-background-enabled":"default","ast-page-background-meta":{"desktop":{"background-color":"","background-image":"","background-repeat":"repeat","background-position":"center center","background-size":"auto","background-attachment":"scroll","background-type":"","background-media":"","overlay-type":"","overlay-color":"","overlay-opacity":"","overlay-gradient":""},"tablet":{"background-color":"","background-image":"","background-repeat":"repeat","background-position":"center center","background-size":"auto","background-attachment":"scroll","background-type":"","background-media":"","overlay-type":"","overlay-color":"","overlay-opacity":"","overlay-gradient":""},"mobile":{"background-color":"","background-image":"","background-repeat":"repeat","background-position":"center center","background-size":"auto","background-attachment":"scroll","background-type":"","background-media":"","overlay-type":"","overlay-color":"","overlay-opacity":"","overlay-gradient":""}},"ast-content-background-meta":{"desktop":{"background-color":"var(--ast-global-color-5)","background-image":"","background-repeat":"repeat","background-position":"center center","background-size":"auto","background-attachment":"scroll","background-type":"","background-media":"","overlay-type":"","overlay-color":"","overlay-opacity":"","overlay-gradient":""},"tablet":{"background-color":"var(--ast-global-color-5)","background-image":"","background-repeat":"repeat","background-position":"center center","background-size":"auto","background-attachment":"scroll","background-type":"","background-media":"","overlay-type":"","overlay-color":"","overlay-opacity":"","overlay-gradient":""},"mobile":{"background-color":"var(--ast-global-color-5)","background-image":"","background-repeat":"repeat","background-position":"center center","background-size":"auto","background-attachment":"scroll","background-type":"","background-media":"","overlay-type":"","overlay-color":"","overlay-opacity":"","overlay-gradient":""}},"_jet_sm_ready_style":"","_jet_sm_style":"","_jet_sm_controls_values":"","_jet_sm_fonts_collection":"","_jet_sm_fonts_links":"","footnotes":""},"categories":[28,131,133],"tags":[],"schlagwortedst":[],"class_list":["post-55486","post","type-post","status-publish","format-standard","has-post-thumbnail","hentry","category-colegio","category-primaria","category-secundaria-es"],"_links":{"self":[{"href":"https:\/\/www.dstenerife.eu\/es\/wp-json\/wp\/v2\/posts\/55486","targetHints":{"allow":["GET"]}}],"collection":[{"href":"https:\/\/www.dstenerife.eu\/es\/wp-json\/wp\/v2\/posts"}],"about":[{"href":"https:\/\/www.dstenerife.eu\/es\/wp-json\/wp\/v2\/types\/post"}],"author":[{"embeddable":true,"href":"https:\/\/www.dstenerife.eu\/es\/wp-json\/wp\/v2\/users\/13"}],"replies":[{"embeddable":true,"href":"https:\/\/www.dstenerife.eu\/es\/wp-json\/wp\/v2\/comments?post=55486"}],"version-history":[{"count":1,"href":"https:\/\/www.dstenerife.eu\/es\/wp-json\/wp\/v2\/posts\/55486\/revisions"}],"predecessor-version":[{"id":55487,"href":"https:\/\/www.dstenerife.eu\/es\/wp-json\/wp\/v2\/posts\/55486\/revisions\/55487"}],"wp:featuredmedia":[{"embeddable":true,"href":"https:\/\/www.dstenerife.eu\/es\/wp-json\/wp\/v2\/media\/55485"}],"wp:attachment":[{"href":"https:\/\/www.dstenerife.eu\/es\/wp-json\/wp\/v2\/media?parent=55486"}],"wp:term":[{"taxonomy":"category","embeddable":true,"href":"https:\/\/www.dstenerife.eu\/es\/wp-json\/wp\/v2\/categories?post=55486"},{"taxonomy":"post_tag","embeddable":true,"href":"https:\/\/www.dstenerife.eu\/es\/wp-json\/wp\/v2\/tags?post=55486"},{"taxonomy":"schlagwortedst","embeddable":true,"href":"https:\/\/www.dstenerife.eu\/es\/wp-json\/wp\/v2\/schlagwortedst?post=55486"}],"curies":[{"name":"wp","href":"https:\/\/api.w.org\/{rel}","templated":true}]}}