{"id":59288,"date":"2023-02-11T20:09:50","date_gmt":"2023-02-11T20:09:50","guid":{"rendered":"https:\/\/www.dstenerife.eu\/?p=59288"},"modified":"2023-02-11T20:49:53","modified_gmt":"2023-02-11T20:49:53","slug":"gran-exito-de-la-jornada-de-puertas-abiertas","status":"publish","type":"post","link":"https:\/\/www.dstenerife.eu\/es\/gran-exito-de-la-jornada-de-puertas-abiertas\/","title":{"rendered":"Gran \u00e9xito de la Jornada de puertas abiertas"},"content":{"rendered":"<p style=\"text-align: justify;\">El pasado s\u00e1bado 11 de febrero tuvo lugar la Jornada de puertas abiertas en el Colegio Alem\u00e1n Santa Cruz de Tenerife, en el que cualquier persona interesada tuvo la oportunidad de conocer los diferentes departamentos.<\/p>\n<p style=\"text-align: justify;\">El\u00a0personal de la KiKri y del Kindergarten estuvieron a disposici\u00f3n de los invitados para ofrecer informaci\u00f3n, ense\u00f1ar las instalaciones y la labor pedag\u00f3gica.<\/p>\n<p style=\"text-align: justify;\">En Primaria y en Secundaria, los alumnos de los diferentes cursos (hasta la clase 11) presentaron actividades musicales, experimentos cient\u00edficos, exposiciones y simular\u00e1n una clase en diferentes asignaturas. De este modo, los visitantes pudieron conocer de cerca el trabajo pedag\u00f3gico del colegio.<\/p>\n<p style=\"text-align: justify;\">Adem\u00e1s estuvieron presentes y a disposici\u00f3n de las personas interesadas las\u00a0empresas Sierra y Gonz\u00e1lez\u00a0(transporte escolar),\u00a0Aramark\u00a0(cafeter\u00eda y comedor) y nuestra\u00a0enfermera escolar.<\/p>\n<p style=\"text-align: justify;\">Asimismo, la empresa Intersport vend\u00eda uniformes en la entrada del centro.<\/p>\n<p style=\"text-align: justify;\">Por su parte, los alumnos de las clases 11 ofrecieron salchichas alemanas a los invitados.<\/p>\n<div  id=\"jtg-59283\" class=\"modula modula-gallery modula-creative-gallery\" data-config=\"{&quot;height&quot;:550,&quot;tabletHeight&quot;:450,&quot;mobileHeight&quot;:450,&quot;desktopHeight&quot;:550,&quot;enableTwitter&quot;:false,&quot;enableWhatsapp&quot;:false,&quot;enableFacebook&quot;:false,&quot;enablePinterest&quot;:false,&quot;enableLinkedin&quot;:false,&quot;enableEmail&quot;:false,&quot;randomFactor&quot;:0.5,&quot;type&quot;:&quot;creative-gallery&quot;,&quot;columns&quot;:12,&quot;gutter&quot;:10,&quot;mobileGutter&quot;:10,&quot;tabletGutter&quot;:10,&quot;desktopGutter&quot;:10,&quot;enableResponsive&quot;:&quot;0&quot;,&quot;tabletColumns&quot;:&quot;2&quot;,&quot;mobileColumns&quot;:&quot;1&quot;,&quot;lazyLoad&quot;:0,&quot;lightboxOpts&quot;:{&quot;animated&quot;:true,&quot;Thumbs&quot;:{&quot;type&quot;:&quot;modern&quot;,&quot;showOnStart&quot;:false},&quot;Toolbar&quot;:{&quot;display&quot;:{&quot;right&quot;:[&quot;zoomIn&quot;,&quot;zoomOut&quot;,&quot;thumbs&quot;,&quot;close&quot;],&quot;left&quot;:[&quot;infobar&quot;]},&quot;enabled&quot;:true},&quot;Carousel&quot;:{&quot;Panzoom&quot;:{&quot;touch&quot;:true},&quot;infinite&quot;:true,&quot;transition&quot;:&quot;slide&quot;},&quot;keyboard&quot;:{&quot;Escape&quot;:&quot;close&quot;,&quot;Delete&quot;:&quot;close&quot;,&quot;Backspace&quot;:&quot;close&quot;,&quot;PageUp&quot;:&quot;next&quot;,&quot;PageDown&quot;:&quot;prev&quot;,&quot;ArrowUp&quot;:&quot;prev&quot;,&quot;ArrowDown&quot;:&quot;next&quot;,&quot;ArrowRight&quot;:&quot;next&quot;,&quot;ArrowLeft&quot;:&quot;prev&quot;},&quot;touch&quot;:false,&quot;backdropClick&quot;:false,&quot;l10n&quot;:{&quot;CLOSE&quot;:&quot;Cerrar&quot;,&quot;NEXT&quot;:&quot;Siguiente&quot;,&quot;PREV&quot;:&quot;Anterior&quot;,&quot;Error&quot;:&quot;No se ha podido cargar el contenido solicitado. Por favor, int\\u00e9ntalo de nuevo m\\u00e1s tarde.&quot;,&quot;PLAY_START&quot;:&quot;Empezar la presentaci\\u00f3n&quot;,&quot;PLAY_STOP&quot;:&quot;Pausar la presentaci\\u00f3n&quot;,&quot;FULL_SCREEN&quot;:&quot;Pantalla completa&quot;,&quot;THUMBS&quot;:&quot;Miniaturas&quot;,&quot;DOWNLOAD&quot;:&quot;Descargar&quot;,&quot;SHARE&quot;:&quot;Compartir&quot;,&quot;ZOOM&quot;:&quot;Zoom&quot;,&quot;EMAIL&quot;:&quot;Here is the link to the image : %%image_link%% and this is the link to the gallery : %%gallery_link%%&quot;,&quot;MODAL&quot;:&quot;Puedes cerrar este contenido emergente con la tecla ESC&quot;,&quot;ERROR&quot;:&quot;Algo ha ido mal, pro favor, prueba de nuevo m\\u00e1s tarde&quot;,&quot;IMAGE_ERROR&quot;:&quot;Imagen no encontrada&quot;,&quot;ELEMENT_NOT_FOUND&quot;:&quot;No se ha encontrado el elemento HTML&quot;,&quot;AJAX_NOT_FOUND&quot;:&quot;Error al cargar AJAX: No encontrado&quot;,&quot;AJAX_FORBIDDEN&quot;:&quot;Error al cargar AJAX: Prohibido&quot;,&quot;IFRAME_ERROR&quot;:&quot;Error al cargar la p\\u00e1gina&quot;,&quot;TOGGLE_ZOOM&quot;:&quot;Alternar nivel de ampliar\\\/acercar&quot;,&quot;TOGGLE_THUMBS&quot;:&quot;Alternar miniaturas&quot;,&quot;TOGGLE_SLIDESHOW&quot;:&quot;Alternar diapositiva&quot;,&quot;TOGGLE_FULLSCREEN&quot;:&quot;Cambiar al modo de pantalla completa&quot;},&quot;Images&quot;:{&quot;Panzoom&quot;:{&quot;maxScale&quot;:2}},&quot;toolbar&quot;:true,&quot;wheel&quot;:false,&quot;animationEffect&quot;:&quot;false&quot;,&quot;animationDuration&quot;:0,&quot;Html&quot;:{&quot;videoAutoplay&quot;:0,&quot;videoTpl&quot;:&quot;&lt;video class=\\&quot;fancybox__html5video modula_html5_video\\&quot; controls playsinline controlsList controlsList=\\&quot;nodownload\\&quot; poster=\\&quot;{{poster}}\\&quot; src=\\&quot;{{src}}\\&quot; type=\\&quot;{{format}}\\&quot; &gt;  Sorry, your browser doesn&#039;t support embedded videos, &lt;a href=\\&quot;{{src}}\\&quot;&gt; download &lt;\\\/a&gt; and watch with your favorite video player! &lt;\\\/video&gt;&quot;,&quot;vimeo&quot;:{&quot;autopause&quot;:0}},&quot;Fullscreen&quot;:{&quot;autoStart&quot;:true},&quot;mainClass&quot;:&quot;modula-fancybox-container modula-lightbox-jtg-59283&quot;},&quot;inView&quot;:false,&quot;email_subject&quot;:&quot;Check out this awesome image !!&quot;,&quot;email_message&quot;:&quot;Here is the link to the image : %%image_link%% and this is the link to the gallery : %%gallery_link%%&quot;,&quot;lightbox&quot;:&quot;fancybox&quot;,&quot;filterClick&quot;:&quot;0&quot;,&quot;dropdownFilters&quot;:&quot;0&quot;,&quot;defaultActiveFilter&quot;:&quot;all&quot;,&quot;initLightbox&quot;:&quot;modula_pro_init_lightbox&quot;,&quot;haveFilters&quot;:0,&quot;lightbox_devices&quot;:&quot;both&quot;,&quot;mobileDoubleClick&quot;:1,&quot;options&quot;:{&quot;lightbox&quot;:&quot;fancybox&quot;},&quot;enableSlideshow&quot;:&quot;0&quot;,&quot;enableAutoplay&quot;:&quot;0&quot;,&quot;slideshowSpeed&quot;:&quot;5000&quot;,&quot;pauseOnHover&quot;:&quot;0&quot;}\">\n\n\t\n\t<div  class=\"modula-items\">\n\t\t<div class=\"modula-item effect-pufrobo jtg-filter-all jtg-filter-\" >\n\t<div class=\"modula-item-overlay\"><\/div>\n\n\t<div class=\"modula-item-content\">\n\n\t\t<a data-image-id=\"59302\" role=\"button\" data-elementor-open-lightbox=\"no\" tabindex=\"0\" rel=\"jtg-59283\" data-caption=\"\" aria-label=\"Abrir la imagen en una caja de luz\" data-thumb=\"https:\/\/e969z83yjsq.exactdn.com\/wp-content\/uploads\/2023\/02\/Tag-der-offenen-Tur-SR-51-588x423.jpg?strip=all\" class=\"tile-inner modula-item-link\"><\/a><img fetchpriority=\"high\" decoding=\"async\" class=\"pic wp-image-59302\"  data-valign=\"middle\" data-halign=\"center\" alt=\"\" data-full=\"https:\/\/www.dstenerife.eu\/wp-content\/uploads\/2023\/02\/Tag-der-offenen-Tur-SR-51.jpg\" title=\"Tag der offenen T\u00fcr SR (51)\" crop=\"\" width=\"588\" height=\"423\" src=\"https:\/\/e969z83yjsq.exactdn.com\/wp-content\/uploads\/2023\/02\/Tag-der-offenen-Tur-SR-51-588x423.jpg?strip=all\" data-src=\"https:\/\/e969z83yjsq.exactdn.com\/wp-content\/uploads\/2023\/02\/Tag-der-offenen-Tur-SR-51-588x423.jpg?strip=all\" data-caption=\"\" srcset=\"https:\/\/e969z83yjsq.exactdn.com\/wp-content\/uploads\/2023\/02\/Tag-der-offenen-Tur-SR-51.jpg?strip=all 1920w, https:\/\/e969z83yjsq.exactdn.com\/wp-content\/uploads\/2023\/02\/Tag-der-offenen-Tur-SR-51-588x423.jpg?strip=all 588w, https:\/\/e969z83yjsq.exactdn.com\/wp-content\/uploads\/2023\/02\/Tag-der-offenen-Tur-SR-51-1001x720.jpg?strip=all 1001w, https:\/\/e969z83yjsq.exactdn.com\/wp-content\/uploads\/2023\/02\/Tag-der-offenen-Tur-SR-51-768x552.jpg?strip=all 768w, https:\/\/e969z83yjsq.exactdn.com\/wp-content\/uploads\/2023\/02\/Tag-der-offenen-Tur-SR-51-1536x1105.jpg?strip=all 1536w, https:\/\/e969z83yjsq.exactdn.com\/wp-content\/uploads\/2023\/02\/Tag-der-offenen-Tur-SR-51-320x230.jpg?strip=all 320w, https:\/\/e969z83yjsq.exactdn.com\/wp-content\/uploads\/2023\/02\/Tag-der-offenen-Tur-SR-51.jpg?strip=all&amp;w=384 384w, https:\/\/e969z83yjsq.exactdn.com\/wp-content\/uploads\/2023\/02\/Tag-der-offenen-Tur-SR-51.jpg?strip=all&amp;w=1152 1152w, https:\/\/e969z83yjsq.exactdn.com\/wp-content\/uploads\/2023\/02\/Tag-der-offenen-Tur-SR-51.jpg?strip=all&amp;w=450 450w\" sizes=\"(max-width: 588px) 100vw, 588px\" \/>\n\t\t<div class=\"figc no-description\">\n\t\t\t<div class=\"figc-inner\">\n\t\t\t\t\t\t\t\t\t\t\t\t\t\t\t<\/div>\n\t\t<\/div>\n\n\t<\/div>\n\n<\/div><div class=\"modula-item effect-pufrobo jtg-filter-all jtg-filter-\" >\n\t<div class=\"modula-item-overlay\"><\/div>\n\n\t<div class=\"modula-item-content\">\n\n\t\t<a data-image-id=\"59294\" role=\"button\" data-elementor-open-lightbox=\"no\" tabindex=\"0\" rel=\"jtg-59283\" data-caption=\"\" aria-label=\"Abrir la imagen en una caja de luz\" data-thumb=\"https:\/\/e969z83yjsq.exactdn.com\/wp-content\/uploads\/2023\/02\/Tag-der-offenen-Tur-SR-44-1-635x423.jpg?strip=all\" class=\"tile-inner modula-item-link\"><\/a><img decoding=\"async\" class=\"pic wp-image-59294\"  data-valign=\"middle\" data-halign=\"center\" alt=\"\" data-full=\"https:\/\/www.dstenerife.eu\/wp-content\/uploads\/2023\/02\/Tag-der-offenen-Tur-SR-44-1.jpg\" title=\"Tag der offenen T\u00fcr SR (44)\" crop=\"\" width=\"635\" height=\"423\" src=\"https:\/\/e969z83yjsq.exactdn.com\/wp-content\/uploads\/2023\/02\/Tag-der-offenen-Tur-SR-44-1-635x423.jpg?strip=all\" data-src=\"https:\/\/e969z83yjsq.exactdn.com\/wp-content\/uploads\/2023\/02\/Tag-der-offenen-Tur-SR-44-1-635x423.jpg?strip=all\" data-caption=\"\" srcset=\"https:\/\/e969z83yjsq.exactdn.com\/wp-content\/uploads\/2023\/02\/Tag-der-offenen-Tur-SR-44-1.jpg?strip=all 1920w, https:\/\/e969z83yjsq.exactdn.com\/wp-content\/uploads\/2023\/02\/Tag-der-offenen-Tur-SR-44-1-635x423.jpg?strip=all 635w, https:\/\/e969z83yjsq.exactdn.com\/wp-content\/uploads\/2023\/02\/Tag-der-offenen-Tur-SR-44-1-1080x720.jpg?strip=all 1080w, https:\/\/e969z83yjsq.exactdn.com\/wp-content\/uploads\/2023\/02\/Tag-der-offenen-Tur-SR-44-1-768x512.jpg?strip=all 768w, https:\/\/e969z83yjsq.exactdn.com\/wp-content\/uploads\/2023\/02\/Tag-der-offenen-Tur-SR-44-1-1536x1024.jpg?strip=all 1536w, https:\/\/e969z83yjsq.exactdn.com\/wp-content\/uploads\/2023\/02\/Tag-der-offenen-Tur-SR-44-1-375x250.jpg?strip=all 375w, https:\/\/e969z83yjsq.exactdn.com\/wp-content\/uploads\/2023\/02\/Tag-der-offenen-Tur-SR-44-1-320x213.jpg?strip=all 320w, https:\/\/e969z83yjsq.exactdn.com\/wp-content\/uploads\/2023\/02\/Tag-der-offenen-Tur-SR-44-1.jpg?strip=all&amp;w=1152 1152w, https:\/\/e969z83yjsq.exactdn.com\/wp-content\/uploads\/2023\/02\/Tag-der-offenen-Tur-SR-44-1.jpg?strip=all&amp;w=450 450w\" sizes=\"(max-width: 635px) 100vw, 635px\" \/>\n\t\t<div class=\"figc no-description\">\n\t\t\t<div class=\"figc-inner\">\n\t\t\t\t\t\t\t\t\t\t\t\t\t\t\t<\/div>\n\t\t<\/div>\n\n\t<\/div>\n\n<\/div><div class=\"modula-item effect-pufrobo jtg-filter-all jtg-filter-\" >\n\t<div class=\"modula-item-overlay\"><\/div>\n\n\t<div class=\"modula-item-content\">\n\n\t\t<a data-image-id=\"59296\" role=\"button\" data-elementor-open-lightbox=\"no\" tabindex=\"0\" rel=\"jtg-59283\" data-caption=\"\" aria-label=\"Abrir la imagen en una caja de luz\" data-thumb=\"https:\/\/e969z83yjsq.exactdn.com\/wp-content\/uploads\/2023\/02\/Tag-der-offenen-Tur-SR-45-602x423.jpg?strip=all\" class=\"tile-inner modula-item-link\"><\/a><img decoding=\"async\" class=\"pic wp-image-59296\"  data-valign=\"middle\" data-halign=\"center\" alt=\"\" data-full=\"https:\/\/www.dstenerife.eu\/wp-content\/uploads\/2023\/02\/Tag-der-offenen-Tur-SR-45.jpg\" title=\"Tag der offenen T\u00fcr SR (45)\" crop=\"\" width=\"602\" height=\"423\" src=\"https:\/\/e969z83yjsq.exactdn.com\/wp-content\/uploads\/2023\/02\/Tag-der-offenen-Tur-SR-45-602x423.jpg?strip=all\" data-src=\"https:\/\/e969z83yjsq.exactdn.com\/wp-content\/uploads\/2023\/02\/Tag-der-offenen-Tur-SR-45-602x423.jpg?strip=all\" data-caption=\"\" srcset=\"https:\/\/e969z83yjsq.exactdn.com\/wp-content\/uploads\/2023\/02\/Tag-der-offenen-Tur-SR-45.jpg?strip=all 1920w, https:\/\/e969z83yjsq.exactdn.com\/wp-content\/uploads\/2023\/02\/Tag-der-offenen-Tur-SR-45-602x423.jpg?strip=all 602w, https:\/\/e969z83yjsq.exactdn.com\/wp-content\/uploads\/2023\/02\/Tag-der-offenen-Tur-SR-45-1026x720.jpg?strip=all 1026w, https:\/\/e969z83yjsq.exactdn.com\/wp-content\/uploads\/2023\/02\/Tag-der-offenen-Tur-SR-45-768x539.jpg?strip=all 768w, https:\/\/e969z83yjsq.exactdn.com\/wp-content\/uploads\/2023\/02\/Tag-der-offenen-Tur-SR-45-1536x1078.jpg?strip=all 1536w, https:\/\/e969z83yjsq.exactdn.com\/wp-content\/uploads\/2023\/02\/Tag-der-offenen-Tur-SR-45-320x225.jpg?strip=all 320w, https:\/\/e969z83yjsq.exactdn.com\/wp-content\/uploads\/2023\/02\/Tag-der-offenen-Tur-SR-45.jpg?strip=all&amp;w=384 384w, https:\/\/e969z83yjsq.exactdn.com\/wp-content\/uploads\/2023\/02\/Tag-der-offenen-Tur-SR-45.jpg?strip=all&amp;w=1152 1152w, https:\/\/e969z83yjsq.exactdn.com\/wp-content\/uploads\/2023\/02\/Tag-der-offenen-Tur-SR-45.jpg?strip=all&amp;w=450 450w\" sizes=\"(max-width: 602px) 100vw, 602px\" \/>\n\t\t<div class=\"figc no-description\">\n\t\t\t<div class=\"figc-inner\">\n\t\t\t\t\t\t\t\t\t\t\t\t\t\t\t<\/div>\n\t\t<\/div>\n\n\t<\/div>\n\n<\/div><div class=\"modula-item effect-pufrobo jtg-filter-all jtg-filter-\" >\n\t<div class=\"modula-item-overlay\"><\/div>\n\n\t<div class=\"modula-item-content\">\n\n\t\t<a data-image-id=\"59310\" role=\"button\" data-elementor-open-lightbox=\"no\" tabindex=\"0\" rel=\"jtg-59283\" data-caption=\"\" aria-label=\"Abrir la imagen en una caja de luz\" data-thumb=\"https:\/\/e969z83yjsq.exactdn.com\/wp-content\/uploads\/2023\/02\/Tag-der-offenen-Tur-SR-76-607x423.jpg?strip=all\" class=\"tile-inner modula-item-link\"><\/a><img loading=\"lazy\" decoding=\"async\" class=\"pic wp-image-59310\"  data-valign=\"middle\" data-halign=\"center\" alt=\"\" data-full=\"https:\/\/www.dstenerife.eu\/wp-content\/uploads\/2023\/02\/Tag-der-offenen-Tur-SR-76.jpg\" title=\"Tag der offenen T\u00fcr SR (76)\" crop=\"\" width=\"607\" height=\"423\" src=\"https:\/\/e969z83yjsq.exactdn.com\/wp-content\/uploads\/2023\/02\/Tag-der-offenen-Tur-SR-76-607x423.jpg?strip=all\" data-src=\"https:\/\/e969z83yjsq.exactdn.com\/wp-content\/uploads\/2023\/02\/Tag-der-offenen-Tur-SR-76-607x423.jpg?strip=all\" data-caption=\"\" srcset=\"https:\/\/e969z83yjsq.exactdn.com\/wp-content\/uploads\/2023\/02\/Tag-der-offenen-Tur-SR-76.jpg?strip=all 1920w, https:\/\/e969z83yjsq.exactdn.com\/wp-content\/uploads\/2023\/02\/Tag-der-offenen-Tur-SR-76-607x423.jpg?strip=all 607w, https:\/\/e969z83yjsq.exactdn.com\/wp-content\/uploads\/2023\/02\/Tag-der-offenen-Tur-SR-76-1033x720.jpg?strip=all 1033w, https:\/\/e969z83yjsq.exactdn.com\/wp-content\/uploads\/2023\/02\/Tag-der-offenen-Tur-SR-76-768x535.jpg?strip=all 768w, https:\/\/e969z83yjsq.exactdn.com\/wp-content\/uploads\/2023\/02\/Tag-der-offenen-Tur-SR-76-1536x1070.jpg?strip=all 1536w, https:\/\/e969z83yjsq.exactdn.com\/wp-content\/uploads\/2023\/02\/Tag-der-offenen-Tur-SR-76-320x223.jpg?strip=all 320w, https:\/\/e969z83yjsq.exactdn.com\/wp-content\/uploads\/2023\/02\/Tag-der-offenen-Tur-SR-76.jpg?strip=all&amp;w=384 384w, https:\/\/e969z83yjsq.exactdn.com\/wp-content\/uploads\/2023\/02\/Tag-der-offenen-Tur-SR-76.jpg?strip=all&amp;w=1152 1152w, https:\/\/e969z83yjsq.exactdn.com\/wp-content\/uploads\/2023\/02\/Tag-der-offenen-Tur-SR-76.jpg?strip=all&amp;w=450 450w\" sizes=\"(max-width: 607px) 100vw, 607px\" \/>\n\t\t<div class=\"figc no-description\">\n\t\t\t<div class=\"figc-inner\">\n\t\t\t\t\t\t\t\t\t\t\t\t\t\t\t<\/div>\n\t\t<\/div>\n\n\t<\/div>\n\n<\/div><div class=\"modula-item effect-pufrobo jtg-filter-all jtg-filter-\" >\n\t<div class=\"modula-item-overlay\"><\/div>\n\n\t<div class=\"modula-item-content\">\n\n\t\t<a data-image-id=\"59298\" role=\"button\" data-elementor-open-lightbox=\"no\" tabindex=\"0\" rel=\"jtg-59283\" data-caption=\"\" aria-label=\"Abrir la imagen en una caja de luz\" data-thumb=\"https:\/\/e969z83yjsq.exactdn.com\/wp-content\/uploads\/2023\/02\/Tag-der-offenen-Tur-SR-46-635x423.jpg?strip=all\" class=\"tile-inner modula-item-link\"><\/a><img loading=\"lazy\" decoding=\"async\" class=\"pic wp-image-59298\"  data-valign=\"middle\" data-halign=\"center\" alt=\"\" data-full=\"https:\/\/www.dstenerife.eu\/wp-content\/uploads\/2023\/02\/Tag-der-offenen-Tur-SR-46.jpg\" title=\"Tag der offenen T\u00fcr SR (46)\" crop=\"\" width=\"635\" height=\"423\" src=\"https:\/\/e969z83yjsq.exactdn.com\/wp-content\/uploads\/2023\/02\/Tag-der-offenen-Tur-SR-46-635x423.jpg?strip=all\" data-src=\"https:\/\/e969z83yjsq.exactdn.com\/wp-content\/uploads\/2023\/02\/Tag-der-offenen-Tur-SR-46-635x423.jpg?strip=all\" data-caption=\"\" srcset=\"https:\/\/e969z83yjsq.exactdn.com\/wp-content\/uploads\/2023\/02\/Tag-der-offenen-Tur-SR-46.jpg?strip=all 1920w, https:\/\/e969z83yjsq.exactdn.com\/wp-content\/uploads\/2023\/02\/Tag-der-offenen-Tur-SR-46-635x423.jpg?strip=all 635w, https:\/\/e969z83yjsq.exactdn.com\/wp-content\/uploads\/2023\/02\/Tag-der-offenen-Tur-SR-46-1080x720.jpg?strip=all 1080w, https:\/\/e969z83yjsq.exactdn.com\/wp-content\/uploads\/2023\/02\/Tag-der-offenen-Tur-SR-46-768x512.jpg?strip=all 768w, https:\/\/e969z83yjsq.exactdn.com\/wp-content\/uploads\/2023\/02\/Tag-der-offenen-Tur-SR-46-1536x1024.jpg?strip=all 1536w, https:\/\/e969z83yjsq.exactdn.com\/wp-content\/uploads\/2023\/02\/Tag-der-offenen-Tur-SR-46-375x250.jpg?strip=all 375w, https:\/\/e969z83yjsq.exactdn.com\/wp-content\/uploads\/2023\/02\/Tag-der-offenen-Tur-SR-46-320x213.jpg?strip=all 320w, https:\/\/e969z83yjsq.exactdn.com\/wp-content\/uploads\/2023\/02\/Tag-der-offenen-Tur-SR-46.jpg?strip=all&amp;w=1152 1152w, https:\/\/e969z83yjsq.exactdn.com\/wp-content\/uploads\/2023\/02\/Tag-der-offenen-Tur-SR-46.jpg?strip=all&amp;w=450 450w\" sizes=\"(max-width: 635px) 100vw, 635px\" \/>\n\t\t<div class=\"figc no-description\">\n\t\t\t<div class=\"figc-inner\">\n\t\t\t\t\t\t\t\t\t\t\t\t\t\t\t<\/div>\n\t\t<\/div>\n\n\t<\/div>\n\n<\/div><div class=\"modula-item effect-pufrobo jtg-filter-all jtg-filter-\" >\n\t<div class=\"modula-item-overlay\"><\/div>\n\n\t<div class=\"modula-item-content\">\n\n\t\t<a data-image-id=\"59304\" role=\"button\" data-elementor-open-lightbox=\"no\" tabindex=\"0\" rel=\"jtg-59283\" data-caption=\"\" aria-label=\"Abrir la imagen en una caja de luz\" data-thumb=\"https:\/\/e969z83yjsq.exactdn.com\/wp-content\/uploads\/2023\/02\/Tag-der-offenen-Tur-SR-55-642x423.jpg?strip=all\" class=\"tile-inner modula-item-link\"><\/a><img loading=\"lazy\" decoding=\"async\" class=\"pic wp-image-59304\"  data-valign=\"middle\" data-halign=\"center\" alt=\"\" data-full=\"https:\/\/www.dstenerife.eu\/wp-content\/uploads\/2023\/02\/Tag-der-offenen-Tur-SR-55.jpg\" title=\"Tag der offenen T\u00fcr SR (55)\" crop=\"\" width=\"642\" height=\"423\" src=\"https:\/\/e969z83yjsq.exactdn.com\/wp-content\/uploads\/2023\/02\/Tag-der-offenen-Tur-SR-55-642x423.jpg?strip=all\" data-src=\"https:\/\/e969z83yjsq.exactdn.com\/wp-content\/uploads\/2023\/02\/Tag-der-offenen-Tur-SR-55-642x423.jpg?strip=all\" data-caption=\"\" srcset=\"https:\/\/e969z83yjsq.exactdn.com\/wp-content\/uploads\/2023\/02\/Tag-der-offenen-Tur-SR-55.jpg?strip=all 1920w, https:\/\/e969z83yjsq.exactdn.com\/wp-content\/uploads\/2023\/02\/Tag-der-offenen-Tur-SR-55-642x423.jpg?strip=all 642w, https:\/\/e969z83yjsq.exactdn.com\/wp-content\/uploads\/2023\/02\/Tag-der-offenen-Tur-SR-55-1092x720.jpg?strip=all 1092w, https:\/\/e969z83yjsq.exactdn.com\/wp-content\/uploads\/2023\/02\/Tag-der-offenen-Tur-SR-55-768x506.jpg?strip=all 768w, https:\/\/e969z83yjsq.exactdn.com\/wp-content\/uploads\/2023\/02\/Tag-der-offenen-Tur-SR-55-1536x1013.jpg?strip=all 1536w, https:\/\/e969z83yjsq.exactdn.com\/wp-content\/uploads\/2023\/02\/Tag-der-offenen-Tur-SR-55-320x211.jpg?strip=all 320w, https:\/\/e969z83yjsq.exactdn.com\/wp-content\/uploads\/2023\/02\/Tag-der-offenen-Tur-SR-55.jpg?strip=all&amp;w=384 384w, https:\/\/e969z83yjsq.exactdn.com\/wp-content\/uploads\/2023\/02\/Tag-der-offenen-Tur-SR-55.jpg?strip=all&amp;w=1152 1152w, https:\/\/e969z83yjsq.exactdn.com\/wp-content\/uploads\/2023\/02\/Tag-der-offenen-Tur-SR-55.jpg?strip=all&amp;w=450 450w\" sizes=\"(max-width: 642px) 100vw, 642px\" \/>\n\t\t<div class=\"figc no-description\">\n\t\t\t<div class=\"figc-inner\">\n\t\t\t\t\t\t\t\t\t\t\t\t\t\t\t<\/div>\n\t\t<\/div>\n\n\t<\/div>\n\n<\/div><div class=\"modula-item effect-pufrobo jtg-filter-all jtg-filter-\" >\n\t<div class=\"modula-item-overlay\"><\/div>\n\n\t<div class=\"modula-item-content\">\n\n\t\t<a data-image-id=\"59292\" role=\"button\" data-elementor-open-lightbox=\"no\" tabindex=\"0\" rel=\"jtg-59283\" data-caption=\"\" aria-label=\"Abrir la imagen en una caja de luz\" data-thumb=\"https:\/\/e969z83yjsq.exactdn.com\/wp-content\/uploads\/2023\/02\/Tag-der-offenen-Tur-SR-43-582x423.jpg?strip=all\" class=\"tile-inner modula-item-link\"><\/a><img loading=\"lazy\" decoding=\"async\" class=\"pic wp-image-59292\"  data-valign=\"middle\" data-halign=\"center\" alt=\"\" data-full=\"https:\/\/www.dstenerife.eu\/wp-content\/uploads\/2023\/02\/Tag-der-offenen-Tur-SR-43.jpg\" title=\"Tag der offenen T\u00fcr SR (43)\" crop=\"\" width=\"582\" height=\"423\" src=\"https:\/\/e969z83yjsq.exactdn.com\/wp-content\/uploads\/2023\/02\/Tag-der-offenen-Tur-SR-43-582x423.jpg?strip=all\" data-src=\"https:\/\/e969z83yjsq.exactdn.com\/wp-content\/uploads\/2023\/02\/Tag-der-offenen-Tur-SR-43-582x423.jpg?strip=all\" data-caption=\"\" srcset=\"https:\/\/e969z83yjsq.exactdn.com\/wp-content\/uploads\/2023\/02\/Tag-der-offenen-Tur-SR-43.jpg?strip=all 1920w, https:\/\/e969z83yjsq.exactdn.com\/wp-content\/uploads\/2023\/02\/Tag-der-offenen-Tur-SR-43-582x423.jpg?strip=all 582w, https:\/\/e969z83yjsq.exactdn.com\/wp-content\/uploads\/2023\/02\/Tag-der-offenen-Tur-SR-43-991x720.jpg?strip=all 991w, https:\/\/e969z83yjsq.exactdn.com\/wp-content\/uploads\/2023\/02\/Tag-der-offenen-Tur-SR-43-768x558.jpg?strip=all 768w, https:\/\/e969z83yjsq.exactdn.com\/wp-content\/uploads\/2023\/02\/Tag-der-offenen-Tur-SR-43-1536x1116.jpg?strip=all 1536w, https:\/\/e969z83yjsq.exactdn.com\/wp-content\/uploads\/2023\/02\/Tag-der-offenen-Tur-SR-43-320x233.jpg?strip=all 320w, https:\/\/e969z83yjsq.exactdn.com\/wp-content\/uploads\/2023\/02\/Tag-der-offenen-Tur-SR-43.jpg?strip=all&amp;w=384 384w, https:\/\/e969z83yjsq.exactdn.com\/wp-content\/uploads\/2023\/02\/Tag-der-offenen-Tur-SR-43.jpg?strip=all&amp;w=1152 1152w, https:\/\/e969z83yjsq.exactdn.com\/wp-content\/uploads\/2023\/02\/Tag-der-offenen-Tur-SR-43.jpg?strip=all&amp;w=450 450w\" sizes=\"(max-width: 582px) 100vw, 582px\" \/>\n\t\t<div class=\"figc no-description\">\n\t\t\t<div class=\"figc-inner\">\n\t\t\t\t\t\t\t\t\t\t\t\t\t\t\t<\/div>\n\t\t<\/div>\n\n\t<\/div>\n\n<\/div><div class=\"modula-item effect-pufrobo jtg-filter-all jtg-filter-\" >\n\t<div class=\"modula-item-overlay\"><\/div>\n\n\t<div class=\"modula-item-content\">\n\n\t\t<a data-image-id=\"59300\" role=\"button\" data-elementor-open-lightbox=\"no\" tabindex=\"0\" rel=\"jtg-59283\" data-caption=\"\" aria-label=\"Abrir la imagen en una caja de luz\" data-thumb=\"https:\/\/e969z83yjsq.exactdn.com\/wp-content\/uploads\/2023\/02\/Tag-der-offenen-Tur-SR-48-635x423.jpg?strip=all\" class=\"tile-inner modula-item-link\"><\/a><img loading=\"lazy\" decoding=\"async\" class=\"pic wp-image-59300\"  data-valign=\"middle\" data-halign=\"center\" alt=\"\" data-full=\"https:\/\/www.dstenerife.eu\/wp-content\/uploads\/2023\/02\/Tag-der-offenen-Tur-SR-48.jpg\" title=\"Tag der offenen T\u00fcr SR (48)\" crop=\"\" width=\"635\" height=\"423\" src=\"https:\/\/e969z83yjsq.exactdn.com\/wp-content\/uploads\/2023\/02\/Tag-der-offenen-Tur-SR-48-635x423.jpg?strip=all\" data-src=\"https:\/\/e969z83yjsq.exactdn.com\/wp-content\/uploads\/2023\/02\/Tag-der-offenen-Tur-SR-48-635x423.jpg?strip=all\" data-caption=\"\" srcset=\"https:\/\/e969z83yjsq.exactdn.com\/wp-content\/uploads\/2023\/02\/Tag-der-offenen-Tur-SR-48.jpg?strip=all 1920w, https:\/\/e969z83yjsq.exactdn.com\/wp-content\/uploads\/2023\/02\/Tag-der-offenen-Tur-SR-48-635x423.jpg?strip=all 635w, https:\/\/e969z83yjsq.exactdn.com\/wp-content\/uploads\/2023\/02\/Tag-der-offenen-Tur-SR-48-1080x720.jpg?strip=all 1080w, https:\/\/e969z83yjsq.exactdn.com\/wp-content\/uploads\/2023\/02\/Tag-der-offenen-Tur-SR-48-768x512.jpg?strip=all 768w, https:\/\/e969z83yjsq.exactdn.com\/wp-content\/uploads\/2023\/02\/Tag-der-offenen-Tur-SR-48-1536x1024.jpg?strip=all 1536w, https:\/\/e969z83yjsq.exactdn.com\/wp-content\/uploads\/2023\/02\/Tag-der-offenen-Tur-SR-48-375x250.jpg?strip=all 375w, https:\/\/e969z83yjsq.exactdn.com\/wp-content\/uploads\/2023\/02\/Tag-der-offenen-Tur-SR-48-320x213.jpg?strip=all 320w, https:\/\/e969z83yjsq.exactdn.com\/wp-content\/uploads\/2023\/02\/Tag-der-offenen-Tur-SR-48.jpg?strip=all&amp;w=1152 1152w, https:\/\/e969z83yjsq.exactdn.com\/wp-content\/uploads\/2023\/02\/Tag-der-offenen-Tur-SR-48.jpg?strip=all&amp;w=450 450w\" sizes=\"(max-width: 635px) 100vw, 635px\" \/>\n\t\t<div class=\"figc no-description\">\n\t\t\t<div class=\"figc-inner\">\n\t\t\t\t\t\t\t\t\t\t\t\t\t\t\t<\/div>\n\t\t<\/div>\n\n\t<\/div>\n\n<\/div><div class=\"modula-item effect-pufrobo jtg-filter-all jtg-filter-\" >\n\t<div class=\"modula-item-overlay\"><\/div>\n\n\t<div class=\"modula-item-content\">\n\n\t\t<a data-image-id=\"59306\" role=\"button\" data-elementor-open-lightbox=\"no\" tabindex=\"0\" rel=\"jtg-59283\" data-caption=\"\" aria-label=\"Abrir la imagen en una caja de luz\" data-thumb=\"https:\/\/e969z83yjsq.exactdn.com\/wp-content\/uploads\/2023\/02\/Tag-der-offenen-Tur-SR-56-1-635x423.jpg?strip=all\" class=\"tile-inner modula-item-link\"><\/a><img loading=\"lazy\" decoding=\"async\" class=\"pic wp-image-59306\"  data-valign=\"middle\" data-halign=\"center\" alt=\"\" data-full=\"https:\/\/www.dstenerife.eu\/wp-content\/uploads\/2023\/02\/Tag-der-offenen-Tur-SR-56-1.jpg\" title=\"Tag der offenen T\u00fcr SR (56)\" crop=\"\" width=\"635\" height=\"423\" src=\"https:\/\/e969z83yjsq.exactdn.com\/wp-content\/uploads\/2023\/02\/Tag-der-offenen-Tur-SR-56-1-635x423.jpg?strip=all\" data-src=\"https:\/\/e969z83yjsq.exactdn.com\/wp-content\/uploads\/2023\/02\/Tag-der-offenen-Tur-SR-56-1-635x423.jpg?strip=all\" data-caption=\"\" srcset=\"https:\/\/e969z83yjsq.exactdn.com\/wp-content\/uploads\/2023\/02\/Tag-der-offenen-Tur-SR-56-1.jpg?strip=all 1920w, https:\/\/e969z83yjsq.exactdn.com\/wp-content\/uploads\/2023\/02\/Tag-der-offenen-Tur-SR-56-1-635x423.jpg?strip=all 635w, https:\/\/e969z83yjsq.exactdn.com\/wp-content\/uploads\/2023\/02\/Tag-der-offenen-Tur-SR-56-1-1080x720.jpg?strip=all 1080w, https:\/\/e969z83yjsq.exactdn.com\/wp-content\/uploads\/2023\/02\/Tag-der-offenen-Tur-SR-56-1-768x512.jpg?strip=all 768w, https:\/\/e969z83yjsq.exactdn.com\/wp-content\/uploads\/2023\/02\/Tag-der-offenen-Tur-SR-56-1-1536x1024.jpg?strip=all 1536w, https:\/\/e969z83yjsq.exactdn.com\/wp-content\/uploads\/2023\/02\/Tag-der-offenen-Tur-SR-56-1-375x250.jpg?strip=all 375w, https:\/\/e969z83yjsq.exactdn.com\/wp-content\/uploads\/2023\/02\/Tag-der-offenen-Tur-SR-56-1-320x213.jpg?strip=all 320w, https:\/\/e969z83yjsq.exactdn.com\/wp-content\/uploads\/2023\/02\/Tag-der-offenen-Tur-SR-56-1.jpg?strip=all&amp;w=1152 1152w, https:\/\/e969z83yjsq.exactdn.com\/wp-content\/uploads\/2023\/02\/Tag-der-offenen-Tur-SR-56-1.jpg?strip=all&amp;w=450 450w\" sizes=\"(max-width: 635px) 100vw, 635px\" \/>\n\t\t<div class=\"figc no-description\">\n\t\t\t<div class=\"figc-inner\">\n\t\t\t\t\t\t\t\t\t\t\t\t\t\t\t<\/div>\n\t\t<\/div>\n\n\t<\/div>\n\n<\/div><div class=\"modula-item effect-pufrobo jtg-filter-all jtg-filter-\" >\n\t<div class=\"modula-item-overlay\"><\/div>\n\n\t<div class=\"modula-item-content\">\n\n\t\t<a data-image-id=\"59308\" role=\"button\" data-elementor-open-lightbox=\"no\" tabindex=\"0\" rel=\"jtg-59283\" data-caption=\"\" aria-label=\"Abrir la imagen en una caja de luz\" data-thumb=\"https:\/\/e969z83yjsq.exactdn.com\/wp-content\/uploads\/2023\/02\/Tag-der-offenen-Tur-SR-58-652x423.jpg?strip=all\" class=\"tile-inner modula-item-link\"><\/a><img loading=\"lazy\" decoding=\"async\" class=\"pic wp-image-59308\"  data-valign=\"middle\" data-halign=\"center\" alt=\"\" data-full=\"https:\/\/www.dstenerife.eu\/wp-content\/uploads\/2023\/02\/Tag-der-offenen-Tur-SR-58.jpg\" title=\"Tag der offenen T\u00fcr SR (58)\" crop=\"\" width=\"652\" height=\"423\" src=\"https:\/\/e969z83yjsq.exactdn.com\/wp-content\/uploads\/2023\/02\/Tag-der-offenen-Tur-SR-58-652x423.jpg?strip=all\" data-src=\"https:\/\/e969z83yjsq.exactdn.com\/wp-content\/uploads\/2023\/02\/Tag-der-offenen-Tur-SR-58-652x423.jpg?strip=all\" data-caption=\"\" srcset=\"https:\/\/e969z83yjsq.exactdn.com\/wp-content\/uploads\/2023\/02\/Tag-der-offenen-Tur-SR-58.jpg?strip=all 1920w, https:\/\/e969z83yjsq.exactdn.com\/wp-content\/uploads\/2023\/02\/Tag-der-offenen-Tur-SR-58-652x423.jpg?strip=all 652w, https:\/\/e969z83yjsq.exactdn.com\/wp-content\/uploads\/2023\/02\/Tag-der-offenen-Tur-SR-58-1109x720.jpg?strip=all 1109w, https:\/\/e969z83yjsq.exactdn.com\/wp-content\/uploads\/2023\/02\/Tag-der-offenen-Tur-SR-58-768x498.jpg?strip=all 768w, https:\/\/e969z83yjsq.exactdn.com\/wp-content\/uploads\/2023\/02\/Tag-der-offenen-Tur-SR-58-1536x997.jpg?strip=all 1536w, https:\/\/e969z83yjsq.exactdn.com\/wp-content\/uploads\/2023\/02\/Tag-der-offenen-Tur-SR-58-320x208.jpg?strip=all 320w, https:\/\/e969z83yjsq.exactdn.com\/wp-content\/uploads\/2023\/02\/Tag-der-offenen-Tur-SR-58.jpg?strip=all&amp;w=384 384w, https:\/\/e969z83yjsq.exactdn.com\/wp-content\/uploads\/2023\/02\/Tag-der-offenen-Tur-SR-58.jpg?strip=all&amp;w=450 450w\" sizes=\"(max-width: 652px) 100vw, 652px\" \/>\n\t\t<div class=\"figc no-description\">\n\t\t\t<div class=\"figc-inner\">\n\t\t\t\t\t\t\t\t\t\t\t\t\t\t\t<\/div>\n\t\t<\/div>\n\n\t<\/div>\n\n<\/div><div class=\"modula-item effect-pufrobo jtg-filter-all jtg-filter-\" >\n\t<div class=\"modula-item-overlay\"><\/div>\n\n\t<div class=\"modula-item-content\">\n\n\t\t<a data-image-id=\"59316\" role=\"button\" data-elementor-open-lightbox=\"no\" tabindex=\"0\" rel=\"jtg-59283\" data-caption=\"\" aria-label=\"Abrir la imagen en una caja de luz\" data-thumb=\"https:\/\/e969z83yjsq.exactdn.com\/wp-content\/uploads\/2023\/02\/Tag-der-offenen-Tur-SR-81-635x423.jpg?strip=all\" class=\"tile-inner modula-item-link\"><\/a><img loading=\"lazy\" decoding=\"async\" class=\"pic wp-image-59316\"  data-valign=\"middle\" data-halign=\"center\" alt=\"\" data-full=\"https:\/\/www.dstenerife.eu\/wp-content\/uploads\/2023\/02\/Tag-der-offenen-Tur-SR-81.jpg\" title=\"Tag der offenen T\u00fcr SR (81)\" crop=\"\" width=\"635\" height=\"423\" src=\"https:\/\/e969z83yjsq.exactdn.com\/wp-content\/uploads\/2023\/02\/Tag-der-offenen-Tur-SR-81-635x423.jpg?strip=all\" data-src=\"https:\/\/e969z83yjsq.exactdn.com\/wp-content\/uploads\/2023\/02\/Tag-der-offenen-Tur-SR-81-635x423.jpg?strip=all\" data-caption=\"\" srcset=\"https:\/\/e969z83yjsq.exactdn.com\/wp-content\/uploads\/2023\/02\/Tag-der-offenen-Tur-SR-81.jpg?strip=all 1920w, https:\/\/e969z83yjsq.exactdn.com\/wp-content\/uploads\/2023\/02\/Tag-der-offenen-Tur-SR-81-635x423.jpg?strip=all 635w, https:\/\/e969z83yjsq.exactdn.com\/wp-content\/uploads\/2023\/02\/Tag-der-offenen-Tur-SR-81-1080x720.jpg?strip=all 1080w, https:\/\/e969z83yjsq.exactdn.com\/wp-content\/uploads\/2023\/02\/Tag-der-offenen-Tur-SR-81-768x512.jpg?strip=all 768w, https:\/\/e969z83yjsq.exactdn.com\/wp-content\/uploads\/2023\/02\/Tag-der-offenen-Tur-SR-81-1536x1024.jpg?strip=all 1536w, https:\/\/e969z83yjsq.exactdn.com\/wp-content\/uploads\/2023\/02\/Tag-der-offenen-Tur-SR-81-375x250.jpg?strip=all 375w, https:\/\/e969z83yjsq.exactdn.com\/wp-content\/uploads\/2023\/02\/Tag-der-offenen-Tur-SR-81-320x213.jpg?strip=all 320w, https:\/\/e969z83yjsq.exactdn.com\/wp-content\/uploads\/2023\/02\/Tag-der-offenen-Tur-SR-81.jpg?strip=all&amp;w=1152 1152w, https:\/\/e969z83yjsq.exactdn.com\/wp-content\/uploads\/2023\/02\/Tag-der-offenen-Tur-SR-81.jpg?strip=all&amp;w=450 450w\" sizes=\"(max-width: 635px) 100vw, 635px\" \/>\n\t\t<div class=\"figc no-description\">\n\t\t\t<div class=\"figc-inner\">\n\t\t\t\t\t\t\t\t\t\t\t\t\t\t\t<\/div>\n\t\t<\/div>\n\n\t<\/div>\n\n<\/div><div class=\"modula-item effect-pufrobo jtg-filter-all jtg-filter-\" >\n\t<div class=\"modula-item-overlay\"><\/div>\n\n\t<div class=\"modula-item-content\">\n\n\t\t<a data-image-id=\"59318\" role=\"button\" data-elementor-open-lightbox=\"no\" tabindex=\"0\" rel=\"jtg-59283\" data-caption=\"\" aria-label=\"Abrir la imagen en una caja de luz\" data-thumb=\"https:\/\/e969z83yjsq.exactdn.com\/wp-content\/uploads\/2023\/02\/Tag-der-offenen-Tur-SR-59-640x423.jpg?strip=all\" class=\"tile-inner modula-item-link\"><\/a><img loading=\"lazy\" decoding=\"async\" class=\"pic wp-image-59318\"  data-valign=\"middle\" data-halign=\"center\" alt=\"\" data-full=\"https:\/\/www.dstenerife.eu\/wp-content\/uploads\/2023\/02\/Tag-der-offenen-Tur-SR-59.jpg\" title=\"Tag der offenen T\u00fcr SR (59)\" crop=\"\" width=\"640\" height=\"423\" src=\"https:\/\/e969z83yjsq.exactdn.com\/wp-content\/uploads\/2023\/02\/Tag-der-offenen-Tur-SR-59-640x423.jpg?strip=all\" data-src=\"https:\/\/e969z83yjsq.exactdn.com\/wp-content\/uploads\/2023\/02\/Tag-der-offenen-Tur-SR-59-640x423.jpg?strip=all\" data-caption=\"\" srcset=\"https:\/\/e969z83yjsq.exactdn.com\/wp-content\/uploads\/2023\/02\/Tag-der-offenen-Tur-SR-59.jpg?strip=all 1920w, https:\/\/e969z83yjsq.exactdn.com\/wp-content\/uploads\/2023\/02\/Tag-der-offenen-Tur-SR-59-640x423.jpg?strip=all 640w, https:\/\/e969z83yjsq.exactdn.com\/wp-content\/uploads\/2023\/02\/Tag-der-offenen-Tur-SR-59-1089x720.jpg?strip=all 1089w, https:\/\/e969z83yjsq.exactdn.com\/wp-content\/uploads\/2023\/02\/Tag-der-offenen-Tur-SR-59-768x508.jpg?strip=all 768w, https:\/\/e969z83yjsq.exactdn.com\/wp-content\/uploads\/2023\/02\/Tag-der-offenen-Tur-SR-59-1536x1015.jpg?strip=all 1536w, https:\/\/e969z83yjsq.exactdn.com\/wp-content\/uploads\/2023\/02\/Tag-der-offenen-Tur-SR-59-320x212.jpg?strip=all 320w, https:\/\/e969z83yjsq.exactdn.com\/wp-content\/uploads\/2023\/02\/Tag-der-offenen-Tur-SR-59.jpg?strip=all&amp;w=384 384w, https:\/\/e969z83yjsq.exactdn.com\/wp-content\/uploads\/2023\/02\/Tag-der-offenen-Tur-SR-59.jpg?strip=all&amp;w=1152 1152w, https:\/\/e969z83yjsq.exactdn.com\/wp-content\/uploads\/2023\/02\/Tag-der-offenen-Tur-SR-59.jpg?strip=all&amp;w=450 450w\" sizes=\"(max-width: 640px) 100vw, 640px\" \/>\n\t\t<div class=\"figc no-description\">\n\t\t\t<div class=\"figc-inner\">\n\t\t\t\t\t\t\t\t\t\t\t\t\t\t\t<\/div>\n\t\t<\/div>\n\n\t<\/div>\n\n<\/div><div class=\"modula-item effect-pufrobo jtg-filter-all jtg-filter-\" >\n\t<div class=\"modula-item-overlay\"><\/div>\n\n\t<div class=\"modula-item-content\">\n\n\t\t<a data-image-id=\"59320\" role=\"button\" data-elementor-open-lightbox=\"no\" tabindex=\"0\" rel=\"jtg-59283\" data-caption=\"\" aria-label=\"Abrir la imagen en una caja de luz\" data-thumb=\"https:\/\/e969z83yjsq.exactdn.com\/wp-content\/uploads\/2023\/02\/Tag-der-offenen-Tur-SR-64-635x423.jpg?strip=all\" class=\"tile-inner modula-item-link\"><\/a><img loading=\"lazy\" decoding=\"async\" class=\"pic wp-image-59320\"  data-valign=\"middle\" data-halign=\"center\" alt=\"\" data-full=\"https:\/\/www.dstenerife.eu\/wp-content\/uploads\/2023\/02\/Tag-der-offenen-Tur-SR-64.jpg\" title=\"Tag der offenen T\u00fcr SR (64)\" crop=\"\" width=\"635\" height=\"423\" src=\"https:\/\/e969z83yjsq.exactdn.com\/wp-content\/uploads\/2023\/02\/Tag-der-offenen-Tur-SR-64-635x423.jpg?strip=all\" data-src=\"https:\/\/e969z83yjsq.exactdn.com\/wp-content\/uploads\/2023\/02\/Tag-der-offenen-Tur-SR-64-635x423.jpg?strip=all\" data-caption=\"\" srcset=\"https:\/\/e969z83yjsq.exactdn.com\/wp-content\/uploads\/2023\/02\/Tag-der-offenen-Tur-SR-64.jpg?strip=all 1920w, https:\/\/e969z83yjsq.exactdn.com\/wp-content\/uploads\/2023\/02\/Tag-der-offenen-Tur-SR-64-635x423.jpg?strip=all 635w, https:\/\/e969z83yjsq.exactdn.com\/wp-content\/uploads\/2023\/02\/Tag-der-offenen-Tur-SR-64-1080x720.jpg?strip=all 1080w, https:\/\/e969z83yjsq.exactdn.com\/wp-content\/uploads\/2023\/02\/Tag-der-offenen-Tur-SR-64-768x512.jpg?strip=all 768w, https:\/\/e969z83yjsq.exactdn.com\/wp-content\/uploads\/2023\/02\/Tag-der-offenen-Tur-SR-64-1536x1024.jpg?strip=all 1536w, https:\/\/e969z83yjsq.exactdn.com\/wp-content\/uploads\/2023\/02\/Tag-der-offenen-Tur-SR-64-375x250.jpg?strip=all 375w, https:\/\/e969z83yjsq.exactdn.com\/wp-content\/uploads\/2023\/02\/Tag-der-offenen-Tur-SR-64-320x213.jpg?strip=all 320w, https:\/\/e969z83yjsq.exactdn.com\/wp-content\/uploads\/2023\/02\/Tag-der-offenen-Tur-SR-64.jpg?strip=all&amp;w=1152 1152w, https:\/\/e969z83yjsq.exactdn.com\/wp-content\/uploads\/2023\/02\/Tag-der-offenen-Tur-SR-64.jpg?strip=all&amp;w=450 450w\" sizes=\"(max-width: 635px) 100vw, 635px\" \/>\n\t\t<div class=\"figc no-description\">\n\t\t\t<div class=\"figc-inner\">\n\t\t\t\t\t\t\t\t\t\t\t\t\t\t\t<\/div>\n\t\t<\/div>\n\n\t<\/div>\n\n<\/div><div class=\"modula-item effect-pufrobo jtg-filter-all jtg-filter-\" >\n\t<div class=\"modula-item-overlay\"><\/div>\n\n\t<div class=\"modula-item-content\">\n\n\t\t<a data-image-id=\"59322\" role=\"button\" data-elementor-open-lightbox=\"no\" tabindex=\"0\" rel=\"jtg-59283\" data-caption=\"\" aria-label=\"Abrir la imagen en una caja de luz\" data-thumb=\"https:\/\/e969z83yjsq.exactdn.com\/wp-content\/uploads\/2023\/02\/Tag-der-offenen-Tur-SR-69-635x423.jpg?strip=all\" class=\"tile-inner modula-item-link\"><\/a><img loading=\"lazy\" decoding=\"async\" class=\"pic wp-image-59322\"  data-valign=\"middle\" data-halign=\"center\" alt=\"\" data-full=\"https:\/\/www.dstenerife.eu\/wp-content\/uploads\/2023\/02\/Tag-der-offenen-Tur-SR-69.jpg\" title=\"Tag der offenen T\u00fcr SR (69)\" crop=\"\" width=\"635\" height=\"423\" src=\"https:\/\/e969z83yjsq.exactdn.com\/wp-content\/uploads\/2023\/02\/Tag-der-offenen-Tur-SR-69-635x423.jpg?strip=all\" data-src=\"https:\/\/e969z83yjsq.exactdn.com\/wp-content\/uploads\/2023\/02\/Tag-der-offenen-Tur-SR-69-635x423.jpg?strip=all\" data-caption=\"\" srcset=\"https:\/\/e969z83yjsq.exactdn.com\/wp-content\/uploads\/2023\/02\/Tag-der-offenen-Tur-SR-69.jpg?strip=all 1920w, https:\/\/e969z83yjsq.exactdn.com\/wp-content\/uploads\/2023\/02\/Tag-der-offenen-Tur-SR-69-635x423.jpg?strip=all 635w, https:\/\/e969z83yjsq.exactdn.com\/wp-content\/uploads\/2023\/02\/Tag-der-offenen-Tur-SR-69-1080x720.jpg?strip=all 1080w, https:\/\/e969z83yjsq.exactdn.com\/wp-content\/uploads\/2023\/02\/Tag-der-offenen-Tur-SR-69-768x512.jpg?strip=all 768w, https:\/\/e969z83yjsq.exactdn.com\/wp-content\/uploads\/2023\/02\/Tag-der-offenen-Tur-SR-69-1536x1024.jpg?strip=all 1536w, https:\/\/e969z83yjsq.exactdn.com\/wp-content\/uploads\/2023\/02\/Tag-der-offenen-Tur-SR-69-375x250.jpg?strip=all 375w, https:\/\/e969z83yjsq.exactdn.com\/wp-content\/uploads\/2023\/02\/Tag-der-offenen-Tur-SR-69-320x213.jpg?strip=all 320w, https:\/\/e969z83yjsq.exactdn.com\/wp-content\/uploads\/2023\/02\/Tag-der-offenen-Tur-SR-69.jpg?strip=all&amp;w=1152 1152w, https:\/\/e969z83yjsq.exactdn.com\/wp-content\/uploads\/2023\/02\/Tag-der-offenen-Tur-SR-69.jpg?strip=all&amp;w=450 450w\" sizes=\"(max-width: 635px) 100vw, 635px\" \/>\n\t\t<div class=\"figc no-description\">\n\t\t\t<div class=\"figc-inner\">\n\t\t\t\t\t\t\t\t\t\t\t\t\t\t\t<\/div>\n\t\t<\/div>\n\n\t<\/div>\n\n<\/div><div class=\"modula-item effect-pufrobo jtg-filter-all jtg-filter-\" >\n\t<div class=\"modula-item-overlay\"><\/div>\n\n\t<div class=\"modula-item-content\">\n\n\t\t<a data-image-id=\"59324\" role=\"button\" data-elementor-open-lightbox=\"no\" tabindex=\"0\" rel=\"jtg-59283\" data-caption=\"\" aria-label=\"Abrir la imagen en una caja de luz\" data-thumb=\"https:\/\/e969z83yjsq.exactdn.com\/wp-content\/uploads\/2023\/02\/Tag-der-offenen-Tur-SR-82-635x423.jpg?strip=all\" class=\"tile-inner modula-item-link\"><\/a><img loading=\"lazy\" decoding=\"async\" class=\"pic wp-image-59324\"  data-valign=\"middle\" data-halign=\"center\" alt=\"\" data-full=\"https:\/\/www.dstenerife.eu\/wp-content\/uploads\/2023\/02\/Tag-der-offenen-Tur-SR-82.jpg\" title=\"Tag der offenen T\u00fcr SR (82)\" crop=\"\" width=\"635\" height=\"423\" src=\"https:\/\/e969z83yjsq.exactdn.com\/wp-content\/uploads\/2023\/02\/Tag-der-offenen-Tur-SR-82-635x423.jpg?strip=all\" data-src=\"https:\/\/e969z83yjsq.exactdn.com\/wp-content\/uploads\/2023\/02\/Tag-der-offenen-Tur-SR-82-635x423.jpg?strip=all\" data-caption=\"\" srcset=\"https:\/\/e969z83yjsq.exactdn.com\/wp-content\/uploads\/2023\/02\/Tag-der-offenen-Tur-SR-82.jpg?strip=all 1920w, https:\/\/e969z83yjsq.exactdn.com\/wp-content\/uploads\/2023\/02\/Tag-der-offenen-Tur-SR-82-635x423.jpg?strip=all 635w, https:\/\/e969z83yjsq.exactdn.com\/wp-content\/uploads\/2023\/02\/Tag-der-offenen-Tur-SR-82-1080x720.jpg?strip=all 1080w, https:\/\/e969z83yjsq.exactdn.com\/wp-content\/uploads\/2023\/02\/Tag-der-offenen-Tur-SR-82-768x512.jpg?strip=all 768w, https:\/\/e969z83yjsq.exactdn.com\/wp-content\/uploads\/2023\/02\/Tag-der-offenen-Tur-SR-82-1536x1024.jpg?strip=all 1536w, https:\/\/e969z83yjsq.exactdn.com\/wp-content\/uploads\/2023\/02\/Tag-der-offenen-Tur-SR-82-375x250.jpg?strip=all 375w, https:\/\/e969z83yjsq.exactdn.com\/wp-content\/uploads\/2023\/02\/Tag-der-offenen-Tur-SR-82-320x213.jpg?strip=all 320w, https:\/\/e969z83yjsq.exactdn.com\/wp-content\/uploads\/2023\/02\/Tag-der-offenen-Tur-SR-82.jpg?strip=all&amp;w=1152 1152w, https:\/\/e969z83yjsq.exactdn.com\/wp-content\/uploads\/2023\/02\/Tag-der-offenen-Tur-SR-82.jpg?strip=all&amp;w=450 450w\" sizes=\"(max-width: 635px) 100vw, 635px\" \/>\n\t\t<div class=\"figc no-description\">\n\t\t\t<div class=\"figc-inner\">\n\t\t\t\t\t\t\t\t\t\t\t\t\t\t\t<\/div>\n\t\t<\/div>\n\n\t<\/div>\n\n<\/div><div class=\"modula-item effect-pufrobo jtg-filter-all jtg-filter-\" >\n\t<div class=\"modula-item-overlay\"><\/div>\n\n\t<div class=\"modula-item-content\">\n\n\t\t<a data-image-id=\"59326\" role=\"button\" data-elementor-open-lightbox=\"no\" tabindex=\"0\" rel=\"jtg-59283\" data-caption=\"\" aria-label=\"Abrir la imagen en una caja de luz\" data-thumb=\"https:\/\/e969z83yjsq.exactdn.com\/wp-content\/uploads\/2023\/02\/Tag-der-offenen-Tur-SR-53-635x423.jpg?strip=all\" class=\"tile-inner modula-item-link\"><\/a><img loading=\"lazy\" decoding=\"async\" class=\"pic wp-image-59326\"  data-valign=\"middle\" data-halign=\"center\" alt=\"\" data-full=\"https:\/\/www.dstenerife.eu\/wp-content\/uploads\/2023\/02\/Tag-der-offenen-Tur-SR-53.jpg\" title=\"Tag der offenen T\u00fcr SR (53)\" crop=\"\" width=\"635\" height=\"423\" src=\"https:\/\/e969z83yjsq.exactdn.com\/wp-content\/uploads\/2023\/02\/Tag-der-offenen-Tur-SR-53-635x423.jpg?strip=all\" data-src=\"https:\/\/e969z83yjsq.exactdn.com\/wp-content\/uploads\/2023\/02\/Tag-der-offenen-Tur-SR-53-635x423.jpg?strip=all\" data-caption=\"\" srcset=\"https:\/\/e969z83yjsq.exactdn.com\/wp-content\/uploads\/2023\/02\/Tag-der-offenen-Tur-SR-53.jpg?strip=all 1920w, https:\/\/e969z83yjsq.exactdn.com\/wp-content\/uploads\/2023\/02\/Tag-der-offenen-Tur-SR-53-635x423.jpg?strip=all 635w, https:\/\/e969z83yjsq.exactdn.com\/wp-content\/uploads\/2023\/02\/Tag-der-offenen-Tur-SR-53-1080x720.jpg?strip=all 1080w, https:\/\/e969z83yjsq.exactdn.com\/wp-content\/uploads\/2023\/02\/Tag-der-offenen-Tur-SR-53-768x512.jpg?strip=all 768w, https:\/\/e969z83yjsq.exactdn.com\/wp-content\/uploads\/2023\/02\/Tag-der-offenen-Tur-SR-53-1536x1024.jpg?strip=all 1536w, https:\/\/e969z83yjsq.exactdn.com\/wp-content\/uploads\/2023\/02\/Tag-der-offenen-Tur-SR-53-375x250.jpg?strip=all 375w, https:\/\/e969z83yjsq.exactdn.com\/wp-content\/uploads\/2023\/02\/Tag-der-offenen-Tur-SR-53-320x213.jpg?strip=all 320w, https:\/\/e969z83yjsq.exactdn.com\/wp-content\/uploads\/2023\/02\/Tag-der-offenen-Tur-SR-53.jpg?strip=all&amp;w=1152 1152w, https:\/\/e969z83yjsq.exactdn.com\/wp-content\/uploads\/2023\/02\/Tag-der-offenen-Tur-SR-53.jpg?strip=all&amp;w=450 450w\" sizes=\"(max-width: 635px) 100vw, 635px\" \/>\n\t\t<div class=\"figc no-description\">\n\t\t\t<div class=\"figc-inner\">\n\t\t\t\t\t\t\t\t\t\t\t\t\t\t\t<\/div>\n\t\t<\/div>\n\n\t<\/div>\n\n<\/div><div class=\"modula-item effect-pufrobo jtg-filter-all jtg-filter-\" >\n\t<div class=\"modula-item-overlay\"><\/div>\n\n\t<div class=\"modula-item-content\">\n\n\t\t<a data-image-id=\"59328\" role=\"button\" data-elementor-open-lightbox=\"no\" tabindex=\"0\" rel=\"jtg-59283\" data-caption=\"\" aria-label=\"Abrir la imagen en una caja de luz\" data-thumb=\"https:\/\/e969z83yjsq.exactdn.com\/wp-content\/uploads\/2023\/02\/Tag-der-offenen-Tur-SR-73-635x423.jpg?strip=all\" class=\"tile-inner modula-item-link\"><\/a><img loading=\"lazy\" decoding=\"async\" class=\"pic wp-image-59328\"  data-valign=\"middle\" data-halign=\"center\" alt=\"\" data-full=\"https:\/\/www.dstenerife.eu\/wp-content\/uploads\/2023\/02\/Tag-der-offenen-Tur-SR-73.jpg\" title=\"Tag der offenen T\u00fcr SR (73)\" crop=\"\" width=\"635\" height=\"423\" src=\"https:\/\/e969z83yjsq.exactdn.com\/wp-content\/uploads\/2023\/02\/Tag-der-offenen-Tur-SR-73-635x423.jpg?strip=all\" data-src=\"https:\/\/e969z83yjsq.exactdn.com\/wp-content\/uploads\/2023\/02\/Tag-der-offenen-Tur-SR-73-635x423.jpg?strip=all\" data-caption=\"\" srcset=\"https:\/\/e969z83yjsq.exactdn.com\/wp-content\/uploads\/2023\/02\/Tag-der-offenen-Tur-SR-73.jpg?strip=all 1920w, https:\/\/e969z83yjsq.exactdn.com\/wp-content\/uploads\/2023\/02\/Tag-der-offenen-Tur-SR-73-635x423.jpg?strip=all 635w, https:\/\/e969z83yjsq.exactdn.com\/wp-content\/uploads\/2023\/02\/Tag-der-offenen-Tur-SR-73-1080x720.jpg?strip=all 1080w, https:\/\/e969z83yjsq.exactdn.com\/wp-content\/uploads\/2023\/02\/Tag-der-offenen-Tur-SR-73-768x512.jpg?strip=all 768w, https:\/\/e969z83yjsq.exactdn.com\/wp-content\/uploads\/2023\/02\/Tag-der-offenen-Tur-SR-73-1536x1024.jpg?strip=all 1536w, https:\/\/e969z83yjsq.exactdn.com\/wp-content\/uploads\/2023\/02\/Tag-der-offenen-Tur-SR-73-375x250.jpg?strip=all 375w, https:\/\/e969z83yjsq.exactdn.com\/wp-content\/uploads\/2023\/02\/Tag-der-offenen-Tur-SR-73-320x213.jpg?strip=all 320w, https:\/\/e969z83yjsq.exactdn.com\/wp-content\/uploads\/2023\/02\/Tag-der-offenen-Tur-SR-73.jpg?strip=all&amp;w=1152 1152w, https:\/\/e969z83yjsq.exactdn.com\/wp-content\/uploads\/2023\/02\/Tag-der-offenen-Tur-SR-73.jpg?strip=all&amp;w=450 450w\" sizes=\"(max-width: 635px) 100vw, 635px\" \/>\n\t\t<div class=\"figc no-description\">\n\t\t\t<div class=\"figc-inner\">\n\t\t\t\t\t\t\t\t\t\t\t\t\t\t\t<\/div>\n\t\t<\/div>\n\n\t<\/div>\n\n<\/div><div class=\"modula-item effect-pufrobo jtg-filter-all jtg-filter-\" >\n\t<div class=\"modula-item-overlay\"><\/div>\n\n\t<div class=\"modula-item-content\">\n\n\t\t<a data-image-id=\"59332\" role=\"button\" data-elementor-open-lightbox=\"no\" tabindex=\"0\" rel=\"jtg-59283\" data-caption=\"\" aria-label=\"Abrir la imagen en una caja de luz\" data-thumb=\"https:\/\/e969z83yjsq.exactdn.com\/wp-content\/uploads\/2023\/02\/20230211_101253-1-317x423.jpg?strip=all\" class=\"tile-inner modula-item-link\"><\/a><img loading=\"lazy\" decoding=\"async\" class=\"pic wp-image-59332\"  data-valign=\"middle\" data-halign=\"center\" alt=\"\" data-full=\"https:\/\/www.dstenerife.eu\/wp-content\/uploads\/2023\/02\/20230211_101253-1.jpg\" title=\"20230211_101253\" crop=\"\" width=\"317\" height=\"423\" src=\"https:\/\/e969z83yjsq.exactdn.com\/wp-content\/uploads\/2023\/02\/20230211_101253-1-317x423.jpg?strip=all\" data-src=\"https:\/\/e969z83yjsq.exactdn.com\/wp-content\/uploads\/2023\/02\/20230211_101253-1-317x423.jpg?strip=all\" data-caption=\"\" srcset=\"https:\/\/e969z83yjsq.exactdn.com\/wp-content\/uploads\/2023\/02\/20230211_101253-1.jpg?strip=all 1440w, https:\/\/e969z83yjsq.exactdn.com\/wp-content\/uploads\/2023\/02\/20230211_101253-1-317x423.jpg?strip=all 317w, https:\/\/e969z83yjsq.exactdn.com\/wp-content\/uploads\/2023\/02\/20230211_101253-1-540x720.jpg?strip=all 540w, https:\/\/e969z83yjsq.exactdn.com\/wp-content\/uploads\/2023\/02\/20230211_101253-1-768x1024.jpg?strip=all 768w, https:\/\/e969z83yjsq.exactdn.com\/wp-content\/uploads\/2023\/02\/20230211_101253-1-1152x1536.jpg?strip=all 1152w, https:\/\/e969z83yjsq.exactdn.com\/wp-content\/uploads\/2023\/02\/20230211_101253-1-320x427.jpg?strip=all 320w, https:\/\/e969z83yjsq.exactdn.com\/wp-content\/uploads\/2023\/02\/20230211_101253-1.jpg?strip=all&amp;w=864 864w\" sizes=\"(max-width: 317px) 100vw, 317px\" \/>\n\t\t<div class=\"figc no-description\">\n\t\t\t<div class=\"figc-inner\">\n\t\t\t\t\t\t\t\t\t\t\t\t\t\t\t<\/div>\n\t\t<\/div>\n\n\t<\/div>\n\n<\/div><div class=\"modula-item effect-pufrobo jtg-filter-all jtg-filter-\" >\n\t<div class=\"modula-item-overlay\"><\/div>\n\n\t<div class=\"modula-item-content\">\n\n\t\t<a data-image-id=\"59334\" role=\"button\" data-elementor-open-lightbox=\"no\" tabindex=\"0\" rel=\"jtg-59283\" data-caption=\"\" aria-label=\"Abrir la imagen en una caja de luz\" data-thumb=\"https:\/\/e969z83yjsq.exactdn.com\/wp-content\/uploads\/2023\/02\/20230211_115354-564x423.jpg?strip=all\" class=\"tile-inner modula-item-link\"><\/a><img loading=\"lazy\" decoding=\"async\" class=\"pic wp-image-59334\"  data-valign=\"middle\" data-halign=\"center\" alt=\"\" data-full=\"https:\/\/www.dstenerife.eu\/wp-content\/uploads\/2023\/02\/20230211_115354.jpg\" title=\"20230211_115354\" crop=\"\" width=\"564\" height=\"423\" src=\"https:\/\/e969z83yjsq.exactdn.com\/wp-content\/uploads\/2023\/02\/20230211_115354-564x423.jpg?strip=all\" data-src=\"https:\/\/e969z83yjsq.exactdn.com\/wp-content\/uploads\/2023\/02\/20230211_115354-564x423.jpg?strip=all\" data-caption=\"\" srcset=\"https:\/\/e969z83yjsq.exactdn.com\/wp-content\/uploads\/2023\/02\/20230211_115354.jpg?strip=all 1920w, https:\/\/e969z83yjsq.exactdn.com\/wp-content\/uploads\/2023\/02\/20230211_115354-564x423.jpg?strip=all 564w, https:\/\/e969z83yjsq.exactdn.com\/wp-content\/uploads\/2023\/02\/20230211_115354-960x720.jpg?strip=all 960w, https:\/\/e969z83yjsq.exactdn.com\/wp-content\/uploads\/2023\/02\/20230211_115354-768x576.jpg?strip=all 768w, https:\/\/e969z83yjsq.exactdn.com\/wp-content\/uploads\/2023\/02\/20230211_115354-1536x1152.jpg?strip=all 1536w, https:\/\/e969z83yjsq.exactdn.com\/wp-content\/uploads\/2023\/02\/20230211_115354-320x240.jpg?strip=all 320w, https:\/\/e969z83yjsq.exactdn.com\/wp-content\/uploads\/2023\/02\/20230211_115354.jpg?strip=all&amp;w=384 384w, https:\/\/e969z83yjsq.exactdn.com\/wp-content\/uploads\/2023\/02\/20230211_115354.jpg?strip=all&amp;w=1152 1152w, https:\/\/e969z83yjsq.exactdn.com\/wp-content\/uploads\/2023\/02\/20230211_115354.jpg?strip=all&amp;w=450 450w\" sizes=\"(max-width: 564px) 100vw, 564px\" \/>\n\t\t<div class=\"figc no-description\">\n\t\t\t<div class=\"figc-inner\">\n\t\t\t\t\t\t\t\t\t\t\t\t\t\t\t<\/div>\n\t\t<\/div>\n\n\t<\/div>\n\n<\/div><div class=\"modula-item effect-pufrobo jtg-filter-all jtg-filter-\" >\n\t<div class=\"modula-item-overlay\"><\/div>\n\n\t<div class=\"modula-item-content\">\n\n\t\t<a data-image-id=\"59336\" role=\"button\" data-elementor-open-lightbox=\"no\" tabindex=\"0\" rel=\"jtg-59283\" data-caption=\"\" aria-label=\"Abrir la imagen en una caja de luz\" data-thumb=\"https:\/\/e969z83yjsq.exactdn.com\/wp-content\/uploads\/2023\/02\/20230211_101112-564x423.jpg?strip=all\" class=\"tile-inner modula-item-link\"><\/a><img loading=\"lazy\" decoding=\"async\" class=\"pic wp-image-59336\"  data-valign=\"middle\" data-halign=\"center\" alt=\"\" data-full=\"https:\/\/www.dstenerife.eu\/wp-content\/uploads\/2023\/02\/20230211_101112.jpg\" title=\"20230211_101112\" crop=\"\" width=\"564\" height=\"423\" src=\"https:\/\/e969z83yjsq.exactdn.com\/wp-content\/uploads\/2023\/02\/20230211_101112-564x423.jpg?strip=all\" data-src=\"https:\/\/e969z83yjsq.exactdn.com\/wp-content\/uploads\/2023\/02\/20230211_101112-564x423.jpg?strip=all\" data-caption=\"\" srcset=\"https:\/\/e969z83yjsq.exactdn.com\/wp-content\/uploads\/2023\/02\/20230211_101112.jpg?strip=all 1920w, https:\/\/e969z83yjsq.exactdn.com\/wp-content\/uploads\/2023\/02\/20230211_101112-564x423.jpg?strip=all 564w, https:\/\/e969z83yjsq.exactdn.com\/wp-content\/uploads\/2023\/02\/20230211_101112-960x720.jpg?strip=all 960w, https:\/\/e969z83yjsq.exactdn.com\/wp-content\/uploads\/2023\/02\/20230211_101112-768x576.jpg?strip=all 768w, https:\/\/e969z83yjsq.exactdn.com\/wp-content\/uploads\/2023\/02\/20230211_101112-1536x1152.jpg?strip=all 1536w, https:\/\/e969z83yjsq.exactdn.com\/wp-content\/uploads\/2023\/02\/20230211_101112-320x240.jpg?strip=all 320w, https:\/\/e969z83yjsq.exactdn.com\/wp-content\/uploads\/2023\/02\/20230211_101112.jpg?strip=all&amp;w=384 384w, https:\/\/e969z83yjsq.exactdn.com\/wp-content\/uploads\/2023\/02\/20230211_101112.jpg?strip=all&amp;w=1152 1152w, https:\/\/e969z83yjsq.exactdn.com\/wp-content\/uploads\/2023\/02\/20230211_101112.jpg?strip=all&amp;w=450 450w\" sizes=\"(max-width: 564px) 100vw, 564px\" \/>\n\t\t<div class=\"figc no-description\">\n\t\t\t<div class=\"figc-inner\">\n\t\t\t\t\t\t\t\t\t\t\t\t\t\t\t<\/div>\n\t\t<\/div>\n\n\t<\/div>\n\n<\/div><div class=\"modula-item effect-pufrobo jtg-filter-all jtg-filter-\" >\n\t<div class=\"modula-item-overlay\"><\/div>\n\n\t<div class=\"modula-item-content\">\n\n\t\t<a data-image-id=\"59338\" role=\"button\" data-elementor-open-lightbox=\"no\" tabindex=\"0\" rel=\"jtg-59283\" data-caption=\"\" aria-label=\"Abrir la imagen en una caja de luz\" data-thumb=\"https:\/\/e969z83yjsq.exactdn.com\/wp-content\/uploads\/2023\/02\/20230211_115125-564x423.jpg?strip=all\" class=\"tile-inner modula-item-link\"><\/a><img loading=\"lazy\" decoding=\"async\" class=\"pic wp-image-59338\"  data-valign=\"middle\" data-halign=\"center\" alt=\"\" data-full=\"https:\/\/www.dstenerife.eu\/wp-content\/uploads\/2023\/02\/20230211_115125.jpg\" title=\"20230211_115125\" crop=\"\" width=\"564\" height=\"423\" src=\"https:\/\/e969z83yjsq.exactdn.com\/wp-content\/uploads\/2023\/02\/20230211_115125-564x423.jpg?strip=all\" data-src=\"https:\/\/e969z83yjsq.exactdn.com\/wp-content\/uploads\/2023\/02\/20230211_115125-564x423.jpg?strip=all\" data-caption=\"\" srcset=\"https:\/\/e969z83yjsq.exactdn.com\/wp-content\/uploads\/2023\/02\/20230211_115125.jpg?strip=all 1920w, https:\/\/e969z83yjsq.exactdn.com\/wp-content\/uploads\/2023\/02\/20230211_115125-564x423.jpg?strip=all 564w, https:\/\/e969z83yjsq.exactdn.com\/wp-content\/uploads\/2023\/02\/20230211_115125-960x720.jpg?strip=all 960w, https:\/\/e969z83yjsq.exactdn.com\/wp-content\/uploads\/2023\/02\/20230211_115125-768x576.jpg?strip=all 768w, https:\/\/e969z83yjsq.exactdn.com\/wp-content\/uploads\/2023\/02\/20230211_115125-1536x1152.jpg?strip=all 1536w, https:\/\/e969z83yjsq.exactdn.com\/wp-content\/uploads\/2023\/02\/20230211_115125-320x240.jpg?strip=all 320w, https:\/\/e969z83yjsq.exactdn.com\/wp-content\/uploads\/2023\/02\/20230211_115125.jpg?strip=all&amp;w=384 384w, https:\/\/e969z83yjsq.exactdn.com\/wp-content\/uploads\/2023\/02\/20230211_115125.jpg?strip=all&amp;w=1152 1152w, https:\/\/e969z83yjsq.exactdn.com\/wp-content\/uploads\/2023\/02\/20230211_115125.jpg?strip=all&amp;w=450 450w\" sizes=\"(max-width: 564px) 100vw, 564px\" \/>\n\t\t<div class=\"figc no-description\">\n\t\t\t<div class=\"figc-inner\">\n\t\t\t\t\t\t\t\t\t\t\t\t\t\t\t<\/div>\n\t\t<\/div>\n\n\t<\/div>\n\n<\/div><div class=\"modula-item effect-pufrobo jtg-filter-all jtg-filter-\" >\n\t<div class=\"modula-item-overlay\"><\/div>\n\n\t<div class=\"modula-item-content\">\n\n\t\t<a data-image-id=\"59349\" role=\"button\" data-elementor-open-lightbox=\"no\" tabindex=\"0\" rel=\"jtg-59283\" data-caption=\"\" aria-label=\"Abrir la imagen en una caja de luz\" data-thumb=\"https:\/\/e969z83yjsq.exactdn.com\/wp-content\/uploads\/2023\/02\/Tag-der-offenen-Tur-SR-52-635x423.jpg?strip=all\" class=\"tile-inner modula-item-link\"><\/a><img loading=\"lazy\" decoding=\"async\" class=\"pic wp-image-59349\"  data-valign=\"middle\" data-halign=\"center\" alt=\"\" data-full=\"https:\/\/www.dstenerife.eu\/wp-content\/uploads\/2023\/02\/Tag-der-offenen-Tur-SR-52.jpg\" title=\"Tag der offenen T\u00fcr SR (52)\" crop=\"\" width=\"635\" height=\"423\" src=\"https:\/\/e969z83yjsq.exactdn.com\/wp-content\/uploads\/2023\/02\/Tag-der-offenen-Tur-SR-52-635x423.jpg?strip=all\" data-src=\"https:\/\/e969z83yjsq.exactdn.com\/wp-content\/uploads\/2023\/02\/Tag-der-offenen-Tur-SR-52-635x423.jpg?strip=all\" data-caption=\"\" srcset=\"https:\/\/e969z83yjsq.exactdn.com\/wp-content\/uploads\/2023\/02\/Tag-der-offenen-Tur-SR-52.jpg?strip=all 1920w, https:\/\/e969z83yjsq.exactdn.com\/wp-content\/uploads\/2023\/02\/Tag-der-offenen-Tur-SR-52-635x423.jpg?strip=all 635w, https:\/\/e969z83yjsq.exactdn.com\/wp-content\/uploads\/2023\/02\/Tag-der-offenen-Tur-SR-52-1080x720.jpg?strip=all 1080w, https:\/\/e969z83yjsq.exactdn.com\/wp-content\/uploads\/2023\/02\/Tag-der-offenen-Tur-SR-52-768x512.jpg?strip=all 768w, https:\/\/e969z83yjsq.exactdn.com\/wp-content\/uploads\/2023\/02\/Tag-der-offenen-Tur-SR-52-1536x1024.jpg?strip=all 1536w, https:\/\/e969z83yjsq.exactdn.com\/wp-content\/uploads\/2023\/02\/Tag-der-offenen-Tur-SR-52-375x250.jpg?strip=all 375w, https:\/\/e969z83yjsq.exactdn.com\/wp-content\/uploads\/2023\/02\/Tag-der-offenen-Tur-SR-52-320x213.jpg?strip=all 320w, https:\/\/e969z83yjsq.exactdn.com\/wp-content\/uploads\/2023\/02\/Tag-der-offenen-Tur-SR-52.jpg?strip=all&amp;w=1152 1152w, https:\/\/e969z83yjsq.exactdn.com\/wp-content\/uploads\/2023\/02\/Tag-der-offenen-Tur-SR-52.jpg?strip=all&amp;w=450 450w\" sizes=\"(max-width: 635px) 100vw, 635px\" \/>\n\t\t<div class=\"figc no-description\">\n\t\t\t<div class=\"figc-inner\">\n\t\t\t\t\t\t\t\t\t\t\t\t\t\t\t<\/div>\n\t\t<\/div>\n\n\t<\/div>\n\n<\/div><div class=\"modula-item effect-pufrobo jtg-filter-all jtg-filter-\" >\n\t<div class=\"modula-item-overlay\"><\/div>\n\n\t<div class=\"modula-item-content\">\n\n\t\t<a data-image-id=\"59369\" role=\"button\" data-elementor-open-lightbox=\"no\" tabindex=\"0\" rel=\"jtg-59283\" data-caption=\"\" aria-label=\"Abrir la imagen en una caja de luz\" data-thumb=\"https:\/\/e969z83yjsq.exactdn.com\/wp-content\/uploads\/2023\/02\/Tag-der-offenen-Tur-SR-61-635x423.jpg?strip=all\" class=\"tile-inner modula-item-link\"><\/a><img loading=\"lazy\" decoding=\"async\" class=\"pic wp-image-59369\"  data-valign=\"middle\" data-halign=\"center\" alt=\"\" data-full=\"https:\/\/www.dstenerife.eu\/wp-content\/uploads\/2023\/02\/Tag-der-offenen-Tur-SR-61.jpg\" title=\"Tag der offenen T\u00fcr SR (61)\" crop=\"\" width=\"635\" height=\"423\" src=\"https:\/\/e969z83yjsq.exactdn.com\/wp-content\/uploads\/2023\/02\/Tag-der-offenen-Tur-SR-61-635x423.jpg?strip=all\" data-src=\"https:\/\/e969z83yjsq.exactdn.com\/wp-content\/uploads\/2023\/02\/Tag-der-offenen-Tur-SR-61-635x423.jpg?strip=all\" data-caption=\"\" srcset=\"https:\/\/e969z83yjsq.exactdn.com\/wp-content\/uploads\/2023\/02\/Tag-der-offenen-Tur-SR-61.jpg?strip=all 1920w, https:\/\/e969z83yjsq.exactdn.com\/wp-content\/uploads\/2023\/02\/Tag-der-offenen-Tur-SR-61-635x423.jpg?strip=all 635w, https:\/\/e969z83yjsq.exactdn.com\/wp-content\/uploads\/2023\/02\/Tag-der-offenen-Tur-SR-61-1080x720.jpg?strip=all 1080w, https:\/\/e969z83yjsq.exactdn.com\/wp-content\/uploads\/2023\/02\/Tag-der-offenen-Tur-SR-61-768x512.jpg?strip=all 768w, https:\/\/e969z83yjsq.exactdn.com\/wp-content\/uploads\/2023\/02\/Tag-der-offenen-Tur-SR-61-1536x1024.jpg?strip=all 1536w, https:\/\/e969z83yjsq.exactdn.com\/wp-content\/uploads\/2023\/02\/Tag-der-offenen-Tur-SR-61-375x250.jpg?strip=all 375w, https:\/\/e969z83yjsq.exactdn.com\/wp-content\/uploads\/2023\/02\/Tag-der-offenen-Tur-SR-61-320x213.jpg?strip=all 320w, https:\/\/e969z83yjsq.exactdn.com\/wp-content\/uploads\/2023\/02\/Tag-der-offenen-Tur-SR-61.jpg?strip=all&amp;w=1152 1152w, https:\/\/e969z83yjsq.exactdn.com\/wp-content\/uploads\/2023\/02\/Tag-der-offenen-Tur-SR-61.jpg?strip=all&amp;w=450 450w\" sizes=\"(max-width: 635px) 100vw, 635px\" \/>\n\t\t<div class=\"figc no-description\">\n\t\t\t<div class=\"figc-inner\">\n\t\t\t\t\t\t\t\t\t\t\t\t\t\t\t<\/div>\n\t\t<\/div>\n\n\t<\/div>\n\n<\/div><div class=\"modula-item effect-pufrobo jtg-filter-all jtg-filter-\" >\n\t<div class=\"modula-item-overlay\"><\/div>\n\n\t<div class=\"modula-item-content\">\n\n\t\t<a data-image-id=\"59371\" role=\"button\" data-elementor-open-lightbox=\"no\" tabindex=\"0\" rel=\"jtg-59283\" data-caption=\"\" aria-label=\"Abrir la imagen en una caja de luz\" data-thumb=\"https:\/\/e969z83yjsq.exactdn.com\/wp-content\/uploads\/2023\/02\/Tag-der-offenen-Tur-SR-62-635x423.jpg?strip=all\" class=\"tile-inner modula-item-link\"><\/a><img loading=\"lazy\" decoding=\"async\" class=\"pic wp-image-59371\"  data-valign=\"middle\" data-halign=\"center\" alt=\"\" data-full=\"https:\/\/www.dstenerife.eu\/wp-content\/uploads\/2023\/02\/Tag-der-offenen-Tur-SR-62.jpg\" title=\"Tag der offenen T\u00fcr SR (62)\" crop=\"\" width=\"635\" height=\"423\" src=\"https:\/\/e969z83yjsq.exactdn.com\/wp-content\/uploads\/2023\/02\/Tag-der-offenen-Tur-SR-62-635x423.jpg?strip=all\" data-src=\"https:\/\/e969z83yjsq.exactdn.com\/wp-content\/uploads\/2023\/02\/Tag-der-offenen-Tur-SR-62-635x423.jpg?strip=all\" data-caption=\"\" srcset=\"https:\/\/e969z83yjsq.exactdn.com\/wp-content\/uploads\/2023\/02\/Tag-der-offenen-Tur-SR-62.jpg?strip=all 1920w, https:\/\/e969z83yjsq.exactdn.com\/wp-content\/uploads\/2023\/02\/Tag-der-offenen-Tur-SR-62-635x423.jpg?strip=all 635w, https:\/\/e969z83yjsq.exactdn.com\/wp-content\/uploads\/2023\/02\/Tag-der-offenen-Tur-SR-62-1080x720.jpg?strip=all 1080w, https:\/\/e969z83yjsq.exactdn.com\/wp-content\/uploads\/2023\/02\/Tag-der-offenen-Tur-SR-62-768x512.jpg?strip=all 768w, https:\/\/e969z83yjsq.exactdn.com\/wp-content\/uploads\/2023\/02\/Tag-der-offenen-Tur-SR-62-1536x1024.jpg?strip=all 1536w, https:\/\/e969z83yjsq.exactdn.com\/wp-content\/uploads\/2023\/02\/Tag-der-offenen-Tur-SR-62-375x250.jpg?strip=all 375w, https:\/\/e969z83yjsq.exactdn.com\/wp-content\/uploads\/2023\/02\/Tag-der-offenen-Tur-SR-62-320x213.jpg?strip=all 320w, https:\/\/e969z83yjsq.exactdn.com\/wp-content\/uploads\/2023\/02\/Tag-der-offenen-Tur-SR-62.jpg?strip=all&amp;w=1152 1152w, https:\/\/e969z83yjsq.exactdn.com\/wp-content\/uploads\/2023\/02\/Tag-der-offenen-Tur-SR-62.jpg?strip=all&amp;w=450 450w\" sizes=\"(max-width: 635px) 100vw, 635px\" \/>\n\t\t<div class=\"figc no-description\">\n\t\t\t<div class=\"figc-inner\">\n\t\t\t\t\t\t\t\t\t\t\t\t\t\t\t<\/div>\n\t\t<\/div>\n\n\t<\/div>\n\n<\/div><div class=\"modula-item effect-pufrobo jtg-filter-all jtg-filter-\" >\n\t<div class=\"modula-item-overlay\"><\/div>\n\n\t<div class=\"modula-item-content\">\n\n\t\t<a data-image-id=\"59373\" role=\"button\" data-elementor-open-lightbox=\"no\" tabindex=\"0\" rel=\"jtg-59283\" data-caption=\"\" aria-label=\"Abrir la imagen en una caja de luz\" data-thumb=\"https:\/\/e969z83yjsq.exactdn.com\/wp-content\/uploads\/2023\/02\/Tag-der-offenen-Tur-SR-63-635x423.jpg?strip=all\" class=\"tile-inner modula-item-link\"><\/a><img loading=\"lazy\" decoding=\"async\" class=\"pic wp-image-59373\"  data-valign=\"middle\" data-halign=\"center\" alt=\"\" data-full=\"https:\/\/www.dstenerife.eu\/wp-content\/uploads\/2023\/02\/Tag-der-offenen-Tur-SR-63.jpg\" title=\"Tag der offenen T\u00fcr SR (63)\" crop=\"\" width=\"635\" height=\"423\" src=\"https:\/\/e969z83yjsq.exactdn.com\/wp-content\/uploads\/2023\/02\/Tag-der-offenen-Tur-SR-63-635x423.jpg?strip=all\" data-src=\"https:\/\/e969z83yjsq.exactdn.com\/wp-content\/uploads\/2023\/02\/Tag-der-offenen-Tur-SR-63-635x423.jpg?strip=all\" data-caption=\"\" srcset=\"https:\/\/e969z83yjsq.exactdn.com\/wp-content\/uploads\/2023\/02\/Tag-der-offenen-Tur-SR-63.jpg?strip=all 1920w, https:\/\/e969z83yjsq.exactdn.com\/wp-content\/uploads\/2023\/02\/Tag-der-offenen-Tur-SR-63-635x423.jpg?strip=all 635w, https:\/\/e969z83yjsq.exactdn.com\/wp-content\/uploads\/2023\/02\/Tag-der-offenen-Tur-SR-63-1080x720.jpg?strip=all 1080w, https:\/\/e969z83yjsq.exactdn.com\/wp-content\/uploads\/2023\/02\/Tag-der-offenen-Tur-SR-63-768x512.jpg?strip=all 768w, https:\/\/e969z83yjsq.exactdn.com\/wp-content\/uploads\/2023\/02\/Tag-der-offenen-Tur-SR-63-1536x1024.jpg?strip=all 1536w, https:\/\/e969z83yjsq.exactdn.com\/wp-content\/uploads\/2023\/02\/Tag-der-offenen-Tur-SR-63-375x250.jpg?strip=all 375w, https:\/\/e969z83yjsq.exactdn.com\/wp-content\/uploads\/2023\/02\/Tag-der-offenen-Tur-SR-63-320x213.jpg?strip=all 320w, https:\/\/e969z83yjsq.exactdn.com\/wp-content\/uploads\/2023\/02\/Tag-der-offenen-Tur-SR-63.jpg?strip=all&amp;w=1152 1152w, https:\/\/e969z83yjsq.exactdn.com\/wp-content\/uploads\/2023\/02\/Tag-der-offenen-Tur-SR-63.jpg?strip=all&amp;w=450 450w\" sizes=\"(max-width: 635px) 100vw, 635px\" \/>\n\t\t<div class=\"figc no-description\">\n\t\t\t<div class=\"figc-inner\">\n\t\t\t\t\t\t\t\t\t\t\t\t\t\t\t<\/div>\n\t\t<\/div>\n\n\t<\/div>\n\n<\/div><div class=\"modula-item effect-pufrobo jtg-filter-all jtg-filter-\" >\n\t<div class=\"modula-item-overlay\"><\/div>\n\n\t<div class=\"modula-item-content\">\n\n\t\t<a data-image-id=\"59375\" role=\"button\" data-elementor-open-lightbox=\"no\" tabindex=\"0\" rel=\"jtg-59283\" data-caption=\"\" aria-label=\"Abrir la imagen en una caja de luz\" data-thumb=\"https:\/\/e969z83yjsq.exactdn.com\/wp-content\/uploads\/2023\/02\/Tag-der-offenen-Tur-SR-57-635x423.jpg?strip=all\" class=\"tile-inner modula-item-link\"><\/a><img loading=\"lazy\" decoding=\"async\" class=\"pic wp-image-59375\"  data-valign=\"middle\" data-halign=\"center\" alt=\"\" data-full=\"https:\/\/www.dstenerife.eu\/wp-content\/uploads\/2023\/02\/Tag-der-offenen-Tur-SR-57.jpg\" title=\"Tag der offenen T\u00fcr SR (57)\" crop=\"\" width=\"635\" height=\"423\" src=\"https:\/\/e969z83yjsq.exactdn.com\/wp-content\/uploads\/2023\/02\/Tag-der-offenen-Tur-SR-57-635x423.jpg?strip=all\" data-src=\"https:\/\/e969z83yjsq.exactdn.com\/wp-content\/uploads\/2023\/02\/Tag-der-offenen-Tur-SR-57-635x423.jpg?strip=all\" data-caption=\"\" srcset=\"https:\/\/e969z83yjsq.exactdn.com\/wp-content\/uploads\/2023\/02\/Tag-der-offenen-Tur-SR-57.jpg?strip=all 1920w, https:\/\/e969z83yjsq.exactdn.com\/wp-content\/uploads\/2023\/02\/Tag-der-offenen-Tur-SR-57-635x423.jpg?strip=all 635w, https:\/\/e969z83yjsq.exactdn.com\/wp-content\/uploads\/2023\/02\/Tag-der-offenen-Tur-SR-57-1080x720.jpg?strip=all 1080w, https:\/\/e969z83yjsq.exactdn.com\/wp-content\/uploads\/2023\/02\/Tag-der-offenen-Tur-SR-57-768x512.jpg?strip=all 768w, https:\/\/e969z83yjsq.exactdn.com\/wp-content\/uploads\/2023\/02\/Tag-der-offenen-Tur-SR-57-1536x1024.jpg?strip=all 1536w, https:\/\/e969z83yjsq.exactdn.com\/wp-content\/uploads\/2023\/02\/Tag-der-offenen-Tur-SR-57-375x250.jpg?strip=all 375w, https:\/\/e969z83yjsq.exactdn.com\/wp-content\/uploads\/2023\/02\/Tag-der-offenen-Tur-SR-57-320x213.jpg?strip=all 320w, https:\/\/e969z83yjsq.exactdn.com\/wp-content\/uploads\/2023\/02\/Tag-der-offenen-Tur-SR-57.jpg?strip=all&amp;w=1152 1152w, https:\/\/e969z83yjsq.exactdn.com\/wp-content\/uploads\/2023\/02\/Tag-der-offenen-Tur-SR-57.jpg?strip=all&amp;w=450 450w\" sizes=\"(max-width: 635px) 100vw, 635px\" \/>\n\t\t<div class=\"figc no-description\">\n\t\t\t<div class=\"figc-inner\">\n\t\t\t\t\t\t\t\t\t\t\t\t\t\t\t<\/div>\n\t\t<\/div>\n\n\t<\/div>\n\n<\/div><div class=\"modula-item effect-pufrobo jtg-filter-all jtg-filter-\" >\n\t<div class=\"modula-item-overlay\"><\/div>\n\n\t<div class=\"modula-item-content\">\n\n\t\t<a data-image-id=\"59377\" role=\"button\" data-elementor-open-lightbox=\"no\" tabindex=\"0\" rel=\"jtg-59283\" data-caption=\"\" aria-label=\"Abrir la imagen en una caja de luz\" data-thumb=\"https:\/\/e969z83yjsq.exactdn.com\/wp-content\/uploads\/2023\/02\/Tag-der-offenen-Tur-SR-49-635x423.jpg?strip=all\" class=\"tile-inner modula-item-link\"><\/a><img loading=\"lazy\" decoding=\"async\" class=\"pic wp-image-59377\"  data-valign=\"middle\" data-halign=\"center\" alt=\"\" data-full=\"https:\/\/www.dstenerife.eu\/wp-content\/uploads\/2023\/02\/Tag-der-offenen-Tur-SR-49.jpg\" title=\"Tag der offenen T\u00fcr SR (49)\" crop=\"\" width=\"635\" height=\"423\" src=\"https:\/\/e969z83yjsq.exactdn.com\/wp-content\/uploads\/2023\/02\/Tag-der-offenen-Tur-SR-49-635x423.jpg?strip=all\" data-src=\"https:\/\/e969z83yjsq.exactdn.com\/wp-content\/uploads\/2023\/02\/Tag-der-offenen-Tur-SR-49-635x423.jpg?strip=all\" data-caption=\"\" srcset=\"https:\/\/e969z83yjsq.exactdn.com\/wp-content\/uploads\/2023\/02\/Tag-der-offenen-Tur-SR-49.jpg?strip=all 1920w, https:\/\/e969z83yjsq.exactdn.com\/wp-content\/uploads\/2023\/02\/Tag-der-offenen-Tur-SR-49-635x423.jpg?strip=all 635w, https:\/\/e969z83yjsq.exactdn.com\/wp-content\/uploads\/2023\/02\/Tag-der-offenen-Tur-SR-49-1080x720.jpg?strip=all 1080w, https:\/\/e969z83yjsq.exactdn.com\/wp-content\/uploads\/2023\/02\/Tag-der-offenen-Tur-SR-49-768x512.jpg?strip=all 768w, https:\/\/e969z83yjsq.exactdn.com\/wp-content\/uploads\/2023\/02\/Tag-der-offenen-Tur-SR-49-1536x1024.jpg?strip=all 1536w, https:\/\/e969z83yjsq.exactdn.com\/wp-content\/uploads\/2023\/02\/Tag-der-offenen-Tur-SR-49-375x250.jpg?strip=all 375w, https:\/\/e969z83yjsq.exactdn.com\/wp-content\/uploads\/2023\/02\/Tag-der-offenen-Tur-SR-49-320x213.jpg?strip=all 320w, https:\/\/e969z83yjsq.exactdn.com\/wp-content\/uploads\/2023\/02\/Tag-der-offenen-Tur-SR-49.jpg?strip=all&amp;w=1152 1152w, https:\/\/e969z83yjsq.exactdn.com\/wp-content\/uploads\/2023\/02\/Tag-der-offenen-Tur-SR-49.jpg?strip=all&amp;w=450 450w\" sizes=\"(max-width: 635px) 100vw, 635px\" \/>\n\t\t<div class=\"figc no-description\">\n\t\t\t<div class=\"figc-inner\">\n\t\t\t\t\t\t\t\t\t\t\t\t\t\t\t<\/div>\n\t\t<\/div>\n\n\t<\/div>\n\n<\/div><div class=\"modula-item effect-pufrobo jtg-filter-all jtg-filter-\" >\n\t<div class=\"modula-item-overlay\"><\/div>\n\n\t<div class=\"modula-item-content\">\n\n\t\t<a data-image-id=\"59379\" role=\"button\" data-elementor-open-lightbox=\"no\" tabindex=\"0\" rel=\"jtg-59283\" data-caption=\"\" aria-label=\"Abrir la imagen en una caja de luz\" data-thumb=\"https:\/\/e969z83yjsq.exactdn.com\/wp-content\/uploads\/2023\/02\/Tag-der-offenen-Tur-SR-54-635x423.jpg?strip=all\" class=\"tile-inner modula-item-link\"><\/a><img loading=\"lazy\" decoding=\"async\" class=\"pic wp-image-59379\"  data-valign=\"middle\" data-halign=\"center\" alt=\"\" data-full=\"https:\/\/www.dstenerife.eu\/wp-content\/uploads\/2023\/02\/Tag-der-offenen-Tur-SR-54.jpg\" title=\"Tag der offenen T\u00fcr SR (54)\" crop=\"\" width=\"635\" height=\"423\" src=\"https:\/\/e969z83yjsq.exactdn.com\/wp-content\/uploads\/2023\/02\/Tag-der-offenen-Tur-SR-54-635x423.jpg?strip=all\" data-src=\"https:\/\/e969z83yjsq.exactdn.com\/wp-content\/uploads\/2023\/02\/Tag-der-offenen-Tur-SR-54-635x423.jpg?strip=all\" data-caption=\"\" srcset=\"https:\/\/e969z83yjsq.exactdn.com\/wp-content\/uploads\/2023\/02\/Tag-der-offenen-Tur-SR-54.jpg?strip=all 1920w, https:\/\/e969z83yjsq.exactdn.com\/wp-content\/uploads\/2023\/02\/Tag-der-offenen-Tur-SR-54-635x423.jpg?strip=all 635w, https:\/\/e969z83yjsq.exactdn.com\/wp-content\/uploads\/2023\/02\/Tag-der-offenen-Tur-SR-54-1080x720.jpg?strip=all 1080w, https:\/\/e969z83yjsq.exactdn.com\/wp-content\/uploads\/2023\/02\/Tag-der-offenen-Tur-SR-54-768x512.jpg?strip=all 768w, https:\/\/e969z83yjsq.exactdn.com\/wp-content\/uploads\/2023\/02\/Tag-der-offenen-Tur-SR-54-1536x1024.jpg?strip=all 1536w, https:\/\/e969z83yjsq.exactdn.com\/wp-content\/uploads\/2023\/02\/Tag-der-offenen-Tur-SR-54-375x250.jpg?strip=all 375w, https:\/\/e969z83yjsq.exactdn.com\/wp-content\/uploads\/2023\/02\/Tag-der-offenen-Tur-SR-54-320x213.jpg?strip=all 320w, https:\/\/e969z83yjsq.exactdn.com\/wp-content\/uploads\/2023\/02\/Tag-der-offenen-Tur-SR-54.jpg?strip=all&amp;w=1152 1152w, https:\/\/e969z83yjsq.exactdn.com\/wp-content\/uploads\/2023\/02\/Tag-der-offenen-Tur-SR-54.jpg?strip=all&amp;w=450 450w\" sizes=\"(max-width: 635px) 100vw, 635px\" \/>\n\t\t<div class=\"figc no-description\">\n\t\t\t<div class=\"figc-inner\">\n\t\t\t\t\t\t\t\t\t\t\t\t\t\t\t<\/div>\n\t\t<\/div>\n\n\t<\/div>\n\n<\/div><div class=\"modula-item effect-pufrobo jtg-filter-all jtg-filter-\" >\n\t<div class=\"modula-item-overlay\"><\/div>\n\n\t<div class=\"modula-item-content\">\n\n\t\t<a data-image-id=\"59381\" role=\"button\" data-elementor-open-lightbox=\"no\" tabindex=\"0\" rel=\"jtg-59283\" data-caption=\"\" aria-label=\"Abrir la imagen en una caja de luz\" data-thumb=\"https:\/\/e969z83yjsq.exactdn.com\/wp-content\/uploads\/2023\/02\/IMG_20230212_093059-695x423.jpg?strip=all\" class=\"tile-inner modula-item-link\"><\/a><img loading=\"lazy\" decoding=\"async\" class=\"pic wp-image-59381\"  data-valign=\"middle\" data-halign=\"center\" alt=\"\" data-full=\"https:\/\/www.dstenerife.eu\/wp-content\/uploads\/2023\/02\/IMG_20230212_093059.jpg\" title=\"IMG_20230212_093059\" crop=\"\" width=\"695\" height=\"423\" src=\"https:\/\/e969z83yjsq.exactdn.com\/wp-content\/uploads\/2023\/02\/IMG_20230212_093059-695x423.jpg?strip=all\" data-src=\"https:\/\/e969z83yjsq.exactdn.com\/wp-content\/uploads\/2023\/02\/IMG_20230212_093059-695x423.jpg?strip=all\" data-caption=\"\" srcset=\"https:\/\/e969z83yjsq.exactdn.com\/wp-content\/uploads\/2023\/02\/IMG_20230212_093059.jpg?strip=all 1920w, https:\/\/e969z83yjsq.exactdn.com\/wp-content\/uploads\/2023\/02\/IMG_20230212_093059-695x423.jpg?strip=all 695w, https:\/\/e969z83yjsq.exactdn.com\/wp-content\/uploads\/2023\/02\/IMG_20230212_093059-1183x720.jpg?strip=all 1183w, https:\/\/e969z83yjsq.exactdn.com\/wp-content\/uploads\/2023\/02\/IMG_20230212_093059-768x468.jpg?strip=all 768w, https:\/\/e969z83yjsq.exactdn.com\/wp-content\/uploads\/2023\/02\/IMG_20230212_093059-1536x935.jpg?strip=all 1536w, https:\/\/e969z83yjsq.exactdn.com\/wp-content\/uploads\/2023\/02\/IMG_20230212_093059-320x195.jpg?strip=all 320w, https:\/\/e969z83yjsq.exactdn.com\/wp-content\/uploads\/2023\/02\/IMG_20230212_093059.jpg?strip=all&amp;w=384 384w, https:\/\/e969z83yjsq.exactdn.com\/wp-content\/uploads\/2023\/02\/IMG_20230212_093059.jpg?strip=all&amp;w=450 450w\" sizes=\"(max-width: 695px) 100vw, 695px\" \/>\n\t\t<div class=\"figc no-description\">\n\t\t\t<div class=\"figc-inner\">\n\t\t\t\t\t\t\t\t\t\t\t\t\t\t\t<\/div>\n\t\t<\/div>\n\n\t<\/div>\n\n<\/div><div class=\"modula-item effect-pufrobo jtg-filter-all jtg-filter-\" >\n\t<div class=\"modula-item-overlay\"><\/div>\n\n\t<div class=\"modula-item-content\">\n\n\t\t<a data-image-id=\"59383\" role=\"button\" data-elementor-open-lightbox=\"no\" tabindex=\"0\" rel=\"jtg-59283\" data-caption=\"\" aria-label=\"Abrir la imagen en una caja de luz\" data-thumb=\"https:\/\/e969z83yjsq.exactdn.com\/wp-content\/uploads\/2023\/02\/IMG_20230212_093322-434x423.jpg?strip=all\" class=\"tile-inner modula-item-link\"><\/a><img loading=\"lazy\" decoding=\"async\" class=\"pic wp-image-59383\"  data-valign=\"middle\" data-halign=\"center\" alt=\"\" data-full=\"https:\/\/www.dstenerife.eu\/wp-content\/uploads\/2023\/02\/IMG_20230212_093322.jpg\" title=\"IMG_20230212_093322\" crop=\"\" width=\"434\" height=\"423\" src=\"https:\/\/e969z83yjsq.exactdn.com\/wp-content\/uploads\/2023\/02\/IMG_20230212_093322-434x423.jpg?strip=all\" data-src=\"https:\/\/e969z83yjsq.exactdn.com\/wp-content\/uploads\/2023\/02\/IMG_20230212_093322-434x423.jpg?strip=all\" data-caption=\"\" srcset=\"https:\/\/e969z83yjsq.exactdn.com\/wp-content\/uploads\/2023\/02\/IMG_20230212_093322.jpg?strip=all 768w, https:\/\/e969z83yjsq.exactdn.com\/wp-content\/uploads\/2023\/02\/IMG_20230212_093322-434x423.jpg?strip=all 434w, https:\/\/e969z83yjsq.exactdn.com\/wp-content\/uploads\/2023\/02\/IMG_20230212_093322-738x720.jpg?strip=all 738w, https:\/\/e969z83yjsq.exactdn.com\/wp-content\/uploads\/2023\/02\/IMG_20230212_093322-320x312.jpg?strip=all 320w, https:\/\/e969z83yjsq.exactdn.com\/wp-content\/uploads\/2023\/02\/IMG_20230212_093322.jpg?strip=all&amp;w=153 153w, https:\/\/e969z83yjsq.exactdn.com\/wp-content\/uploads\/2023\/02\/IMG_20230212_093322.jpg?strip=all&amp;w=614 614w\" sizes=\"(max-width: 434px) 100vw, 434px\" \/>\n\t\t<div class=\"figc no-description\">\n\t\t\t<div class=\"figc-inner\">\n\t\t\t\t\t\t\t\t\t\t\t\t\t\t\t<\/div>\n\t\t<\/div>\n\n\t<\/div>\n\n<\/div><div class=\"modula-item effect-pufrobo jtg-filter-all jtg-filter-\" >\n\t<div class=\"modula-item-overlay\"><\/div>\n\n\t<div class=\"modula-item-content\">\n\n\t\t<a data-image-id=\"59385\" role=\"button\" data-elementor-open-lightbox=\"no\" tabindex=\"0\" rel=\"jtg-59283\" data-caption=\"\" aria-label=\"Abrir la imagen en una caja de luz\" data-thumb=\"https:\/\/e969z83yjsq.exactdn.com\/wp-content\/uploads\/2023\/02\/IMG_20230212_093403-201x423.jpg?strip=all\" class=\"tile-inner modula-item-link\"><\/a><img loading=\"lazy\" decoding=\"async\" class=\"pic wp-image-59385\"  data-valign=\"middle\" data-halign=\"center\" alt=\"\" data-full=\"https:\/\/www.dstenerife.eu\/wp-content\/uploads\/2023\/02\/IMG_20230212_093403.jpg\" title=\"IMG_20230212_093403\" crop=\"\" width=\"201\" height=\"423\" src=\"https:\/\/e969z83yjsq.exactdn.com\/wp-content\/uploads\/2023\/02\/IMG_20230212_093403-201x423.jpg?strip=all\" data-src=\"https:\/\/e969z83yjsq.exactdn.com\/wp-content\/uploads\/2023\/02\/IMG_20230212_093403-201x423.jpg?strip=all\" data-caption=\"\" srcset=\"https:\/\/e969z83yjsq.exactdn.com\/wp-content\/uploads\/2023\/02\/IMG_20230212_093403.jpg?strip=all 454w, https:\/\/e969z83yjsq.exactdn.com\/wp-content\/uploads\/2023\/02\/IMG_20230212_093403-201x423.jpg?strip=all 201w, https:\/\/e969z83yjsq.exactdn.com\/wp-content\/uploads\/2023\/02\/IMG_20230212_093403-342x720.jpg?strip=all 342w, https:\/\/e969z83yjsq.exactdn.com\/wp-content\/uploads\/2023\/02\/IMG_20230212_093403-320x675.jpg?strip=all 320w, https:\/\/e969z83yjsq.exactdn.com\/wp-content\/uploads\/2023\/02\/IMG_20230212_093403.jpg?strip=all&amp;w=90 90w\" sizes=\"(max-width: 201px) 100vw, 201px\" \/>\n\t\t<div class=\"figc no-description\">\n\t\t\t<div class=\"figc-inner\">\n\t\t\t\t\t\t\t\t\t\t\t\t\t\t\t<\/div>\n\t\t<\/div>\n\n\t<\/div>\n\n<\/div><div class=\"modula-item effect-pufrobo jtg-filter-all jtg-filter-\" >\n\t<div class=\"modula-item-overlay\"><\/div>\n\n\t<div class=\"modula-item-content\">\n\n\t\t<a data-image-id=\"59387\" role=\"button\" data-elementor-open-lightbox=\"no\" tabindex=\"0\" rel=\"jtg-59283\" data-caption=\"\" aria-label=\"Abrir la imagen en una caja de luz\" data-thumb=\"https:\/\/e969z83yjsq.exactdn.com\/wp-content\/uploads\/2023\/02\/IMG_20230212_093547-208x423.jpg?strip=all\" class=\"tile-inner modula-item-link\"><\/a><img loading=\"lazy\" decoding=\"async\" class=\"pic wp-image-59387\"  data-valign=\"middle\" data-halign=\"center\" alt=\"\" data-full=\"https:\/\/www.dstenerife.eu\/wp-content\/uploads\/2023\/02\/IMG_20230212_093547.jpg\" title=\"IMG_20230212_093547\" crop=\"\" width=\"208\" height=\"423\" src=\"https:\/\/e969z83yjsq.exactdn.com\/wp-content\/uploads\/2023\/02\/IMG_20230212_093547-208x423.jpg?strip=all\" data-src=\"https:\/\/e969z83yjsq.exactdn.com\/wp-content\/uploads\/2023\/02\/IMG_20230212_093547-208x423.jpg?strip=all\" data-caption=\"\" srcset=\"https:\/\/e969z83yjsq.exactdn.com\/wp-content\/uploads\/2023\/02\/IMG_20230212_093547.jpg?strip=all 443w, https:\/\/e969z83yjsq.exactdn.com\/wp-content\/uploads\/2023\/02\/IMG_20230212_093547-208x423.jpg?strip=all 208w, https:\/\/e969z83yjsq.exactdn.com\/wp-content\/uploads\/2023\/02\/IMG_20230212_093547-354x720.jpg?strip=all 354w, https:\/\/e969z83yjsq.exactdn.com\/wp-content\/uploads\/2023\/02\/IMG_20230212_093547-320x652.jpg?strip=all 320w, https:\/\/e969z83yjsq.exactdn.com\/wp-content\/uploads\/2023\/02\/IMG_20230212_093547.jpg?strip=all&amp;w=88 88w, https:\/\/e969z83yjsq.exactdn.com\/wp-content\/uploads\/2023\/02\/IMG_20230212_093547.jpg?strip=all&amp;w=265 265w\" sizes=\"(max-width: 208px) 100vw, 208px\" \/>\n\t\t<div class=\"figc no-description\">\n\t\t\t<div class=\"figc-inner\">\n\t\t\t\t\t\t\t\t\t\t\t\t\t\t\t<\/div>\n\t\t<\/div>\n\n\t<\/div>\n\n<\/div><div class=\"modula-item effect-pufrobo jtg-filter-all jtg-filter-\" >\n\t<div class=\"modula-item-overlay\"><\/div>\n\n\t<div class=\"modula-item-content\">\n\n\t\t<a data-image-id=\"59389\" role=\"button\" data-elementor-open-lightbox=\"no\" tabindex=\"0\" rel=\"jtg-59283\" data-caption=\"\" aria-label=\"Abrir la imagen en una caja de luz\" data-thumb=\"https:\/\/e969z83yjsq.exactdn.com\/wp-content\/uploads\/2023\/02\/Tag-der-offenen-Tur-SR-68-635x423.jpg?strip=all\" class=\"tile-inner modula-item-link\"><\/a><img loading=\"lazy\" decoding=\"async\" class=\"pic wp-image-59389\"  data-valign=\"middle\" data-halign=\"center\" alt=\"\" data-full=\"https:\/\/www.dstenerife.eu\/wp-content\/uploads\/2023\/02\/Tag-der-offenen-Tur-SR-68.jpg\" title=\"Tag der offenen T\u00fcr SR (68)\" crop=\"\" width=\"635\" height=\"423\" src=\"https:\/\/e969z83yjsq.exactdn.com\/wp-content\/uploads\/2023\/02\/Tag-der-offenen-Tur-SR-68-635x423.jpg?strip=all\" data-src=\"https:\/\/e969z83yjsq.exactdn.com\/wp-content\/uploads\/2023\/02\/Tag-der-offenen-Tur-SR-68-635x423.jpg?strip=all\" data-caption=\"\" srcset=\"https:\/\/e969z83yjsq.exactdn.com\/wp-content\/uploads\/2023\/02\/Tag-der-offenen-Tur-SR-68.jpg?strip=all 1920w, https:\/\/e969z83yjsq.exactdn.com\/wp-content\/uploads\/2023\/02\/Tag-der-offenen-Tur-SR-68-635x423.jpg?strip=all 635w, https:\/\/e969z83yjsq.exactdn.com\/wp-content\/uploads\/2023\/02\/Tag-der-offenen-Tur-SR-68-1080x720.jpg?strip=all 1080w, https:\/\/e969z83yjsq.exactdn.com\/wp-content\/uploads\/2023\/02\/Tag-der-offenen-Tur-SR-68-768x512.jpg?strip=all 768w, https:\/\/e969z83yjsq.exactdn.com\/wp-content\/uploads\/2023\/02\/Tag-der-offenen-Tur-SR-68-1536x1024.jpg?strip=all 1536w, https:\/\/e969z83yjsq.exactdn.com\/wp-content\/uploads\/2023\/02\/Tag-der-offenen-Tur-SR-68-375x250.jpg?strip=all 375w, https:\/\/e969z83yjsq.exactdn.com\/wp-content\/uploads\/2023\/02\/Tag-der-offenen-Tur-SR-68-320x213.jpg?strip=all 320w, https:\/\/e969z83yjsq.exactdn.com\/wp-content\/uploads\/2023\/02\/Tag-der-offenen-Tur-SR-68.jpg?strip=all&amp;w=1152 1152w, https:\/\/e969z83yjsq.exactdn.com\/wp-content\/uploads\/2023\/02\/Tag-der-offenen-Tur-SR-68.jpg?strip=all&amp;w=450 450w\" sizes=\"(max-width: 635px) 100vw, 635px\" \/>\n\t\t<div class=\"figc no-description\">\n\t\t\t<div class=\"figc-inner\">\n\t\t\t\t\t\t\t\t\t\t\t\t\t\t\t<\/div>\n\t\t<\/div>\n\n\t<\/div>\n\n<\/div><div class=\"modula-item effect-pufrobo jtg-filter-all jtg-filter-\" >\n\t<div class=\"modula-item-overlay\"><\/div>\n\n\t<div class=\"modula-item-content\">\n\n\t\t<a data-image-id=\"59391\" role=\"button\" data-elementor-open-lightbox=\"no\" tabindex=\"0\" rel=\"jtg-59283\" data-caption=\"\" aria-label=\"Abrir la imagen en una caja de luz\" data-thumb=\"https:\/\/e969z83yjsq.exactdn.com\/wp-content\/uploads\/2023\/02\/Tag-der-offenen-Tur-SR-79-605x423.jpg?strip=all\" class=\"tile-inner modula-item-link\"><\/a><img loading=\"lazy\" decoding=\"async\" class=\"pic wp-image-59391\"  data-valign=\"middle\" data-halign=\"center\" alt=\"\" data-full=\"https:\/\/www.dstenerife.eu\/wp-content\/uploads\/2023\/02\/Tag-der-offenen-Tur-SR-79.jpg\" title=\"Tag der offenen T\u00fcr SR (79)\" crop=\"\" width=\"605\" height=\"423\" src=\"https:\/\/e969z83yjsq.exactdn.com\/wp-content\/uploads\/2023\/02\/Tag-der-offenen-Tur-SR-79-605x423.jpg?strip=all\" data-src=\"https:\/\/e969z83yjsq.exactdn.com\/wp-content\/uploads\/2023\/02\/Tag-der-offenen-Tur-SR-79-605x423.jpg?strip=all\" data-caption=\"\" srcset=\"https:\/\/e969z83yjsq.exactdn.com\/wp-content\/uploads\/2023\/02\/Tag-der-offenen-Tur-SR-79.jpg?strip=all 1920w, https:\/\/e969z83yjsq.exactdn.com\/wp-content\/uploads\/2023\/02\/Tag-der-offenen-Tur-SR-79-605x423.jpg?strip=all 605w, https:\/\/e969z83yjsq.exactdn.com\/wp-content\/uploads\/2023\/02\/Tag-der-offenen-Tur-SR-79-1029x720.jpg?strip=all 1029w, https:\/\/e969z83yjsq.exactdn.com\/wp-content\/uploads\/2023\/02\/Tag-der-offenen-Tur-SR-79-768x537.jpg?strip=all 768w, https:\/\/e969z83yjsq.exactdn.com\/wp-content\/uploads\/2023\/02\/Tag-der-offenen-Tur-SR-79-1536x1074.jpg?strip=all 1536w, https:\/\/e969z83yjsq.exactdn.com\/wp-content\/uploads\/2023\/02\/Tag-der-offenen-Tur-SR-79-320x224.jpg?strip=all 320w, https:\/\/e969z83yjsq.exactdn.com\/wp-content\/uploads\/2023\/02\/Tag-der-offenen-Tur-SR-79.jpg?strip=all&amp;w=384 384w, https:\/\/e969z83yjsq.exactdn.com\/wp-content\/uploads\/2023\/02\/Tag-der-offenen-Tur-SR-79.jpg?strip=all&amp;w=1152 1152w, https:\/\/e969z83yjsq.exactdn.com\/wp-content\/uploads\/2023\/02\/Tag-der-offenen-Tur-SR-79.jpg?strip=all&amp;w=450 450w\" sizes=\"(max-width: 605px) 100vw, 605px\" \/>\n\t\t<div class=\"figc no-description\">\n\t\t\t<div class=\"figc-inner\">\n\t\t\t\t\t\t\t\t\t\t\t\t\t\t\t<\/div>\n\t\t<\/div>\n\n\t<\/div>\n\n<\/div><div class=\"modula-item effect-pufrobo jtg-filter-all jtg-filter-\" >\n\t<div class=\"modula-item-overlay\"><\/div>\n\n\t<div class=\"modula-item-content\">\n\n\t\t<a data-image-id=\"59393\" role=\"button\" data-elementor-open-lightbox=\"no\" tabindex=\"0\" rel=\"jtg-59283\" data-caption=\"\" aria-label=\"Abrir la imagen en una caja de luz\" data-thumb=\"https:\/\/e969z83yjsq.exactdn.com\/wp-content\/uploads\/2023\/02\/Tag-der-offenen-Tur-SR-80-635x423.jpg?strip=all\" class=\"tile-inner modula-item-link\"><\/a><img loading=\"lazy\" decoding=\"async\" class=\"pic wp-image-59393\"  data-valign=\"middle\" data-halign=\"center\" alt=\"\" data-full=\"https:\/\/www.dstenerife.eu\/wp-content\/uploads\/2023\/02\/Tag-der-offenen-Tur-SR-80.jpg\" title=\"Tag der offenen T\u00fcr SR (80)\" crop=\"\" width=\"635\" height=\"423\" src=\"https:\/\/e969z83yjsq.exactdn.com\/wp-content\/uploads\/2023\/02\/Tag-der-offenen-Tur-SR-80-635x423.jpg?strip=all\" data-src=\"https:\/\/e969z83yjsq.exactdn.com\/wp-content\/uploads\/2023\/02\/Tag-der-offenen-Tur-SR-80-635x423.jpg?strip=all\" data-caption=\"\" srcset=\"https:\/\/e969z83yjsq.exactdn.com\/wp-content\/uploads\/2023\/02\/Tag-der-offenen-Tur-SR-80.jpg?strip=all 1920w, https:\/\/e969z83yjsq.exactdn.com\/wp-content\/uploads\/2023\/02\/Tag-der-offenen-Tur-SR-80-635x423.jpg?strip=all 635w, https:\/\/e969z83yjsq.exactdn.com\/wp-content\/uploads\/2023\/02\/Tag-der-offenen-Tur-SR-80-1080x720.jpg?strip=all 1080w, https:\/\/e969z83yjsq.exactdn.com\/wp-content\/uploads\/2023\/02\/Tag-der-offenen-Tur-SR-80-768x512.jpg?strip=all 768w, https:\/\/e969z83yjsq.exactdn.com\/wp-content\/uploads\/2023\/02\/Tag-der-offenen-Tur-SR-80-1536x1024.jpg?strip=all 1536w, https:\/\/e969z83yjsq.exactdn.com\/wp-content\/uploads\/2023\/02\/Tag-der-offenen-Tur-SR-80-375x250.jpg?strip=all 375w, https:\/\/e969z83yjsq.exactdn.com\/wp-content\/uploads\/2023\/02\/Tag-der-offenen-Tur-SR-80-320x213.jpg?strip=all 320w, https:\/\/e969z83yjsq.exactdn.com\/wp-content\/uploads\/2023\/02\/Tag-der-offenen-Tur-SR-80.jpg?strip=all&amp;w=1152 1152w, https:\/\/e969z83yjsq.exactdn.com\/wp-content\/uploads\/2023\/02\/Tag-der-offenen-Tur-SR-80.jpg?strip=all&amp;w=450 450w\" sizes=\"(max-width: 635px) 100vw, 635px\" \/>\n\t\t<div class=\"figc no-description\">\n\t\t\t<div class=\"figc-inner\">\n\t\t\t\t\t\t\t\t\t\t\t\t\t\t\t<\/div>\n\t\t<\/div>\n\n\t<\/div>\n\n<\/div><div class=\"modula-item effect-pufrobo jtg-filter-all jtg-filter-\" >\n\t<div class=\"modula-item-overlay\"><\/div>\n\n\t<div class=\"modula-item-content\">\n\n\t\t<a data-image-id=\"59438\" role=\"button\" data-elementor-open-lightbox=\"no\" tabindex=\"0\" rel=\"jtg-59283\" data-caption=\"\" aria-label=\"Abrir la imagen en una caja de luz\" data-thumb=\"https:\/\/e969z83yjsq.exactdn.com\/wp-content\/uploads\/2023\/02\/64E290D9-135A-4761-960C-0FEF812BBD00-564x423.jpeg?strip=all\" class=\"tile-inner modula-item-link\"><\/a><img loading=\"lazy\" decoding=\"async\" class=\"pic wp-image-59438\"  data-valign=\"middle\" data-halign=\"center\" alt=\"\" data-full=\"https:\/\/www.dstenerife.eu\/wp-content\/uploads\/2023\/02\/64E290D9-135A-4761-960C-0FEF812BBD00.jpeg\" title=\"64E290D9-135A-4761-960C-0FEF812BBD00\" crop=\"\" width=\"564\" height=\"423\" src=\"https:\/\/e969z83yjsq.exactdn.com\/wp-content\/uploads\/2023\/02\/64E290D9-135A-4761-960C-0FEF812BBD00-564x423.jpeg?strip=all\" data-src=\"https:\/\/e969z83yjsq.exactdn.com\/wp-content\/uploads\/2023\/02\/64E290D9-135A-4761-960C-0FEF812BBD00-564x423.jpeg?strip=all\" data-caption=\"\" srcset=\"https:\/\/e969z83yjsq.exactdn.com\/wp-content\/uploads\/2023\/02\/64E290D9-135A-4761-960C-0FEF812BBD00.jpeg?strip=all 1920w, https:\/\/e969z83yjsq.exactdn.com\/wp-content\/uploads\/2023\/02\/64E290D9-135A-4761-960C-0FEF812BBD00-564x423.jpeg?strip=all 564w, https:\/\/e969z83yjsq.exactdn.com\/wp-content\/uploads\/2023\/02\/64E290D9-135A-4761-960C-0FEF812BBD00-960x720.jpeg?strip=all 960w, https:\/\/e969z83yjsq.exactdn.com\/wp-content\/uploads\/2023\/02\/64E290D9-135A-4761-960C-0FEF812BBD00-768x576.jpeg?strip=all 768w, https:\/\/e969z83yjsq.exactdn.com\/wp-content\/uploads\/2023\/02\/64E290D9-135A-4761-960C-0FEF812BBD00-1536x1152.jpeg?strip=all 1536w, https:\/\/e969z83yjsq.exactdn.com\/wp-content\/uploads\/2023\/02\/64E290D9-135A-4761-960C-0FEF812BBD00-320x240.jpeg?strip=all 320w, https:\/\/e969z83yjsq.exactdn.com\/wp-content\/uploads\/2023\/02\/64E290D9-135A-4761-960C-0FEF812BBD00.jpeg?strip=all&amp;w=384 384w, https:\/\/e969z83yjsq.exactdn.com\/wp-content\/uploads\/2023\/02\/64E290D9-135A-4761-960C-0FEF812BBD00.jpeg?strip=all&amp;w=1152 1152w, https:\/\/e969z83yjsq.exactdn.com\/wp-content\/uploads\/2023\/02\/64E290D9-135A-4761-960C-0FEF812BBD00.jpeg?strip=all&amp;w=450 450w\" sizes=\"(max-width: 564px) 100vw, 564px\" \/>\n\t\t<div class=\"figc no-description\">\n\t\t\t<div class=\"figc-inner\">\n\t\t\t\t\t\t\t\t\t\t\t\t\t\t\t<\/div>\n\t\t<\/div>\n\n\t<\/div>\n\n<\/div><div class=\"modula-item effect-pufrobo jtg-filter-all jtg-filter-\" >\n\t<div class=\"modula-item-overlay\"><\/div>\n\n\t<div class=\"modula-item-content\">\n\n\t\t<a data-image-id=\"59440\" role=\"button\" data-elementor-open-lightbox=\"no\" tabindex=\"0\" rel=\"jtg-59283\" data-caption=\"\" aria-label=\"Abrir la imagen en una caja de luz\" data-thumb=\"https:\/\/e969z83yjsq.exactdn.com\/wp-content\/uploads\/2023\/02\/BB9215E1-74E5-43BE-BA1F-82BE903E1ACC-564x423.jpeg?strip=all\" class=\"tile-inner modula-item-link\"><\/a><img loading=\"lazy\" decoding=\"async\" class=\"pic wp-image-59440\"  data-valign=\"middle\" data-halign=\"center\" alt=\"\" data-full=\"https:\/\/www.dstenerife.eu\/wp-content\/uploads\/2023\/02\/BB9215E1-74E5-43BE-BA1F-82BE903E1ACC.jpeg\" title=\"BB9215E1-74E5-43BE-BA1F-82BE903E1ACC\" crop=\"\" width=\"564\" height=\"423\" src=\"https:\/\/e969z83yjsq.exactdn.com\/wp-content\/uploads\/2023\/02\/BB9215E1-74E5-43BE-BA1F-82BE903E1ACC-564x423.jpeg?strip=all\" data-src=\"https:\/\/e969z83yjsq.exactdn.com\/wp-content\/uploads\/2023\/02\/BB9215E1-74E5-43BE-BA1F-82BE903E1ACC-564x423.jpeg?strip=all\" data-caption=\"\" srcset=\"https:\/\/e969z83yjsq.exactdn.com\/wp-content\/uploads\/2023\/02\/BB9215E1-74E5-43BE-BA1F-82BE903E1ACC.jpeg?strip=all 1920w, https:\/\/e969z83yjsq.exactdn.com\/wp-content\/uploads\/2023\/02\/BB9215E1-74E5-43BE-BA1F-82BE903E1ACC-564x423.jpeg?strip=all 564w, https:\/\/e969z83yjsq.exactdn.com\/wp-content\/uploads\/2023\/02\/BB9215E1-74E5-43BE-BA1F-82BE903E1ACC-960x720.jpeg?strip=all 960w, https:\/\/e969z83yjsq.exactdn.com\/wp-content\/uploads\/2023\/02\/BB9215E1-74E5-43BE-BA1F-82BE903E1ACC-768x576.jpeg?strip=all 768w, https:\/\/e969z83yjsq.exactdn.com\/wp-content\/uploads\/2023\/02\/BB9215E1-74E5-43BE-BA1F-82BE903E1ACC-1536x1152.jpeg?strip=all 1536w, https:\/\/e969z83yjsq.exactdn.com\/wp-content\/uploads\/2023\/02\/BB9215E1-74E5-43BE-BA1F-82BE903E1ACC-320x240.jpeg?strip=all 320w, https:\/\/e969z83yjsq.exactdn.com\/wp-content\/uploads\/2023\/02\/BB9215E1-74E5-43BE-BA1F-82BE903E1ACC.jpeg?strip=all&amp;w=384 384w, https:\/\/e969z83yjsq.exactdn.com\/wp-content\/uploads\/2023\/02\/BB9215E1-74E5-43BE-BA1F-82BE903E1ACC.jpeg?strip=all&amp;w=1152 1152w, https:\/\/e969z83yjsq.exactdn.com\/wp-content\/uploads\/2023\/02\/BB9215E1-74E5-43BE-BA1F-82BE903E1ACC.jpeg?strip=all&amp;w=450 450w\" sizes=\"(max-width: 564px) 100vw, 564px\" \/>\n\t\t<div class=\"figc no-description\">\n\t\t\t<div class=\"figc-inner\">\n\t\t\t\t\t\t\t\t\t\t\t\t\t\t\t<\/div>\n\t\t<\/div>\n\n\t<\/div>\n\n<\/div><div class=\"modula-item effect-pufrobo jtg-filter-all jtg-filter-\" >\n\t<div class=\"modula-item-overlay\"><\/div>\n\n\t<div class=\"modula-item-content\">\n\n\t\t<a data-image-id=\"59442\" role=\"button\" data-elementor-open-lightbox=\"no\" tabindex=\"0\" rel=\"jtg-59283\" data-caption=\"\" aria-label=\"Abrir la imagen en una caja de luz\" data-thumb=\"https:\/\/e969z83yjsq.exactdn.com\/wp-content\/uploads\/2023\/02\/AD09EF69-5EC6-4E84-854A-FEA3B94A3449-564x423.jpeg?strip=all\" class=\"tile-inner modula-item-link\"><\/a><img loading=\"lazy\" decoding=\"async\" class=\"pic wp-image-59442\"  data-valign=\"middle\" data-halign=\"center\" alt=\"\" data-full=\"https:\/\/www.dstenerife.eu\/wp-content\/uploads\/2023\/02\/AD09EF69-5EC6-4E84-854A-FEA3B94A3449.jpeg\" title=\"AD09EF69-5EC6-4E84-854A-FEA3B94A3449\" crop=\"\" width=\"564\" height=\"423\" src=\"https:\/\/e969z83yjsq.exactdn.com\/wp-content\/uploads\/2023\/02\/AD09EF69-5EC6-4E84-854A-FEA3B94A3449-564x423.jpeg?strip=all\" data-src=\"https:\/\/e969z83yjsq.exactdn.com\/wp-content\/uploads\/2023\/02\/AD09EF69-5EC6-4E84-854A-FEA3B94A3449-564x423.jpeg?strip=all\" data-caption=\"\" srcset=\"https:\/\/e969z83yjsq.exactdn.com\/wp-content\/uploads\/2023\/02\/AD09EF69-5EC6-4E84-854A-FEA3B94A3449.jpeg?strip=all 1920w, https:\/\/e969z83yjsq.exactdn.com\/wp-content\/uploads\/2023\/02\/AD09EF69-5EC6-4E84-854A-FEA3B94A3449-564x423.jpeg?strip=all 564w, https:\/\/e969z83yjsq.exactdn.com\/wp-content\/uploads\/2023\/02\/AD09EF69-5EC6-4E84-854A-FEA3B94A3449-960x720.jpeg?strip=all 960w, https:\/\/e969z83yjsq.exactdn.com\/wp-content\/uploads\/2023\/02\/AD09EF69-5EC6-4E84-854A-FEA3B94A3449-768x576.jpeg?strip=all 768w, https:\/\/e969z83yjsq.exactdn.com\/wp-content\/uploads\/2023\/02\/AD09EF69-5EC6-4E84-854A-FEA3B94A3449-1536x1152.jpeg?strip=all 1536w, https:\/\/e969z83yjsq.exactdn.com\/wp-content\/uploads\/2023\/02\/AD09EF69-5EC6-4E84-854A-FEA3B94A3449-320x240.jpeg?strip=all 320w, https:\/\/e969z83yjsq.exactdn.com\/wp-content\/uploads\/2023\/02\/AD09EF69-5EC6-4E84-854A-FEA3B94A3449.jpeg?strip=all&amp;w=384 384w, https:\/\/e969z83yjsq.exactdn.com\/wp-content\/uploads\/2023\/02\/AD09EF69-5EC6-4E84-854A-FEA3B94A3449.jpeg?strip=all&amp;w=1152 1152w, https:\/\/e969z83yjsq.exactdn.com\/wp-content\/uploads\/2023\/02\/AD09EF69-5EC6-4E84-854A-FEA3B94A3449.jpeg?strip=all&amp;w=450 450w\" sizes=\"(max-width: 564px) 100vw, 564px\" \/>\n\t\t<div class=\"figc no-description\">\n\t\t\t<div class=\"figc-inner\">\n\t\t\t\t\t\t\t\t\t\t\t\t\t\t\t<\/div>\n\t\t<\/div>\n\n\t<\/div>\n\n<\/div>\t\t\n\t<\/div>\n\n\t\n\t\n\t<script type=\"application\/ld+json\">\n\t{\n\t\t\"@context\": \"http:\/\/schema.org\",\n\t\t\"@type\"   : \"ImageGallery\",\n\t\t\"id\"      : \"https:\/\/www.dstenerife.eu\/es\/gran-exito-de-la-jornada-de-puertas-abiertas\/\",\n\t\t\"url\"     : \"https:\/\/www.dstenerife.eu\/es\/gran-exito-de-la-jornada-de-puertas-abiertas\/\"\n\t}\n\n\t<\/script>\n\n\t\n<\/div>\n\n<p>&nbsp;<\/p>\n","protected":false},"excerpt":{"rendered":"<p>El pasado s\u00e1bado 11 de febrero tuvo lugar la Jornada de puertas abiertas en el Colegio [&hellip;]<\/p>\n","protected":false},"author":13,"featured_media":59289,"comment_status":"closed","ping_status":"closed","sticky":false,"template":"","format":"standard","meta":{"site-sidebar-layout":"default","site-content-layout":"default","ast-site-content-layout":"default","site-content-style":"default","site-sidebar-style":"default","ast-global-header-display":"","ast-banner-title-visibility":"","ast-main-header-display":"","ast-hfb-above-header-display":"","ast-hfb-below-header-display":"","ast-hfb-mobile-header-display":"","site-post-title":"","ast-breadcrumbs-content":"","ast-featured-img":"","footer-sml-layout":"","ast-disable-related-posts":"","theme-transparent-header-meta":"default","adv-header-id-meta":"","stick-header-meta":"default","header-above-stick-meta":"","header-main-stick-meta":"","header-below-stick-meta":"","astra-migrate-meta-layouts":"default","ast-page-background-enabled":"default","ast-page-background-meta":{"desktop":{"background-color":"","background-image":"","background-repeat":"repeat","background-position":"center center","background-size":"auto","background-attachment":"scroll","background-type":"","background-media":"","overlay-type":"","overlay-color":"","overlay-opacity":"","overlay-gradient":""},"tablet":{"background-color":"","background-image":"","background-repeat":"repeat","background-position":"center center","background-size":"auto","background-attachment":"scroll","background-type":"","background-media":"","overlay-type":"","overlay-color":"","overlay-opacity":"","overlay-gradient":""},"mobile":{"background-color":"","background-image":"","background-repeat":"repeat","background-position":"center center","background-size":"auto","background-attachment":"scroll","background-type":"","background-media":"","overlay-type":"","overlay-color":"","overlay-opacity":"","overlay-gradient":""}},"ast-content-background-meta":{"desktop":{"background-color":"var(--ast-global-color-5)","background-image":"","background-repeat":"repeat","background-position":"center center","background-size":"auto","background-attachment":"scroll","background-type":"","background-media":"","overlay-type":"","overlay-color":"","overlay-opacity":"","overlay-gradient":""},"tablet":{"background-color":"var(--ast-global-color-5)","background-image":"","background-repeat":"repeat","background-position":"center center","background-size":"auto","background-attachment":"scroll","background-type":"","background-media":"","overlay-type":"","overlay-color":"","overlay-opacity":"","overlay-gradient":""},"mobile":{"background-color":"var(--ast-global-color-5)","background-image":"","background-repeat":"repeat","background-position":"center center","background-size":"auto","background-attachment":"scroll","background-type":"","background-media":"","overlay-type":"","overlay-color":"","overlay-opacity":"","overlay-gradient":""}},"_jet_sm_ready_style":"","_jet_sm_style":"","_jet_sm_controls_values":"","_jet_sm_fonts_collection":"","_jet_sm_fonts_links":"","footnotes":""},"categories":[28],"tags":[],"schlagwortedst":[],"class_list":["post-59288","post","type-post","status-publish","format-standard","has-post-thumbnail","hentry","category-colegio"],"_links":{"self":[{"href":"https:\/\/www.dstenerife.eu\/es\/wp-json\/wp\/v2\/posts\/59288","targetHints":{"allow":["GET"]}}],"collection":[{"href":"https:\/\/www.dstenerife.eu\/es\/wp-json\/wp\/v2\/posts"}],"about":[{"href":"https:\/\/www.dstenerife.eu\/es\/wp-json\/wp\/v2\/types\/post"}],"author":[{"embeddable":true,"href":"https:\/\/www.dstenerife.eu\/es\/wp-json\/wp\/v2\/users\/13"}],"replies":[{"embeddable":true,"href":"https:\/\/www.dstenerife.eu\/es\/wp-json\/wp\/v2\/comments?post=59288"}],"version-history":[{"count":3,"href":"https:\/\/www.dstenerife.eu\/es\/wp-json\/wp\/v2\/posts\/59288\/revisions"}],"predecessor-version":[{"id":59315,"href":"https:\/\/www.dstenerife.eu\/es\/wp-json\/wp\/v2\/posts\/59288\/revisions\/59315"}],"wp:featuredmedia":[{"embeddable":true,"href":"https:\/\/www.dstenerife.eu\/es\/wp-json\/wp\/v2\/media\/59289"}],"wp:attachment":[{"href":"https:\/\/www.dstenerife.eu\/es\/wp-json\/wp\/v2\/media?parent=59288"}],"wp:term":[{"taxonomy":"category","embeddable":true,"href":"https:\/\/www.dstenerife.eu\/es\/wp-json\/wp\/v2\/categories?post=59288"},{"taxonomy":"post_tag","embeddable":true,"href":"https:\/\/www.dstenerife.eu\/es\/wp-json\/wp\/v2\/tags?post=59288"},{"taxonomy":"schlagwortedst","embeddable":true,"href":"https:\/\/www.dstenerife.eu\/es\/wp-json\/wp\/v2\/schlagwortedst?post=59288"}],"curies":[{"name":"wp","href":"https:\/\/api.w.org\/{rel}","templated":true}]}}