{"id":59433,"date":"2023-02-15T10:08:46","date_gmt":"2023-02-15T10:08:46","guid":{"rendered":"https:\/\/www.dstenerife.eu\/?p=59433"},"modified":"2023-02-15T11:11:10","modified_gmt":"2023-02-15T11:11:10","slug":"visita-de-una-victima-de-terrorismo","status":"publish","type":"post","link":"https:\/\/www.dstenerife.eu\/es\/visita-de-una-victima-de-terrorismo\/","title":{"rendered":"Visita de una v\u00edctima de terrorismo"},"content":{"rendered":"<p style=\"text-align: justify;\">El 25 de febrero de 1992 dos terroristas de ETA\u00a0 dispararon y mataron a Jos\u00e9 San Mart\u00edn Bret\u00f3n, de 49 a\u00f1os, en Getxo (Pa\u00eds Vasco). Este asesinato es uno de los m\u00e1s de 800 cometidos por la banda terrorista.<\/p>\n<p style=\"text-align: justify;\">Los alumnos del Colegio Alem\u00e1n Santa Cruz de Tenerife tuvieron la oportunidad de ponerle rostro a esta historia y de conocer de cerca las consecuencias emocionales y sociales del terrorismo en Espa\u00f1a gracias a la emotiva e intent\u00edsima charla de Luis Alberto San Mart\u00edn Calvo (Koldo), hijo de Jos\u00e9 San Mart\u00edn Bret\u00f3n.<\/p>\n<p style=\"text-align: justify;\">La visita forma parte de un proyecto educativo organizado por los Ministerios de Interior y de Educaci\u00f3n y Formaci\u00f3n Profesional, junto con el Centro para la Memoria de las V\u00edctimas del Terrorismo y la Fundaci\u00f3n V\u00edctimas del Terrorismo. En el marco de este proyecto, denominado \u00abMemoria y prevenci\u00f3n del terrorismo\u00bb, los alumnos de Bachillerato del Colegio Alem\u00e1n Santa Cruz de Tenerife han estudiado, en las semanas previas a la charla, las caracter\u00edsticas del terrorismo nacional e internacional, as\u00ed como su impacto social, econ\u00f3mico y pol\u00edtico. De esta manera, los alumnos han conocido en las clases de Ciencias Sociales el terrorismo de extrema derecha (Triple A, BVE, etc.) y de extrema izquierda (GRAPO, RAF, FARC, etc.), el terrorismo yihadista (ISIS, Al Qaeda, Boko Haram)\u00a0 y el nacionalismo radical (ETA, IRA).<\/p>\n<p style=\"text-align: justify;\">Agradecemos much\u00edsimo la charla de Koldo, como v\u00edctima de ETA, y, sobre todo, que haya animado a los alumnos a reflexionar sobre el sentido de la venganza, sobre el sistema judicial, la prevenci\u00f3n del terrorismo, el miedo y el silencio.<\/p>\n<p>Marie Mertens<\/p>\n<p><img fetchpriority=\"high\" decoding=\"async\" class=\"alignnone wp-image-59454\" src=\"https:\/\/e969z83yjsq.exactdn.com\/wp-content\/uploads\/2023\/02\/IMG_9822-635x423.jpg?strip=all\" alt=\"\" width=\"434\" height=\"289\" srcset=\"https:\/\/e969z83yjsq.exactdn.com\/wp-content\/uploads\/2023\/02\/IMG_9822-635x423.jpg?strip=all 635w, https:\/\/e969z83yjsq.exactdn.com\/wp-content\/uploads\/2023\/02\/IMG_9822-1080x720.jpg?strip=all 1080w, https:\/\/e969z83yjsq.exactdn.com\/wp-content\/uploads\/2023\/02\/IMG_9822-768x512.jpg?strip=all 768w, https:\/\/e969z83yjsq.exactdn.com\/wp-content\/uploads\/2023\/02\/IMG_9822-1536x1024.jpg?strip=all 1536w, https:\/\/e969z83yjsq.exactdn.com\/wp-content\/uploads\/2023\/02\/IMG_9822-375x250.jpg?strip=all 375w, https:\/\/e969z83yjsq.exactdn.com\/wp-content\/uploads\/2023\/02\/IMG_9822-320x213.jpg?strip=all 320w, https:\/\/e969z83yjsq.exactdn.com\/wp-content\/uploads\/2023\/02\/IMG_9822.jpg?strip=all 1920w, https:\/\/e969z83yjsq.exactdn.com\/wp-content\/uploads\/2023\/02\/IMG_9822.jpg?strip=all&amp;w=1152 1152w\" sizes=\"(max-width: 434px) 100vw, 434px\" \/> <img decoding=\"async\" class=\"alignnone wp-image-59452\" src=\"https:\/\/e969z83yjsq.exactdn.com\/wp-content\/uploads\/2023\/02\/IMG_9801-635x423.jpg?strip=all\" alt=\"\" width=\"435\" height=\"290\" srcset=\"https:\/\/e969z83yjsq.exactdn.com\/wp-content\/uploads\/2023\/02\/IMG_9801-635x423.jpg?strip=all 635w, https:\/\/e969z83yjsq.exactdn.com\/wp-content\/uploads\/2023\/02\/IMG_9801-1080x720.jpg?strip=all 1080w, https:\/\/e969z83yjsq.exactdn.com\/wp-content\/uploads\/2023\/02\/IMG_9801-768x512.jpg?strip=all 768w, https:\/\/e969z83yjsq.exactdn.com\/wp-content\/uploads\/2023\/02\/IMG_9801-1536x1024.jpg?strip=all 1536w, https:\/\/e969z83yjsq.exactdn.com\/wp-content\/uploads\/2023\/02\/IMG_9801-375x250.jpg?strip=all 375w, https:\/\/e969z83yjsq.exactdn.com\/wp-content\/uploads\/2023\/02\/IMG_9801-320x213.jpg?strip=all 320w, https:\/\/e969z83yjsq.exactdn.com\/wp-content\/uploads\/2023\/02\/IMG_9801.jpg?strip=all 1920w, https:\/\/e969z83yjsq.exactdn.com\/wp-content\/uploads\/2023\/02\/IMG_9801.jpg?strip=all&amp;w=1152 1152w\" sizes=\"(max-width: 435px) 100vw, 435px\" \/><\/p>\n","protected":false},"excerpt":{"rendered":"<p>El 25 de febrero de 1992 dos terroristas de ETA\u00a0 dispararon y mataron a Jos\u00e9 San [&hellip;]<\/p>\n","protected":false},"author":13,"featured_media":59468,"comment_status":"closed","ping_status":"closed","sticky":false,"template":"","format":"standard","meta":{"site-sidebar-layout":"default","site-content-layout":"default","ast-site-content-layout":"default","site-content-style":"default","site-sidebar-style":"default","ast-global-header-display":"","ast-banner-title-visibility":"","ast-main-header-display":"","ast-hfb-above-header-display":"","ast-hfb-below-header-display":"","ast-hfb-mobile-header-display":"","site-post-title":"","ast-breadcrumbs-content":"","ast-featured-img":"","footer-sml-layout":"","ast-disable-related-posts":"","theme-transparent-header-meta":"default","adv-header-id-meta":"","stick-header-meta":"default","header-above-stick-meta":"","header-main-stick-meta":"","header-below-stick-meta":"","astra-migrate-meta-layouts":"default","ast-page-background-enabled":"default","ast-page-background-meta":{"desktop":{"background-color":"","background-image":"","background-repeat":"repeat","background-position":"center center","background-size":"auto","background-attachment":"scroll","background-type":"","background-media":"","overlay-type":"","overlay-color":"","overlay-opacity":"","overlay-gradient":""},"tablet":{"background-color":"","background-image":"","background-repeat":"repeat","background-position":"center center","background-size":"auto","background-attachment":"scroll","background-type":"","background-media":"","overlay-type":"","overlay-color":"","overlay-opacity":"","overlay-gradient":""},"mobile":{"background-color":"","background-image":"","background-repeat":"repeat","background-position":"center center","background-size":"auto","background-attachment":"scroll","background-type":"","background-media":"","overlay-type":"","overlay-color":"","overlay-opacity":"","overlay-gradient":""}},"ast-content-background-meta":{"desktop":{"background-color":"var(--ast-global-color-5)","background-image":"","background-repeat":"repeat","background-position":"center center","background-size":"auto","background-attachment":"scroll","background-type":"","background-media":"","overlay-type":"","overlay-color":"","overlay-opacity":"","overlay-gradient":""},"tablet":{"background-color":"var(--ast-global-color-5)","background-image":"","background-repeat":"repeat","background-position":"center center","background-size":"auto","background-attachment":"scroll","background-type":"","background-media":"","overlay-type":"","overlay-color":"","overlay-opacity":"","overlay-gradient":""},"mobile":{"background-color":"var(--ast-global-color-5)","background-image":"","background-repeat":"repeat","background-position":"center center","background-size":"auto","background-attachment":"scroll","background-type":"","background-media":"","overlay-type":"","overlay-color":"","overlay-opacity":"","overlay-gradient":""}},"_jet_sm_ready_style":"","_jet_sm_style":"","_jet_sm_controls_values":"","_jet_sm_fonts_collection":"","_jet_sm_fonts_links":"","footnotes":""},"categories":[28,133],"tags":[],"schlagwortedst":[],"class_list":["post-59433","post","type-post","status-publish","format-standard","has-post-thumbnail","hentry","category-colegio","category-secundaria-es"],"_links":{"self":[{"href":"https:\/\/www.dstenerife.eu\/es\/wp-json\/wp\/v2\/posts\/59433","targetHints":{"allow":["GET"]}}],"collection":[{"href":"https:\/\/www.dstenerife.eu\/es\/wp-json\/wp\/v2\/posts"}],"about":[{"href":"https:\/\/www.dstenerife.eu\/es\/wp-json\/wp\/v2\/types\/post"}],"author":[{"embeddable":true,"href":"https:\/\/www.dstenerife.eu\/es\/wp-json\/wp\/v2\/users\/13"}],"replies":[{"embeddable":true,"href":"https:\/\/www.dstenerife.eu\/es\/wp-json\/wp\/v2\/comments?post=59433"}],"version-history":[{"count":10,"href":"https:\/\/www.dstenerife.eu\/es\/wp-json\/wp\/v2\/posts\/59433\/revisions"}],"predecessor-version":[{"id":59474,"href":"https:\/\/www.dstenerife.eu\/es\/wp-json\/wp\/v2\/posts\/59433\/revisions\/59474"}],"wp:featuredmedia":[{"embeddable":true,"href":"https:\/\/www.dstenerife.eu\/es\/wp-json\/wp\/v2\/media\/59468"}],"wp:attachment":[{"href":"https:\/\/www.dstenerife.eu\/es\/wp-json\/wp\/v2\/media?parent=59433"}],"wp:term":[{"taxonomy":"category","embeddable":true,"href":"https:\/\/www.dstenerife.eu\/es\/wp-json\/wp\/v2\/categories?post=59433"},{"taxonomy":"post_tag","embeddable":true,"href":"https:\/\/www.dstenerife.eu\/es\/wp-json\/wp\/v2\/tags?post=59433"},{"taxonomy":"schlagwortedst","embeddable":true,"href":"https:\/\/www.dstenerife.eu\/es\/wp-json\/wp\/v2\/schlagwortedst?post=59433"}],"curies":[{"name":"wp","href":"https:\/\/api.w.org\/{rel}","templated":true}]}}