{"id":59498,"date":"2023-02-17T10:06:28","date_gmt":"2023-02-17T10:06:28","guid":{"rendered":"https:\/\/www.dstenerife.eu\/?p=59498"},"modified":"2023-02-17T10:04:54","modified_gmt":"2023-02-17T10:04:54","slug":"teatro-de-marionetas","status":"publish","type":"post","link":"https:\/\/www.dstenerife.eu\/es\/teatro-de-marionetas\/","title":{"rendered":"Teatro de marionetas"},"content":{"rendered":"<p style=\"font-weight: 400; text-align: justify;\">En consonancia con la semana \u201cloca\u201d de carnaval, el martes y el mi\u00e9rcoles se represent\u00f3 un espect\u00e1culo de marionetas para los ni\u00f1os de K1 y K2. El querido Kasper ha conseguido unas m\u00e1scaras preciosas y coloridas para el carnaval. Pero el ladr\u00f3n Langfinger tambi\u00e9n necesita m\u00e1scaras para la fiesta de carnaval del viernes y se las lleva sin preguntar. Despu\u00e9s de una peque\u00f1a disputa, los dos protagonistas, con la ayuda de los ni\u00f1os, tuvieron la idea de compartir sus m\u00e1scaras y fueron juntos al carnaval.<\/p>\n<p style=\"font-weight: 400;\">Los ni\u00f1os se divirtieron mucho con el teatro de marionetas y ayudaron a las marionetas.<\/p>\n<p><img fetchpriority=\"high\" decoding=\"async\" class=\"alignnone size-medium wp-image-59502\" src=\"https:\/\/e969z83yjsq.exactdn.com\/wp-content\/uploads\/2023\/02\/IMG_8123-564x423.jpg?strip=all\" alt=\"\" width=\"564\" height=\"423\" srcset=\"https:\/\/e969z83yjsq.exactdn.com\/wp-content\/uploads\/2023\/02\/IMG_8123-564x423.jpg?strip=all 564w, https:\/\/e969z83yjsq.exactdn.com\/wp-content\/uploads\/2023\/02\/IMG_8123-960x720.jpg?strip=all 960w, https:\/\/e969z83yjsq.exactdn.com\/wp-content\/uploads\/2023\/02\/IMG_8123-768x576.jpg?strip=all 768w, https:\/\/e969z83yjsq.exactdn.com\/wp-content\/uploads\/2023\/02\/IMG_8123-1536x1152.jpg?strip=all 1536w, https:\/\/e969z83yjsq.exactdn.com\/wp-content\/uploads\/2023\/02\/IMG_8123-320x240.jpg?strip=all 320w, https:\/\/e969z83yjsq.exactdn.com\/wp-content\/uploads\/2023\/02\/IMG_8123.jpg?strip=all 1920w, https:\/\/e969z83yjsq.exactdn.com\/wp-content\/uploads\/2023\/02\/IMG_8123.jpg?strip=all&amp;w=384 384w, https:\/\/e969z83yjsq.exactdn.com\/wp-content\/uploads\/2023\/02\/IMG_8123.jpg?strip=all&amp;w=1152 1152w, https:\/\/e969z83yjsq.exactdn.com\/wp-content\/uploads\/2023\/02\/IMG_8123.jpg?strip=all&amp;w=450 450w\" sizes=\"(max-width: 564px) 100vw, 564px\" \/><\/p>\n","protected":false},"excerpt":{"rendered":"<p>En consonancia con la semana \u201cloca\u201d de carnaval, el martes y el mi\u00e9rcoles se represent\u00f3 un [&hellip;]<\/p>\n","protected":false},"author":13,"featured_media":59506,"comment_status":"closed","ping_status":"closed","sticky":false,"template":"","format":"standard","meta":{"site-sidebar-layout":"default","site-content-layout":"default","ast-site-content-layout":"default","site-content-style":"default","site-sidebar-style":"default","ast-global-header-display":"","ast-banner-title-visibility":"","ast-main-header-display":"","ast-hfb-above-header-display":"","ast-hfb-below-header-display":"","ast-hfb-mobile-header-display":"","site-post-title":"","ast-breadcrumbs-content":"","ast-featured-img":"","footer-sml-layout":"","ast-disable-related-posts":"","theme-transparent-header-meta":"default","adv-header-id-meta":"","stick-header-meta":"default","header-above-stick-meta":"","header-main-stick-meta":"","header-below-stick-meta":"","astra-migrate-meta-layouts":"default","ast-page-background-enabled":"default","ast-page-background-meta":{"desktop":{"background-color":"","background-image":"","background-repeat":"repeat","background-position":"center center","background-size":"auto","background-attachment":"scroll","background-type":"","background-media":"","overlay-type":"","overlay-color":"","overlay-opacity":"","overlay-gradient":""},"tablet":{"background-color":"","background-image":"","background-repeat":"repeat","background-position":"center center","background-size":"auto","background-attachment":"scroll","background-type":"","background-media":"","overlay-type":"","overlay-color":"","overlay-opacity":"","overlay-gradient":""},"mobile":{"background-color":"","background-image":"","background-repeat":"repeat","background-position":"center center","background-size":"auto","background-attachment":"scroll","background-type":"","background-media":"","overlay-type":"","overlay-color":"","overlay-opacity":"","overlay-gradient":""}},"ast-content-background-meta":{"desktop":{"background-color":"var(--ast-global-color-5)","background-image":"","background-repeat":"repeat","background-position":"center center","background-size":"auto","background-attachment":"scroll","background-type":"","background-media":"","overlay-type":"","overlay-color":"","overlay-opacity":"","overlay-gradient":""},"tablet":{"background-color":"var(--ast-global-color-5)","background-image":"","background-repeat":"repeat","background-position":"center center","background-size":"auto","background-attachment":"scroll","background-type":"","background-media":"","overlay-type":"","overlay-color":"","overlay-opacity":"","overlay-gradient":""},"mobile":{"background-color":"var(--ast-global-color-5)","background-image":"","background-repeat":"repeat","background-position":"center center","background-size":"auto","background-attachment":"scroll","background-type":"","background-media":"","overlay-type":"","overlay-color":"","overlay-opacity":"","overlay-gradient":""}},"_jet_sm_ready_style":"","_jet_sm_style":"","_jet_sm_controls_values":"","_jet_sm_fonts_collection":"","_jet_sm_fonts_links":"","footnotes":""},"categories":[28,132],"tags":[],"schlagwortedst":[],"class_list":["post-59498","post","type-post","status-publish","format-standard","has-post-thumbnail","hentry","category-colegio","category-infantil-es"],"_links":{"self":[{"href":"https:\/\/www.dstenerife.eu\/es\/wp-json\/wp\/v2\/posts\/59498","targetHints":{"allow":["GET"]}}],"collection":[{"href":"https:\/\/www.dstenerife.eu\/es\/wp-json\/wp\/v2\/posts"}],"about":[{"href":"https:\/\/www.dstenerife.eu\/es\/wp-json\/wp\/v2\/types\/post"}],"author":[{"embeddable":true,"href":"https:\/\/www.dstenerife.eu\/es\/wp-json\/wp\/v2\/users\/13"}],"replies":[{"embeddable":true,"href":"https:\/\/www.dstenerife.eu\/es\/wp-json\/wp\/v2\/comments?post=59498"}],"version-history":[{"count":1,"href":"https:\/\/www.dstenerife.eu\/es\/wp-json\/wp\/v2\/posts\/59498\/revisions"}],"predecessor-version":[{"id":59510,"href":"https:\/\/www.dstenerife.eu\/es\/wp-json\/wp\/v2\/posts\/59498\/revisions\/59510"}],"wp:featuredmedia":[{"embeddable":true,"href":"https:\/\/www.dstenerife.eu\/es\/wp-json\/wp\/v2\/media\/59506"}],"wp:attachment":[{"href":"https:\/\/www.dstenerife.eu\/es\/wp-json\/wp\/v2\/media?parent=59498"}],"wp:term":[{"taxonomy":"category","embeddable":true,"href":"https:\/\/www.dstenerife.eu\/es\/wp-json\/wp\/v2\/categories?post=59498"},{"taxonomy":"post_tag","embeddable":true,"href":"https:\/\/www.dstenerife.eu\/es\/wp-json\/wp\/v2\/tags?post=59498"},{"taxonomy":"schlagwortedst","embeddable":true,"href":"https:\/\/www.dstenerife.eu\/es\/wp-json\/wp\/v2\/schlagwortedst?post=59498"}],"curies":[{"name":"wp","href":"https:\/\/api.w.org\/{rel}","templated":true}]}}