{"id":63783,"date":"2023-09-27T09:27:41","date_gmt":"2023-09-27T08:27:41","guid":{"rendered":"https:\/\/www.dstenerife.eu\/?p=63783"},"modified":"2023-09-27T09:47:04","modified_gmt":"2023-09-27T08:47:04","slug":"nuestro-equipo-para-el-concurso-infantil-1-2-3","status":"publish","type":"post","link":"https:\/\/www.dstenerife.eu\/es\/nuestro-equipo-para-el-concurso-infantil-1-2-3\/","title":{"rendered":"Nuestro equipo para el concurso infantil \u00ab1, 2 oder 3\u00bb"},"content":{"rendered":"<p><a href=\"https:\/\/e969z83yjsq.exactdn.com\/wp-content\/uploads\/2023\/09\/TN-1-2-oder-3-1-e1695804330568.jpg?strip=all&w=2560\"><img fetchpriority=\"high\" decoding=\"async\" class=\"alignright size-dst-hochformat-300 wp-image-63788\" src=\"https:\/\/e969z83yjsq.exactdn.com\/wp-content\/uploads\/2023\/09\/TN-1-2-oder-3-1-e1695804330568-320x402.jpg?strip=all\" alt=\"\" width=\"320\" height=\"402\" srcset=\"https:\/\/e969z83yjsq.exactdn.com\/wp-content\/uploads\/2023\/09\/TN-1-2-oder-3-1-e1695804330568-320x402.jpg?strip=all 320w, https:\/\/e969z83yjsq.exactdn.com\/wp-content\/uploads\/2023\/09\/TN-1-2-oder-3-1-e1695804330568-337x423.jpg?strip=all 337w, https:\/\/e969z83yjsq.exactdn.com\/wp-content\/uploads\/2023\/09\/TN-1-2-oder-3-1-e1695804330568-573x720.jpg?strip=all 573w, https:\/\/e969z83yjsq.exactdn.com\/wp-content\/uploads\/2023\/09\/TN-1-2-oder-3-1-e1695804330568-768x965.jpg?strip=all 768w, https:\/\/e969z83yjsq.exactdn.com\/wp-content\/uploads\/2023\/09\/TN-1-2-oder-3-1-e1695804330568-1222x1536.jpg?strip=all 1222w, https:\/\/e969z83yjsq.exactdn.com\/wp-content\/uploads\/2023\/09\/TN-1-2-oder-3-1-e1695804330568.jpg?strip=all 1337w, https:\/\/e969z83yjsq.exactdn.com\/wp-content\/uploads\/2023\/09\/TN-1-2-oder-3-1-e1695804330568.jpg?strip=all&amp;w=267 267w, https:\/\/e969z83yjsq.exactdn.com\/wp-content\/uploads\/2023\/09\/TN-1-2-oder-3-1-e1695804330568.jpg?strip=all&amp;w=1069 1069w\" sizes=\"(max-width: 320px) 100vw, 320px\" \/><\/a>Un a\u00f1o m\u00e1s, 3 alumnos de nuestro colegio participar\u00e1n en el concurso infantil de la ZDF \u00ab1, 2 oder 3\u00bb.<\/p>\n<p>Maria Daswani, Victoria Afonso y Le\u00f3n Steinlein volar\u00e1n a Munich a mediados de noviembre, acompa\u00f1ados por Marion Lehrmann, para participar en este concurso infantil de la ZDF.<\/p>\n<p>\u00a1\u00a1\u00a1Le deseamos mucha suerte y \u00e9xito a nuestros alumnos y que lo pasen muy bien en M\u00fanich!!!<\/p>\n","protected":false},"excerpt":{"rendered":"<p>Un a\u00f1o m\u00e1s, 3 alumnos de nuestro colegio participar\u00e1n en el concurso infantil de la ZDF [&hellip;]<\/p>\n","protected":false},"author":11,"featured_media":63779,"comment_status":"closed","ping_status":"closed","sticky":false,"template":"","format":"standard","meta":{"site-sidebar-layout":"default","site-content-layout":"","ast-site-content-layout":"default","site-content-style":"default","site-sidebar-style":"default","ast-global-header-display":"","ast-banner-title-visibility":"","ast-main-header-display":"","ast-hfb-above-header-display":"","ast-hfb-below-header-display":"","ast-hfb-mobile-header-display":"","site-post-title":"","ast-breadcrumbs-content":"","ast-featured-img":"","footer-sml-layout":"","ast-disable-related-posts":"","theme-transparent-header-meta":"default","adv-header-id-meta":"","stick-header-meta":"default","header-above-stick-meta":"","header-main-stick-meta":"","header-below-stick-meta":"","astra-migrate-meta-layouts":"set","ast-page-background-enabled":"default","ast-page-background-meta":{"desktop":{"background-color":"","background-image":"","background-repeat":"repeat","background-position":"center center","background-size":"auto","background-attachment":"scroll","background-type":"","background-media":"","overlay-type":"","overlay-color":"","overlay-opacity":"","overlay-gradient":""},"tablet":{"background-color":"","background-image":"","background-repeat":"repeat","background-position":"center center","background-size":"auto","background-attachment":"scroll","background-type":"","background-media":"","overlay-type":"","overlay-color":"","overlay-opacity":"","overlay-gradient":""},"mobile":{"background-color":"","background-image":"","background-repeat":"repeat","background-position":"center center","background-size":"auto","background-attachment":"scroll","background-type":"","background-media":"","overlay-type":"","overlay-color":"","overlay-opacity":"","overlay-gradient":""}},"ast-content-background-meta":{"desktop":{"background-color":"var(--ast-global-color-5)","background-image":"","background-repeat":"repeat","background-position":"center center","background-size":"auto","background-attachment":"scroll","background-type":"","background-media":"","overlay-type":"","overlay-color":"","overlay-opacity":"","overlay-gradient":""},"tablet":{"background-color":"var(--ast-global-color-5)","background-image":"","background-repeat":"repeat","background-position":"center center","background-size":"auto","background-attachment":"scroll","background-type":"","background-media":"","overlay-type":"","overlay-color":"","overlay-opacity":"","overlay-gradient":""},"mobile":{"background-color":"var(--ast-global-color-5)","background-image":"","background-repeat":"repeat","background-position":"center center","background-size":"auto","background-attachment":"scroll","background-type":"","background-media":"","overlay-type":"","overlay-color":"","overlay-opacity":"","overlay-gradient":""}},"_jet_sm_ready_style":"","_jet_sm_style":"","_jet_sm_controls_values":"","_jet_sm_fonts_collection":"","_jet_sm_fonts_links":"","footnotes":""},"categories":[28],"tags":[],"schlagwortedst":[],"class_list":["post-63783","post","type-post","status-publish","format-standard","has-post-thumbnail","hentry","category-colegio"],"_links":{"self":[{"href":"https:\/\/www.dstenerife.eu\/es\/wp-json\/wp\/v2\/posts\/63783","targetHints":{"allow":["GET"]}}],"collection":[{"href":"https:\/\/www.dstenerife.eu\/es\/wp-json\/wp\/v2\/posts"}],"about":[{"href":"https:\/\/www.dstenerife.eu\/es\/wp-json\/wp\/v2\/types\/post"}],"author":[{"embeddable":true,"href":"https:\/\/www.dstenerife.eu\/es\/wp-json\/wp\/v2\/users\/11"}],"replies":[{"embeddable":true,"href":"https:\/\/www.dstenerife.eu\/es\/wp-json\/wp\/v2\/comments?post=63783"}],"version-history":[{"count":3,"href":"https:\/\/www.dstenerife.eu\/es\/wp-json\/wp\/v2\/posts\/63783\/revisions"}],"predecessor-version":[{"id":63790,"href":"https:\/\/www.dstenerife.eu\/es\/wp-json\/wp\/v2\/posts\/63783\/revisions\/63790"}],"wp:featuredmedia":[{"embeddable":true,"href":"https:\/\/www.dstenerife.eu\/es\/wp-json\/wp\/v2\/media\/63779"}],"wp:attachment":[{"href":"https:\/\/www.dstenerife.eu\/es\/wp-json\/wp\/v2\/media?parent=63783"}],"wp:term":[{"taxonomy":"category","embeddable":true,"href":"https:\/\/www.dstenerife.eu\/es\/wp-json\/wp\/v2\/categories?post=63783"},{"taxonomy":"post_tag","embeddable":true,"href":"https:\/\/www.dstenerife.eu\/es\/wp-json\/wp\/v2\/tags?post=63783"},{"taxonomy":"schlagwortedst","embeddable":true,"href":"https:\/\/www.dstenerife.eu\/es\/wp-json\/wp\/v2\/schlagwortedst?post=63783"}],"curies":[{"name":"wp","href":"https:\/\/api.w.org\/{rel}","templated":true}]}}