{"id":65678,"date":"2023-12-11T17:23:42","date_gmt":"2023-12-11T17:23:42","guid":{"rendered":"https:\/\/www.dstenerife.eu\/?p=65678"},"modified":"2023-12-11T17:25:29","modified_gmt":"2023-12-11T17:25:29","slug":"iii-feria-de-orientacion-universitaria-dst","status":"publish","type":"post","link":"https:\/\/www.dstenerife.eu\/es\/iii-feria-de-orientacion-universitaria-dst\/","title":{"rendered":"III FERIA DE ORIENTACI\u00d3N UNIVERSITARIA DST"},"content":{"rendered":"<p><strong>El Colegio Alem\u00e1n Santa Cruz de Tenerife celebrar\u00e1 el mi\u00e9rcoles 7 y el jueves 8 de febrero de 2024 la III FERIA DE ORIENTACI\u00d3N UNIVERSITARIA DST dirigida a nuestro alumnado de las clases 10, 11 y 12.<\/strong><\/p>\n<p>Siguiendo la l\u00ednea de nuestras dos ediciones anteriores, trabajaremos en dos \u00e1mbitos muy importantes en la orientaci\u00f3n acad\u00e9mica: para el mi\u00e9rcoles 7 de febrero las profesoras encargadas de Alumni (la se\u00f1ora del Castillo y la se\u00f1ora D\u00edaz) han organizado diferentes charlas de muchas personas profesionales que nos contar\u00e1n el d\u00eda a d\u00eda en sus trabajos; el jueves 8 de febrero diferentes instituciones educativas nacionales e internacionales, p\u00fablicas y privadas, ofrecer\u00e1n charlas formativas de treinta minutos y orientaci\u00f3n sobre su oferta educativa.<\/p>\n<p>Agradecemos la participaci\u00f3n de Mat\u00edas Ardiel Fraga Baumhauer, alumno de la clase 12A y de la asignatura de Dise\u00f1o (dirigida por la se\u00f1ora del Castillo), por el excelente trabajo original al crear el cartel anunciador de la Feria. \u00c9l mismo ha descrito su obra de arte de la siguiente forma:<\/p>\n<blockquote><p>\u201cCuando pens\u00e9 en orientaci\u00f3n universitaria, se me ocurrieron varios conceptos y el que m\u00e1s me interes\u00f3 fue el de la bifurcaci\u00f3n. Me vinieron a la cabeza las diferentes ramas de conocimiento y c\u00f3mo muchos alumnos siguen sin saber qu\u00e9 rama van a escoger. Para visualizar esto, cre\u00e9 un fractal compuesto por l\u00edneas bifurcadas cinco veces con una separaci\u00f3n de 140 grados, que me pareci\u00f3 la m\u00e1s \u00f3ptima est\u00e9ticamente. Decid\u00ed realizar el dise\u00f1o en dos dimensiones para facilitar su compresi\u00f3n. El fractal representa las ramas, pero sigue sin transmitir orientaci\u00f3n; por eso, decid\u00ed se\u00f1alizar un camino que sirva de gu\u00eda con trazos rojos. El camino no representa una rama en concreto, ya que puede ser interpretado por cada uno como su propia gu\u00eda, como el objetivo que quiere alcanzar.<br \/>\nSepar\u00e9 el t\u00edtulo de la informaci\u00f3n secundaria con dos l\u00edneas y cambi\u00e9 el color de \u00abOrientaci\u00f3n Universitaria\u00bb a rojo para establecer una conexi\u00f3n con el camino se\u00f1alizado. Utilic\u00e9\u00a0la fuente de letra Hoefler Text, porque\u00a0da la impresi\u00f3n de estabilidad y credibilidad, que son importantes en una feria de orientaci\u00f3n universitaria. Adem\u00e1s, separ\u00e9 el texto del fondo con un c\u00edrculo de un color m\u00e1s oscuro. Eleg\u00ed dos colores, el amarillo y el rojo, para mantener la imagen del escudo del Colegio Alem\u00e1n Santa Cruz de Tenerife; sin duda, el rojo representa la energ\u00eda y la determinaci\u00f3n, que son muy importantes a la hora de orientarse.<br \/>\nMe inspir\u00e9, sobre todo, en el arte matem\u00e1tico de M. C. Escher y a\u00f1ad\u00ed algunos elementos del arte japon\u00e9s. El \u00e1rbol puede verse tambi\u00e9n como un cerebro, reforzando la idea de las ramas de conocimiento. El\u00a0cartel final combina el minimalismo con un estilo cl\u00e1sico para dar una impresi\u00f3n de simplicidad y estabilidad\u201d.\u00a0 <strong>Mat\u00edas Ardiel Fraga Baumhauer<\/strong><\/p><\/blockquote>\n<p style=\"text-align: right;\">Nicol\u00e1s Jorge<br \/>\nDirector T\u00e9cnico y Orientador acad\u00e9mico<\/p>\n<p><a href=\"https:\/\/e969z83yjsq.exactdn.com\/wp-content\/uploads\/2023\/12\/III-Feria-de-Orientacion-Universitaria-\u2013-Matias-Ardiel-Fraga-Baumhauer.jpeg?strip=all&w=2560\"><img fetchpriority=\"high\" decoding=\"async\" class=\"aligncenter size-large wp-image-65679\" src=\"https:\/\/e969z83yjsq.exactdn.com\/wp-content\/uploads\/2023\/12\/III-Feria-de-Orientacion-Universitaria-\u2013-Matias-Ardiel-Fraga-Baumhauer-514x720.jpeg?strip=all\" alt=\"\" width=\"514\" height=\"720\" srcset=\"https:\/\/e969z83yjsq.exactdn.com\/wp-content\/uploads\/2023\/12\/III-Feria-de-Orientacion-Universitaria-\u2013-Matias-Ardiel-Fraga-Baumhauer-514x720.jpeg?strip=all 514w, https:\/\/e969z83yjsq.exactdn.com\/wp-content\/uploads\/2023\/12\/III-Feria-de-Orientacion-Universitaria-\u2013-Matias-Ardiel-Fraga-Baumhauer-302x423.jpeg?strip=all 302w, https:\/\/e969z83yjsq.exactdn.com\/wp-content\/uploads\/2023\/12\/III-Feria-de-Orientacion-Universitaria-\u2013-Matias-Ardiel-Fraga-Baumhauer-768x1076.jpeg?strip=all 768w, https:\/\/e969z83yjsq.exactdn.com\/wp-content\/uploads\/2023\/12\/III-Feria-de-Orientacion-Universitaria-\u2013-Matias-Ardiel-Fraga-Baumhauer-1097x1536.jpeg?strip=all 1097w, https:\/\/e969z83yjsq.exactdn.com\/wp-content\/uploads\/2023\/12\/III-Feria-de-Orientacion-Universitaria-\u2013-Matias-Ardiel-Fraga-Baumhauer-320x448.jpeg?strip=all 320w, https:\/\/e969z83yjsq.exactdn.com\/wp-content\/uploads\/2023\/12\/III-Feria-de-Orientacion-Universitaria-\u2013-Matias-Ardiel-Fraga-Baumhauer.jpeg?strip=all 1295w, https:\/\/e969z83yjsq.exactdn.com\/wp-content\/uploads\/2023\/12\/III-Feria-de-Orientacion-Universitaria-\u2013-Matias-Ardiel-Fraga-Baumhauer.jpeg?strip=all&amp;w=1036 1036w, https:\/\/e969z83yjsq.exactdn.com\/wp-content\/uploads\/2023\/12\/III-Feria-de-Orientacion-Universitaria-\u2013-Matias-Ardiel-Fraga-Baumhauer.jpeg?strip=all&amp;w=450 450w\" sizes=\"(max-width: 514px) 100vw, 514px\" \/><\/a><\/p>\n<p>&nbsp;<\/p>\n","protected":false},"excerpt":{"rendered":"<p>El Colegio Alem\u00e1n Santa Cruz de Tenerife celebrar\u00e1 el mi\u00e9rcoles 7 y el jueves 8 de [&hellip;]<\/p>\n","protected":false},"author":15,"featured_media":65682,"comment_status":"closed","ping_status":"closed","sticky":false,"template":"","format":"standard","meta":{"site-sidebar-layout":"default","site-content-layout":"","ast-site-content-layout":"default","site-content-style":"default","site-sidebar-style":"default","ast-global-header-display":"","ast-banner-title-visibility":"","ast-main-header-display":"","ast-hfb-above-header-display":"","ast-hfb-below-header-display":"","ast-hfb-mobile-header-display":"","site-post-title":"","ast-breadcrumbs-content":"","ast-featured-img":"","footer-sml-layout":"","ast-disable-related-posts":"","theme-transparent-header-meta":"default","adv-header-id-meta":"","stick-header-meta":"default","header-above-stick-meta":"","header-main-stick-meta":"","header-below-stick-meta":"","astra-migrate-meta-layouts":"set","ast-page-background-enabled":"default","ast-page-background-meta":{"desktop":{"background-color":"","background-image":"","background-repeat":"repeat","background-position":"center center","background-size":"auto","background-attachment":"scroll","background-type":"","background-media":"","overlay-type":"","overlay-color":"","overlay-opacity":"","overlay-gradient":""},"tablet":{"background-color":"","background-image":"","background-repeat":"repeat","background-position":"center center","background-size":"auto","background-attachment":"scroll","background-type":"","background-media":"","overlay-type":"","overlay-color":"","overlay-opacity":"","overlay-gradient":""},"mobile":{"background-color":"","background-image":"","background-repeat":"repeat","background-position":"center center","background-size":"auto","background-attachment":"scroll","background-type":"","background-media":"","overlay-type":"","overlay-color":"","overlay-opacity":"","overlay-gradient":""}},"ast-content-background-meta":{"desktop":{"background-color":"var(--ast-global-color-5)","background-image":"","background-repeat":"repeat","background-position":"center center","background-size":"auto","background-attachment":"scroll","background-type":"","background-media":"","overlay-type":"","overlay-color":"","overlay-opacity":"","overlay-gradient":""},"tablet":{"background-color":"var(--ast-global-color-5)","background-image":"","background-repeat":"repeat","background-position":"center center","background-size":"auto","background-attachment":"scroll","background-type":"","background-media":"","overlay-type":"","overlay-color":"","overlay-opacity":"","overlay-gradient":""},"mobile":{"background-color":"var(--ast-global-color-5)","background-image":"","background-repeat":"repeat","background-position":"center center","background-size":"auto","background-attachment":"scroll","background-type":"","background-media":"","overlay-type":"","overlay-color":"","overlay-opacity":"","overlay-gradient":""}},"_jet_sm_ready_style":"","_jet_sm_style":"","_jet_sm_controls_values":"","_jet_sm_fonts_collection":"","_jet_sm_fonts_links":"","footnotes":""},"categories":[28,133],"tags":[],"schlagwortedst":[],"class_list":["post-65678","post","type-post","status-publish","format-standard","has-post-thumbnail","hentry","category-colegio","category-secundaria-es"],"_links":{"self":[{"href":"https:\/\/www.dstenerife.eu\/es\/wp-json\/wp\/v2\/posts\/65678","targetHints":{"allow":["GET"]}}],"collection":[{"href":"https:\/\/www.dstenerife.eu\/es\/wp-json\/wp\/v2\/posts"}],"about":[{"href":"https:\/\/www.dstenerife.eu\/es\/wp-json\/wp\/v2\/types\/post"}],"author":[{"embeddable":true,"href":"https:\/\/www.dstenerife.eu\/es\/wp-json\/wp\/v2\/users\/15"}],"replies":[{"embeddable":true,"href":"https:\/\/www.dstenerife.eu\/es\/wp-json\/wp\/v2\/comments?post=65678"}],"version-history":[{"count":1,"href":"https:\/\/www.dstenerife.eu\/es\/wp-json\/wp\/v2\/posts\/65678\/revisions"}],"predecessor-version":[{"id":65681,"href":"https:\/\/www.dstenerife.eu\/es\/wp-json\/wp\/v2\/posts\/65678\/revisions\/65681"}],"wp:featuredmedia":[{"embeddable":true,"href":"https:\/\/www.dstenerife.eu\/es\/wp-json\/wp\/v2\/media\/65682"}],"wp:attachment":[{"href":"https:\/\/www.dstenerife.eu\/es\/wp-json\/wp\/v2\/media?parent=65678"}],"wp:term":[{"taxonomy":"category","embeddable":true,"href":"https:\/\/www.dstenerife.eu\/es\/wp-json\/wp\/v2\/categories?post=65678"},{"taxonomy":"post_tag","embeddable":true,"href":"https:\/\/www.dstenerife.eu\/es\/wp-json\/wp\/v2\/tags?post=65678"},{"taxonomy":"schlagwortedst","embeddable":true,"href":"https:\/\/www.dstenerife.eu\/es\/wp-json\/wp\/v2\/schlagwortedst?post=65678"}],"curies":[{"name":"wp","href":"https:\/\/api.w.org\/{rel}","templated":true}]}}