{"id":85356,"date":"2025-06-18T11:39:24","date_gmt":"2025-06-18T10:39:24","guid":{"rendered":"https:\/\/www.dstenerife.eu\/?p=85356"},"modified":"2025-06-27T15:10:16","modified_gmt":"2025-06-27T14:10:16","slug":"academia-de-espanol","status":"publish","type":"post","link":"https:\/\/www.dstenerife.eu\/es\/academia-de-espanol\/","title":{"rendered":"\u00a1La Academia de Espa\u00f1ol comienza el nuevo curso escolar 2025-2026!"},"content":{"rendered":"<p data-start=\"163\" data-end=\"400\">Tras un exitoso primer a\u00f1o, la Academia de Espa\u00f1ol del Colegio Alem\u00e1n de Santa Cruz de Tenerife se prepara para el pr\u00f3ximo curso escolar. Nuestro objetivo sigue siendo ofrecer clases de espa\u00f1ol de calidad. \u00a1Comenzamos en septiembre!<\/p>\n<p data-start=\"402\" data-end=\"663\">Las clases son impartidas por una profesora nativa titulada en Filolog\u00eda Hisp\u00e1nica por la Universidad de La Laguna. Los cursos se desarrollan en grupos reducidos y est\u00e1n orientados seg\u00fan los niveles del Marco Com\u00fan Europeo de Referencia para las Lenguas (MCER).<\/p>\n<p data-start=\"665\" data-end=\"878\">Apostamos por una ense\u00f1anza comunicativa, din\u00e1mica y motivadora que tambi\u00e9n integra aspectos culturales, para que nuestro alumnado no solo aprenda el idioma, sino que tambi\u00e9n comprenda y viva su contexto cultural.<\/p>\n<p data-start=\"880\" data-end=\"1472\"><strong data-start=\"880\" data-end=\"905\">Lo que nos distingue:<\/strong><br data-start=\"905\" data-end=\"908\" \/>\u2713 Cursos anuales para los siguientes niveles: A1.1, A1.2, A2.2, B1.2<br data-start=\"976\" data-end=\"979\" \/>\u2713 Profesora nativa y cualificada<br data-start=\"1011\" data-end=\"1014\" \/>\u2713 Ense\u00f1anza basada en el Marco Com\u00fan Europeo de Referencia (MCER)<br data-start=\"1079\" data-end=\"1082\" \/>\u2713 Preparaci\u00f3n para certificados oficiales (DELE)<br data-start=\"1130\" data-end=\"1133\" \/>\u2713 Progreso continuo gracias a una estructura de curso sostenida a lo largo del a\u00f1o escolar<br data-start=\"1223\" data-end=\"1226\" \/>\u2713 Cultura viva: comprender el idioma \u2013 vivir la cultura<br data-start=\"1281\" data-end=\"1284\" \/>\u2713 Un ambiente de aprendizaje agradable y significativo, que motiva<br data-start=\"1347\" data-end=\"1350\" \/>\u2713 Clases presenciales con atenci\u00f3n personalizada<br data-start=\"1398\" data-end=\"1401\" \/>\u2713 Aprendizaje en grupos reducidos \u2013 intensivo, eficaz e individualizado<\/p>\n<p data-start=\"1474\" data-end=\"1638\">\ud83d\udccb <strong data-start=\"1477\" data-end=\"1525\">Inscripci\u00f3n a la Academia de Espa\u00f1ol 2025-2026<\/strong><br data-start=\"1525\" data-end=\"1528\" \/>En el siguiente formulario encontrar\u00e1 toda la informaci\u00f3n importante para la inscripci\u00f3n.<\/p>\n<p data-start=\"1640\" data-end=\"1698\">\ud83d\udcc4 <strong>[<a href=\"https:\/\/www.dstenerife.eu\/wp-content\/uploads\/2025\/06\/Rellenable-Matricula-Academia-de-Espanol-2025-2026.pdf\" target=\"_blank\" rel=\"noopener\">Descargar formulario de inscripci\u00f3n<\/a>]\u00a0<\/strong><\/p>\n<p data-start=\"1700\" data-end=\"1885\">\u2709\ufe0f <strong data-start=\"1703\" data-end=\"1742\">Inscripci\u00f3n por correo electr\u00f3nico:<\/strong><br data-start=\"1742\" data-end=\"1745\" \/>Por favor, env\u00ede el formulario cumplimentado a:<br data-start=\"1792\" data-end=\"1795\" \/><strong data-start=\"1795\" data-end=\"1821\"><a class=\"cursor-pointer\" rel=\"noopener\" data-start=\"1797\" data-end=\"1819\">academia@dstenerife.eu<\/a><\/strong><br data-start=\"1821\" data-end=\"1824\" \/>Persona de contacto: Sra. Pesch (Coordinadora de la Academia)<\/p>\n<p data-start=\"1887\" data-end=\"1966\">\ud83d\udcde <strong data-start=\"1890\" data-end=\"1905\">\u00bfPreguntas?<\/strong><br data-start=\"1905\" data-end=\"1908\" \/>Estaremos encantados de ayudarle:<br data-start=\"1941\" data-end=\"1944\" \/>Tel\u00e9fono: +34 636 81 77 28<\/p>\n<p>&nbsp;<\/p>\n","protected":false},"excerpt":{"rendered":"<p>Tras un exitoso primer a\u00f1o, la Academia de Espa\u00f1ol del Colegio Alem\u00e1n de Santa Cruz de [&hellip;]<\/p>\n","protected":false},"author":15,"featured_media":96708,"comment_status":"closed","ping_status":"closed","sticky":false,"template":"","format":"standard","meta":{"site-sidebar-layout":"default","site-content-layout":"","ast-site-content-layout":"default","site-content-style":"default","site-sidebar-style":"default","ast-global-header-display":"","ast-banner-title-visibility":"","ast-main-header-display":"","ast-hfb-above-header-display":"","ast-hfb-below-header-display":"","ast-hfb-mobile-header-display":"","site-post-title":"","ast-breadcrumbs-content":"","ast-featured-img":"","footer-sml-layout":"","ast-disable-related-posts":"","theme-transparent-header-meta":"default","adv-header-id-meta":"","stick-header-meta":"default","header-above-stick-meta":"","header-main-stick-meta":"","header-below-stick-meta":"","astra-migrate-meta-layouts":"set","ast-page-background-enabled":"default","ast-page-background-meta":{"desktop":{"background-color":"","background-image":"","background-repeat":"repeat","background-position":"center center","background-size":"auto","background-attachment":"scroll","background-type":"","background-media":"","overlay-type":"","overlay-color":"","overlay-opacity":"","overlay-gradient":""},"tablet":{"background-color":"","background-image":"","background-repeat":"repeat","background-position":"center center","background-size":"auto","background-attachment":"scroll","background-type":"","background-media":"","overlay-type":"","overlay-color":"","overlay-opacity":"","overlay-gradient":""},"mobile":{"background-color":"","background-image":"","background-repeat":"repeat","background-position":"center center","background-size":"auto","background-attachment":"scroll","background-type":"","background-media":"","overlay-type":"","overlay-color":"","overlay-opacity":"","overlay-gradient":""}},"ast-content-background-meta":{"desktop":{"background-color":"var(--ast-global-color-5)","background-image":"","background-repeat":"repeat","background-position":"center center","background-size":"auto","background-attachment":"scroll","background-type":"","background-media":"","overlay-type":"","overlay-color":"","overlay-opacity":"","overlay-gradient":""},"tablet":{"background-color":"var(--ast-global-color-5)","background-image":"","background-repeat":"repeat","background-position":"center center","background-size":"auto","background-attachment":"scroll","background-type":"","background-media":"","overlay-type":"","overlay-color":"","overlay-opacity":"","overlay-gradient":""},"mobile":{"background-color":"var(--ast-global-color-5)","background-image":"","background-repeat":"repeat","background-position":"center center","background-size":"auto","background-attachment":"scroll","background-type":"","background-media":"","overlay-type":"","overlay-color":"","overlay-opacity":"","overlay-gradient":""}},"_jet_sm_ready_style":"","_jet_sm_style":"","_jet_sm_controls_values":"","_jet_sm_fonts_collection":"","_jet_sm_fonts_links":"","footnotes":""},"categories":[28],"tags":[],"schlagwortedst":[],"class_list":["post-85356","post","type-post","status-publish","format-standard","has-post-thumbnail","hentry","category-colegio"],"_links":{"self":[{"href":"https:\/\/www.dstenerife.eu\/es\/wp-json\/wp\/v2\/posts\/85356","targetHints":{"allow":["GET"]}}],"collection":[{"href":"https:\/\/www.dstenerife.eu\/es\/wp-json\/wp\/v2\/posts"}],"about":[{"href":"https:\/\/www.dstenerife.eu\/es\/wp-json\/wp\/v2\/types\/post"}],"author":[{"embeddable":true,"href":"https:\/\/www.dstenerife.eu\/es\/wp-json\/wp\/v2\/users\/15"}],"replies":[{"embeddable":true,"href":"https:\/\/www.dstenerife.eu\/es\/wp-json\/wp\/v2\/comments?post=85356"}],"version-history":[{"count":6,"href":"https:\/\/www.dstenerife.eu\/es\/wp-json\/wp\/v2\/posts\/85356\/revisions"}],"predecessor-version":[{"id":96787,"href":"https:\/\/www.dstenerife.eu\/es\/wp-json\/wp\/v2\/posts\/85356\/revisions\/96787"}],"wp:featuredmedia":[{"embeddable":true,"href":"https:\/\/www.dstenerife.eu\/es\/wp-json\/wp\/v2\/media\/96708"}],"wp:attachment":[{"href":"https:\/\/www.dstenerife.eu\/es\/wp-json\/wp\/v2\/media?parent=85356"}],"wp:term":[{"taxonomy":"category","embeddable":true,"href":"https:\/\/www.dstenerife.eu\/es\/wp-json\/wp\/v2\/categories?post=85356"},{"taxonomy":"post_tag","embeddable":true,"href":"https:\/\/www.dstenerife.eu\/es\/wp-json\/wp\/v2\/tags?post=85356"},{"taxonomy":"schlagwortedst","embeddable":true,"href":"https:\/\/www.dstenerife.eu\/es\/wp-json\/wp\/v2\/schlagwortedst?post=85356"}],"curies":[{"name":"wp","href":"https:\/\/api.w.org\/{rel}","templated":true}]}}